{"id":379536,"date":"2026-01-18T00:00:17","date_gmt":"2026-01-18T03:00:17","guid":{"rendered":"https:\/\/www.notibras.com\/site\/?p=379536"},"modified":"2026-01-18T08:16:19","modified_gmt":"2026-01-18T11:16:19","slug":"divulgada-programacao-dos-10-megablocos-no-circuito-preta-gil","status":"publish","type":"post","link":"https:\/\/www.notibras.com\/site\/divulgada-programacao-dos-10-megablocos-no-circuito-preta-gil\/","title":{"rendered":"Divulgada programa\u00e7\u00e3o dos 10 megablocos no Circuito Preta Gil"},"content":{"rendered":"<p>A programa\u00e7\u00e3o dos dez megablocos que desfilar\u00e3o no Circuito Preta Gil no carnaval 2026, j\u00e1 foi definida pela Empresa de Turismo do Munic\u00edpio do Rio de Janeiro (Riotur). A folia nas ruas do centro da capital fluminense come\u00e7a com o Bloco Ch\u00e1 da Alice, no dia 24 de janeiro. A estimativa dos organizadores \u00e9 mais de 50 mil foli\u00f5es presentes.<\/p>\n<p>No dia 25, a programa\u00e7\u00e3o prev\u00ea a participa\u00e7\u00e3o do Bloco da Lexa. O Bloco do Gold, de L\u00e9o Santana, desfila no dia 31, com a estimativa de reunir 150 mil pessoas.<\/p>\n<p>O Ser\u00e1QAbre? passa pelo circuito no dia 1\u00ba de fevereiro. Ent\u00e3o a anima\u00e7\u00e3o no centro do Rio d\u00e1 uma paradinha e s\u00f3 volta no dia 7, com a presen\u00e7a do Bloco da Favorita.<\/p>\n<p>O Cord\u00e3o do Boitat\u00e1, criado por estudantes e m\u00fasicos, em 1996, na regi\u00e3o da Pra\u00e7a XV, pela primeira vez participa da folia no Circuito Preta Gil. O bloco sai no dia 8.<\/p>\n<p><strong>Bola Preta<\/strong><br \/>\nCom a estimativa de reunir mais de 700 mil foli\u00f5es, o tradicional Cord\u00e3o da Bola Preta desfila no dia 14, s\u00e1bado de carnaval. O bloco foi fundado, em 1918, por \u00c1lvaro Gomes de Oliveira, o Kaveirinha; Francisco Br\u00edcio Filho, o Chico Br\u00edcio; Eug\u00eanio Ferreira; Jo\u00e3o Torres; e os irm\u00e3os Oliveira Roxo, Jair, Joel e Arquimedes Guimar\u00e3es.<\/p>\n<p>O nome foi dado por Kaveirinha. Contam que, ao ver passar uma bela mulher vestida de branco com bolas pretas; a imagem o inspirou a chamar o bloco de Cord\u00e3o da Bola Preta.<\/p>\n<p>No dia 17, passa pelo circuito o Fervo da Lud, da cantora Ludmilla, com estimativa de reunir pelas ruas do centro mais de 600 mil pessoas. No dia 21, ser\u00e1 a vez do Bloco da Anitta. O Monobloco, fundado no ano 2000, a partir de uma oficina para ensinar batucada, encerra oficialmente o carnaval carioca, desfilando no dia 22.<\/p>\n<p><strong>Concentra\u00e7\u00e3o<\/strong><br \/>\nA concentra\u00e7\u00e3o dos megablocos ser\u00e1 \u00e0s 7h, na Rua Primeiro de Mar\u00e7o, seguindo pela Avenida Antonio Carlos, com dispers\u00e3o na altura da Rua Ara\u00fajo Porto Alegre. A informa\u00e7\u00e3o foi divulgada na quarta-feira (14) pela Riotur. De acordo com a companhia, o carnaval de rua 2026 tem bloco para todos os gostos: dos tradicionais Cord\u00e3o da Bola Preta e o Boitat\u00e1 at\u00e9 os trios com grandes artistas como Anitta, Ludmilla, Lexa e L\u00e9o Santana.<\/p>\n<p><strong>Boitat\u00e1: 30 anos<\/strong><br \/>\nEste ano, o Cord\u00e3o do Boitat\u00e1 completa 30 anos e o cortejo volta para a regi\u00e3o da Rua Primeiro de Mar\u00e7o, centro da cidade. Com mais de 250 m\u00fasicos tocando sem carro de som e quase 400 integrantes com alas de estandartes, pernas de pau e baianas, o Boitat\u00e1 \u00e9 o \u00fanico grupo dos megablocos que n\u00e3o faz uso de trio el\u00e9trico.<\/p>\n<p>Para o presidente da Riotur, Bernardo Fellows, os megablocos t\u00eam um papel importante no carnaval de rua.<\/p>\n<p>\u201cEles re\u00fanem um n\u00famero muito expressivo de foli\u00f5es e ampliam o acesso do p\u00fablico \u00e0 festa na cidade. Justamente por isso, exigem uma opera\u00e7\u00e3o robusta e integrada, que a Prefeitura coordena, com a articula\u00e7\u00e3o da Riotur e outros \u00f3rg\u00e3os, para garantir organiza\u00e7\u00e3o, seguran\u00e7a e servi\u00e7os ao p\u00fablico\u201d, afirmou.<\/p>\n<p><strong>Circuito Preta Gil<\/strong><br \/>\nO Circuito Preta Gil foi batizado em 2025 em homenagem \u00e0 cantora, que liderou por anos um megabloco na regi\u00e3o central da cidade e se tornou s\u00edmbolo da diversidade, alegria e da for\u00e7a do carnaval de rua do Rio.<\/p>\n<p>A programa\u00e7\u00e3o completa pode ser conferida no aplicativo Blocos do Rio 2026 e no site oficial, para que todos os foli\u00f5es saibam onde e quando a folia vai rolar, salientou Fellows.<\/p>\n","protected":false},"excerpt":{"rendered":"<p>A programa\u00e7\u00e3o dos dez megablocos que desfilar\u00e3o no Circuito Preta Gil no carnaval 2026, j\u00e1 foi definida pela Empresa de Turismo do Munic\u00edpio do Rio de Janeiro (Riotur). A folia nas ruas do centro da capital fluminense come\u00e7a com o Bloco Ch\u00e1 da Alice, no dia 24 de janeiro. A estimativa dos organizadores \u00e9 mais [&hellip;]<\/p>\n","protected":false},"author":2,"featured_media":379537,"comment_status":"closed","ping_status":"closed","sticky":false,"template":"","format":"standard","meta":{"_acf_changed":false,"footnotes":""},"categories":[155],"tags":[],"class_list":["post-379536","post","type-post","status-publish","format-standard","has-post-thumbnail","hentry","category-leitura-vip"],"acf":[],"yoast_head":"<!-- This site is optimized with the Yoast SEO plugin v27.2 - https:\/\/yoast.com\/product\/yoast-seo-wordpress\/ -->\n<title>Divulgada programa\u00e7\u00e3o dos 10 megablocos no Circuito Preta Gil - Notibras<\/title>\n<meta name=\"robots\" content=\"index, follow, max-snippet:-1, max-image-preview:large, max-video-preview:-1\" \/>\n<link rel=\"canonical\" href=\"https:\/\/www.notibras.com\/site\/divulgada-programacao-dos-10-megablocos-no-circuito-preta-gil\/\" \/>\n<meta property=\"og:locale\" content=\"pt_BR\" \/>\n<meta property=\"og:type\" content=\"article\" \/>\n<meta property=\"og:title\" content=\"Divulgada programa\u00e7\u00e3o dos 10 megablocos no Circuito Preta Gil - Notibras\" \/>\n<meta property=\"og:description\" content=\"A programa\u00e7\u00e3o dos dez megablocos que desfilar\u00e3o no Circuito Preta Gil no carnaval 2026, j\u00e1 foi definida pela Empresa de Turismo do Munic\u00edpio do Rio de Janeiro (Riotur). A folia nas ruas do centro da capital fluminense come\u00e7a com o Bloco Ch\u00e1 da Alice, no dia 24 de janeiro. A estimativa dos organizadores \u00e9 mais [&hellip;]\" \/>\n<meta property=\"og:url\" content=\"https:\/\/www.notibras.com\/site\/divulgada-programacao-dos-10-megablocos-no-circuito-preta-gil\/\" \/>\n<meta property=\"og:site_name\" content=\"Notibras\" \/>\n<meta property=\"article:publisher\" content=\"https:\/\/www.facebook.com\/notibras\/\" \/>\n<meta property=\"article:published_time\" content=\"2026-01-18T03:00:17+00:00\" \/>\n<meta property=\"article:modified_time\" content=\"2026-01-18T11:16:19+00:00\" \/>\n<meta property=\"og:image\" content=\"https:\/\/www.notibras.com\/site\/wp-content\/uploads\/2026\/01\/dsc6114_0.webp\" \/>\n\t<meta property=\"og:image:width\" content=\"754\" \/>\n\t<meta property=\"og:image:height\" content=\"502\" \/>\n\t<meta property=\"og:image:type\" content=\"image\/webp\" \/>\n<meta name=\"author\" content=\"Reda\u00e7\u00e3o\" \/>\n<meta name=\"twitter:card\" content=\"summary_large_image\" \/>\n<meta name=\"twitter:creator\" content=\"@Notibras\" \/>\n<meta name=\"twitter:site\" content=\"@Notibras\" \/>\n<meta name=\"twitter:label1\" content=\"Escrito por\" \/>\n\t<meta name=\"twitter:data1\" content=\"Reda\u00e7\u00e3o\" \/>\n\t<meta name=\"twitter:label2\" content=\"Est. tempo de leitura\" \/>\n\t<meta name=\"twitter:data2\" content=\"4 minutos\" \/>\n<script type=\"application\/ld+json\" class=\"yoast-schema-graph\">{\"@context\":\"https:\/\/schema.org\",\"@graph\":[{\"@type\":\"Article\",\"@id\":\"https:\/\/www.notibras.com\/site\/divulgada-programacao-dos-10-megablocos-no-circuito-preta-gil\/#article\",\"isPartOf\":{\"@id\":\"https:\/\/www.notibras.com\/site\/divulgada-programacao-dos-10-megablocos-no-circuito-preta-gil\/\"},\"author\":{\"name\":\"Reda\u00e7\u00e3o\",\"@id\":\"https:\/\/www.notibras.com\/site\/#\/schema\/person\/36ab0979449956132d3e5b517ea76ac8\"},\"headline\":\"Divulgada programa\u00e7\u00e3o dos 10 megablocos no Circuito Preta Gil\",\"datePublished\":\"2026-01-18T03:00:17+00:00\",\"dateModified\":\"2026-01-18T11:16:19+00:00\",\"mainEntityOfPage\":{\"@id\":\"https:\/\/www.notibras.com\/site\/divulgada-programacao-dos-10-megablocos-no-circuito-preta-gil\/\"},\"wordCount\":619,\"publisher\":{\"@id\":\"https:\/\/www.notibras.com\/site\/#organization\"},\"image\":{\"@id\":\"https:\/\/www.notibras.com\/site\/divulgada-programacao-dos-10-megablocos-no-circuito-preta-gil\/#primaryimage\"},\"thumbnailUrl\":\"https:\/\/www.notibras.com\/site\/wp-content\/uploads\/2026\/01\/dsc6114_0.webp\",\"articleSection\":[\"Leitura Vip\"],\"inLanguage\":\"pt-BR\"},{\"@type\":\"WebPage\",\"@id\":\"https:\/\/www.notibras.com\/site\/divulgada-programacao-dos-10-megablocos-no-circuito-preta-gil\/\",\"url\":\"https:\/\/www.notibras.com\/site\/divulgada-programacao-dos-10-megablocos-no-circuito-preta-gil\/\",\"name\":\"Divulgada programa\u00e7\u00e3o dos 10 megablocos no Circuito Preta Gil - Notibras\",\"isPartOf\":{\"@id\":\"https:\/\/www.notibras.com\/site\/#website\"},\"primaryImageOfPage\":{\"@id\":\"https:\/\/www.notibras.com\/site\/divulgada-programacao-dos-10-megablocos-no-circuito-preta-gil\/#primaryimage\"},\"image\":{\"@id\":\"https:\/\/www.notibras.com\/site\/divulgada-programacao-dos-10-megablocos-no-circuito-preta-gil\/#primaryimage\"},\"thumbnailUrl\":\"https:\/\/www.notibras.com\/site\/wp-content\/uploads\/2026\/01\/dsc6114_0.webp\",\"datePublished\":\"2026-01-18T03:00:17+00:00\",\"dateModified\":\"2026-01-18T11:16:19+00:00\",\"breadcrumb\":{\"@id\":\"https:\/\/www.notibras.com\/site\/divulgada-programacao-dos-10-megablocos-no-circuito-preta-gil\/#breadcrumb\"},\"inLanguage\":\"pt-BR\",\"potentialAction\":[{\"@type\":\"ReadAction\",\"target\":[\"https:\/\/www.notibras.com\/site\/divulgada-programacao-dos-10-megablocos-no-circuito-preta-gil\/\"]}]},{\"@type\":\"ImageObject\",\"inLanguage\":\"pt-BR\",\"@id\":\"https:\/\/www.notibras.com\/site\/divulgada-programacao-dos-10-megablocos-no-circuito-preta-gil\/#primaryimage\",\"url\":\"https:\/\/www.notibras.com\/site\/wp-content\/uploads\/2026\/01\/dsc6114_0.webp\",\"contentUrl\":\"https:\/\/www.notibras.com\/site\/wp-content\/uploads\/2026\/01\/dsc6114_0.webp\",\"width\":754,\"height\":502},{\"@type\":\"BreadcrumbList\",\"@id\":\"https:\/\/www.notibras.com\/site\/divulgada-programacao-dos-10-megablocos-no-circuito-preta-gil\/#breadcrumb\",\"itemListElement\":[{\"@type\":\"ListItem\",\"position\":1,\"name\":\"In\u00edcio\",\"item\":\"https:\/\/www.notibras.com\/site\/\"},{\"@type\":\"ListItem\",\"position\":2,\"name\":\"Divulgada programa\u00e7\u00e3o dos 10 megablocos no Circuito Preta Gil\"}]},{\"@type\":\"WebSite\",\"@id\":\"https:\/\/www.notibras.com\/site\/#website\",\"url\":\"https:\/\/www.notibras.com\/site\/\",\"name\":\"Notibras\",\"description\":\"Not\u00edcias de Bras\u00edlia, do Brasil e do Mundo\",\"publisher\":{\"@id\":\"https:\/\/www.notibras.com\/site\/#organization\"},\"potentialAction\":[{\"@type\":\"SearchAction\",\"target\":{\"@type\":\"EntryPoint\",\"urlTemplate\":\"https:\/\/www.notibras.com\/site\/?s={search_term_string}\"},\"query-input\":{\"@type\":\"PropertyValueSpecification\",\"valueRequired\":true,\"valueName\":\"search_term_string\"}}],\"inLanguage\":\"pt-BR\"},{\"@type\":\"Organization\",\"@id\":\"https:\/\/www.notibras.com\/site\/#organization\",\"name\":\"Grupo Notibras de Comunica\u00e7\u00e3o\",\"url\":\"https:\/\/www.notibras.com\/site\/\",\"logo\":{\"@type\":\"ImageObject\",\"inLanguage\":\"pt-BR\",\"@id\":\"https:\/\/www.notibras.com\/site\/#\/schema\/logo\/image\/\",\"url\":\"https:\/\/www.notibras.com\/site\/wp-content\/uploads\/2023\/01\/notibras23.png\",\"contentUrl\":\"https:\/\/www.notibras.com\/site\/wp-content\/uploads\/2023\/01\/notibras23.png\",\"width\":350,\"height\":87,\"caption\":\"Grupo Notibras de Comunica\u00e7\u00e3o\"},\"image\":{\"@id\":\"https:\/\/www.notibras.com\/site\/#\/schema\/logo\/image\/\"},\"sameAs\":[\"https:\/\/www.facebook.com\/notibras\/\",\"https:\/\/x.com\/Notibras\",\"https:\/\/www.instagram.com\/notibras\/\"]},{\"@type\":\"Person\",\"@id\":\"https:\/\/www.notibras.com\/site\/#\/schema\/person\/36ab0979449956132d3e5b517ea76ac8\",\"name\":\"Reda\u00e7\u00e3o\",\"image\":{\"@type\":\"ImageObject\",\"inLanguage\":\"pt-BR\",\"@id\":\"https:\/\/secure.gravatar.com\/avatar\/e0a867bdedb85fd243eadf09663511f96fc81e0720a4a42581f334ad4303aa6b?s=96&d=mm&r=g\",\"url\":\"https:\/\/secure.gravatar.com\/avatar\/e0a867bdedb85fd243eadf09663511f96fc81e0720a4a42581f334ad4303aa6b?s=96&d=mm&r=g\",\"contentUrl\":\"https:\/\/secure.gravatar.com\/avatar\/e0a867bdedb85fd243eadf09663511f96fc81e0720a4a42581f334ad4303aa6b?s=96&d=mm&r=g\",\"caption\":\"Reda\u00e7\u00e3o\"}}]}<\/script>\n<!-- \/ Yoast SEO plugin. -->","yoast_head_json":{"title":"Divulgada programa\u00e7\u00e3o dos 10 megablocos no Circuito Preta Gil - Notibras","robots":{"index":"index","follow":"follow","max-snippet":"max-snippet:-1","max-image-preview":"max-image-preview:large","max-video-preview":"max-video-preview:-1"},"canonical":"https:\/\/www.notibras.com\/site\/divulgada-programacao-dos-10-megablocos-no-circuito-preta-gil\/","og_locale":"pt_BR","og_type":"article","og_title":"Divulgada programa\u00e7\u00e3o dos 10 megablocos no Circuito Preta Gil - Notibras","og_description":"A programa\u00e7\u00e3o dos dez megablocos que desfilar\u00e3o no Circuito Preta Gil no carnaval 2026, j\u00e1 foi definida pela Empresa de Turismo do Munic\u00edpio do Rio de Janeiro (Riotur). A folia nas ruas do centro da capital fluminense come\u00e7a com o Bloco Ch\u00e1 da Alice, no dia 24 de janeiro. A estimativa dos organizadores \u00e9 mais [&hellip;]","og_url":"https:\/\/www.notibras.com\/site\/divulgada-programacao-dos-10-megablocos-no-circuito-preta-gil\/","og_site_name":"Notibras","article_publisher":"https:\/\/www.facebook.com\/notibras\/","article_published_time":"2026-01-18T03:00:17+00:00","article_modified_time":"2026-01-18T11:16:19+00:00","og_image":[{"width":754,"height":502,"url":"https:\/\/www.notibras.com\/site\/wp-content\/uploads\/2026\/01\/dsc6114_0.webp","type":"image\/webp"}],"author":"Reda\u00e7\u00e3o","twitter_card":"summary_large_image","twitter_creator":"@Notibras","twitter_site":"@Notibras","twitter_misc":{"Escrito por":"Reda\u00e7\u00e3o","Est. tempo de leitura":"4 minutos"},"schema":{"@context":"https:\/\/schema.org","@graph":[{"@type":"Article","@id":"https:\/\/www.notibras.com\/site\/divulgada-programacao-dos-10-megablocos-no-circuito-preta-gil\/#article","isPartOf":{"@id":"https:\/\/www.notibras.com\/site\/divulgada-programacao-dos-10-megablocos-no-circuito-preta-gil\/"},"author":{"name":"Reda\u00e7\u00e3o","@id":"https:\/\/www.notibras.com\/site\/#\/schema\/person\/36ab0979449956132d3e5b517ea76ac8"},"headline":"Divulgada programa\u00e7\u00e3o dos 10 megablocos no Circuito Preta Gil","datePublished":"2026-01-18T03:00:17+00:00","dateModified":"2026-01-18T11:16:19+00:00","mainEntityOfPage":{"@id":"https:\/\/www.notibras.com\/site\/divulgada-programacao-dos-10-megablocos-no-circuito-preta-gil\/"},"wordCount":619,"publisher":{"@id":"https:\/\/www.notibras.com\/site\/#organization"},"image":{"@id":"https:\/\/www.notibras.com\/site\/divulgada-programacao-dos-10-megablocos-no-circuito-preta-gil\/#primaryimage"},"thumbnailUrl":"https:\/\/www.notibras.com\/site\/wp-content\/uploads\/2026\/01\/dsc6114_0.webp","articleSection":["Leitura Vip"],"inLanguage":"pt-BR"},{"@type":"WebPage","@id":"https:\/\/www.notibras.com\/site\/divulgada-programacao-dos-10-megablocos-no-circuito-preta-gil\/","url":"https:\/\/www.notibras.com\/site\/divulgada-programacao-dos-10-megablocos-no-circuito-preta-gil\/","name":"Divulgada programa\u00e7\u00e3o dos 10 megablocos no Circuito Preta Gil - Notibras","isPartOf":{"@id":"https:\/\/www.notibras.com\/site\/#website"},"primaryImageOfPage":{"@id":"https:\/\/www.notibras.com\/site\/divulgada-programacao-dos-10-megablocos-no-circuito-preta-gil\/#primaryimage"},"image":{"@id":"https:\/\/www.notibras.com\/site\/divulgada-programacao-dos-10-megablocos-no-circuito-preta-gil\/#primaryimage"},"thumbnailUrl":"https:\/\/www.notibras.com\/site\/wp-content\/uploads\/2026\/01\/dsc6114_0.webp","datePublished":"2026-01-18T03:00:17+00:00","dateModified":"2026-01-18T11:16:19+00:00","breadcrumb":{"@id":"https:\/\/www.notibras.com\/site\/divulgada-programacao-dos-10-megablocos-no-circuito-preta-gil\/#breadcrumb"},"inLanguage":"pt-BR","potentialAction":[{"@type":"ReadAction","target":["https:\/\/www.notibras.com\/site\/divulgada-programacao-dos-10-megablocos-no-circuito-preta-gil\/"]}]},{"@type":"ImageObject","inLanguage":"pt-BR","@id":"https:\/\/www.notibras.com\/site\/divulgada-programacao-dos-10-megablocos-no-circuito-preta-gil\/#primaryimage","url":"https:\/\/www.notibras.com\/site\/wp-content\/uploads\/2026\/01\/dsc6114_0.webp","contentUrl":"https:\/\/www.notibras.com\/site\/wp-content\/uploads\/2026\/01\/dsc6114_0.webp","width":754,"height":502},{"@type":"BreadcrumbList","@id":"https:\/\/www.notibras.com\/site\/divulgada-programacao-dos-10-megablocos-no-circuito-preta-gil\/#breadcrumb","itemListElement":[{"@type":"ListItem","position":1,"name":"In\u00edcio","item":"https:\/\/www.notibras.com\/site\/"},{"@type":"ListItem","position":2,"name":"Divulgada programa\u00e7\u00e3o dos 10 megablocos no Circuito Preta Gil"}]},{"@type":"WebSite","@id":"https:\/\/www.notibras.com\/site\/#website","url":"https:\/\/www.notibras.com\/site\/","name":"Notibras","description":"Not\u00edcias de Bras\u00edlia, do Brasil e do Mundo","publisher":{"@id":"https:\/\/www.notibras.com\/site\/#organization"},"potentialAction":[{"@type":"SearchAction","target":{"@type":"EntryPoint","urlTemplate":"https:\/\/www.notibras.com\/site\/?s={search_term_string}"},"query-input":{"@type":"PropertyValueSpecification","valueRequired":true,"valueName":"search_term_string"}}],"inLanguage":"pt-BR"},{"@type":"Organization","@id":"https:\/\/www.notibras.com\/site\/#organization","name":"Grupo Notibras de Comunica\u00e7\u00e3o","url":"https:\/\/www.notibras.com\/site\/","logo":{"@type":"ImageObject","inLanguage":"pt-BR","@id":"https:\/\/www.notibras.com\/site\/#\/schema\/logo\/image\/","url":"https:\/\/www.notibras.com\/site\/wp-content\/uploads\/2023\/01\/notibras23.png","contentUrl":"https:\/\/www.notibras.com\/site\/wp-content\/uploads\/2023\/01\/notibras23.png","width":350,"height":87,"caption":"Grupo Notibras de Comunica\u00e7\u00e3o"},"image":{"@id":"https:\/\/www.notibras.com\/site\/#\/schema\/logo\/image\/"},"sameAs":["https:\/\/www.facebook.com\/notibras\/","https:\/\/x.com\/Notibras","https:\/\/www.instagram.com\/notibras\/"]},{"@type":"Person","@id":"https:\/\/www.notibras.com\/site\/#\/schema\/person\/36ab0979449956132d3e5b517ea76ac8","name":"Reda\u00e7\u00e3o","image":{"@type":"ImageObject","inLanguage":"pt-BR","@id":"https:\/\/secure.gravatar.com\/avatar\/e0a867bdedb85fd243eadf09663511f96fc81e0720a4a42581f334ad4303aa6b?s=96&d=mm&r=g","url":"https:\/\/secure.gravatar.com\/avatar\/e0a867bdedb85fd243eadf09663511f96fc81e0720a4a42581f334ad4303aa6b?s=96&d=mm&r=g","contentUrl":"https:\/\/secure.gravatar.com\/avatar\/e0a867bdedb85fd243eadf09663511f96fc81e0720a4a42581f334ad4303aa6b?s=96&d=mm&r=g","caption":"Reda\u00e7\u00e3o"}}]}},"amp_enabled":true,"_links":{"self":[{"href":"https:\/\/www.notibras.com\/site\/wp-json\/wp\/v2\/posts\/379536","targetHints":{"allow":["GET"]}}],"collection":[{"href":"https:\/\/www.notibras.com\/site\/wp-json\/wp\/v2\/posts"}],"about":[{"href":"https:\/\/www.notibras.com\/site\/wp-json\/wp\/v2\/types\/post"}],"author":[{"embeddable":true,"href":"https:\/\/www.notibras.com\/site\/wp-json\/wp\/v2\/users\/2"}],"replies":[{"embeddable":true,"href":"https:\/\/www.notibras.com\/site\/wp-json\/wp\/v2\/comments?post=379536"}],"version-history":[{"count":1,"href":"https:\/\/www.notibras.com\/site\/wp-json\/wp\/v2\/posts\/379536\/revisions"}],"predecessor-version":[{"id":379538,"href":"https:\/\/www.notibras.com\/site\/wp-json\/wp\/v2\/posts\/379536\/revisions\/379538"}],"wp:featuredmedia":[{"embeddable":true,"href":"https:\/\/www.notibras.com\/site\/wp-json\/wp\/v2\/media\/379537"}],"wp:attachment":[{"href":"https:\/\/www.notibras.com\/site\/wp-json\/wp\/v2\/media?parent=379536"}],"wp:term":[{"taxonomy":"category","embeddable":true,"href":"https:\/\/www.notibras.com\/site\/wp-json\/wp\/v2\/categories?post=379536"},{"taxonomy":"post_tag","embeddable":true,"href":"https:\/\/www.notibras.com\/site\/wp-json\/wp\/v2\/tags?post=379536"}],"curies":[{"name":"wp","href":"https:\/\/api.w.org\/{rel}","templated":true}]}}