{"id":379540,"date":"2026-01-19T00:15:36","date_gmt":"2026-01-19T03:15:36","guid":{"rendered":"https:\/\/www.notibras.com\/site\/?p=379540"},"modified":"2026-01-18T14:00:12","modified_gmt":"2026-01-18T17:00:12","slug":"o-voo-cego-do-capitao","status":"publish","type":"post","link":"https:\/\/www.notibras.com\/site\/o-voo-cego-do-capitao\/","title":{"rendered":"O VOO CEGO DO CAPIT\u00c3O"},"content":{"rendered":"<p>2026: tempos de cumprir a pena de 27 anos na Papudinha federal. O ex-presidente Jair, relembra epis\u00f3dios de seus quatro anos \u00e0 frente do Executivo brasileiro. Voltemos a 2020, momentos terr\u00edveis de in\u00edcio da pandemia Covid-19 e de grandes inc\u00eandios criminosos provocados para gerar tens\u00e3o e caos no pa\u00eds. Os fatos desta cr\u00f4nica foram extra\u00eddos de not\u00edcias de jornais da \u00e9poca. Fatos reais. Ou n\u00e3o. Poss\u00edveis, sim.<\/p>\n<p>&#8220;CAPIT\u00c3O: n\u00e3o h\u00e1 condi\u00e7\u00f5es de pouso&#8221;.<\/p>\n<p>&#8220;P\u00f4, cara, larga a m\u00e3o de covardia&#8230;desce esse treco a\u00ed&#8230;&#8221;.<\/p>\n<p>&#8220;N\u00e3o enxergo nada. A fuma\u00e7a n\u00e3o oferece seguran\u00e7a, SENHOR!&#8221;.<\/p>\n<p>&#8220;Como n\u00e3o? E os instrumentos? N\u00e3o est\u00e3o funcionando&#8221;.<\/p>\n<p>&#8220;Funcionam, mas a pista \u00e9 p\u00e9ssima e tem t\u00e1 queimando tudo l\u00e1 embaixo, meu CAPIT\u00c3O&#8221;.<\/p>\n<p>&#8220;FOGO? Nada&#8230; t\u00f4 vendo um monte de barcos no rio grande&#8230;olha l\u00e1, p\u00f4&#8230; lindo!&#8221;.<\/p>\n<p>&#8220;N\u00e3o s\u00e3o barcos&#8230; s\u00e3o bois mortos, boiando, SENHOR!&#8221;.<\/p>\n<p>&#8220;T\u00e1 loco, cara?!&#8230; olha as \u00e1rvores&#8230; milhares de p\u00e9s de tangerina madurinhas, amarelinhas!&#8221;.<\/p>\n<p>&#8220;SENHOR, s\u00e3o \u00e1rvores pegando fogo, meu CAPIT\u00c3O!&#8221;.<\/p>\n<p>&#8220;O MOCUREBA!&#8230; t\u00e1 delirando? Olha que c\u00e9u de brigadeiro, cara!&#8221;.<\/p>\n<p>&#8220;Perd\u00e3o, SENHOR, mas \u00e9 fogo&#8230; t\u00e1 um c\u00e9u de goiabada&#8230;o risco \u00e9 grande, CAPIT\u00c3O!&#8221;.<\/p>\n<p>&#8220;PORRA, IMBECIL&#8230; d\u00e1 um jeito a\u00ed! a&#8230; a merda da imprensa t\u00e1 l\u00e1 embaixo. Desce essa coisa de uma vez!&#8221;.<\/p>\n<p>&#8220;Vamos subir&#8230; subir, SENHOR!&#8221;.<\/p>\n<p>&#8220;CALA A BOCA! DESCE, MAJOR! T\u00d4 MANDANDO!&#8230; L\u00e1 embaixo a gente toma uma Tuba\u00edna pra comemorar, t\u00e1?&#8221;.<\/p>\n<p>&#8220;Em 5, SENHOR&#8230; 1, 2, 3, 4&#8230;. ARREMETENDO, meu CAPIT\u00c3O!&#8221;<\/p>\n<p>(Vinte minutos ap\u00f3s, a aeronave tocou o ch\u00e3o da pista chamuscada)<\/p>\n<p>&#8220;Tinha umas fogueirinhas, mas todo ano tem&#8230;quer saber?&#8230; N\u00d3S SOMOS UM EXEMPLO PARA O MUNDO&#8221;.<\/p>\n<p><strong>&#8230;&#8230;&#8230;&#8230;&#8230;&#8230;&#8230;&#8230;&#8230;&#8230;&#8230;..<\/strong><\/p>\n<p><strong>Gilberto Motta \u00e9 escritor, jornalista, professor\/pesquisador e apagador de inc\u00eandios do Capit\u00e3o ex-tudo com o querosene dos fatos reais. A Hist\u00f3ria \u00e9 mesmo implac\u00e1vel. O autor vive na Guarda do Emba\u00fa, litoral de SC.<\/strong><\/p>\n","protected":false},"excerpt":{"rendered":"<p>2026: tempos de cumprir a pena de 27 anos na Papudinha federal. O ex-presidente Jair, relembra epis\u00f3dios de seus quatro anos \u00e0 frente do Executivo brasileiro. Voltemos a 2020, momentos terr\u00edveis de in\u00edcio da pandemia Covid-19 e de grandes inc\u00eandios criminosos provocados para gerar tens\u00e3o e caos no pa\u00eds. Os fatos desta cr\u00f4nica foram extra\u00eddos [&hellip;]<\/p>\n","protected":false},"author":21,"featured_media":379542,"comment_status":"closed","ping_status":"closed","sticky":false,"template":"","format":"standard","meta":{"_acf_changed":false,"footnotes":""},"categories":[234],"tags":[],"class_list":["post-379540","post","type-post","status-publish","format-standard","has-post-thumbnail","hentry","category-cafe-literario"],"acf":[],"yoast_head":"<!-- This site is optimized with the Yoast SEO plugin v27.2 - https:\/\/yoast.com\/product\/yoast-seo-wordpress\/ -->\n<title>O VOO CEGO DO CAPIT\u00c3O - Notibras<\/title>\n<meta name=\"robots\" content=\"index, follow, max-snippet:-1, max-image-preview:large, max-video-preview:-1\" \/>\n<link rel=\"canonical\" href=\"https:\/\/www.notibras.com\/site\/o-voo-cego-do-capitao\/\" \/>\n<meta property=\"og:locale\" content=\"pt_BR\" \/>\n<meta property=\"og:type\" content=\"article\" \/>\n<meta property=\"og:title\" content=\"O VOO CEGO DO CAPIT\u00c3O - Notibras\" \/>\n<meta property=\"og:description\" content=\"2026: tempos de cumprir a pena de 27 anos na Papudinha federal. O ex-presidente Jair, relembra epis\u00f3dios de seus quatro anos \u00e0 frente do Executivo brasileiro. Voltemos a 2020, momentos terr\u00edveis de in\u00edcio da pandemia Covid-19 e de grandes inc\u00eandios criminosos provocados para gerar tens\u00e3o e caos no pa\u00eds. Os fatos desta cr\u00f4nica foram extra\u00eddos [&hellip;]\" \/>\n<meta property=\"og:url\" content=\"https:\/\/www.notibras.com\/site\/o-voo-cego-do-capitao\/\" \/>\n<meta property=\"og:site_name\" content=\"Notibras\" \/>\n<meta property=\"article:publisher\" content=\"https:\/\/www.facebook.com\/notibras\/\" \/>\n<meta property=\"article:published_time\" content=\"2026-01-19T03:15:36+00:00\" \/>\n<meta property=\"og:image\" content=\"https:\/\/www.notibras.com\/site\/wp-content\/uploads\/2026\/01\/image-18-768x1024.png\" \/>\n\t<meta property=\"og:image:width\" content=\"768\" \/>\n\t<meta property=\"og:image:height\" content=\"1024\" \/>\n\t<meta property=\"og:image:type\" content=\"image\/png\" \/>\n<meta name=\"author\" content=\"Eduardo Mart\u00ednez\" \/>\n<meta name=\"twitter:card\" content=\"summary_large_image\" \/>\n<meta name=\"twitter:creator\" content=\"@Notibras\" \/>\n<meta name=\"twitter:site\" content=\"@Notibras\" \/>\n<meta name=\"twitter:label1\" content=\"Escrito por\" \/>\n\t<meta name=\"twitter:data1\" content=\"Eduardo Mart\u00ednez\" \/>\n\t<meta name=\"twitter:label2\" content=\"Est. tempo de leitura\" \/>\n\t<meta name=\"twitter:data2\" content=\"2 minutos\" \/>\n<script type=\"application\/ld+json\" class=\"yoast-schema-graph\">{\"@context\":\"https:\/\/schema.org\",\"@graph\":[{\"@type\":\"Article\",\"@id\":\"https:\/\/www.notibras.com\/site\/o-voo-cego-do-capitao\/#article\",\"isPartOf\":{\"@id\":\"https:\/\/www.notibras.com\/site\/o-voo-cego-do-capitao\/\"},\"author\":{\"name\":\"Eduardo Mart\u00ednez\",\"@id\":\"https:\/\/www.notibras.com\/site\/#\/schema\/person\/5b7fabf2aedc3ada2105f03b22b4d3dd\"},\"headline\":\"O VOO CEGO DO CAPIT\u00c3O\",\"datePublished\":\"2026-01-19T03:15:36+00:00\",\"mainEntityOfPage\":{\"@id\":\"https:\/\/www.notibras.com\/site\/o-voo-cego-do-capitao\/\"},\"wordCount\":332,\"publisher\":{\"@id\":\"https:\/\/www.notibras.com\/site\/#organization\"},\"image\":{\"@id\":\"https:\/\/www.notibras.com\/site\/o-voo-cego-do-capitao\/#primaryimage\"},\"thumbnailUrl\":\"https:\/\/www.notibras.com\/site\/wp-content\/uploads\/2026\/01\/image-18.png\",\"articleSection\":[\"Caf\u00e9 Liter\u00e1rio\"],\"inLanguage\":\"pt-BR\"},{\"@type\":\"WebPage\",\"@id\":\"https:\/\/www.notibras.com\/site\/o-voo-cego-do-capitao\/\",\"url\":\"https:\/\/www.notibras.com\/site\/o-voo-cego-do-capitao\/\",\"name\":\"O VOO CEGO DO CAPIT\u00c3O - Notibras\",\"isPartOf\":{\"@id\":\"https:\/\/www.notibras.com\/site\/#website\"},\"primaryImageOfPage\":{\"@id\":\"https:\/\/www.notibras.com\/site\/o-voo-cego-do-capitao\/#primaryimage\"},\"image\":{\"@id\":\"https:\/\/www.notibras.com\/site\/o-voo-cego-do-capitao\/#primaryimage\"},\"thumbnailUrl\":\"https:\/\/www.notibras.com\/site\/wp-content\/uploads\/2026\/01\/image-18.png\",\"datePublished\":\"2026-01-19T03:15:36+00:00\",\"breadcrumb\":{\"@id\":\"https:\/\/www.notibras.com\/site\/o-voo-cego-do-capitao\/#breadcrumb\"},\"inLanguage\":\"pt-BR\",\"potentialAction\":[{\"@type\":\"ReadAction\",\"target\":[\"https:\/\/www.notibras.com\/site\/o-voo-cego-do-capitao\/\"]}]},{\"@type\":\"ImageObject\",\"inLanguage\":\"pt-BR\",\"@id\":\"https:\/\/www.notibras.com\/site\/o-voo-cego-do-capitao\/#primaryimage\",\"url\":\"https:\/\/www.notibras.com\/site\/wp-content\/uploads\/2026\/01\/image-18.png\",\"contentUrl\":\"https:\/\/www.notibras.com\/site\/wp-content\/uploads\/2026\/01\/image-18.png\",\"width\":1104,\"height\":1472},{\"@type\":\"BreadcrumbList\",\"@id\":\"https:\/\/www.notibras.com\/site\/o-voo-cego-do-capitao\/#breadcrumb\",\"itemListElement\":[{\"@type\":\"ListItem\",\"position\":1,\"name\":\"In\u00edcio\",\"item\":\"https:\/\/www.notibras.com\/site\/\"},{\"@type\":\"ListItem\",\"position\":2,\"name\":\"O VOO CEGO DO CAPIT\u00c3O\"}]},{\"@type\":\"WebSite\",\"@id\":\"https:\/\/www.notibras.com\/site\/#website\",\"url\":\"https:\/\/www.notibras.com\/site\/\",\"name\":\"Notibras\",\"description\":\"Not\u00edcias de Bras\u00edlia, do Brasil e do Mundo\",\"publisher\":{\"@id\":\"https:\/\/www.notibras.com\/site\/#organization\"},\"potentialAction\":[{\"@type\":\"SearchAction\",\"target\":{\"@type\":\"EntryPoint\",\"urlTemplate\":\"https:\/\/www.notibras.com\/site\/?s={search_term_string}\"},\"query-input\":{\"@type\":\"PropertyValueSpecification\",\"valueRequired\":true,\"valueName\":\"search_term_string\"}}],\"inLanguage\":\"pt-BR\"},{\"@type\":\"Organization\",\"@id\":\"https:\/\/www.notibras.com\/site\/#organization\",\"name\":\"Grupo Notibras de Comunica\u00e7\u00e3o\",\"url\":\"https:\/\/www.notibras.com\/site\/\",\"logo\":{\"@type\":\"ImageObject\",\"inLanguage\":\"pt-BR\",\"@id\":\"https:\/\/www.notibras.com\/site\/#\/schema\/logo\/image\/\",\"url\":\"https:\/\/www.notibras.com\/site\/wp-content\/uploads\/2023\/01\/notibras23.png\",\"contentUrl\":\"https:\/\/www.notibras.com\/site\/wp-content\/uploads\/2023\/01\/notibras23.png\",\"width\":350,\"height\":87,\"caption\":\"Grupo Notibras de Comunica\u00e7\u00e3o\"},\"image\":{\"@id\":\"https:\/\/www.notibras.com\/site\/#\/schema\/logo\/image\/\"},\"sameAs\":[\"https:\/\/www.facebook.com\/notibras\/\",\"https:\/\/x.com\/Notibras\",\"https:\/\/www.instagram.com\/notibras\/\"]},{\"@type\":\"Person\",\"@id\":\"https:\/\/www.notibras.com\/site\/#\/schema\/person\/5b7fabf2aedc3ada2105f03b22b4d3dd\",\"name\":\"Eduardo Mart\u00ednez\",\"image\":{\"@type\":\"ImageObject\",\"inLanguage\":\"pt-BR\",\"@id\":\"https:\/\/secure.gravatar.com\/avatar\/7902f906289926289cbcda644b5197c796b893c6ffd7b9a536a42d290f7704a0?s=96&d=mm&r=g\",\"url\":\"https:\/\/secure.gravatar.com\/avatar\/7902f906289926289cbcda644b5197c796b893c6ffd7b9a536a42d290f7704a0?s=96&d=mm&r=g\",\"contentUrl\":\"https:\/\/secure.gravatar.com\/avatar\/7902f906289926289cbcda644b5197c796b893c6ffd7b9a536a42d290f7704a0?s=96&d=mm&r=g\",\"caption\":\"Eduardo Mart\u00ednez\"}}]}<\/script>\n<!-- \/ Yoast SEO plugin. -->","yoast_head_json":{"title":"O VOO CEGO DO CAPIT\u00c3O - Notibras","robots":{"index":"index","follow":"follow","max-snippet":"max-snippet:-1","max-image-preview":"max-image-preview:large","max-video-preview":"max-video-preview:-1"},"canonical":"https:\/\/www.notibras.com\/site\/o-voo-cego-do-capitao\/","og_locale":"pt_BR","og_type":"article","og_title":"O VOO CEGO DO CAPIT\u00c3O - Notibras","og_description":"2026: tempos de cumprir a pena de 27 anos na Papudinha federal. O ex-presidente Jair, relembra epis\u00f3dios de seus quatro anos \u00e0 frente do Executivo brasileiro. Voltemos a 2020, momentos terr\u00edveis de in\u00edcio da pandemia Covid-19 e de grandes inc\u00eandios criminosos provocados para gerar tens\u00e3o e caos no pa\u00eds. Os fatos desta cr\u00f4nica foram extra\u00eddos [&hellip;]","og_url":"https:\/\/www.notibras.com\/site\/o-voo-cego-do-capitao\/","og_site_name":"Notibras","article_publisher":"https:\/\/www.facebook.com\/notibras\/","article_published_time":"2026-01-19T03:15:36+00:00","og_image":[{"width":768,"height":1024,"url":"https:\/\/www.notibras.com\/site\/wp-content\/uploads\/2026\/01\/image-18-768x1024.png","type":"image\/png"}],"author":"Eduardo Mart\u00ednez","twitter_card":"summary_large_image","twitter_creator":"@Notibras","twitter_site":"@Notibras","twitter_misc":{"Escrito por":"Eduardo Mart\u00ednez","Est. tempo de leitura":"2 minutos"},"schema":{"@context":"https:\/\/schema.org","@graph":[{"@type":"Article","@id":"https:\/\/www.notibras.com\/site\/o-voo-cego-do-capitao\/#article","isPartOf":{"@id":"https:\/\/www.notibras.com\/site\/o-voo-cego-do-capitao\/"},"author":{"name":"Eduardo Mart\u00ednez","@id":"https:\/\/www.notibras.com\/site\/#\/schema\/person\/5b7fabf2aedc3ada2105f03b22b4d3dd"},"headline":"O VOO CEGO DO CAPIT\u00c3O","datePublished":"2026-01-19T03:15:36+00:00","mainEntityOfPage":{"@id":"https:\/\/www.notibras.com\/site\/o-voo-cego-do-capitao\/"},"wordCount":332,"publisher":{"@id":"https:\/\/www.notibras.com\/site\/#organization"},"image":{"@id":"https:\/\/www.notibras.com\/site\/o-voo-cego-do-capitao\/#primaryimage"},"thumbnailUrl":"https:\/\/www.notibras.com\/site\/wp-content\/uploads\/2026\/01\/image-18.png","articleSection":["Caf\u00e9 Liter\u00e1rio"],"inLanguage":"pt-BR"},{"@type":"WebPage","@id":"https:\/\/www.notibras.com\/site\/o-voo-cego-do-capitao\/","url":"https:\/\/www.notibras.com\/site\/o-voo-cego-do-capitao\/","name":"O VOO CEGO DO CAPIT\u00c3O - Notibras","isPartOf":{"@id":"https:\/\/www.notibras.com\/site\/#website"},"primaryImageOfPage":{"@id":"https:\/\/www.notibras.com\/site\/o-voo-cego-do-capitao\/#primaryimage"},"image":{"@id":"https:\/\/www.notibras.com\/site\/o-voo-cego-do-capitao\/#primaryimage"},"thumbnailUrl":"https:\/\/www.notibras.com\/site\/wp-content\/uploads\/2026\/01\/image-18.png","datePublished":"2026-01-19T03:15:36+00:00","breadcrumb":{"@id":"https:\/\/www.notibras.com\/site\/o-voo-cego-do-capitao\/#breadcrumb"},"inLanguage":"pt-BR","potentialAction":[{"@type":"ReadAction","target":["https:\/\/www.notibras.com\/site\/o-voo-cego-do-capitao\/"]}]},{"@type":"ImageObject","inLanguage":"pt-BR","@id":"https:\/\/www.notibras.com\/site\/o-voo-cego-do-capitao\/#primaryimage","url":"https:\/\/www.notibras.com\/site\/wp-content\/uploads\/2026\/01\/image-18.png","contentUrl":"https:\/\/www.notibras.com\/site\/wp-content\/uploads\/2026\/01\/image-18.png","width":1104,"height":1472},{"@type":"BreadcrumbList","@id":"https:\/\/www.notibras.com\/site\/o-voo-cego-do-capitao\/#breadcrumb","itemListElement":[{"@type":"ListItem","position":1,"name":"In\u00edcio","item":"https:\/\/www.notibras.com\/site\/"},{"@type":"ListItem","position":2,"name":"O VOO CEGO DO CAPIT\u00c3O"}]},{"@type":"WebSite","@id":"https:\/\/www.notibras.com\/site\/#website","url":"https:\/\/www.notibras.com\/site\/","name":"Notibras","description":"Not\u00edcias de Bras\u00edlia, do Brasil e do Mundo","publisher":{"@id":"https:\/\/www.notibras.com\/site\/#organization"},"potentialAction":[{"@type":"SearchAction","target":{"@type":"EntryPoint","urlTemplate":"https:\/\/www.notibras.com\/site\/?s={search_term_string}"},"query-input":{"@type":"PropertyValueSpecification","valueRequired":true,"valueName":"search_term_string"}}],"inLanguage":"pt-BR"},{"@type":"Organization","@id":"https:\/\/www.notibras.com\/site\/#organization","name":"Grupo Notibras de Comunica\u00e7\u00e3o","url":"https:\/\/www.notibras.com\/site\/","logo":{"@type":"ImageObject","inLanguage":"pt-BR","@id":"https:\/\/www.notibras.com\/site\/#\/schema\/logo\/image\/","url":"https:\/\/www.notibras.com\/site\/wp-content\/uploads\/2023\/01\/notibras23.png","contentUrl":"https:\/\/www.notibras.com\/site\/wp-content\/uploads\/2023\/01\/notibras23.png","width":350,"height":87,"caption":"Grupo Notibras de Comunica\u00e7\u00e3o"},"image":{"@id":"https:\/\/www.notibras.com\/site\/#\/schema\/logo\/image\/"},"sameAs":["https:\/\/www.facebook.com\/notibras\/","https:\/\/x.com\/Notibras","https:\/\/www.instagram.com\/notibras\/"]},{"@type":"Person","@id":"https:\/\/www.notibras.com\/site\/#\/schema\/person\/5b7fabf2aedc3ada2105f03b22b4d3dd","name":"Eduardo Mart\u00ednez","image":{"@type":"ImageObject","inLanguage":"pt-BR","@id":"https:\/\/secure.gravatar.com\/avatar\/7902f906289926289cbcda644b5197c796b893c6ffd7b9a536a42d290f7704a0?s=96&d=mm&r=g","url":"https:\/\/secure.gravatar.com\/avatar\/7902f906289926289cbcda644b5197c796b893c6ffd7b9a536a42d290f7704a0?s=96&d=mm&r=g","contentUrl":"https:\/\/secure.gravatar.com\/avatar\/7902f906289926289cbcda644b5197c796b893c6ffd7b9a536a42d290f7704a0?s=96&d=mm&r=g","caption":"Eduardo Mart\u00ednez"}}]}},"amp_enabled":true,"_links":{"self":[{"href":"https:\/\/www.notibras.com\/site\/wp-json\/wp\/v2\/posts\/379540","targetHints":{"allow":["GET"]}}],"collection":[{"href":"https:\/\/www.notibras.com\/site\/wp-json\/wp\/v2\/posts"}],"about":[{"href":"https:\/\/www.notibras.com\/site\/wp-json\/wp\/v2\/types\/post"}],"author":[{"embeddable":true,"href":"https:\/\/www.notibras.com\/site\/wp-json\/wp\/v2\/users\/21"}],"replies":[{"embeddable":true,"href":"https:\/\/www.notibras.com\/site\/wp-json\/wp\/v2\/comments?post=379540"}],"version-history":[{"count":2,"href":"https:\/\/www.notibras.com\/site\/wp-json\/wp\/v2\/posts\/379540\/revisions"}],"predecessor-version":[{"id":379543,"href":"https:\/\/www.notibras.com\/site\/wp-json\/wp\/v2\/posts\/379540\/revisions\/379543"}],"wp:featuredmedia":[{"embeddable":true,"href":"https:\/\/www.notibras.com\/site\/wp-json\/wp\/v2\/media\/379542"}],"wp:attachment":[{"href":"https:\/\/www.notibras.com\/site\/wp-json\/wp\/v2\/media?parent=379540"}],"wp:term":[{"taxonomy":"category","embeddable":true,"href":"https:\/\/www.notibras.com\/site\/wp-json\/wp\/v2\/categories?post=379540"},{"taxonomy":"post_tag","embeddable":true,"href":"https:\/\/www.notibras.com\/site\/wp-json\/wp\/v2\/tags?post=379540"}],"curies":[{"name":"wp","href":"https:\/\/api.w.org\/{rel}","templated":true}]}}