{"id":379548,"date":"2026-01-21T00:30:01","date_gmt":"2026-01-21T03:30:01","guid":{"rendered":"https:\/\/www.notibras.com\/site\/?p=379548"},"modified":"2026-01-18T14:23:16","modified_gmt":"2026-01-18T17:23:16","slug":"temos-sim-molho-e-borogodo","status":"publish","type":"post","link":"https:\/\/www.notibras.com\/site\/temos-sim-molho-e-borogodo\/","title":{"rendered":"TEMOS, SIM, MOLHO E BOROGOD\u00d3!"},"content":{"rendered":"<p>Aten\u00e7\u00e3o: O Globo de Ouro N\u00c3O \u00e9 um pr\u00eamio criado pela Rede Globo de Televis\u00e3o.<\/p>\n<p>\u00c9 uma sele\u00e7\u00e3o criada pela ind\u00fastria cultural cinematogr\u00e1fica dos EUA, Hollywood, para destacar as melhores produ\u00e7\u00f5es audiovisuais de todo o mundo ao longo do ano.<\/p>\n<p>Portanto, n\u00e3o \u00e9 &#8220;caf\u00e9 pequeno&#8221; o feito conquistado pelo filme O Agente Secreto, do diretor e roteirista Kleber Mendon\u00e7a Filho (11\/01\/26).<\/p>\n<p>Dois dos mais importantes pr\u00eamios: Melhor Filme em L\u00edngua-n\u00e3o inglesa e Melhor Ator-Drama para Wagner Moura.<\/p>\n<p>Filme-documento que mistura fic\u00e7\u00e3o e realidade na busca de refletir o per\u00edodo t\u00e9trico do final dos anos 70, a ditadura no Brasil e muito mais: exp\u00f5e a viol\u00eancia e o terror materializando a necessidade de n\u00e3o perdermos a mem\u00f3ria, a Hist\u00f3ria real vivida.<\/p>\n<p>E com forma e conte\u00fado criativos, saborosos \u2013 embora com tem\u00e1ticas &#8220;pesadas&#8221; de persegui\u00e7\u00e3o e injusti\u00e7as -, mas com tramas brasileiras\/universais e personagens ricos e inesquec\u00edveis.<\/p>\n<p>Tudo \u00e9 pol\u00edtica, poder, constru\u00e7\u00f5es simb\u00f3licas e culturais. A incorpora\u00e7\u00e3o de mitos regionais do Recife, Pernambuco, como o Carnaval, a gata de duas cabe\u00e7as e a Perna Cabeluda s\u00e3o saca\u00e7\u00f5es antol\u00f3gicas.<\/p>\n<p>Wagner Moura \u00e9 um caso muito especial. Dedicarei, nas pr\u00f3ximas cr\u00f4nicas, todo o espa\u00e7o do mundo \u2013 e ainda ser\u00e1 m\u00ednimo \u2013 para falar de talento, garra, amor \u00e0 arte de interpretar e \u00e0 vida.<\/p>\n<p>Wagner \u00e9 mesmo o &#8220;Baiano que tem molho!&#8221;.<\/p>\n<p>Wagner tem o &#8220;\u00d3 DO BOROGOD\u00d3&#8221;.<\/p>\n<p>O filme ganhou vida pr\u00f3pria, nossos cora\u00e7\u00f5es e o mundo.<\/p>\n<p><strong>&#8230;&#8230;&#8230;&#8230;&#8230;&#8230;&#8230;&#8230;&#8230;&#8230;&#8230;&#8230;&#8230;&#8230;&#8230;&#8230;&#8230;..<\/strong><\/p>\n<p><strong>Gilberto Motta \u00e9 escritor, jornalista, professor\/pesquisador e apaixonado pelo cinema local\/universal. Vive na Guarda do Emba\u00fa, litoral de SC.<\/strong><\/p>\n","protected":false},"excerpt":{"rendered":"<p>Aten\u00e7\u00e3o: O Globo de Ouro N\u00c3O \u00e9 um pr\u00eamio criado pela Rede Globo de Televis\u00e3o. \u00c9 uma sele\u00e7\u00e3o criada pela ind\u00fastria cultural cinematogr\u00e1fica dos EUA, Hollywood, para destacar as melhores produ\u00e7\u00f5es audiovisuais de todo o mundo ao longo do ano. Portanto, n\u00e3o \u00e9 &#8220;caf\u00e9 pequeno&#8221; o feito conquistado pelo filme O Agente Secreto, do diretor [&hellip;]<\/p>\n","protected":false},"author":21,"featured_media":379552,"comment_status":"closed","ping_status":"closed","sticky":false,"template":"","format":"standard","meta":{"_acf_changed":false,"footnotes":""},"categories":[234],"tags":[],"class_list":["post-379548","post","type-post","status-publish","format-standard","has-post-thumbnail","hentry","category-cafe-literario"],"acf":[],"yoast_head":"<!-- This site is optimized with the Yoast SEO plugin v27.2 - https:\/\/yoast.com\/product\/yoast-seo-wordpress\/ -->\n<title>TEMOS, SIM, MOLHO E BOROGOD\u00d3! - Notibras<\/title>\n<meta name=\"robots\" content=\"index, follow, max-snippet:-1, max-image-preview:large, max-video-preview:-1\" \/>\n<link rel=\"canonical\" href=\"https:\/\/www.notibras.com\/site\/temos-sim-molho-e-borogodo\/\" \/>\n<meta property=\"og:locale\" content=\"pt_BR\" \/>\n<meta property=\"og:type\" content=\"article\" \/>\n<meta property=\"og:title\" content=\"TEMOS, SIM, MOLHO E BOROGOD\u00d3! - Notibras\" \/>\n<meta property=\"og:description\" content=\"Aten\u00e7\u00e3o: O Globo de Ouro N\u00c3O \u00e9 um pr\u00eamio criado pela Rede Globo de Televis\u00e3o. \u00c9 uma sele\u00e7\u00e3o criada pela ind\u00fastria cultural cinematogr\u00e1fica dos EUA, Hollywood, para destacar as melhores produ\u00e7\u00f5es audiovisuais de todo o mundo ao longo do ano. Portanto, n\u00e3o \u00e9 &#8220;caf\u00e9 pequeno&#8221; o feito conquistado pelo filme O Agente Secreto, do diretor [&hellip;]\" \/>\n<meta property=\"og:url\" content=\"https:\/\/www.notibras.com\/site\/temos-sim-molho-e-borogodo\/\" \/>\n<meta property=\"og:site_name\" content=\"Notibras\" \/>\n<meta property=\"article:publisher\" content=\"https:\/\/www.facebook.com\/notibras\/\" \/>\n<meta property=\"article:published_time\" content=\"2026-01-21T03:30:01+00:00\" \/>\n<meta property=\"og:image\" content=\"https:\/\/www.notibras.com\/site\/wp-content\/uploads\/2026\/01\/wagner-moura-o-agente-secreto-2-857x482.jpg.webp\" \/>\n\t<meta property=\"og:image:width\" content=\"857\" \/>\n\t<meta property=\"og:image:height\" content=\"482\" \/>\n\t<meta property=\"og:image:type\" content=\"image\/webp\" \/>\n<meta name=\"author\" content=\"Eduardo Mart\u00ednez\" \/>\n<meta name=\"twitter:card\" content=\"summary_large_image\" \/>\n<meta name=\"twitter:creator\" content=\"@Notibras\" \/>\n<meta name=\"twitter:site\" content=\"@Notibras\" \/>\n<meta name=\"twitter:label1\" content=\"Escrito por\" \/>\n\t<meta name=\"twitter:data1\" content=\"Eduardo Mart\u00ednez\" \/>\n\t<meta name=\"twitter:label2\" content=\"Est. tempo de leitura\" \/>\n\t<meta name=\"twitter:data2\" content=\"2 minutos\" \/>\n<script type=\"application\/ld+json\" class=\"yoast-schema-graph\">{\"@context\":\"https:\/\/schema.org\",\"@graph\":[{\"@type\":\"Article\",\"@id\":\"https:\/\/www.notibras.com\/site\/temos-sim-molho-e-borogodo\/#article\",\"isPartOf\":{\"@id\":\"https:\/\/www.notibras.com\/site\/temos-sim-molho-e-borogodo\/\"},\"author\":{\"name\":\"Eduardo Mart\u00ednez\",\"@id\":\"https:\/\/www.notibras.com\/site\/#\/schema\/person\/5b7fabf2aedc3ada2105f03b22b4d3dd\"},\"headline\":\"TEMOS, SIM, MOLHO E BOROGOD\u00d3!\",\"datePublished\":\"2026-01-21T03:30:01+00:00\",\"mainEntityOfPage\":{\"@id\":\"https:\/\/www.notibras.com\/site\/temos-sim-molho-e-borogodo\/\"},\"wordCount\":288,\"publisher\":{\"@id\":\"https:\/\/www.notibras.com\/site\/#organization\"},\"image\":{\"@id\":\"https:\/\/www.notibras.com\/site\/temos-sim-molho-e-borogodo\/#primaryimage\"},\"thumbnailUrl\":\"https:\/\/www.notibras.com\/site\/wp-content\/uploads\/2026\/01\/wagner-moura-o-agente-secreto-2-857x482.jpg.webp\",\"articleSection\":[\"Caf\u00e9 Liter\u00e1rio\"],\"inLanguage\":\"pt-BR\"},{\"@type\":\"WebPage\",\"@id\":\"https:\/\/www.notibras.com\/site\/temos-sim-molho-e-borogodo\/\",\"url\":\"https:\/\/www.notibras.com\/site\/temos-sim-molho-e-borogodo\/\",\"name\":\"TEMOS, SIM, MOLHO E BOROGOD\u00d3! - Notibras\",\"isPartOf\":{\"@id\":\"https:\/\/www.notibras.com\/site\/#website\"},\"primaryImageOfPage\":{\"@id\":\"https:\/\/www.notibras.com\/site\/temos-sim-molho-e-borogodo\/#primaryimage\"},\"image\":{\"@id\":\"https:\/\/www.notibras.com\/site\/temos-sim-molho-e-borogodo\/#primaryimage\"},\"thumbnailUrl\":\"https:\/\/www.notibras.com\/site\/wp-content\/uploads\/2026\/01\/wagner-moura-o-agente-secreto-2-857x482.jpg.webp\",\"datePublished\":\"2026-01-21T03:30:01+00:00\",\"breadcrumb\":{\"@id\":\"https:\/\/www.notibras.com\/site\/temos-sim-molho-e-borogodo\/#breadcrumb\"},\"inLanguage\":\"pt-BR\",\"potentialAction\":[{\"@type\":\"ReadAction\",\"target\":[\"https:\/\/www.notibras.com\/site\/temos-sim-molho-e-borogodo\/\"]}]},{\"@type\":\"ImageObject\",\"inLanguage\":\"pt-BR\",\"@id\":\"https:\/\/www.notibras.com\/site\/temos-sim-molho-e-borogodo\/#primaryimage\",\"url\":\"https:\/\/www.notibras.com\/site\/wp-content\/uploads\/2026\/01\/wagner-moura-o-agente-secreto-2-857x482.jpg.webp\",\"contentUrl\":\"https:\/\/www.notibras.com\/site\/wp-content\/uploads\/2026\/01\/wagner-moura-o-agente-secreto-2-857x482.jpg.webp\",\"width\":857,\"height\":482},{\"@type\":\"BreadcrumbList\",\"@id\":\"https:\/\/www.notibras.com\/site\/temos-sim-molho-e-borogodo\/#breadcrumb\",\"itemListElement\":[{\"@type\":\"ListItem\",\"position\":1,\"name\":\"In\u00edcio\",\"item\":\"https:\/\/www.notibras.com\/site\/\"},{\"@type\":\"ListItem\",\"position\":2,\"name\":\"TEMOS, SIM, MOLHO E BOROGOD\u00d3!\"}]},{\"@type\":\"WebSite\",\"@id\":\"https:\/\/www.notibras.com\/site\/#website\",\"url\":\"https:\/\/www.notibras.com\/site\/\",\"name\":\"Notibras\",\"description\":\"Not\u00edcias de Bras\u00edlia, do Brasil e do Mundo\",\"publisher\":{\"@id\":\"https:\/\/www.notibras.com\/site\/#organization\"},\"potentialAction\":[{\"@type\":\"SearchAction\",\"target\":{\"@type\":\"EntryPoint\",\"urlTemplate\":\"https:\/\/www.notibras.com\/site\/?s={search_term_string}\"},\"query-input\":{\"@type\":\"PropertyValueSpecification\",\"valueRequired\":true,\"valueName\":\"search_term_string\"}}],\"inLanguage\":\"pt-BR\"},{\"@type\":\"Organization\",\"@id\":\"https:\/\/www.notibras.com\/site\/#organization\",\"name\":\"Grupo Notibras de Comunica\u00e7\u00e3o\",\"url\":\"https:\/\/www.notibras.com\/site\/\",\"logo\":{\"@type\":\"ImageObject\",\"inLanguage\":\"pt-BR\",\"@id\":\"https:\/\/www.notibras.com\/site\/#\/schema\/logo\/image\/\",\"url\":\"https:\/\/www.notibras.com\/site\/wp-content\/uploads\/2023\/01\/notibras23.png\",\"contentUrl\":\"https:\/\/www.notibras.com\/site\/wp-content\/uploads\/2023\/01\/notibras23.png\",\"width\":350,\"height\":87,\"caption\":\"Grupo Notibras de Comunica\u00e7\u00e3o\"},\"image\":{\"@id\":\"https:\/\/www.notibras.com\/site\/#\/schema\/logo\/image\/\"},\"sameAs\":[\"https:\/\/www.facebook.com\/notibras\/\",\"https:\/\/x.com\/Notibras\",\"https:\/\/www.instagram.com\/notibras\/\"]},{\"@type\":\"Person\",\"@id\":\"https:\/\/www.notibras.com\/site\/#\/schema\/person\/5b7fabf2aedc3ada2105f03b22b4d3dd\",\"name\":\"Eduardo Mart\u00ednez\",\"image\":{\"@type\":\"ImageObject\",\"inLanguage\":\"pt-BR\",\"@id\":\"https:\/\/secure.gravatar.com\/avatar\/7902f906289926289cbcda644b5197c796b893c6ffd7b9a536a42d290f7704a0?s=96&d=mm&r=g\",\"url\":\"https:\/\/secure.gravatar.com\/avatar\/7902f906289926289cbcda644b5197c796b893c6ffd7b9a536a42d290f7704a0?s=96&d=mm&r=g\",\"contentUrl\":\"https:\/\/secure.gravatar.com\/avatar\/7902f906289926289cbcda644b5197c796b893c6ffd7b9a536a42d290f7704a0?s=96&d=mm&r=g\",\"caption\":\"Eduardo Mart\u00ednez\"}}]}<\/script>\n<!-- \/ Yoast SEO plugin. -->","yoast_head_json":{"title":"TEMOS, SIM, MOLHO E BOROGOD\u00d3! - Notibras","robots":{"index":"index","follow":"follow","max-snippet":"max-snippet:-1","max-image-preview":"max-image-preview:large","max-video-preview":"max-video-preview:-1"},"canonical":"https:\/\/www.notibras.com\/site\/temos-sim-molho-e-borogodo\/","og_locale":"pt_BR","og_type":"article","og_title":"TEMOS, SIM, MOLHO E BOROGOD\u00d3! - Notibras","og_description":"Aten\u00e7\u00e3o: O Globo de Ouro N\u00c3O \u00e9 um pr\u00eamio criado pela Rede Globo de Televis\u00e3o. \u00c9 uma sele\u00e7\u00e3o criada pela ind\u00fastria cultural cinematogr\u00e1fica dos EUA, Hollywood, para destacar as melhores produ\u00e7\u00f5es audiovisuais de todo o mundo ao longo do ano. Portanto, n\u00e3o \u00e9 &#8220;caf\u00e9 pequeno&#8221; o feito conquistado pelo filme O Agente Secreto, do diretor [&hellip;]","og_url":"https:\/\/www.notibras.com\/site\/temos-sim-molho-e-borogodo\/","og_site_name":"Notibras","article_publisher":"https:\/\/www.facebook.com\/notibras\/","article_published_time":"2026-01-21T03:30:01+00:00","og_image":[{"width":857,"height":482,"url":"https:\/\/www.notibras.com\/site\/wp-content\/uploads\/2026\/01\/wagner-moura-o-agente-secreto-2-857x482.jpg.webp","type":"image\/webp"}],"author":"Eduardo Mart\u00ednez","twitter_card":"summary_large_image","twitter_creator":"@Notibras","twitter_site":"@Notibras","twitter_misc":{"Escrito por":"Eduardo Mart\u00ednez","Est. tempo de leitura":"2 minutos"},"schema":{"@context":"https:\/\/schema.org","@graph":[{"@type":"Article","@id":"https:\/\/www.notibras.com\/site\/temos-sim-molho-e-borogodo\/#article","isPartOf":{"@id":"https:\/\/www.notibras.com\/site\/temos-sim-molho-e-borogodo\/"},"author":{"name":"Eduardo Mart\u00ednez","@id":"https:\/\/www.notibras.com\/site\/#\/schema\/person\/5b7fabf2aedc3ada2105f03b22b4d3dd"},"headline":"TEMOS, SIM, MOLHO E BOROGOD\u00d3!","datePublished":"2026-01-21T03:30:01+00:00","mainEntityOfPage":{"@id":"https:\/\/www.notibras.com\/site\/temos-sim-molho-e-borogodo\/"},"wordCount":288,"publisher":{"@id":"https:\/\/www.notibras.com\/site\/#organization"},"image":{"@id":"https:\/\/www.notibras.com\/site\/temos-sim-molho-e-borogodo\/#primaryimage"},"thumbnailUrl":"https:\/\/www.notibras.com\/site\/wp-content\/uploads\/2026\/01\/wagner-moura-o-agente-secreto-2-857x482.jpg.webp","articleSection":["Caf\u00e9 Liter\u00e1rio"],"inLanguage":"pt-BR"},{"@type":"WebPage","@id":"https:\/\/www.notibras.com\/site\/temos-sim-molho-e-borogodo\/","url":"https:\/\/www.notibras.com\/site\/temos-sim-molho-e-borogodo\/","name":"TEMOS, SIM, MOLHO E BOROGOD\u00d3! - Notibras","isPartOf":{"@id":"https:\/\/www.notibras.com\/site\/#website"},"primaryImageOfPage":{"@id":"https:\/\/www.notibras.com\/site\/temos-sim-molho-e-borogodo\/#primaryimage"},"image":{"@id":"https:\/\/www.notibras.com\/site\/temos-sim-molho-e-borogodo\/#primaryimage"},"thumbnailUrl":"https:\/\/www.notibras.com\/site\/wp-content\/uploads\/2026\/01\/wagner-moura-o-agente-secreto-2-857x482.jpg.webp","datePublished":"2026-01-21T03:30:01+00:00","breadcrumb":{"@id":"https:\/\/www.notibras.com\/site\/temos-sim-molho-e-borogodo\/#breadcrumb"},"inLanguage":"pt-BR","potentialAction":[{"@type":"ReadAction","target":["https:\/\/www.notibras.com\/site\/temos-sim-molho-e-borogodo\/"]}]},{"@type":"ImageObject","inLanguage":"pt-BR","@id":"https:\/\/www.notibras.com\/site\/temos-sim-molho-e-borogodo\/#primaryimage","url":"https:\/\/www.notibras.com\/site\/wp-content\/uploads\/2026\/01\/wagner-moura-o-agente-secreto-2-857x482.jpg.webp","contentUrl":"https:\/\/www.notibras.com\/site\/wp-content\/uploads\/2026\/01\/wagner-moura-o-agente-secreto-2-857x482.jpg.webp","width":857,"height":482},{"@type":"BreadcrumbList","@id":"https:\/\/www.notibras.com\/site\/temos-sim-molho-e-borogodo\/#breadcrumb","itemListElement":[{"@type":"ListItem","position":1,"name":"In\u00edcio","item":"https:\/\/www.notibras.com\/site\/"},{"@type":"ListItem","position":2,"name":"TEMOS, SIM, MOLHO E BOROGOD\u00d3!"}]},{"@type":"WebSite","@id":"https:\/\/www.notibras.com\/site\/#website","url":"https:\/\/www.notibras.com\/site\/","name":"Notibras","description":"Not\u00edcias de Bras\u00edlia, do Brasil e do Mundo","publisher":{"@id":"https:\/\/www.notibras.com\/site\/#organization"},"potentialAction":[{"@type":"SearchAction","target":{"@type":"EntryPoint","urlTemplate":"https:\/\/www.notibras.com\/site\/?s={search_term_string}"},"query-input":{"@type":"PropertyValueSpecification","valueRequired":true,"valueName":"search_term_string"}}],"inLanguage":"pt-BR"},{"@type":"Organization","@id":"https:\/\/www.notibras.com\/site\/#organization","name":"Grupo Notibras de Comunica\u00e7\u00e3o","url":"https:\/\/www.notibras.com\/site\/","logo":{"@type":"ImageObject","inLanguage":"pt-BR","@id":"https:\/\/www.notibras.com\/site\/#\/schema\/logo\/image\/","url":"https:\/\/www.notibras.com\/site\/wp-content\/uploads\/2023\/01\/notibras23.png","contentUrl":"https:\/\/www.notibras.com\/site\/wp-content\/uploads\/2023\/01\/notibras23.png","width":350,"height":87,"caption":"Grupo Notibras de Comunica\u00e7\u00e3o"},"image":{"@id":"https:\/\/www.notibras.com\/site\/#\/schema\/logo\/image\/"},"sameAs":["https:\/\/www.facebook.com\/notibras\/","https:\/\/x.com\/Notibras","https:\/\/www.instagram.com\/notibras\/"]},{"@type":"Person","@id":"https:\/\/www.notibras.com\/site\/#\/schema\/person\/5b7fabf2aedc3ada2105f03b22b4d3dd","name":"Eduardo Mart\u00ednez","image":{"@type":"ImageObject","inLanguage":"pt-BR","@id":"https:\/\/secure.gravatar.com\/avatar\/7902f906289926289cbcda644b5197c796b893c6ffd7b9a536a42d290f7704a0?s=96&d=mm&r=g","url":"https:\/\/secure.gravatar.com\/avatar\/7902f906289926289cbcda644b5197c796b893c6ffd7b9a536a42d290f7704a0?s=96&d=mm&r=g","contentUrl":"https:\/\/secure.gravatar.com\/avatar\/7902f906289926289cbcda644b5197c796b893c6ffd7b9a536a42d290f7704a0?s=96&d=mm&r=g","caption":"Eduardo Mart\u00ednez"}}]}},"amp_enabled":true,"_links":{"self":[{"href":"https:\/\/www.notibras.com\/site\/wp-json\/wp\/v2\/posts\/379548","targetHints":{"allow":["GET"]}}],"collection":[{"href":"https:\/\/www.notibras.com\/site\/wp-json\/wp\/v2\/posts"}],"about":[{"href":"https:\/\/www.notibras.com\/site\/wp-json\/wp\/v2\/types\/post"}],"author":[{"embeddable":true,"href":"https:\/\/www.notibras.com\/site\/wp-json\/wp\/v2\/users\/21"}],"replies":[{"embeddable":true,"href":"https:\/\/www.notibras.com\/site\/wp-json\/wp\/v2\/comments?post=379548"}],"version-history":[{"count":2,"href":"https:\/\/www.notibras.com\/site\/wp-json\/wp\/v2\/posts\/379548\/revisions"}],"predecessor-version":[{"id":379551,"href":"https:\/\/www.notibras.com\/site\/wp-json\/wp\/v2\/posts\/379548\/revisions\/379551"}],"wp:featuredmedia":[{"embeddable":true,"href":"https:\/\/www.notibras.com\/site\/wp-json\/wp\/v2\/media\/379552"}],"wp:attachment":[{"href":"https:\/\/www.notibras.com\/site\/wp-json\/wp\/v2\/media?parent=379548"}],"wp:term":[{"taxonomy":"category","embeddable":true,"href":"https:\/\/www.notibras.com\/site\/wp-json\/wp\/v2\/categories?post=379548"},{"taxonomy":"post_tag","embeddable":true,"href":"https:\/\/www.notibras.com\/site\/wp-json\/wp\/v2\/tags?post=379548"}],"curies":[{"name":"wp","href":"https:\/\/api.w.org\/{rel}","templated":true}]}}