{"id":379553,"date":"2026-01-22T01:15:12","date_gmt":"2026-01-22T04:15:12","guid":{"rendered":"https:\/\/www.notibras.com\/site\/?p=379553"},"modified":"2026-01-18T14:32:13","modified_gmt":"2026-01-18T17:32:13","slug":"o-poeta-de-assombros","status":"publish","type":"post","link":"https:\/\/www.notibras.com\/site\/o-poeta-de-assombros\/","title":{"rendered":"O POETA DE ASSOMBROS"},"content":{"rendered":"<p>&#8220;\u00ca, bumba-y\u00ea-y\u00ea-boi \/ Ano que vem, m\u00eas que foi \/ \u00c9 a mesma dan\u00e7a, meu boi&#8221;<br \/>\n*(GELEIA GERAL, m\u00fasica de Torquato Neto e Gilberto Gil, 1968)<\/p>\n<p>Descrito como doce, por\u00e9m com temperamento forte; sens\u00edvel, mas desapontado com os rumos do Brasil na ditadura e do movimento tropicalista depois de sua efervesc\u00eancia, Torquato Neto demonstrava esse humor oscilante de po\u00e9tica e assombros em seus escritos.<\/p>\n<p>Ao mesmo tempo em que falava a partir de um quadro que hoje pode ser descrito como depressivo, via cores e alegrias, queria continuar vivo.<\/p>\n<p>Apesar de ter se suicidado aos 28 anos, sua presen\u00e7a \u00e9 t\u00e3o marcante e lembrada pelos amigos que, mesmo hoje, \u00e9 dif\u00edcil que algu\u00e9m n\u00e3o conhe\u00e7a alguma de suas m\u00fasicas.<\/p>\n<p>&lt; Os versos de POEMA DO AVISO FINAL, escrito em 1970, em plena ditadura brasileira \u00e9 brilhante e premonit\u00f3rio.<\/p>\n<p>&#8220;Torquato foi um dos primeiros g\u00eanios que atentou para a minha m\u00fasica, a minha est\u00e9tica como compositor e pessoa; um poeta infinito de ilumina\u00e7\u00f5es, inven\u00e7\u00f5es e gentileza bruta, guerreira&#8221;<br \/>\n*(Gilberto Gil, m\u00fasico e poeta baiano)<\/p>\n<p>GELEIA GERAL \u00e9 uma can\u00e7\u00e3o de Gilberto Gil com letra genial de Torquato Neto. Gravada no antol\u00f3gico \u00e1lbum de 1968, &#8220;Tropic\u00e1lia ou Panis Et Circensis&#8221;, \u00e9 considerada uma can\u00e7\u00e3o-manifesto do Movimento Tropicalista.<\/p>\n<p>Lembrar, em 2026, da import\u00e2ncia do poeta Torquato Neto \u00e9 fundamental. A Geleia Geral dos dias de agora \u00e9 -infelizmente! \u2013 mais atual ainda do que naquele incendi\u00e1rio e transformador 1968.<\/p>\n<p>Tire um tempinho e leia a sugest\u00e3o de reportagem no link que ofere\u00e7o a\u00ed abaixo. E ou\u00e7a muitas vezes a grava\u00e7\u00e3o de Gilberto Gil.<\/p>\n<p><strong>&#8230;&#8230;&#8230;&#8230;&#8230;&#8230;&#8230;&#8230;&#8230;&#8230;&#8230;&#8230;&#8230;<\/strong><\/p>\n<p><strong>*&#8221;Hist\u00f3ria da m\u00fasica &#8220;Geleia Geral&#8221;, de Torquato Neto &#8211; Novabrasil&#8221; <a href=\"https:\/\/novabrasilfm.com.br\/musica\/historia-da-musica-geleia-geral-de-torquato-neto\">https:\/\/novabrasilfm.com.br\/musica\/historia-da-musica-geleia-geral-de-torquato-neto<\/a><\/strong><\/p>\n<p><strong>Gilberto Motta \u00e9 escritor, jornalista, professor\/pesquisador, apaixonado pela obra de Torquato Neto no centro c\u00f3smico da geleia geral brasileira\/mundo multimodal. Vive na Guarda do Emba\u00fa, pequena vila de pescadores no litoral de SC.<\/strong><\/p>\n","protected":false},"excerpt":{"rendered":"<p>&#8220;\u00ca, bumba-y\u00ea-y\u00ea-boi \/ Ano que vem, m\u00eas que foi \/ \u00c9 a mesma dan\u00e7a, meu boi&#8221; *(GELEIA GERAL, m\u00fasica de Torquato Neto e Gilberto Gil, 1968) Descrito como doce, por\u00e9m com temperamento forte; sens\u00edvel, mas desapontado com os rumos do Brasil na ditadura e do movimento tropicalista depois de sua efervesc\u00eancia, Torquato Neto demonstrava esse [&hellip;]<\/p>\n","protected":false},"author":21,"featured_media":379554,"comment_status":"closed","ping_status":"closed","sticky":false,"template":"","format":"standard","meta":{"_acf_changed":false,"footnotes":""},"categories":[234],"tags":[],"class_list":["post-379553","post","type-post","status-publish","format-standard","has-post-thumbnail","hentry","category-cafe-literario"],"acf":[],"yoast_head":"<!-- This site is optimized with the Yoast SEO plugin v27.2 - https:\/\/yoast.com\/product\/yoast-seo-wordpress\/ -->\n<title>O POETA DE ASSOMBROS - Notibras<\/title>\n<meta name=\"robots\" content=\"index, follow, max-snippet:-1, max-image-preview:large, max-video-preview:-1\" \/>\n<link rel=\"canonical\" href=\"https:\/\/www.notibras.com\/site\/o-poeta-de-assombros\/\" \/>\n<meta property=\"og:locale\" content=\"pt_BR\" \/>\n<meta property=\"og:type\" content=\"article\" \/>\n<meta property=\"og:title\" content=\"O POETA DE ASSOMBROS - Notibras\" \/>\n<meta property=\"og:description\" content=\"&#8220;\u00ca, bumba-y\u00ea-y\u00ea-boi \/ Ano que vem, m\u00eas que foi \/ \u00c9 a mesma dan\u00e7a, meu boi&#8221; *(GELEIA GERAL, m\u00fasica de Torquato Neto e Gilberto Gil, 1968) Descrito como doce, por\u00e9m com temperamento forte; sens\u00edvel, mas desapontado com os rumos do Brasil na ditadura e do movimento tropicalista depois de sua efervesc\u00eancia, Torquato Neto demonstrava esse [&hellip;]\" \/>\n<meta property=\"og:url\" content=\"https:\/\/www.notibras.com\/site\/o-poeta-de-assombros\/\" \/>\n<meta property=\"og:site_name\" content=\"Notibras\" \/>\n<meta property=\"article:publisher\" content=\"https:\/\/www.facebook.com\/notibras\/\" \/>\n<meta property=\"article:published_time\" content=\"2026-01-22T04:15:12+00:00\" \/>\n<meta property=\"og:image\" content=\"https:\/\/www.notibras.com\/site\/wp-content\/uploads\/2026\/01\/image-21.png\" \/>\n\t<meta property=\"og:image:width\" content=\"600\" \/>\n\t<meta property=\"og:image:height\" content=\"676\" \/>\n\t<meta property=\"og:image:type\" content=\"image\/png\" \/>\n<meta name=\"author\" content=\"Eduardo Mart\u00ednez\" \/>\n<meta name=\"twitter:card\" content=\"summary_large_image\" \/>\n<meta name=\"twitter:creator\" content=\"@Notibras\" \/>\n<meta name=\"twitter:site\" content=\"@Notibras\" \/>\n<meta name=\"twitter:label1\" content=\"Escrito por\" \/>\n\t<meta name=\"twitter:data1\" content=\"Eduardo Mart\u00ednez\" \/>\n\t<meta name=\"twitter:label2\" content=\"Est. tempo de leitura\" \/>\n\t<meta name=\"twitter:data2\" content=\"2 minutos\" \/>\n<script type=\"application\/ld+json\" class=\"yoast-schema-graph\">{\"@context\":\"https:\/\/schema.org\",\"@graph\":[{\"@type\":\"Article\",\"@id\":\"https:\/\/www.notibras.com\/site\/o-poeta-de-assombros\/#article\",\"isPartOf\":{\"@id\":\"https:\/\/www.notibras.com\/site\/o-poeta-de-assombros\/\"},\"author\":{\"name\":\"Eduardo Mart\u00ednez\",\"@id\":\"https:\/\/www.notibras.com\/site\/#\/schema\/person\/5b7fabf2aedc3ada2105f03b22b4d3dd\"},\"headline\":\"O POETA DE ASSOMBROS\",\"datePublished\":\"2026-01-22T04:15:12+00:00\",\"mainEntityOfPage\":{\"@id\":\"https:\/\/www.notibras.com\/site\/o-poeta-de-assombros\/\"},\"wordCount\":332,\"publisher\":{\"@id\":\"https:\/\/www.notibras.com\/site\/#organization\"},\"image\":{\"@id\":\"https:\/\/www.notibras.com\/site\/o-poeta-de-assombros\/#primaryimage\"},\"thumbnailUrl\":\"https:\/\/www.notibras.com\/site\/wp-content\/uploads\/2026\/01\/image-21.png\",\"articleSection\":[\"Caf\u00e9 Liter\u00e1rio\"],\"inLanguage\":\"pt-BR\"},{\"@type\":\"WebPage\",\"@id\":\"https:\/\/www.notibras.com\/site\/o-poeta-de-assombros\/\",\"url\":\"https:\/\/www.notibras.com\/site\/o-poeta-de-assombros\/\",\"name\":\"O POETA DE ASSOMBROS - Notibras\",\"isPartOf\":{\"@id\":\"https:\/\/www.notibras.com\/site\/#website\"},\"primaryImageOfPage\":{\"@id\":\"https:\/\/www.notibras.com\/site\/o-poeta-de-assombros\/#primaryimage\"},\"image\":{\"@id\":\"https:\/\/www.notibras.com\/site\/o-poeta-de-assombros\/#primaryimage\"},\"thumbnailUrl\":\"https:\/\/www.notibras.com\/site\/wp-content\/uploads\/2026\/01\/image-21.png\",\"datePublished\":\"2026-01-22T04:15:12+00:00\",\"breadcrumb\":{\"@id\":\"https:\/\/www.notibras.com\/site\/o-poeta-de-assombros\/#breadcrumb\"},\"inLanguage\":\"pt-BR\",\"potentialAction\":[{\"@type\":\"ReadAction\",\"target\":[\"https:\/\/www.notibras.com\/site\/o-poeta-de-assombros\/\"]}]},{\"@type\":\"ImageObject\",\"inLanguage\":\"pt-BR\",\"@id\":\"https:\/\/www.notibras.com\/site\/o-poeta-de-assombros\/#primaryimage\",\"url\":\"https:\/\/www.notibras.com\/site\/wp-content\/uploads\/2026\/01\/image-21.png\",\"contentUrl\":\"https:\/\/www.notibras.com\/site\/wp-content\/uploads\/2026\/01\/image-21.png\",\"width\":600,\"height\":676},{\"@type\":\"BreadcrumbList\",\"@id\":\"https:\/\/www.notibras.com\/site\/o-poeta-de-assombros\/#breadcrumb\",\"itemListElement\":[{\"@type\":\"ListItem\",\"position\":1,\"name\":\"In\u00edcio\",\"item\":\"https:\/\/www.notibras.com\/site\/\"},{\"@type\":\"ListItem\",\"position\":2,\"name\":\"O POETA DE ASSOMBROS\"}]},{\"@type\":\"WebSite\",\"@id\":\"https:\/\/www.notibras.com\/site\/#website\",\"url\":\"https:\/\/www.notibras.com\/site\/\",\"name\":\"Notibras\",\"description\":\"Not\u00edcias de Bras\u00edlia, do Brasil e do Mundo\",\"publisher\":{\"@id\":\"https:\/\/www.notibras.com\/site\/#organization\"},\"potentialAction\":[{\"@type\":\"SearchAction\",\"target\":{\"@type\":\"EntryPoint\",\"urlTemplate\":\"https:\/\/www.notibras.com\/site\/?s={search_term_string}\"},\"query-input\":{\"@type\":\"PropertyValueSpecification\",\"valueRequired\":true,\"valueName\":\"search_term_string\"}}],\"inLanguage\":\"pt-BR\"},{\"@type\":\"Organization\",\"@id\":\"https:\/\/www.notibras.com\/site\/#organization\",\"name\":\"Grupo Notibras de Comunica\u00e7\u00e3o\",\"url\":\"https:\/\/www.notibras.com\/site\/\",\"logo\":{\"@type\":\"ImageObject\",\"inLanguage\":\"pt-BR\",\"@id\":\"https:\/\/www.notibras.com\/site\/#\/schema\/logo\/image\/\",\"url\":\"https:\/\/www.notibras.com\/site\/wp-content\/uploads\/2023\/01\/notibras23.png\",\"contentUrl\":\"https:\/\/www.notibras.com\/site\/wp-content\/uploads\/2023\/01\/notibras23.png\",\"width\":350,\"height\":87,\"caption\":\"Grupo Notibras de Comunica\u00e7\u00e3o\"},\"image\":{\"@id\":\"https:\/\/www.notibras.com\/site\/#\/schema\/logo\/image\/\"},\"sameAs\":[\"https:\/\/www.facebook.com\/notibras\/\",\"https:\/\/x.com\/Notibras\",\"https:\/\/www.instagram.com\/notibras\/\"]},{\"@type\":\"Person\",\"@id\":\"https:\/\/www.notibras.com\/site\/#\/schema\/person\/5b7fabf2aedc3ada2105f03b22b4d3dd\",\"name\":\"Eduardo Mart\u00ednez\",\"image\":{\"@type\":\"ImageObject\",\"inLanguage\":\"pt-BR\",\"@id\":\"https:\/\/secure.gravatar.com\/avatar\/7902f906289926289cbcda644b5197c796b893c6ffd7b9a536a42d290f7704a0?s=96&d=mm&r=g\",\"url\":\"https:\/\/secure.gravatar.com\/avatar\/7902f906289926289cbcda644b5197c796b893c6ffd7b9a536a42d290f7704a0?s=96&d=mm&r=g\",\"contentUrl\":\"https:\/\/secure.gravatar.com\/avatar\/7902f906289926289cbcda644b5197c796b893c6ffd7b9a536a42d290f7704a0?s=96&d=mm&r=g\",\"caption\":\"Eduardo Mart\u00ednez\"}}]}<\/script>\n<!-- \/ Yoast SEO plugin. -->","yoast_head_json":{"title":"O POETA DE ASSOMBROS - Notibras","robots":{"index":"index","follow":"follow","max-snippet":"max-snippet:-1","max-image-preview":"max-image-preview:large","max-video-preview":"max-video-preview:-1"},"canonical":"https:\/\/www.notibras.com\/site\/o-poeta-de-assombros\/","og_locale":"pt_BR","og_type":"article","og_title":"O POETA DE ASSOMBROS - Notibras","og_description":"&#8220;\u00ca, bumba-y\u00ea-y\u00ea-boi \/ Ano que vem, m\u00eas que foi \/ \u00c9 a mesma dan\u00e7a, meu boi&#8221; *(GELEIA GERAL, m\u00fasica de Torquato Neto e Gilberto Gil, 1968) Descrito como doce, por\u00e9m com temperamento forte; sens\u00edvel, mas desapontado com os rumos do Brasil na ditadura e do movimento tropicalista depois de sua efervesc\u00eancia, Torquato Neto demonstrava esse [&hellip;]","og_url":"https:\/\/www.notibras.com\/site\/o-poeta-de-assombros\/","og_site_name":"Notibras","article_publisher":"https:\/\/www.facebook.com\/notibras\/","article_published_time":"2026-01-22T04:15:12+00:00","og_image":[{"width":600,"height":676,"url":"https:\/\/www.notibras.com\/site\/wp-content\/uploads\/2026\/01\/image-21.png","type":"image\/png"}],"author":"Eduardo Mart\u00ednez","twitter_card":"summary_large_image","twitter_creator":"@Notibras","twitter_site":"@Notibras","twitter_misc":{"Escrito por":"Eduardo Mart\u00ednez","Est. tempo de leitura":"2 minutos"},"schema":{"@context":"https:\/\/schema.org","@graph":[{"@type":"Article","@id":"https:\/\/www.notibras.com\/site\/o-poeta-de-assombros\/#article","isPartOf":{"@id":"https:\/\/www.notibras.com\/site\/o-poeta-de-assombros\/"},"author":{"name":"Eduardo Mart\u00ednez","@id":"https:\/\/www.notibras.com\/site\/#\/schema\/person\/5b7fabf2aedc3ada2105f03b22b4d3dd"},"headline":"O POETA DE ASSOMBROS","datePublished":"2026-01-22T04:15:12+00:00","mainEntityOfPage":{"@id":"https:\/\/www.notibras.com\/site\/o-poeta-de-assombros\/"},"wordCount":332,"publisher":{"@id":"https:\/\/www.notibras.com\/site\/#organization"},"image":{"@id":"https:\/\/www.notibras.com\/site\/o-poeta-de-assombros\/#primaryimage"},"thumbnailUrl":"https:\/\/www.notibras.com\/site\/wp-content\/uploads\/2026\/01\/image-21.png","articleSection":["Caf\u00e9 Liter\u00e1rio"],"inLanguage":"pt-BR"},{"@type":"WebPage","@id":"https:\/\/www.notibras.com\/site\/o-poeta-de-assombros\/","url":"https:\/\/www.notibras.com\/site\/o-poeta-de-assombros\/","name":"O POETA DE ASSOMBROS - Notibras","isPartOf":{"@id":"https:\/\/www.notibras.com\/site\/#website"},"primaryImageOfPage":{"@id":"https:\/\/www.notibras.com\/site\/o-poeta-de-assombros\/#primaryimage"},"image":{"@id":"https:\/\/www.notibras.com\/site\/o-poeta-de-assombros\/#primaryimage"},"thumbnailUrl":"https:\/\/www.notibras.com\/site\/wp-content\/uploads\/2026\/01\/image-21.png","datePublished":"2026-01-22T04:15:12+00:00","breadcrumb":{"@id":"https:\/\/www.notibras.com\/site\/o-poeta-de-assombros\/#breadcrumb"},"inLanguage":"pt-BR","potentialAction":[{"@type":"ReadAction","target":["https:\/\/www.notibras.com\/site\/o-poeta-de-assombros\/"]}]},{"@type":"ImageObject","inLanguage":"pt-BR","@id":"https:\/\/www.notibras.com\/site\/o-poeta-de-assombros\/#primaryimage","url":"https:\/\/www.notibras.com\/site\/wp-content\/uploads\/2026\/01\/image-21.png","contentUrl":"https:\/\/www.notibras.com\/site\/wp-content\/uploads\/2026\/01\/image-21.png","width":600,"height":676},{"@type":"BreadcrumbList","@id":"https:\/\/www.notibras.com\/site\/o-poeta-de-assombros\/#breadcrumb","itemListElement":[{"@type":"ListItem","position":1,"name":"In\u00edcio","item":"https:\/\/www.notibras.com\/site\/"},{"@type":"ListItem","position":2,"name":"O POETA DE ASSOMBROS"}]},{"@type":"WebSite","@id":"https:\/\/www.notibras.com\/site\/#website","url":"https:\/\/www.notibras.com\/site\/","name":"Notibras","description":"Not\u00edcias de Bras\u00edlia, do Brasil e do Mundo","publisher":{"@id":"https:\/\/www.notibras.com\/site\/#organization"},"potentialAction":[{"@type":"SearchAction","target":{"@type":"EntryPoint","urlTemplate":"https:\/\/www.notibras.com\/site\/?s={search_term_string}"},"query-input":{"@type":"PropertyValueSpecification","valueRequired":true,"valueName":"search_term_string"}}],"inLanguage":"pt-BR"},{"@type":"Organization","@id":"https:\/\/www.notibras.com\/site\/#organization","name":"Grupo Notibras de Comunica\u00e7\u00e3o","url":"https:\/\/www.notibras.com\/site\/","logo":{"@type":"ImageObject","inLanguage":"pt-BR","@id":"https:\/\/www.notibras.com\/site\/#\/schema\/logo\/image\/","url":"https:\/\/www.notibras.com\/site\/wp-content\/uploads\/2023\/01\/notibras23.png","contentUrl":"https:\/\/www.notibras.com\/site\/wp-content\/uploads\/2023\/01\/notibras23.png","width":350,"height":87,"caption":"Grupo Notibras de Comunica\u00e7\u00e3o"},"image":{"@id":"https:\/\/www.notibras.com\/site\/#\/schema\/logo\/image\/"},"sameAs":["https:\/\/www.facebook.com\/notibras\/","https:\/\/x.com\/Notibras","https:\/\/www.instagram.com\/notibras\/"]},{"@type":"Person","@id":"https:\/\/www.notibras.com\/site\/#\/schema\/person\/5b7fabf2aedc3ada2105f03b22b4d3dd","name":"Eduardo Mart\u00ednez","image":{"@type":"ImageObject","inLanguage":"pt-BR","@id":"https:\/\/secure.gravatar.com\/avatar\/7902f906289926289cbcda644b5197c796b893c6ffd7b9a536a42d290f7704a0?s=96&d=mm&r=g","url":"https:\/\/secure.gravatar.com\/avatar\/7902f906289926289cbcda644b5197c796b893c6ffd7b9a536a42d290f7704a0?s=96&d=mm&r=g","contentUrl":"https:\/\/secure.gravatar.com\/avatar\/7902f906289926289cbcda644b5197c796b893c6ffd7b9a536a42d290f7704a0?s=96&d=mm&r=g","caption":"Eduardo Mart\u00ednez"}}]}},"amp_enabled":true,"_links":{"self":[{"href":"https:\/\/www.notibras.com\/site\/wp-json\/wp\/v2\/posts\/379553","targetHints":{"allow":["GET"]}}],"collection":[{"href":"https:\/\/www.notibras.com\/site\/wp-json\/wp\/v2\/posts"}],"about":[{"href":"https:\/\/www.notibras.com\/site\/wp-json\/wp\/v2\/types\/post"}],"author":[{"embeddable":true,"href":"https:\/\/www.notibras.com\/site\/wp-json\/wp\/v2\/users\/21"}],"replies":[{"embeddable":true,"href":"https:\/\/www.notibras.com\/site\/wp-json\/wp\/v2\/comments?post=379553"}],"version-history":[{"count":2,"href":"https:\/\/www.notibras.com\/site\/wp-json\/wp\/v2\/posts\/379553\/revisions"}],"predecessor-version":[{"id":379556,"href":"https:\/\/www.notibras.com\/site\/wp-json\/wp\/v2\/posts\/379553\/revisions\/379556"}],"wp:featuredmedia":[{"embeddable":true,"href":"https:\/\/www.notibras.com\/site\/wp-json\/wp\/v2\/media\/379554"}],"wp:attachment":[{"href":"https:\/\/www.notibras.com\/site\/wp-json\/wp\/v2\/media?parent=379553"}],"wp:term":[{"taxonomy":"category","embeddable":true,"href":"https:\/\/www.notibras.com\/site\/wp-json\/wp\/v2\/categories?post=379553"},{"taxonomy":"post_tag","embeddable":true,"href":"https:\/\/www.notibras.com\/site\/wp-json\/wp\/v2\/tags?post=379553"}],"curies":[{"name":"wp","href":"https:\/\/api.w.org\/{rel}","templated":true}]}}