{"id":379557,"date":"2026-01-23T00:30:31","date_gmt":"2026-01-23T03:30:31","guid":{"rendered":"https:\/\/www.notibras.com\/site\/?p=379557"},"modified":"2026-01-18T14:43:54","modified_gmt":"2026-01-18T17:43:54","slug":"os-meninos-e-o-futuro","status":"publish","type":"post","link":"https:\/\/www.notibras.com\/site\/os-meninos-e-o-futuro\/","title":{"rendered":"OS MENINOS E O FUTURO"},"content":{"rendered":"<p><strong>PRIMEIROS PASSOS<\/strong><br \/>\nO menino come\u00e7ara a andar.<br \/>\nTrope\u00e7ava em partes da casa e tentava imitar o irm\u00e3o.<br \/>\nDurante quase todos os anos da adolesc\u00eancia foram assim.<br \/>\nImitava tudo o que podia.<br \/>\nE a vida foi se metamorfoseando em momentos de aprendizado.<\/p>\n<p><strong>SEGUNDOS PASSOS<\/strong><br \/>\nO menino seguiu na trilha do irm\u00e3o inventando a pr\u00f3pria hist\u00f3ria pessoal.<br \/>\nProcurando replicar as a\u00e7\u00f5es incr\u00edveis que via e sonhava um dia ser.<br \/>\nE entraram pela vida do circo \u2013 onde nasceram e cresceram -, do r\u00e1dio, do futebol, do Instituto de Educa\u00e7\u00e3o e tudo mais.<br \/>\nE o menino jamais perdeu a refer\u00eancia do irm\u00e3o.<\/p>\n<p><strong>TERCEIROS PASSOS<\/strong><br \/>\nO tempo passou e eles cresceram.<br \/>\nO irm\u00e3o\/refer\u00eancia ficou na pequena cidade em que moravam e o menino\/Giba se foi para Mar\u00edlia e depois para S\u00e3o Paulo.<br \/>\nA vida foi se incumbindo de tra\u00e7ar nos dois as marcas da estrada.<br \/>\nO irm\u00e3o criou a sua pr\u00f3pria vida l\u00e1 na cidade pequena e o outro se mandou para a cidade grande.<br \/>\nA vida faz tramas e reencontros incr\u00edveis.<\/p>\n<p><strong>QUARTOS PASSOS<\/strong><br \/>\nD\u00e9cada ap\u00f3s, o irm\u00e3o j\u00e1 estava estabelecido numa outra cidade no Sul do Brasil, Lages, SC.<br \/>\nLevou para l\u00e1 o mano rec\u00e9m-formado em jornalismo.<br \/>\nE ent\u00e3o, a vida se abriu de forma linda e prazerosa.<br \/>\nAnos de experi\u00eancias profissionais conjuntas e tanta coisa boa de viver.<br \/>\nDepois trouxeram os pais.<br \/>\nE eles foram morrendo como tudo morre.<br \/>\nE um dia foram para a Capital, Florian\u00f3polis.<\/p>\n<p><strong>QUINTOS PASSOS<\/strong><br \/>\nTantas estradas trilhadas e sempre juntos.<br \/>\nCriaram projetos e viveram novas experi\u00eancias lindas.<br \/>\nE o tempo foi mostrando que a vida n\u00e3o seria sempre assim.<br \/>\nCompassos e descompassos e desentendimentos banais&#8230;<br \/>\nAcabaram se perdendo um pouquinho pelas estradas.<\/p>\n<p><strong>SEXTOS PASSOS<\/strong><br \/>\nCom o tempo, a vida foi trazendo eles de volta um para o outro.<br \/>\nO irm\u00e3o j\u00e1 &#8220;maduro&#8221; e o mano mais novo j\u00e1 &#8220;sessent\u00e3o&#8221;.<br \/>\nPerceberam que a vida \u00e9 muito curta para ser pequena.<br \/>\nFinalmente se juntaram num projeto conjunto de comunica\u00e7\u00e3o (coisa deles e dos pais e da alma)<\/p>\n<p><strong>S\u00c9TIMOS PASSOS<\/strong><br \/>\nHoje, o mano &#8220;menor&#8221; escreve as hist\u00f3rias para o mano &#8220;maior&#8221; interpretar na rede democr\u00e1tica de r\u00e1dios de SC.<br \/>\nE como diria a m\u00e3e deles dois:<br \/>\n&#8220;Aten\u00e7\u00e3o, meninos: se dividir a gente multiplica. O amor e a Gratid\u00e3o s\u00e3o os sentimentos fundamentais&#8230; \u00c9 o que vale e s\u00f3 o que fica&#8221;.<br \/>\nE seguem, hoje, em Paz.<br \/>\nE La nave v\u00e1!<\/p>\n<p><strong>&#8230;&#8230;&#8230;&#8230;&#8230;&#8230;&#8230;&#8230;&#8230;&#8230;&#8230;&#8230;&#8230;&#8230;&#8230;&#8230;.<\/strong><\/p>\n<p><strong>Gilberto Motta \u00e9 escritor, jornalista, professor\/pesquisador e parceiro\/f\u00e3 do Marinho (M\u00e1rio Motta), mestre de fazeres e de vida. Mora e escreve desde a Guarda do Emba\u00fa, litoral de SC.<\/strong><\/p>\n","protected":false},"excerpt":{"rendered":"<p>PRIMEIROS PASSOS O menino come\u00e7ara a andar. Trope\u00e7ava em partes da casa e tentava imitar o irm\u00e3o. Durante quase todos os anos da adolesc\u00eancia foram assim. Imitava tudo o que podia. E a vida foi se metamorfoseando em momentos de aprendizado. SEGUNDOS PASSOS O menino seguiu na trilha do irm\u00e3o inventando a pr\u00f3pria hist\u00f3ria pessoal. [&hellip;]<\/p>\n","protected":false},"author":21,"featured_media":379558,"comment_status":"closed","ping_status":"closed","sticky":false,"template":"","format":"standard","meta":{"_acf_changed":false,"footnotes":""},"categories":[234],"tags":[],"class_list":["post-379557","post","type-post","status-publish","format-standard","has-post-thumbnail","hentry","category-cafe-literario"],"acf":[],"yoast_head":"<!-- This site is optimized with the Yoast SEO plugin v27.2 - https:\/\/yoast.com\/product\/yoast-seo-wordpress\/ -->\n<title>OS MENINOS E O FUTURO - Notibras<\/title>\n<meta name=\"robots\" content=\"index, follow, max-snippet:-1, max-image-preview:large, max-video-preview:-1\" \/>\n<link rel=\"canonical\" href=\"https:\/\/www.notibras.com\/site\/os-meninos-e-o-futuro\/\" \/>\n<meta property=\"og:locale\" content=\"pt_BR\" \/>\n<meta property=\"og:type\" content=\"article\" \/>\n<meta property=\"og:title\" content=\"OS MENINOS E O FUTURO - Notibras\" \/>\n<meta property=\"og:description\" content=\"PRIMEIROS PASSOS O menino come\u00e7ara a andar. Trope\u00e7ava em partes da casa e tentava imitar o irm\u00e3o. Durante quase todos os anos da adolesc\u00eancia foram assim. Imitava tudo o que podia. E a vida foi se metamorfoseando em momentos de aprendizado. SEGUNDOS PASSOS O menino seguiu na trilha do irm\u00e3o inventando a pr\u00f3pria hist\u00f3ria pessoal. [&hellip;]\" \/>\n<meta property=\"og:url\" content=\"https:\/\/www.notibras.com\/site\/os-meninos-e-o-futuro\/\" \/>\n<meta property=\"og:site_name\" content=\"Notibras\" \/>\n<meta property=\"article:publisher\" content=\"https:\/\/www.facebook.com\/notibras\/\" \/>\n<meta property=\"article:published_time\" content=\"2026-01-23T03:30:31+00:00\" \/>\n<meta property=\"og:image\" content=\"https:\/\/www.notibras.com\/site\/wp-content\/uploads\/2026\/01\/image-22.png\" \/>\n\t<meta property=\"og:image:width\" content=\"720\" \/>\n\t<meta property=\"og:image:height\" content=\"900\" \/>\n\t<meta property=\"og:image:type\" content=\"image\/png\" \/>\n<meta name=\"author\" content=\"Eduardo Mart\u00ednez\" \/>\n<meta name=\"twitter:card\" content=\"summary_large_image\" \/>\n<meta name=\"twitter:creator\" content=\"@Notibras\" \/>\n<meta name=\"twitter:site\" content=\"@Notibras\" \/>\n<meta name=\"twitter:label1\" content=\"Escrito por\" \/>\n\t<meta name=\"twitter:data1\" content=\"Eduardo Mart\u00ednez\" \/>\n\t<meta name=\"twitter:label2\" content=\"Est. tempo de leitura\" \/>\n\t<meta name=\"twitter:data2\" content=\"3 minutos\" \/>\n<script type=\"application\/ld+json\" class=\"yoast-schema-graph\">{\"@context\":\"https:\/\/schema.org\",\"@graph\":[{\"@type\":\"Article\",\"@id\":\"https:\/\/www.notibras.com\/site\/os-meninos-e-o-futuro\/#article\",\"isPartOf\":{\"@id\":\"https:\/\/www.notibras.com\/site\/os-meninos-e-o-futuro\/\"},\"author\":{\"name\":\"Eduardo Mart\u00ednez\",\"@id\":\"https:\/\/www.notibras.com\/site\/#\/schema\/person\/5b7fabf2aedc3ada2105f03b22b4d3dd\"},\"headline\":\"OS MENINOS E O FUTURO\",\"datePublished\":\"2026-01-23T03:30:31+00:00\",\"mainEntityOfPage\":{\"@id\":\"https:\/\/www.notibras.com\/site\/os-meninos-e-o-futuro\/\"},\"wordCount\":466,\"publisher\":{\"@id\":\"https:\/\/www.notibras.com\/site\/#organization\"},\"image\":{\"@id\":\"https:\/\/www.notibras.com\/site\/os-meninos-e-o-futuro\/#primaryimage\"},\"thumbnailUrl\":\"https:\/\/www.notibras.com\/site\/wp-content\/uploads\/2026\/01\/image-22.png\",\"articleSection\":[\"Caf\u00e9 Liter\u00e1rio\"],\"inLanguage\":\"pt-BR\"},{\"@type\":\"WebPage\",\"@id\":\"https:\/\/www.notibras.com\/site\/os-meninos-e-o-futuro\/\",\"url\":\"https:\/\/www.notibras.com\/site\/os-meninos-e-o-futuro\/\",\"name\":\"OS MENINOS E O FUTURO - Notibras\",\"isPartOf\":{\"@id\":\"https:\/\/www.notibras.com\/site\/#website\"},\"primaryImageOfPage\":{\"@id\":\"https:\/\/www.notibras.com\/site\/os-meninos-e-o-futuro\/#primaryimage\"},\"image\":{\"@id\":\"https:\/\/www.notibras.com\/site\/os-meninos-e-o-futuro\/#primaryimage\"},\"thumbnailUrl\":\"https:\/\/www.notibras.com\/site\/wp-content\/uploads\/2026\/01\/image-22.png\",\"datePublished\":\"2026-01-23T03:30:31+00:00\",\"breadcrumb\":{\"@id\":\"https:\/\/www.notibras.com\/site\/os-meninos-e-o-futuro\/#breadcrumb\"},\"inLanguage\":\"pt-BR\",\"potentialAction\":[{\"@type\":\"ReadAction\",\"target\":[\"https:\/\/www.notibras.com\/site\/os-meninos-e-o-futuro\/\"]}]},{\"@type\":\"ImageObject\",\"inLanguage\":\"pt-BR\",\"@id\":\"https:\/\/www.notibras.com\/site\/os-meninos-e-o-futuro\/#primaryimage\",\"url\":\"https:\/\/www.notibras.com\/site\/wp-content\/uploads\/2026\/01\/image-22.png\",\"contentUrl\":\"https:\/\/www.notibras.com\/site\/wp-content\/uploads\/2026\/01\/image-22.png\",\"width\":720,\"height\":900},{\"@type\":\"BreadcrumbList\",\"@id\":\"https:\/\/www.notibras.com\/site\/os-meninos-e-o-futuro\/#breadcrumb\",\"itemListElement\":[{\"@type\":\"ListItem\",\"position\":1,\"name\":\"In\u00edcio\",\"item\":\"https:\/\/www.notibras.com\/site\/\"},{\"@type\":\"ListItem\",\"position\":2,\"name\":\"OS MENINOS E O FUTURO\"}]},{\"@type\":\"WebSite\",\"@id\":\"https:\/\/www.notibras.com\/site\/#website\",\"url\":\"https:\/\/www.notibras.com\/site\/\",\"name\":\"Notibras\",\"description\":\"Not\u00edcias de Bras\u00edlia, do Brasil e do Mundo\",\"publisher\":{\"@id\":\"https:\/\/www.notibras.com\/site\/#organization\"},\"potentialAction\":[{\"@type\":\"SearchAction\",\"target\":{\"@type\":\"EntryPoint\",\"urlTemplate\":\"https:\/\/www.notibras.com\/site\/?s={search_term_string}\"},\"query-input\":{\"@type\":\"PropertyValueSpecification\",\"valueRequired\":true,\"valueName\":\"search_term_string\"}}],\"inLanguage\":\"pt-BR\"},{\"@type\":\"Organization\",\"@id\":\"https:\/\/www.notibras.com\/site\/#organization\",\"name\":\"Grupo Notibras de Comunica\u00e7\u00e3o\",\"url\":\"https:\/\/www.notibras.com\/site\/\",\"logo\":{\"@type\":\"ImageObject\",\"inLanguage\":\"pt-BR\",\"@id\":\"https:\/\/www.notibras.com\/site\/#\/schema\/logo\/image\/\",\"url\":\"https:\/\/www.notibras.com\/site\/wp-content\/uploads\/2023\/01\/notibras23.png\",\"contentUrl\":\"https:\/\/www.notibras.com\/site\/wp-content\/uploads\/2023\/01\/notibras23.png\",\"width\":350,\"height\":87,\"caption\":\"Grupo Notibras de Comunica\u00e7\u00e3o\"},\"image\":{\"@id\":\"https:\/\/www.notibras.com\/site\/#\/schema\/logo\/image\/\"},\"sameAs\":[\"https:\/\/www.facebook.com\/notibras\/\",\"https:\/\/x.com\/Notibras\",\"https:\/\/www.instagram.com\/notibras\/\"]},{\"@type\":\"Person\",\"@id\":\"https:\/\/www.notibras.com\/site\/#\/schema\/person\/5b7fabf2aedc3ada2105f03b22b4d3dd\",\"name\":\"Eduardo Mart\u00ednez\",\"image\":{\"@type\":\"ImageObject\",\"inLanguage\":\"pt-BR\",\"@id\":\"https:\/\/secure.gravatar.com\/avatar\/7902f906289926289cbcda644b5197c796b893c6ffd7b9a536a42d290f7704a0?s=96&d=mm&r=g\",\"url\":\"https:\/\/secure.gravatar.com\/avatar\/7902f906289926289cbcda644b5197c796b893c6ffd7b9a536a42d290f7704a0?s=96&d=mm&r=g\",\"contentUrl\":\"https:\/\/secure.gravatar.com\/avatar\/7902f906289926289cbcda644b5197c796b893c6ffd7b9a536a42d290f7704a0?s=96&d=mm&r=g\",\"caption\":\"Eduardo Mart\u00ednez\"}}]}<\/script>\n<!-- \/ Yoast SEO plugin. -->","yoast_head_json":{"title":"OS MENINOS E O FUTURO - Notibras","robots":{"index":"index","follow":"follow","max-snippet":"max-snippet:-1","max-image-preview":"max-image-preview:large","max-video-preview":"max-video-preview:-1"},"canonical":"https:\/\/www.notibras.com\/site\/os-meninos-e-o-futuro\/","og_locale":"pt_BR","og_type":"article","og_title":"OS MENINOS E O FUTURO - Notibras","og_description":"PRIMEIROS PASSOS O menino come\u00e7ara a andar. Trope\u00e7ava em partes da casa e tentava imitar o irm\u00e3o. Durante quase todos os anos da adolesc\u00eancia foram assim. Imitava tudo o que podia. E a vida foi se metamorfoseando em momentos de aprendizado. SEGUNDOS PASSOS O menino seguiu na trilha do irm\u00e3o inventando a pr\u00f3pria hist\u00f3ria pessoal. [&hellip;]","og_url":"https:\/\/www.notibras.com\/site\/os-meninos-e-o-futuro\/","og_site_name":"Notibras","article_publisher":"https:\/\/www.facebook.com\/notibras\/","article_published_time":"2026-01-23T03:30:31+00:00","og_image":[{"width":720,"height":900,"url":"https:\/\/www.notibras.com\/site\/wp-content\/uploads\/2026\/01\/image-22.png","type":"image\/png"}],"author":"Eduardo Mart\u00ednez","twitter_card":"summary_large_image","twitter_creator":"@Notibras","twitter_site":"@Notibras","twitter_misc":{"Escrito por":"Eduardo Mart\u00ednez","Est. tempo de leitura":"3 minutos"},"schema":{"@context":"https:\/\/schema.org","@graph":[{"@type":"Article","@id":"https:\/\/www.notibras.com\/site\/os-meninos-e-o-futuro\/#article","isPartOf":{"@id":"https:\/\/www.notibras.com\/site\/os-meninos-e-o-futuro\/"},"author":{"name":"Eduardo Mart\u00ednez","@id":"https:\/\/www.notibras.com\/site\/#\/schema\/person\/5b7fabf2aedc3ada2105f03b22b4d3dd"},"headline":"OS MENINOS E O FUTURO","datePublished":"2026-01-23T03:30:31+00:00","mainEntityOfPage":{"@id":"https:\/\/www.notibras.com\/site\/os-meninos-e-o-futuro\/"},"wordCount":466,"publisher":{"@id":"https:\/\/www.notibras.com\/site\/#organization"},"image":{"@id":"https:\/\/www.notibras.com\/site\/os-meninos-e-o-futuro\/#primaryimage"},"thumbnailUrl":"https:\/\/www.notibras.com\/site\/wp-content\/uploads\/2026\/01\/image-22.png","articleSection":["Caf\u00e9 Liter\u00e1rio"],"inLanguage":"pt-BR"},{"@type":"WebPage","@id":"https:\/\/www.notibras.com\/site\/os-meninos-e-o-futuro\/","url":"https:\/\/www.notibras.com\/site\/os-meninos-e-o-futuro\/","name":"OS MENINOS E O FUTURO - Notibras","isPartOf":{"@id":"https:\/\/www.notibras.com\/site\/#website"},"primaryImageOfPage":{"@id":"https:\/\/www.notibras.com\/site\/os-meninos-e-o-futuro\/#primaryimage"},"image":{"@id":"https:\/\/www.notibras.com\/site\/os-meninos-e-o-futuro\/#primaryimage"},"thumbnailUrl":"https:\/\/www.notibras.com\/site\/wp-content\/uploads\/2026\/01\/image-22.png","datePublished":"2026-01-23T03:30:31+00:00","breadcrumb":{"@id":"https:\/\/www.notibras.com\/site\/os-meninos-e-o-futuro\/#breadcrumb"},"inLanguage":"pt-BR","potentialAction":[{"@type":"ReadAction","target":["https:\/\/www.notibras.com\/site\/os-meninos-e-o-futuro\/"]}]},{"@type":"ImageObject","inLanguage":"pt-BR","@id":"https:\/\/www.notibras.com\/site\/os-meninos-e-o-futuro\/#primaryimage","url":"https:\/\/www.notibras.com\/site\/wp-content\/uploads\/2026\/01\/image-22.png","contentUrl":"https:\/\/www.notibras.com\/site\/wp-content\/uploads\/2026\/01\/image-22.png","width":720,"height":900},{"@type":"BreadcrumbList","@id":"https:\/\/www.notibras.com\/site\/os-meninos-e-o-futuro\/#breadcrumb","itemListElement":[{"@type":"ListItem","position":1,"name":"In\u00edcio","item":"https:\/\/www.notibras.com\/site\/"},{"@type":"ListItem","position":2,"name":"OS MENINOS E O FUTURO"}]},{"@type":"WebSite","@id":"https:\/\/www.notibras.com\/site\/#website","url":"https:\/\/www.notibras.com\/site\/","name":"Notibras","description":"Not\u00edcias de Bras\u00edlia, do Brasil e do Mundo","publisher":{"@id":"https:\/\/www.notibras.com\/site\/#organization"},"potentialAction":[{"@type":"SearchAction","target":{"@type":"EntryPoint","urlTemplate":"https:\/\/www.notibras.com\/site\/?s={search_term_string}"},"query-input":{"@type":"PropertyValueSpecification","valueRequired":true,"valueName":"search_term_string"}}],"inLanguage":"pt-BR"},{"@type":"Organization","@id":"https:\/\/www.notibras.com\/site\/#organization","name":"Grupo Notibras de Comunica\u00e7\u00e3o","url":"https:\/\/www.notibras.com\/site\/","logo":{"@type":"ImageObject","inLanguage":"pt-BR","@id":"https:\/\/www.notibras.com\/site\/#\/schema\/logo\/image\/","url":"https:\/\/www.notibras.com\/site\/wp-content\/uploads\/2023\/01\/notibras23.png","contentUrl":"https:\/\/www.notibras.com\/site\/wp-content\/uploads\/2023\/01\/notibras23.png","width":350,"height":87,"caption":"Grupo Notibras de Comunica\u00e7\u00e3o"},"image":{"@id":"https:\/\/www.notibras.com\/site\/#\/schema\/logo\/image\/"},"sameAs":["https:\/\/www.facebook.com\/notibras\/","https:\/\/x.com\/Notibras","https:\/\/www.instagram.com\/notibras\/"]},{"@type":"Person","@id":"https:\/\/www.notibras.com\/site\/#\/schema\/person\/5b7fabf2aedc3ada2105f03b22b4d3dd","name":"Eduardo Mart\u00ednez","image":{"@type":"ImageObject","inLanguage":"pt-BR","@id":"https:\/\/secure.gravatar.com\/avatar\/7902f906289926289cbcda644b5197c796b893c6ffd7b9a536a42d290f7704a0?s=96&d=mm&r=g","url":"https:\/\/secure.gravatar.com\/avatar\/7902f906289926289cbcda644b5197c796b893c6ffd7b9a536a42d290f7704a0?s=96&d=mm&r=g","contentUrl":"https:\/\/secure.gravatar.com\/avatar\/7902f906289926289cbcda644b5197c796b893c6ffd7b9a536a42d290f7704a0?s=96&d=mm&r=g","caption":"Eduardo Mart\u00ednez"}}]}},"amp_enabled":true,"_links":{"self":[{"href":"https:\/\/www.notibras.com\/site\/wp-json\/wp\/v2\/posts\/379557","targetHints":{"allow":["GET"]}}],"collection":[{"href":"https:\/\/www.notibras.com\/site\/wp-json\/wp\/v2\/posts"}],"about":[{"href":"https:\/\/www.notibras.com\/site\/wp-json\/wp\/v2\/types\/post"}],"author":[{"embeddable":true,"href":"https:\/\/www.notibras.com\/site\/wp-json\/wp\/v2\/users\/21"}],"replies":[{"embeddable":true,"href":"https:\/\/www.notibras.com\/site\/wp-json\/wp\/v2\/comments?post=379557"}],"version-history":[{"count":4,"href":"https:\/\/www.notibras.com\/site\/wp-json\/wp\/v2\/posts\/379557\/revisions"}],"predecessor-version":[{"id":379562,"href":"https:\/\/www.notibras.com\/site\/wp-json\/wp\/v2\/posts\/379557\/revisions\/379562"}],"wp:featuredmedia":[{"embeddable":true,"href":"https:\/\/www.notibras.com\/site\/wp-json\/wp\/v2\/media\/379558"}],"wp:attachment":[{"href":"https:\/\/www.notibras.com\/site\/wp-json\/wp\/v2\/media?parent=379557"}],"wp:term":[{"taxonomy":"category","embeddable":true,"href":"https:\/\/www.notibras.com\/site\/wp-json\/wp\/v2\/categories?post=379557"},{"taxonomy":"post_tag","embeddable":true,"href":"https:\/\/www.notibras.com\/site\/wp-json\/wp\/v2\/tags?post=379557"}],"curies":[{"name":"wp","href":"https:\/\/api.w.org\/{rel}","templated":true}]}}