{"id":379567,"date":"2026-01-25T01:00:23","date_gmt":"2026-01-25T04:00:23","guid":{"rendered":"https:\/\/www.notibras.com\/site\/?p=379567"},"modified":"2026-01-18T15:03:20","modified_gmt":"2026-01-18T18:03:20","slug":"marcos-faerman-o-reporter-das-palavras-aprisionadas","status":"publish","type":"post","link":"https:\/\/www.notibras.com\/site\/marcos-faerman-o-reporter-das-palavras-aprisionadas\/","title":{"rendered":"MARCOS FAERMAN, O REP\u00d3RTER DAS PALAVRAS APRISIONADAS"},"content":{"rendered":"<p>Perdi o sono no final da madrugada ao lembrar-me do \u00fanico semestre de aulas que tive com o jornalista e mestre absoluto, Marcos Faerman, na Faculdade de Comunica\u00e7\u00e3o C\u00e1sper L\u00edbero, em SP. Depois&#8230; bem, veio a ditadura e no final dos 70 &#8220;correram&#8221; com ele: &#8220;Perigoso comunista&#8221;. Mas nunca me abandonou.<\/p>\n<p>Interessante perceber o anacronismo (e o cinismo) da sociedade deste nosso pa\u00eds. Sigo em busca do Sol na esperan\u00e7a de que 1979 jamais saia de minhas mem\u00f3rias naquele final de ditadura militar\/c\u00edvel\/empresarial; caminho pelas ruas em 2026, como caminhava pelas ruas de S\u00e3o Paulo\/Sampa naqueles anos com o sonho do jornalismo feito um trabalhador\/rep\u00f3rter.<\/p>\n<p>Saudades do Marc\u00e3o, o insuper\u00e1vel rep\u00f3rter Marcos Faerman.<\/p>\n<p><strong>AS PALAVRAS APRISIONADAS<\/strong><\/p>\n<p>&#8220;[&#8230;] Nenhum jornalista brasileiro chegou t\u00e3o perto da emo\u00e7\u00e3o nacional como ele. O seu texto tem sido para n\u00f3s o estabelecimento dos ritmos do cora\u00e7\u00e3o, o registro do som que bate nas veias da nossa gente, uma vis\u00e3o dolorida do real, mas tamb\u00e9m po\u00e9tica e certeira&#8221;.<br \/>\n* (Jacob Klintowitz, jornalista e cr\u00edtico liter\u00e1rio)<\/p>\n<p>\u00c9 preciso saber da obra de Faerman. Os textos est\u00e3o recolhidos e editados no livro fundamental &#8220;Com as m\u00e3os sujas de sangue&#8221;, Global Editora,<br \/>\n(&#8230;)<\/p>\n<p><strong>O REP\u00d3RTER E SUA PERPLEXIDADE<\/strong><\/p>\n<p>A realidade \u00e9 a natureza e os homens a mat\u00e9ria-prima das narrativas.<\/p>\n<p>Como entender o mundo que nos rodeia? Como entender os conflitos, as mentiras aparentes, as verdades ocultas? Que instrumentos usar na hora da revela\u00e7\u00e3o?<\/p>\n<p>Saindo da abstra\u00e7\u00e3o, o rep\u00f3rter tem diante de si a realidade. A realidade pode ser um homem encolhido \u00e0 beira de um rio. O rep\u00f3rter \u00e9 um ser em disponibilidade. Esta \u00e9 quase que sua ess\u00eancia. Ele est\u00e1 \u00e0 disposi\u00e7\u00e3o dos &#8216;chefes&#8217; do jornal em que trabalha. Cumpre hor\u00e1rios, ordens. Num dia qualquer uma hora qualquer \u00e9 mandado para um lugar qualquer. \u00c9 sempre assim. Ele poder\u00e1 ter diante de si este homem ajoelhado no barro, olhando para um rio. O rep\u00f3rter olha para este homem. Procura saber sua hist\u00f3ria; e depois narra.<\/p>\n<p>O contexto:- a vida de uma aldeia \u00e0 beira de um rio corro\u00eddo pelo merc\u00fario que mata os peixes que alimentam os homens.<\/p>\n<p>O rep\u00f3rter cavuca, observa, apura. O rep\u00f3rter recebe ordens da chefia de reda\u00e7\u00e3o. O rep\u00f3rter diante da pauta. Os problemas de um Estado diante da polui\u00e7\u00e3o. O que dizem as autoridades. O que diz o povo. O que dizem os industriais.<\/p>\n<p>E as t\u00e9cnicas do rep\u00f3rter?<\/p>\n<p>O papel, a caneta Bic, o gravador. Os olhares das pessoas para ele \u00ac como o olhar daquele homem ajoelhado \u00e0 beira do rio, n\u00e3o d\u00e1 para esquecer. Um homem de roupas rasgadas, um pescador, que fala com uma linguagem confusa como o vento que bate na \u00e1gua. Uma canoa parada no rio e uma rede. O olhar do rep\u00f3rter que cai em suas m\u00e3os.<\/p>\n<p>M\u00e3os cortadas pelo barro.<\/p>\n<p><strong>OS DIREITOS DO REP\u00d3RTER E DO JORNAL<\/strong><\/p>\n<p>A lembran\u00e7a, diante daquele homem, das perguntas de outro rep\u00f3rter, das inquieta\u00e7\u00f5es de outro rep\u00f3rter diante de outra realidade.<\/p>\n<p>Parece-me curioso, para n\u00e3o dizer obsceno e totalmente aterrorizante que pudesse ocorrer a um grupo de seres humanos reunidos atrav\u00e9s da necessidade e do acaso, e por lucro, numa empresa, num \u00f3rg\u00e3o jornal\u00edstico, intrometer-se intimamente nas vidas de um indefeso e arruinado grupo de seres humanos, uma ignorante e abandonada fam\u00edlia rural, com o prop\u00f3sito de exigir a nudez, a humilha\u00e7\u00e3o e a inferioridade destas vidas, em nome da ci\u00eancia, do &#8216;jornalismo honesto&#8217;, da humanidade e do destemor.<\/p>\n<p>Saindo da abstra\u00e7\u00e3o.<\/p>\n<p>O rep\u00f3rter em busca da realidade com a sua sensibilidade em nome de uma empresa jornal\u00edstica:- ouvindo hist\u00f3rias das vidas dos outros. Sugando dos outros a \u00fanica coisa que eles t\u00eam, al\u00e9m do corpo nu: uma hist\u00f3ria, a sua vida, a sua perplexidade, as suas pr\u00f3prias d\u00favidas e pequenas verdades (e separa grande medo).<\/p>\n<p>E o que ele ouviu que era &#8216;jornalismo&#8217;.<br \/>\nE uma linguagem que lhe disseram que era jornal\u00edstica?<br \/>\nComo esta linguagem que lhe disseram ser &#8216;jornal\u00edstica&#8217; se adequa aos olhos e \u00e0s m\u00e3os daquele homem \u00e0 beira do rio?<\/p>\n<p>As lembran\u00e7as do rep\u00f3rter:- tudo isto me parece curioso, obsceno, aterrorizante&#8217;, disse certa vez um rep\u00f3rter. James Agee, de quem fiz a cita\u00e7\u00e3o anterior. James Agee, um imenso rep\u00f3rter. Era um garoto quando a Life lhe pediu a hist\u00f3ria de algumas fam\u00edlias rurais na \u00e9poca da Depress\u00e3o dos EUA, de onde nasceu uma espantosa reportagem, &#8220;Louvemos Agora os Grandes Homens&#8221;.<\/p>\n<p>A Life rejeitou a reportagem de Agee por consider\u00e1-la anti-jornal\u00edstica. Agee descrevia com min\u00facias at\u00e9 a respira\u00e7\u00e3o do pesado sono de trabalhador. Construiu um documento eterno. Seu relato \u00e9 obra \u00e0 altura de Steinbeck, John dos Passos, Faulkner.<\/p>\n<p>E a Life rejeitou.<\/p>\n<p>O relato seria publicado na forma de livro trinta anos depois, editado numa cole\u00e7\u00e3o de Antropologia dirigida por L\u00e9vi Strauss.<\/p>\n<p>Da rejei\u00e7\u00e3o em nome do jornalismo &#8220;objetivo&#8221; para a gl\u00f3ria das fam\u00edlias camponesas assassinadas em nome do liberalismo do sonho norte americano.<\/p>\n<p><strong>O REP\u00d3RTER E SUA FORMA\u00c7\u00c3O<\/strong><\/p>\n<p>A certeza que o rep\u00f3rter tem de que muitos colegas ainda t\u00eam na cabe\u00e7a o mito do texto jornal\u00edstico e do texto anti-jornal\u00edstico. A quest\u00e3o do &#8216;texto objetivo&#8217;.<\/p>\n<p>A pergunta: que texto \u00e9 esse? Onde nascem e com quem a t\u00e9cnica jornal\u00edstica ensinada pelo que \u00e9 publicado nos jornais e revistas, e pelas &#8216;Escolas de Comunica\u00e7\u00e3o&#8217;. Onde nasceram e como lidar com as ideias de objetividade e neutralidade?<\/p>\n<p>Uma resposta poss\u00edvel: este texto jornal\u00edstico, esta linguagem fluente nos jornais surge com a estrutura\u00e7\u00e3o da imprensa em forma de empresa\/imprensa; empresas ligadas diretamente a determinada forma de organiza\u00e7\u00e3o da sociedade, o capitalismo. O texto nasce do olhar do rep\u00f3rter sobre a realidade.<\/p>\n<p>Voltando ao rio, \u00e0quele homem.<br \/>\nA responsabilidade diante dele e daquele momento.<br \/>\nA necessidade: saber ouvir, saber descrever.<br \/>\nFic\u00e7\u00e3o e realidade.<\/p>\n<p>No jornalismo, uma casa ou pessoa tem apenas o mais limitado dos seus significados atrav\u00e9s do rep\u00f3rter. Seu verdadeiro significado \u00e9 muito maior. O personagem existe num ser concreto, como voc\u00ea e eu.<\/p>\n<p>O jornalismo \u00e9 um m\u00e9todo: trabalha como instrumento de descoberta de uma realidade, com formas pr\u00f3prias, anota\u00e7\u00f5es, pesquisa.<\/p>\n<p>\u00c9 preciso libertar o olhar, a apura\u00e7\u00e3o e a palavra, o texto escrito. Jornalismo liter\u00e1rio.<\/p>\n<p>Creio que poderia continuar escrevendo minhas lembran\u00e7as do Mestre Marcos Faerman, por\u00e9m, vivemos de espa\u00e7os editoriais e a &#8220;nova linguagem dos textos digitais&#8221; nas redes sociais exigem textos curtos, leituras breves. A concentra\u00e7\u00e3o, a leitura e a reflex\u00e3o est\u00e3o quase imposs\u00edveis nestes tempos de telas de cristal e algoritmos.<\/p>\n<p>Termino este breve ensaio \u2013 j\u00e1 n\u00e3o \u00e9 apenas uma cr\u00f4nica \u2013 sugerindo ao leitor\/leitora novas pesquisas aqui na internet sobre o Novo Jornalismo surgido l\u00e1 nos anos 50, nos EUA, e que brilhou aqui no Brasil a partir dos anos 70.<\/p>\n<p>Destaco os textos e reportagens da Revista REALIDADE; e tudo o que encontrar sobre o Marcos Faerman, o rep\u00f3rter das palavras aprisionadas.<\/p>\n<p>Ele as libertou e nos libertou.<\/p>\n<p>Vida eterna no infinito, Marc\u00e3o.<\/p>\n<p><strong>&#8230;&#8230;&#8230;&#8230;&#8230;&#8230;&#8230;&#8230;&#8230;&#8230;&#8230;&#8230;&#8230;&#8230;.<\/strong><\/p>\n<p><strong>Gilberto Motta \u00e9 escritor, jornalista, professor\/pesquisador que segue com o olhar apurado, sens\u00edvel e o desejo de escrever textos saborosos, com cheiro e jeito de &#8220;gente humana&#8221;; um rep\u00f3rter. Vive na Guarda do Emba\u00fa, litoral de SC.<\/strong><\/p>\n","protected":false},"excerpt":{"rendered":"<p>Perdi o sono no final da madrugada ao lembrar-me do \u00fanico semestre de aulas que tive com o jornalista e mestre absoluto, Marcos Faerman, na Faculdade de Comunica\u00e7\u00e3o C\u00e1sper L\u00edbero, em SP. Depois&#8230; bem, veio a ditadura e no final dos 70 &#8220;correram&#8221; com ele: &#8220;Perigoso comunista&#8221;. Mas nunca me abandonou. Interessante perceber o anacronismo [&hellip;]<\/p>\n","protected":false},"author":21,"featured_media":379568,"comment_status":"closed","ping_status":"closed","sticky":false,"template":"","format":"standard","meta":{"_acf_changed":false,"footnotes":""},"categories":[234],"tags":[],"class_list":["post-379567","post","type-post","status-publish","format-standard","has-post-thumbnail","hentry","category-cafe-literario"],"acf":[],"yoast_head":"<!-- This site is optimized with the Yoast SEO plugin v27.2 - https:\/\/yoast.com\/product\/yoast-seo-wordpress\/ -->\n<title>MARCOS FAERMAN, O REP\u00d3RTER DAS PALAVRAS APRISIONADAS - Notibras<\/title>\n<meta name=\"robots\" content=\"index, follow, max-snippet:-1, max-image-preview:large, max-video-preview:-1\" \/>\n<link rel=\"canonical\" href=\"https:\/\/www.notibras.com\/site\/marcos-faerman-o-reporter-das-palavras-aprisionadas\/\" \/>\n<meta property=\"og:locale\" content=\"pt_BR\" \/>\n<meta property=\"og:type\" content=\"article\" \/>\n<meta property=\"og:title\" content=\"MARCOS FAERMAN, O REP\u00d3RTER DAS PALAVRAS APRISIONADAS - Notibras\" \/>\n<meta property=\"og:description\" content=\"Perdi o sono no final da madrugada ao lembrar-me do \u00fanico semestre de aulas que tive com o jornalista e mestre absoluto, Marcos Faerman, na Faculdade de Comunica\u00e7\u00e3o C\u00e1sper L\u00edbero, em SP. Depois&#8230; bem, veio a ditadura e no final dos 70 &#8220;correram&#8221; com ele: &#8220;Perigoso comunista&#8221;. Mas nunca me abandonou. Interessante perceber o anacronismo [&hellip;]\" \/>\n<meta property=\"og:url\" content=\"https:\/\/www.notibras.com\/site\/marcos-faerman-o-reporter-das-palavras-aprisionadas\/\" \/>\n<meta property=\"og:site_name\" content=\"Notibras\" \/>\n<meta property=\"article:publisher\" content=\"https:\/\/www.facebook.com\/notibras\/\" \/>\n<meta property=\"article:published_time\" content=\"2026-01-25T04:00:23+00:00\" \/>\n<meta property=\"og:image\" content=\"https:\/\/www.notibras.com\/site\/wp-content\/uploads\/2026\/01\/image-24.png\" \/>\n\t<meta property=\"og:image:width\" content=\"720\" \/>\n\t<meta property=\"og:image:height\" content=\"540\" \/>\n\t<meta property=\"og:image:type\" content=\"image\/png\" \/>\n<meta name=\"author\" content=\"Eduardo Mart\u00ednez\" \/>\n<meta name=\"twitter:card\" content=\"summary_large_image\" \/>\n<meta name=\"twitter:creator\" content=\"@Notibras\" \/>\n<meta name=\"twitter:site\" content=\"@Notibras\" \/>\n<meta name=\"twitter:label1\" content=\"Escrito por\" \/>\n\t<meta name=\"twitter:data1\" content=\"Eduardo Mart\u00ednez\" \/>\n\t<meta name=\"twitter:label2\" content=\"Est. tempo de leitura\" \/>\n\t<meta name=\"twitter:data2\" content=\"7 minutos\" \/>\n<script type=\"application\/ld+json\" class=\"yoast-schema-graph\">{\"@context\":\"https:\/\/schema.org\",\"@graph\":[{\"@type\":\"Article\",\"@id\":\"https:\/\/www.notibras.com\/site\/marcos-faerman-o-reporter-das-palavras-aprisionadas\/#article\",\"isPartOf\":{\"@id\":\"https:\/\/www.notibras.com\/site\/marcos-faerman-o-reporter-das-palavras-aprisionadas\/\"},\"author\":{\"name\":\"Eduardo Mart\u00ednez\",\"@id\":\"https:\/\/www.notibras.com\/site\/#\/schema\/person\/5b7fabf2aedc3ada2105f03b22b4d3dd\"},\"headline\":\"MARCOS FAERMAN, O REP\u00d3RTER DAS PALAVRAS APRISIONADAS\",\"datePublished\":\"2026-01-25T04:00:23+00:00\",\"mainEntityOfPage\":{\"@id\":\"https:\/\/www.notibras.com\/site\/marcos-faerman-o-reporter-das-palavras-aprisionadas\/\"},\"wordCount\":1286,\"publisher\":{\"@id\":\"https:\/\/www.notibras.com\/site\/#organization\"},\"image\":{\"@id\":\"https:\/\/www.notibras.com\/site\/marcos-faerman-o-reporter-das-palavras-aprisionadas\/#primaryimage\"},\"thumbnailUrl\":\"https:\/\/www.notibras.com\/site\/wp-content\/uploads\/2026\/01\/image-24.png\",\"articleSection\":[\"Caf\u00e9 Liter\u00e1rio\"],\"inLanguage\":\"pt-BR\"},{\"@type\":\"WebPage\",\"@id\":\"https:\/\/www.notibras.com\/site\/marcos-faerman-o-reporter-das-palavras-aprisionadas\/\",\"url\":\"https:\/\/www.notibras.com\/site\/marcos-faerman-o-reporter-das-palavras-aprisionadas\/\",\"name\":\"MARCOS FAERMAN, O REP\u00d3RTER DAS PALAVRAS APRISIONADAS - Notibras\",\"isPartOf\":{\"@id\":\"https:\/\/www.notibras.com\/site\/#website\"},\"primaryImageOfPage\":{\"@id\":\"https:\/\/www.notibras.com\/site\/marcos-faerman-o-reporter-das-palavras-aprisionadas\/#primaryimage\"},\"image\":{\"@id\":\"https:\/\/www.notibras.com\/site\/marcos-faerman-o-reporter-das-palavras-aprisionadas\/#primaryimage\"},\"thumbnailUrl\":\"https:\/\/www.notibras.com\/site\/wp-content\/uploads\/2026\/01\/image-24.png\",\"datePublished\":\"2026-01-25T04:00:23+00:00\",\"breadcrumb\":{\"@id\":\"https:\/\/www.notibras.com\/site\/marcos-faerman-o-reporter-das-palavras-aprisionadas\/#breadcrumb\"},\"inLanguage\":\"pt-BR\",\"potentialAction\":[{\"@type\":\"ReadAction\",\"target\":[\"https:\/\/www.notibras.com\/site\/marcos-faerman-o-reporter-das-palavras-aprisionadas\/\"]}]},{\"@type\":\"ImageObject\",\"inLanguage\":\"pt-BR\",\"@id\":\"https:\/\/www.notibras.com\/site\/marcos-faerman-o-reporter-das-palavras-aprisionadas\/#primaryimage\",\"url\":\"https:\/\/www.notibras.com\/site\/wp-content\/uploads\/2026\/01\/image-24.png\",\"contentUrl\":\"https:\/\/www.notibras.com\/site\/wp-content\/uploads\/2026\/01\/image-24.png\",\"width\":720,\"height\":540},{\"@type\":\"BreadcrumbList\",\"@id\":\"https:\/\/www.notibras.com\/site\/marcos-faerman-o-reporter-das-palavras-aprisionadas\/#breadcrumb\",\"itemListElement\":[{\"@type\":\"ListItem\",\"position\":1,\"name\":\"In\u00edcio\",\"item\":\"https:\/\/www.notibras.com\/site\/\"},{\"@type\":\"ListItem\",\"position\":2,\"name\":\"MARCOS FAERMAN, O REP\u00d3RTER DAS PALAVRAS APRISIONADAS\"}]},{\"@type\":\"WebSite\",\"@id\":\"https:\/\/www.notibras.com\/site\/#website\",\"url\":\"https:\/\/www.notibras.com\/site\/\",\"name\":\"Notibras\",\"description\":\"Not\u00edcias de Bras\u00edlia, do Brasil e do Mundo\",\"publisher\":{\"@id\":\"https:\/\/www.notibras.com\/site\/#organization\"},\"potentialAction\":[{\"@type\":\"SearchAction\",\"target\":{\"@type\":\"EntryPoint\",\"urlTemplate\":\"https:\/\/www.notibras.com\/site\/?s={search_term_string}\"},\"query-input\":{\"@type\":\"PropertyValueSpecification\",\"valueRequired\":true,\"valueName\":\"search_term_string\"}}],\"inLanguage\":\"pt-BR\"},{\"@type\":\"Organization\",\"@id\":\"https:\/\/www.notibras.com\/site\/#organization\",\"name\":\"Grupo Notibras de Comunica\u00e7\u00e3o\",\"url\":\"https:\/\/www.notibras.com\/site\/\",\"logo\":{\"@type\":\"ImageObject\",\"inLanguage\":\"pt-BR\",\"@id\":\"https:\/\/www.notibras.com\/site\/#\/schema\/logo\/image\/\",\"url\":\"https:\/\/www.notibras.com\/site\/wp-content\/uploads\/2023\/01\/notibras23.png\",\"contentUrl\":\"https:\/\/www.notibras.com\/site\/wp-content\/uploads\/2023\/01\/notibras23.png\",\"width\":350,\"height\":87,\"caption\":\"Grupo Notibras de Comunica\u00e7\u00e3o\"},\"image\":{\"@id\":\"https:\/\/www.notibras.com\/site\/#\/schema\/logo\/image\/\"},\"sameAs\":[\"https:\/\/www.facebook.com\/notibras\/\",\"https:\/\/x.com\/Notibras\",\"https:\/\/www.instagram.com\/notibras\/\"]},{\"@type\":\"Person\",\"@id\":\"https:\/\/www.notibras.com\/site\/#\/schema\/person\/5b7fabf2aedc3ada2105f03b22b4d3dd\",\"name\":\"Eduardo Mart\u00ednez\",\"image\":{\"@type\":\"ImageObject\",\"inLanguage\":\"pt-BR\",\"@id\":\"https:\/\/secure.gravatar.com\/avatar\/7902f906289926289cbcda644b5197c796b893c6ffd7b9a536a42d290f7704a0?s=96&d=mm&r=g\",\"url\":\"https:\/\/secure.gravatar.com\/avatar\/7902f906289926289cbcda644b5197c796b893c6ffd7b9a536a42d290f7704a0?s=96&d=mm&r=g\",\"contentUrl\":\"https:\/\/secure.gravatar.com\/avatar\/7902f906289926289cbcda644b5197c796b893c6ffd7b9a536a42d290f7704a0?s=96&d=mm&r=g\",\"caption\":\"Eduardo Mart\u00ednez\"}}]}<\/script>\n<!-- \/ Yoast SEO plugin. -->","yoast_head_json":{"title":"MARCOS FAERMAN, O REP\u00d3RTER DAS PALAVRAS APRISIONADAS - Notibras","robots":{"index":"index","follow":"follow","max-snippet":"max-snippet:-1","max-image-preview":"max-image-preview:large","max-video-preview":"max-video-preview:-1"},"canonical":"https:\/\/www.notibras.com\/site\/marcos-faerman-o-reporter-das-palavras-aprisionadas\/","og_locale":"pt_BR","og_type":"article","og_title":"MARCOS FAERMAN, O REP\u00d3RTER DAS PALAVRAS APRISIONADAS - Notibras","og_description":"Perdi o sono no final da madrugada ao lembrar-me do \u00fanico semestre de aulas que tive com o jornalista e mestre absoluto, Marcos Faerman, na Faculdade de Comunica\u00e7\u00e3o C\u00e1sper L\u00edbero, em SP. Depois&#8230; bem, veio a ditadura e no final dos 70 &#8220;correram&#8221; com ele: &#8220;Perigoso comunista&#8221;. Mas nunca me abandonou. Interessante perceber o anacronismo [&hellip;]","og_url":"https:\/\/www.notibras.com\/site\/marcos-faerman-o-reporter-das-palavras-aprisionadas\/","og_site_name":"Notibras","article_publisher":"https:\/\/www.facebook.com\/notibras\/","article_published_time":"2026-01-25T04:00:23+00:00","og_image":[{"width":720,"height":540,"url":"https:\/\/www.notibras.com\/site\/wp-content\/uploads\/2026\/01\/image-24.png","type":"image\/png"}],"author":"Eduardo Mart\u00ednez","twitter_card":"summary_large_image","twitter_creator":"@Notibras","twitter_site":"@Notibras","twitter_misc":{"Escrito por":"Eduardo Mart\u00ednez","Est. tempo de leitura":"7 minutos"},"schema":{"@context":"https:\/\/schema.org","@graph":[{"@type":"Article","@id":"https:\/\/www.notibras.com\/site\/marcos-faerman-o-reporter-das-palavras-aprisionadas\/#article","isPartOf":{"@id":"https:\/\/www.notibras.com\/site\/marcos-faerman-o-reporter-das-palavras-aprisionadas\/"},"author":{"name":"Eduardo Mart\u00ednez","@id":"https:\/\/www.notibras.com\/site\/#\/schema\/person\/5b7fabf2aedc3ada2105f03b22b4d3dd"},"headline":"MARCOS FAERMAN, O REP\u00d3RTER DAS PALAVRAS APRISIONADAS","datePublished":"2026-01-25T04:00:23+00:00","mainEntityOfPage":{"@id":"https:\/\/www.notibras.com\/site\/marcos-faerman-o-reporter-das-palavras-aprisionadas\/"},"wordCount":1286,"publisher":{"@id":"https:\/\/www.notibras.com\/site\/#organization"},"image":{"@id":"https:\/\/www.notibras.com\/site\/marcos-faerman-o-reporter-das-palavras-aprisionadas\/#primaryimage"},"thumbnailUrl":"https:\/\/www.notibras.com\/site\/wp-content\/uploads\/2026\/01\/image-24.png","articleSection":["Caf\u00e9 Liter\u00e1rio"],"inLanguage":"pt-BR"},{"@type":"WebPage","@id":"https:\/\/www.notibras.com\/site\/marcos-faerman-o-reporter-das-palavras-aprisionadas\/","url":"https:\/\/www.notibras.com\/site\/marcos-faerman-o-reporter-das-palavras-aprisionadas\/","name":"MARCOS FAERMAN, O REP\u00d3RTER DAS PALAVRAS APRISIONADAS - Notibras","isPartOf":{"@id":"https:\/\/www.notibras.com\/site\/#website"},"primaryImageOfPage":{"@id":"https:\/\/www.notibras.com\/site\/marcos-faerman-o-reporter-das-palavras-aprisionadas\/#primaryimage"},"image":{"@id":"https:\/\/www.notibras.com\/site\/marcos-faerman-o-reporter-das-palavras-aprisionadas\/#primaryimage"},"thumbnailUrl":"https:\/\/www.notibras.com\/site\/wp-content\/uploads\/2026\/01\/image-24.png","datePublished":"2026-01-25T04:00:23+00:00","breadcrumb":{"@id":"https:\/\/www.notibras.com\/site\/marcos-faerman-o-reporter-das-palavras-aprisionadas\/#breadcrumb"},"inLanguage":"pt-BR","potentialAction":[{"@type":"ReadAction","target":["https:\/\/www.notibras.com\/site\/marcos-faerman-o-reporter-das-palavras-aprisionadas\/"]}]},{"@type":"ImageObject","inLanguage":"pt-BR","@id":"https:\/\/www.notibras.com\/site\/marcos-faerman-o-reporter-das-palavras-aprisionadas\/#primaryimage","url":"https:\/\/www.notibras.com\/site\/wp-content\/uploads\/2026\/01\/image-24.png","contentUrl":"https:\/\/www.notibras.com\/site\/wp-content\/uploads\/2026\/01\/image-24.png","width":720,"height":540},{"@type":"BreadcrumbList","@id":"https:\/\/www.notibras.com\/site\/marcos-faerman-o-reporter-das-palavras-aprisionadas\/#breadcrumb","itemListElement":[{"@type":"ListItem","position":1,"name":"In\u00edcio","item":"https:\/\/www.notibras.com\/site\/"},{"@type":"ListItem","position":2,"name":"MARCOS FAERMAN, O REP\u00d3RTER DAS PALAVRAS APRISIONADAS"}]},{"@type":"WebSite","@id":"https:\/\/www.notibras.com\/site\/#website","url":"https:\/\/www.notibras.com\/site\/","name":"Notibras","description":"Not\u00edcias de Bras\u00edlia, do Brasil e do Mundo","publisher":{"@id":"https:\/\/www.notibras.com\/site\/#organization"},"potentialAction":[{"@type":"SearchAction","target":{"@type":"EntryPoint","urlTemplate":"https:\/\/www.notibras.com\/site\/?s={search_term_string}"},"query-input":{"@type":"PropertyValueSpecification","valueRequired":true,"valueName":"search_term_string"}}],"inLanguage":"pt-BR"},{"@type":"Organization","@id":"https:\/\/www.notibras.com\/site\/#organization","name":"Grupo Notibras de Comunica\u00e7\u00e3o","url":"https:\/\/www.notibras.com\/site\/","logo":{"@type":"ImageObject","inLanguage":"pt-BR","@id":"https:\/\/www.notibras.com\/site\/#\/schema\/logo\/image\/","url":"https:\/\/www.notibras.com\/site\/wp-content\/uploads\/2023\/01\/notibras23.png","contentUrl":"https:\/\/www.notibras.com\/site\/wp-content\/uploads\/2023\/01\/notibras23.png","width":350,"height":87,"caption":"Grupo Notibras de Comunica\u00e7\u00e3o"},"image":{"@id":"https:\/\/www.notibras.com\/site\/#\/schema\/logo\/image\/"},"sameAs":["https:\/\/www.facebook.com\/notibras\/","https:\/\/x.com\/Notibras","https:\/\/www.instagram.com\/notibras\/"]},{"@type":"Person","@id":"https:\/\/www.notibras.com\/site\/#\/schema\/person\/5b7fabf2aedc3ada2105f03b22b4d3dd","name":"Eduardo Mart\u00ednez","image":{"@type":"ImageObject","inLanguage":"pt-BR","@id":"https:\/\/secure.gravatar.com\/avatar\/7902f906289926289cbcda644b5197c796b893c6ffd7b9a536a42d290f7704a0?s=96&d=mm&r=g","url":"https:\/\/secure.gravatar.com\/avatar\/7902f906289926289cbcda644b5197c796b893c6ffd7b9a536a42d290f7704a0?s=96&d=mm&r=g","contentUrl":"https:\/\/secure.gravatar.com\/avatar\/7902f906289926289cbcda644b5197c796b893c6ffd7b9a536a42d290f7704a0?s=96&d=mm&r=g","caption":"Eduardo Mart\u00ednez"}}]}},"amp_enabled":true,"_links":{"self":[{"href":"https:\/\/www.notibras.com\/site\/wp-json\/wp\/v2\/posts\/379567","targetHints":{"allow":["GET"]}}],"collection":[{"href":"https:\/\/www.notibras.com\/site\/wp-json\/wp\/v2\/posts"}],"about":[{"href":"https:\/\/www.notibras.com\/site\/wp-json\/wp\/v2\/types\/post"}],"author":[{"embeddable":true,"href":"https:\/\/www.notibras.com\/site\/wp-json\/wp\/v2\/users\/21"}],"replies":[{"embeddable":true,"href":"https:\/\/www.notibras.com\/site\/wp-json\/wp\/v2\/comments?post=379567"}],"version-history":[{"count":1,"href":"https:\/\/www.notibras.com\/site\/wp-json\/wp\/v2\/posts\/379567\/revisions"}],"predecessor-version":[{"id":379569,"href":"https:\/\/www.notibras.com\/site\/wp-json\/wp\/v2\/posts\/379567\/revisions\/379569"}],"wp:featuredmedia":[{"embeddable":true,"href":"https:\/\/www.notibras.com\/site\/wp-json\/wp\/v2\/media\/379568"}],"wp:attachment":[{"href":"https:\/\/www.notibras.com\/site\/wp-json\/wp\/v2\/media?parent=379567"}],"wp:term":[{"taxonomy":"category","embeddable":true,"href":"https:\/\/www.notibras.com\/site\/wp-json\/wp\/v2\/categories?post=379567"},{"taxonomy":"post_tag","embeddable":true,"href":"https:\/\/www.notibras.com\/site\/wp-json\/wp\/v2\/tags?post=379567"}],"curies":[{"name":"wp","href":"https:\/\/api.w.org\/{rel}","templated":true}]}}