{"id":379570,"date":"2026-01-19T00:30:22","date_gmt":"2026-01-19T03:30:22","guid":{"rendered":"https:\/\/www.notibras.com\/site\/?p=379570"},"modified":"2026-01-18T15:18:45","modified_gmt":"2026-01-18T18:18:45","slug":"o-adeus-que-nao-cabe-em-palavras","status":"publish","type":"post","link":"https:\/\/www.notibras.com\/site\/o-adeus-que-nao-cabe-em-palavras\/","title":{"rendered":"O Adeus que N\u00e3o Cabe em Palavras"},"content":{"rendered":"<p>Tem gente que ama de um jeito quieto, quase secreto. N\u00e3o \u00e9 o amor dos filmes, com declara\u00e7\u00f5es gritadas no aeroporto ou m\u00fasicas tocando ao fundo. \u00c9 um amor que mora nos detalhes: no jeito como guarda o copo favorito da pessoa na prateleira de cima, na mensagem de bom dia que nunca manda, mas escreve e apaga, no suspiro disfar\u00e7ado quando o nome aparece na tela do celular.<\/p>\n<p>Mariana era assim. Amava o Lucas desde os tempos da faculdade, quando dividiam a mesma mesa na biblioteca e ele emprestava o marca-texto amarelo sem que ela pedisse. O amor cresceu devagar, como planta que ningu\u00e9m rega, mas insiste em viver. Virou namoro, virou planos, virou &#8220;um dia a gente casa&#8221;. Mas a vida, essa senhora imprevis\u00edvel, tem o h\u00e1bito de mudar os roteiros.<\/p>\n<p>Lucas recebeu uma proposta de trabalho no exterior. N\u00e3o era qualquer proposta: era o sonho dele desde menino, o cargo que ele desenhava em guardanapos de bar enquanto contava hist\u00f3rias de viajar o mundo. Aceitar significava tr\u00eas anos em outro continente, talvez mais. Recusar significava carregar um arrependimento que corroeria tudo.<\/p>\n<p>Mariana ouviu a not\u00edcia em sil\u00eancio, como quem escuta uma senten\u00e7a. N\u00e3o chorou na hora. S\u00f3 perguntou:<\/p>\n<p>\u2014 E a gente?<\/p>\n<p>Lucas baixou os olhos. A resposta j\u00e1 estava no ar, pesada como mala pronta.<\/p>\n<p>Eles conversaram durante semanas. Tentaram solu\u00e7\u00f5es: namoro \u00e0 dist\u00e2ncia, visitas a cada tr\u00eas meses, promessas de futuro. Mas os dois sabiam a verdade que n\u00e3o queriam dizer em voz alta. O amor deles era feito de presen\u00e7a \u2014 de dividir o edredom no inverno, de brigar por causa do controle remoto, de fazer caf\u00e9 da manh\u00e3 nos domingos pregui\u00e7osos. Dist\u00e2ncia n\u00e3o mataria o amor, mas o transformaria em outra coisa. Em saudade constante. Em espera. Em fantasma.<\/p>\n<p>Uma noite, sentados no banco da pra\u00e7a onde se beijaram pela primeira vez, Mariana tomou a decis\u00e3o que Lucas n\u00e3o conseguia tomar.<\/p>\n<p>\u2014Vai, amor. Vai viver isso. Eu te libero.<\/p>\n<p>As palavras sa\u00edram firmes, mas dentro dela algo se partiu com um estalo seco. Lucas tentou protestar, mas ela colocou o dedo nos l\u00e1bios dele.<\/p>\n<p>\u2014Se voc\u00ea ficar por mim, um dia vai me culpar. E eu n\u00e3o aguento carregar essa culpa. Prefiro carregar a saudade.<\/p>\n<p>Eles se abra\u00e7aram por muito tempo. Choraram baixo, como quem n\u00e3o quer acordar o mundo. No dia da partida, Mariana n\u00e3o foi ao aeroporto. Disse que era melhor assim. Ficou em casa, abriu a janela e deixou o vento levar o cheiro dele que ainda estava nas cortinas.<\/p>\n<p>Meses depois, as pessoas perguntavam se ela estava bem. Mariana sorria e dizia que sim. Arrumou o cabelo, voltou a sair com as amigas, adotou um gato que dorme no travesseiro que era do Lucas. Mas \u00e0s vezes, no sil\u00eancio da madrugada, ela pega o celular antigo, abre as fotos e deixa uma l\u00e1grima cair sem barulho.<\/p>\n<p>Porque tem amores que a gente n\u00e3o supera. A gente aprende a viver com eles, como quem aprende a andar com uma perna quebrada que nunca soldou direito. D\u00f3i menos com o tempo, mas nunca deixa de doer.<\/p>\n<p>Mariana sabe que fez a coisa certa. Sabe que o amor, o de verdade, \u00e0s vezes \u00e9 soltar. \u00c9 querer o bem do outro mesmo que esse bem n\u00e3o inclua a gente. \u00c9 abrir m\u00e3o n\u00e3o porque o sentimento acabou, mas porque ele era grande demais para caber numa vida menor.<\/p>\n<p>E em algum lugar do mundo, Lucas olha para o c\u00e9u estrangeiro e pensa nela. Carrega no bolso uma pedrinha que ela deu de presente numa viagem boba ao interior. N\u00e3o voltou ainda. Talvez volte um dia. Talvez n\u00e3o.<\/p>\n<p>Mas o amor continua ali, inteiro. S\u00f3 mudou de forma. Virou respeito. Virou gratid\u00e3o. Virou a certeza de que, em algum momento da vida, eles foram inteiramente de algu\u00e9m.<\/p>\n<p>E isso, no fim das contas, j\u00e1 valeu a pena. Mesmo que tenha do\u00eddo pra sempre.<\/p>\n","protected":false},"excerpt":{"rendered":"<p>Tem gente que ama de um jeito quieto, quase secreto. N\u00e3o \u00e9 o amor dos filmes, com declara\u00e7\u00f5es gritadas no aeroporto ou m\u00fasicas tocando ao fundo. \u00c9 um amor que mora nos detalhes: no jeito como guarda o copo favorito da pessoa na prateleira de cima, na mensagem de bom dia que nunca manda, mas [&hellip;]<\/p>\n","protected":false},"author":21,"featured_media":379571,"comment_status":"closed","ping_status":"closed","sticky":false,"template":"","format":"standard","meta":{"_acf_changed":false,"footnotes":""},"categories":[234],"tags":[],"class_list":["post-379570","post","type-post","status-publish","format-standard","has-post-thumbnail","hentry","category-cafe-literario"],"acf":[],"yoast_head":"<!-- This site is optimized with the Yoast SEO plugin v27.2 - https:\/\/yoast.com\/product\/yoast-seo-wordpress\/ -->\n<title>O Adeus que N\u00e3o Cabe em Palavras - Notibras<\/title>\n<meta name=\"robots\" content=\"index, follow, max-snippet:-1, max-image-preview:large, max-video-preview:-1\" \/>\n<link rel=\"canonical\" href=\"https:\/\/www.notibras.com\/site\/o-adeus-que-nao-cabe-em-palavras\/\" \/>\n<meta property=\"og:locale\" content=\"pt_BR\" \/>\n<meta property=\"og:type\" content=\"article\" \/>\n<meta property=\"og:title\" content=\"O Adeus que N\u00e3o Cabe em Palavras - Notibras\" \/>\n<meta property=\"og:description\" content=\"Tem gente que ama de um jeito quieto, quase secreto. N\u00e3o \u00e9 o amor dos filmes, com declara\u00e7\u00f5es gritadas no aeroporto ou m\u00fasicas tocando ao fundo. \u00c9 um amor que mora nos detalhes: no jeito como guarda o copo favorito da pessoa na prateleira de cima, na mensagem de bom dia que nunca manda, mas [&hellip;]\" \/>\n<meta property=\"og:url\" content=\"https:\/\/www.notibras.com\/site\/o-adeus-que-nao-cabe-em-palavras\/\" \/>\n<meta property=\"og:site_name\" content=\"Notibras\" \/>\n<meta property=\"article:publisher\" content=\"https:\/\/www.facebook.com\/notibras\/\" \/>\n<meta property=\"article:published_time\" content=\"2026-01-19T03:30:22+00:00\" \/>\n<meta property=\"og:image\" content=\"https:\/\/www.notibras.com\/site\/wp-content\/uploads\/2026\/01\/IMG_0403.jpg\" \/>\n\t<meta property=\"og:image:width\" content=\"1023\" \/>\n\t<meta property=\"og:image:height\" content=\"927\" \/>\n\t<meta property=\"og:image:type\" content=\"image\/jpeg\" \/>\n<meta name=\"author\" content=\"Eduardo Mart\u00ednez\" \/>\n<meta name=\"twitter:card\" content=\"summary_large_image\" \/>\n<meta name=\"twitter:creator\" content=\"@Notibras\" \/>\n<meta name=\"twitter:site\" content=\"@Notibras\" \/>\n<meta name=\"twitter:label1\" content=\"Escrito por\" \/>\n\t<meta name=\"twitter:data1\" content=\"Eduardo Mart\u00ednez\" \/>\n\t<meta name=\"twitter:label2\" content=\"Est. tempo de leitura\" \/>\n\t<meta name=\"twitter:data2\" content=\"4 minutos\" \/>\n<script type=\"application\/ld+json\" class=\"yoast-schema-graph\">{\"@context\":\"https:\/\/schema.org\",\"@graph\":[{\"@type\":\"Article\",\"@id\":\"https:\/\/www.notibras.com\/site\/o-adeus-que-nao-cabe-em-palavras\/#article\",\"isPartOf\":{\"@id\":\"https:\/\/www.notibras.com\/site\/o-adeus-que-nao-cabe-em-palavras\/\"},\"author\":{\"name\":\"Eduardo Mart\u00ednez\",\"@id\":\"https:\/\/www.notibras.com\/site\/#\/schema\/person\/5b7fabf2aedc3ada2105f03b22b4d3dd\"},\"headline\":\"O Adeus que N\u00e3o Cabe em Palavras\",\"datePublished\":\"2026-01-19T03:30:22+00:00\",\"mainEntityOfPage\":{\"@id\":\"https:\/\/www.notibras.com\/site\/o-adeus-que-nao-cabe-em-palavras\/\"},\"wordCount\":694,\"publisher\":{\"@id\":\"https:\/\/www.notibras.com\/site\/#organization\"},\"image\":{\"@id\":\"https:\/\/www.notibras.com\/site\/o-adeus-que-nao-cabe-em-palavras\/#primaryimage\"},\"thumbnailUrl\":\"https:\/\/www.notibras.com\/site\/wp-content\/uploads\/2026\/01\/IMG_0403.jpg\",\"articleSection\":[\"Caf\u00e9 Liter\u00e1rio\"],\"inLanguage\":\"pt-BR\"},{\"@type\":\"WebPage\",\"@id\":\"https:\/\/www.notibras.com\/site\/o-adeus-que-nao-cabe-em-palavras\/\",\"url\":\"https:\/\/www.notibras.com\/site\/o-adeus-que-nao-cabe-em-palavras\/\",\"name\":\"O Adeus que N\u00e3o Cabe em Palavras - Notibras\",\"isPartOf\":{\"@id\":\"https:\/\/www.notibras.com\/site\/#website\"},\"primaryImageOfPage\":{\"@id\":\"https:\/\/www.notibras.com\/site\/o-adeus-que-nao-cabe-em-palavras\/#primaryimage\"},\"image\":{\"@id\":\"https:\/\/www.notibras.com\/site\/o-adeus-que-nao-cabe-em-palavras\/#primaryimage\"},\"thumbnailUrl\":\"https:\/\/www.notibras.com\/site\/wp-content\/uploads\/2026\/01\/IMG_0403.jpg\",\"datePublished\":\"2026-01-19T03:30:22+00:00\",\"breadcrumb\":{\"@id\":\"https:\/\/www.notibras.com\/site\/o-adeus-que-nao-cabe-em-palavras\/#breadcrumb\"},\"inLanguage\":\"pt-BR\",\"potentialAction\":[{\"@type\":\"ReadAction\",\"target\":[\"https:\/\/www.notibras.com\/site\/o-adeus-que-nao-cabe-em-palavras\/\"]}]},{\"@type\":\"ImageObject\",\"inLanguage\":\"pt-BR\",\"@id\":\"https:\/\/www.notibras.com\/site\/o-adeus-que-nao-cabe-em-palavras\/#primaryimage\",\"url\":\"https:\/\/www.notibras.com\/site\/wp-content\/uploads\/2026\/01\/IMG_0403.jpg\",\"contentUrl\":\"https:\/\/www.notibras.com\/site\/wp-content\/uploads\/2026\/01\/IMG_0403.jpg\",\"width\":1023,\"height\":927},{\"@type\":\"BreadcrumbList\",\"@id\":\"https:\/\/www.notibras.com\/site\/o-adeus-que-nao-cabe-em-palavras\/#breadcrumb\",\"itemListElement\":[{\"@type\":\"ListItem\",\"position\":1,\"name\":\"In\u00edcio\",\"item\":\"https:\/\/www.notibras.com\/site\/\"},{\"@type\":\"ListItem\",\"position\":2,\"name\":\"O Adeus que N\u00e3o Cabe em Palavras\"}]},{\"@type\":\"WebSite\",\"@id\":\"https:\/\/www.notibras.com\/site\/#website\",\"url\":\"https:\/\/www.notibras.com\/site\/\",\"name\":\"Notibras\",\"description\":\"Not\u00edcias de Bras\u00edlia, do Brasil e do Mundo\",\"publisher\":{\"@id\":\"https:\/\/www.notibras.com\/site\/#organization\"},\"potentialAction\":[{\"@type\":\"SearchAction\",\"target\":{\"@type\":\"EntryPoint\",\"urlTemplate\":\"https:\/\/www.notibras.com\/site\/?s={search_term_string}\"},\"query-input\":{\"@type\":\"PropertyValueSpecification\",\"valueRequired\":true,\"valueName\":\"search_term_string\"}}],\"inLanguage\":\"pt-BR\"},{\"@type\":\"Organization\",\"@id\":\"https:\/\/www.notibras.com\/site\/#organization\",\"name\":\"Grupo Notibras de Comunica\u00e7\u00e3o\",\"url\":\"https:\/\/www.notibras.com\/site\/\",\"logo\":{\"@type\":\"ImageObject\",\"inLanguage\":\"pt-BR\",\"@id\":\"https:\/\/www.notibras.com\/site\/#\/schema\/logo\/image\/\",\"url\":\"https:\/\/www.notibras.com\/site\/wp-content\/uploads\/2023\/01\/notibras23.png\",\"contentUrl\":\"https:\/\/www.notibras.com\/site\/wp-content\/uploads\/2023\/01\/notibras23.png\",\"width\":350,\"height\":87,\"caption\":\"Grupo Notibras de Comunica\u00e7\u00e3o\"},\"image\":{\"@id\":\"https:\/\/www.notibras.com\/site\/#\/schema\/logo\/image\/\"},\"sameAs\":[\"https:\/\/www.facebook.com\/notibras\/\",\"https:\/\/x.com\/Notibras\",\"https:\/\/www.instagram.com\/notibras\/\"]},{\"@type\":\"Person\",\"@id\":\"https:\/\/www.notibras.com\/site\/#\/schema\/person\/5b7fabf2aedc3ada2105f03b22b4d3dd\",\"name\":\"Eduardo Mart\u00ednez\",\"image\":{\"@type\":\"ImageObject\",\"inLanguage\":\"pt-BR\",\"@id\":\"https:\/\/secure.gravatar.com\/avatar\/7902f906289926289cbcda644b5197c796b893c6ffd7b9a536a42d290f7704a0?s=96&d=mm&r=g\",\"url\":\"https:\/\/secure.gravatar.com\/avatar\/7902f906289926289cbcda644b5197c796b893c6ffd7b9a536a42d290f7704a0?s=96&d=mm&r=g\",\"contentUrl\":\"https:\/\/secure.gravatar.com\/avatar\/7902f906289926289cbcda644b5197c796b893c6ffd7b9a536a42d290f7704a0?s=96&d=mm&r=g\",\"caption\":\"Eduardo Mart\u00ednez\"}}]}<\/script>\n<!-- \/ Yoast SEO plugin. -->","yoast_head_json":{"title":"O Adeus que N\u00e3o Cabe em Palavras - Notibras","robots":{"index":"index","follow":"follow","max-snippet":"max-snippet:-1","max-image-preview":"max-image-preview:large","max-video-preview":"max-video-preview:-1"},"canonical":"https:\/\/www.notibras.com\/site\/o-adeus-que-nao-cabe-em-palavras\/","og_locale":"pt_BR","og_type":"article","og_title":"O Adeus que N\u00e3o Cabe em Palavras - Notibras","og_description":"Tem gente que ama de um jeito quieto, quase secreto. N\u00e3o \u00e9 o amor dos filmes, com declara\u00e7\u00f5es gritadas no aeroporto ou m\u00fasicas tocando ao fundo. \u00c9 um amor que mora nos detalhes: no jeito como guarda o copo favorito da pessoa na prateleira de cima, na mensagem de bom dia que nunca manda, mas [&hellip;]","og_url":"https:\/\/www.notibras.com\/site\/o-adeus-que-nao-cabe-em-palavras\/","og_site_name":"Notibras","article_publisher":"https:\/\/www.facebook.com\/notibras\/","article_published_time":"2026-01-19T03:30:22+00:00","og_image":[{"width":1023,"height":927,"url":"https:\/\/www.notibras.com\/site\/wp-content\/uploads\/2026\/01\/IMG_0403.jpg","type":"image\/jpeg"}],"author":"Eduardo Mart\u00ednez","twitter_card":"summary_large_image","twitter_creator":"@Notibras","twitter_site":"@Notibras","twitter_misc":{"Escrito por":"Eduardo Mart\u00ednez","Est. tempo de leitura":"4 minutos"},"schema":{"@context":"https:\/\/schema.org","@graph":[{"@type":"Article","@id":"https:\/\/www.notibras.com\/site\/o-adeus-que-nao-cabe-em-palavras\/#article","isPartOf":{"@id":"https:\/\/www.notibras.com\/site\/o-adeus-que-nao-cabe-em-palavras\/"},"author":{"name":"Eduardo Mart\u00ednez","@id":"https:\/\/www.notibras.com\/site\/#\/schema\/person\/5b7fabf2aedc3ada2105f03b22b4d3dd"},"headline":"O Adeus que N\u00e3o Cabe em Palavras","datePublished":"2026-01-19T03:30:22+00:00","mainEntityOfPage":{"@id":"https:\/\/www.notibras.com\/site\/o-adeus-que-nao-cabe-em-palavras\/"},"wordCount":694,"publisher":{"@id":"https:\/\/www.notibras.com\/site\/#organization"},"image":{"@id":"https:\/\/www.notibras.com\/site\/o-adeus-que-nao-cabe-em-palavras\/#primaryimage"},"thumbnailUrl":"https:\/\/www.notibras.com\/site\/wp-content\/uploads\/2026\/01\/IMG_0403.jpg","articleSection":["Caf\u00e9 Liter\u00e1rio"],"inLanguage":"pt-BR"},{"@type":"WebPage","@id":"https:\/\/www.notibras.com\/site\/o-adeus-que-nao-cabe-em-palavras\/","url":"https:\/\/www.notibras.com\/site\/o-adeus-que-nao-cabe-em-palavras\/","name":"O Adeus que N\u00e3o Cabe em Palavras - Notibras","isPartOf":{"@id":"https:\/\/www.notibras.com\/site\/#website"},"primaryImageOfPage":{"@id":"https:\/\/www.notibras.com\/site\/o-adeus-que-nao-cabe-em-palavras\/#primaryimage"},"image":{"@id":"https:\/\/www.notibras.com\/site\/o-adeus-que-nao-cabe-em-palavras\/#primaryimage"},"thumbnailUrl":"https:\/\/www.notibras.com\/site\/wp-content\/uploads\/2026\/01\/IMG_0403.jpg","datePublished":"2026-01-19T03:30:22+00:00","breadcrumb":{"@id":"https:\/\/www.notibras.com\/site\/o-adeus-que-nao-cabe-em-palavras\/#breadcrumb"},"inLanguage":"pt-BR","potentialAction":[{"@type":"ReadAction","target":["https:\/\/www.notibras.com\/site\/o-adeus-que-nao-cabe-em-palavras\/"]}]},{"@type":"ImageObject","inLanguage":"pt-BR","@id":"https:\/\/www.notibras.com\/site\/o-adeus-que-nao-cabe-em-palavras\/#primaryimage","url":"https:\/\/www.notibras.com\/site\/wp-content\/uploads\/2026\/01\/IMG_0403.jpg","contentUrl":"https:\/\/www.notibras.com\/site\/wp-content\/uploads\/2026\/01\/IMG_0403.jpg","width":1023,"height":927},{"@type":"BreadcrumbList","@id":"https:\/\/www.notibras.com\/site\/o-adeus-que-nao-cabe-em-palavras\/#breadcrumb","itemListElement":[{"@type":"ListItem","position":1,"name":"In\u00edcio","item":"https:\/\/www.notibras.com\/site\/"},{"@type":"ListItem","position":2,"name":"O Adeus que N\u00e3o Cabe em Palavras"}]},{"@type":"WebSite","@id":"https:\/\/www.notibras.com\/site\/#website","url":"https:\/\/www.notibras.com\/site\/","name":"Notibras","description":"Not\u00edcias de Bras\u00edlia, do Brasil e do Mundo","publisher":{"@id":"https:\/\/www.notibras.com\/site\/#organization"},"potentialAction":[{"@type":"SearchAction","target":{"@type":"EntryPoint","urlTemplate":"https:\/\/www.notibras.com\/site\/?s={search_term_string}"},"query-input":{"@type":"PropertyValueSpecification","valueRequired":true,"valueName":"search_term_string"}}],"inLanguage":"pt-BR"},{"@type":"Organization","@id":"https:\/\/www.notibras.com\/site\/#organization","name":"Grupo Notibras de Comunica\u00e7\u00e3o","url":"https:\/\/www.notibras.com\/site\/","logo":{"@type":"ImageObject","inLanguage":"pt-BR","@id":"https:\/\/www.notibras.com\/site\/#\/schema\/logo\/image\/","url":"https:\/\/www.notibras.com\/site\/wp-content\/uploads\/2023\/01\/notibras23.png","contentUrl":"https:\/\/www.notibras.com\/site\/wp-content\/uploads\/2023\/01\/notibras23.png","width":350,"height":87,"caption":"Grupo Notibras de Comunica\u00e7\u00e3o"},"image":{"@id":"https:\/\/www.notibras.com\/site\/#\/schema\/logo\/image\/"},"sameAs":["https:\/\/www.facebook.com\/notibras\/","https:\/\/x.com\/Notibras","https:\/\/www.instagram.com\/notibras\/"]},{"@type":"Person","@id":"https:\/\/www.notibras.com\/site\/#\/schema\/person\/5b7fabf2aedc3ada2105f03b22b4d3dd","name":"Eduardo Mart\u00ednez","image":{"@type":"ImageObject","inLanguage":"pt-BR","@id":"https:\/\/secure.gravatar.com\/avatar\/7902f906289926289cbcda644b5197c796b893c6ffd7b9a536a42d290f7704a0?s=96&d=mm&r=g","url":"https:\/\/secure.gravatar.com\/avatar\/7902f906289926289cbcda644b5197c796b893c6ffd7b9a536a42d290f7704a0?s=96&d=mm&r=g","contentUrl":"https:\/\/secure.gravatar.com\/avatar\/7902f906289926289cbcda644b5197c796b893c6ffd7b9a536a42d290f7704a0?s=96&d=mm&r=g","caption":"Eduardo Mart\u00ednez"}}]}},"amp_enabled":true,"_links":{"self":[{"href":"https:\/\/www.notibras.com\/site\/wp-json\/wp\/v2\/posts\/379570","targetHints":{"allow":["GET"]}}],"collection":[{"href":"https:\/\/www.notibras.com\/site\/wp-json\/wp\/v2\/posts"}],"about":[{"href":"https:\/\/www.notibras.com\/site\/wp-json\/wp\/v2\/types\/post"}],"author":[{"embeddable":true,"href":"https:\/\/www.notibras.com\/site\/wp-json\/wp\/v2\/users\/21"}],"replies":[{"embeddable":true,"href":"https:\/\/www.notibras.com\/site\/wp-json\/wp\/v2\/comments?post=379570"}],"version-history":[{"count":2,"href":"https:\/\/www.notibras.com\/site\/wp-json\/wp\/v2\/posts\/379570\/revisions"}],"predecessor-version":[{"id":379573,"href":"https:\/\/www.notibras.com\/site\/wp-json\/wp\/v2\/posts\/379570\/revisions\/379573"}],"wp:featuredmedia":[{"embeddable":true,"href":"https:\/\/www.notibras.com\/site\/wp-json\/wp\/v2\/media\/379571"}],"wp:attachment":[{"href":"https:\/\/www.notibras.com\/site\/wp-json\/wp\/v2\/media?parent=379570"}],"wp:term":[{"taxonomy":"category","embeddable":true,"href":"https:\/\/www.notibras.com\/site\/wp-json\/wp\/v2\/categories?post=379570"},{"taxonomy":"post_tag","embeddable":true,"href":"https:\/\/www.notibras.com\/site\/wp-json\/wp\/v2\/tags?post=379570"}],"curies":[{"name":"wp","href":"https:\/\/api.w.org\/{rel}","templated":true}]}}