{"id":379574,"date":"2026-01-20T00:15:42","date_gmt":"2026-01-20T03:15:42","guid":{"rendered":"https:\/\/www.notibras.com\/site\/?p=379574"},"modified":"2026-01-18T15:27:18","modified_gmt":"2026-01-18T18:27:18","slug":"o-cafe-esquecido","status":"publish","type":"post","link":"https:\/\/www.notibras.com\/site\/o-cafe-esquecido\/","title":{"rendered":"O Caf\u00e9 Esquecido"},"content":{"rendered":"<p>Pedro e Ana se conheceram na faculdade, numa daquelas aulas chatas de literatura brasileira que ningu\u00e9m queria frequentar. Ele chegava atrasado, com o cabelo bagun\u00e7ado e um sorriso f\u00e1cil que desarmava qualquer professor. Ela, sempre na primeira fileira, anotando tudo com uma caneta vermelha que parecia sangrar nas p\u00e1ginas. Um dia, ele sentou ao lado dela por falta de lugar e perguntou, baixinho: &#8220;Essa parte do Machado \u00e9 t\u00e3o complicada assim ou sou eu que sou burro?&#8221; Ela riu, respondeu que era os dois, e ali come\u00e7ou tudo.<\/p>\n<p>Viraram insepar\u00e1veis. Amigos de verdade, daqueles que dividem segredos \u00e0s tr\u00eas da manh\u00e3, que viajam de \u00f4nibus lotado para um fim de semana na praia, que brigam por bobagens e fazem as pazes com um abra\u00e7o. Pedro contava sobre as namoradas que n\u00e3o davam certo, e Ana ouvia, com um aperto no peito que ela nunca admitia. Ana falava dos caras que a decepcionavam, e Pedro sentia uma raiva quieta, disfar\u00e7ada de piada: &#8220;Esse a\u00ed n\u00e3o merece nem o seu tempo, Ana.&#8221; Eles se completavam. Sabiam as manias um do outro: ele odiava cebola, ela n\u00e3o vivia sem caf\u00e9 forte. Iam sempre ao mesmo caf\u00e9 no centro da cidade, uma portinha velha com mesas de madeira rachada, onde o dono j\u00e1 sabia o pedido de cor: um expresso para ela, um cappuccino com canela para ele.<\/p>\n<p>Mas ningu\u00e9m dizia o \u00f3bvio. Pedro achava que Ana o via s\u00f3 como o amigo confi\u00e1vel, o irm\u00e3o que a vida deu. Ana temia que, se confessasse o que sentia \u2013 aquele calor que subia quando ele ria perto demais \u2013, tudo desabaria. Melhor a amizade segura do que o risco de perder tudo. Ent\u00e3o, fingiam. Namoravam outros, contavam as hist\u00f3rias, riam juntos das trapalhadas alheias. E o amor ficava ali, escondido nos olhares demorados, nas mensagens de boa noite que chegavam todo dia.<\/p>\n<p>At\u00e9 que veio a bobagem. Uma discuss\u00e3o idiota, como tantas que j\u00e1 tinham tido e superado. Era uma sexta-feira chuvosa. Eles estavam no caf\u00e9 de sempre, planejando uma viagem com mais amigos. Ana sugeriu um lugar na serra, Pedro queria praia. &#8220;Sempre a mesma coisa, Pedro, voc\u00ea nunca abre m\u00e3o&#8221;, disse ela, meio brincando, meio irritada porque o dia tinha sido ruim no trabalho. Ele rebateu: &#8220;E voc\u00ea sempre quer decidir tudo, como se soubesse mais.&#8221; A conversa subiu o tom. Ele disse que ela era teimosa demais. Ela retrucou que ele era imaturo. No fim, Pedro jogou dinheiro na mesa e saiu: &#8220;Sabe que mais? Vai sozinha ent\u00e3o.&#8221; Ana ficou l\u00e1, olhando o cappuccino dele esfriar, intacto.<\/p>\n<p>N\u00e3o se falaram mais. Orgulho bobo, daqueles que a gente nem entende depois. Bloquearam um ao outro nas redes, ignoraram as mensagens em comum de amigos preocupados. &#8220;Briga de casal&#8221;, diziam os outros, rindo. Mas n\u00e3o era casal. Era s\u00f3 amizade. Ou era mais? Os meses passaram. Pedro sentia falta das risadas dela nas noites solit\u00e1rias. Ana passava pelo caf\u00e9 e desviava o olhar, mas o cheiro de caf\u00e9 forte a fazia lembrar dele, e do\u00eda.<\/p>\n<p>Um dia, quase um ano depois, Ana entrou no caf\u00e9 por acaso, numa tarde de chuva igual \u00e0quela. Pediu seu expresso e sentou na mesa de sempre. Olhou para o lado e l\u00e1 estava ele, Pedro, com um cappuccino na frente, mexendo a canela distraidamente. Os olhares se cruzaram. Nenhum dos dois sorriu de imediato. Mas Pedro se levantou, devagar, e sentou na cadeira ao lado dela.<\/p>\n<p>&#8220;Esqueci como voc\u00ea gosta o caf\u00e9&#8221;, disse ele, tentando brincar.<\/p>\n<p>&#8220;Forte. Sem a\u00e7\u00facar&#8221;, respondeu ela, com a voz baixa.<\/p>\n<p>Ficaram em sil\u00eancio um tempo. Depois, riram. De nervoso, de al\u00edvio. Falaram da bobagem que os separou, da teimosia dos dois. N\u00e3o disseram o resto. N\u00e3o ainda. Mas o cappuccino dele estava quente de novo, e o expresso dela tamb\u00e9m. \u00c0s vezes, as rupturas por motivos idiotas servem para isso: para a gente perceber, tarde demais ou na hora certa, que o que a gente chama de amizade pode ser o amor mais teimoso de todos.<\/p>\n<p>E quem sabe, num pr\u00f3ximo caf\u00e9, eles admitam. Ou n\u00e3o. A vida, afinal, \u00e9 feita dessas coisas bobas que a gente guarda no peito.<\/p>\n","protected":false},"excerpt":{"rendered":"<p>Pedro e Ana se conheceram na faculdade, numa daquelas aulas chatas de literatura brasileira que ningu\u00e9m queria frequentar. Ele chegava atrasado, com o cabelo bagun\u00e7ado e um sorriso f\u00e1cil que desarmava qualquer professor. Ela, sempre na primeira fileira, anotando tudo com uma caneta vermelha que parecia sangrar nas p\u00e1ginas. Um dia, ele sentou ao lado [&hellip;]<\/p>\n","protected":false},"author":21,"featured_media":379575,"comment_status":"closed","ping_status":"closed","sticky":false,"template":"","format":"standard","meta":{"_acf_changed":false,"footnotes":""},"categories":[234],"tags":[],"class_list":["post-379574","post","type-post","status-publish","format-standard","has-post-thumbnail","hentry","category-cafe-literario"],"acf":[],"yoast_head":"<!-- This site is optimized with the Yoast SEO plugin v27.2 - https:\/\/yoast.com\/product\/yoast-seo-wordpress\/ -->\n<title>O Caf\u00e9 Esquecido - Notibras<\/title>\n<meta name=\"robots\" content=\"index, follow, max-snippet:-1, max-image-preview:large, max-video-preview:-1\" \/>\n<link rel=\"canonical\" href=\"https:\/\/www.notibras.com\/site\/o-cafe-esquecido\/\" \/>\n<meta property=\"og:locale\" content=\"pt_BR\" \/>\n<meta property=\"og:type\" content=\"article\" \/>\n<meta property=\"og:title\" content=\"O Caf\u00e9 Esquecido - Notibras\" \/>\n<meta property=\"og:description\" content=\"Pedro e Ana se conheceram na faculdade, numa daquelas aulas chatas de literatura brasileira que ningu\u00e9m queria frequentar. Ele chegava atrasado, com o cabelo bagun\u00e7ado e um sorriso f\u00e1cil que desarmava qualquer professor. Ela, sempre na primeira fileira, anotando tudo com uma caneta vermelha que parecia sangrar nas p\u00e1ginas. Um dia, ele sentou ao lado [&hellip;]\" \/>\n<meta property=\"og:url\" content=\"https:\/\/www.notibras.com\/site\/o-cafe-esquecido\/\" \/>\n<meta property=\"og:site_name\" content=\"Notibras\" \/>\n<meta property=\"article:publisher\" content=\"https:\/\/www.facebook.com\/notibras\/\" \/>\n<meta property=\"article:published_time\" content=\"2026-01-20T03:15:42+00:00\" \/>\n<meta property=\"og:image\" content=\"https:\/\/www.notibras.com\/site\/wp-content\/uploads\/2026\/01\/IMG_0404.jpg\" \/>\n\t<meta property=\"og:image:width\" content=\"1023\" \/>\n\t<meta property=\"og:image:height\" content=\"926\" \/>\n\t<meta property=\"og:image:type\" content=\"image\/jpeg\" \/>\n<meta name=\"author\" content=\"Eduardo Mart\u00ednez\" \/>\n<meta name=\"twitter:card\" content=\"summary_large_image\" \/>\n<meta name=\"twitter:creator\" content=\"@Notibras\" \/>\n<meta name=\"twitter:site\" content=\"@Notibras\" \/>\n<meta name=\"twitter:label1\" content=\"Escrito por\" \/>\n\t<meta name=\"twitter:data1\" content=\"Eduardo Mart\u00ednez\" \/>\n\t<meta name=\"twitter:label2\" content=\"Est. tempo de leitura\" \/>\n\t<meta name=\"twitter:data2\" content=\"5 minutos\" \/>\n<script type=\"application\/ld+json\" class=\"yoast-schema-graph\">{\"@context\":\"https:\/\/schema.org\",\"@graph\":[{\"@type\":\"Article\",\"@id\":\"https:\/\/www.notibras.com\/site\/o-cafe-esquecido\/#article\",\"isPartOf\":{\"@id\":\"https:\/\/www.notibras.com\/site\/o-cafe-esquecido\/\"},\"author\":{\"name\":\"Eduardo Mart\u00ednez\",\"@id\":\"https:\/\/www.notibras.com\/site\/#\/schema\/person\/5b7fabf2aedc3ada2105f03b22b4d3dd\"},\"headline\":\"O Caf\u00e9 Esquecido\",\"datePublished\":\"2026-01-20T03:15:42+00:00\",\"mainEntityOfPage\":{\"@id\":\"https:\/\/www.notibras.com\/site\/o-cafe-esquecido\/\"},\"wordCount\":720,\"publisher\":{\"@id\":\"https:\/\/www.notibras.com\/site\/#organization\"},\"image\":{\"@id\":\"https:\/\/www.notibras.com\/site\/o-cafe-esquecido\/#primaryimage\"},\"thumbnailUrl\":\"https:\/\/www.notibras.com\/site\/wp-content\/uploads\/2026\/01\/IMG_0404.jpg\",\"articleSection\":[\"Caf\u00e9 Liter\u00e1rio\"],\"inLanguage\":\"pt-BR\"},{\"@type\":\"WebPage\",\"@id\":\"https:\/\/www.notibras.com\/site\/o-cafe-esquecido\/\",\"url\":\"https:\/\/www.notibras.com\/site\/o-cafe-esquecido\/\",\"name\":\"O Caf\u00e9 Esquecido - Notibras\",\"isPartOf\":{\"@id\":\"https:\/\/www.notibras.com\/site\/#website\"},\"primaryImageOfPage\":{\"@id\":\"https:\/\/www.notibras.com\/site\/o-cafe-esquecido\/#primaryimage\"},\"image\":{\"@id\":\"https:\/\/www.notibras.com\/site\/o-cafe-esquecido\/#primaryimage\"},\"thumbnailUrl\":\"https:\/\/www.notibras.com\/site\/wp-content\/uploads\/2026\/01\/IMG_0404.jpg\",\"datePublished\":\"2026-01-20T03:15:42+00:00\",\"breadcrumb\":{\"@id\":\"https:\/\/www.notibras.com\/site\/o-cafe-esquecido\/#breadcrumb\"},\"inLanguage\":\"pt-BR\",\"potentialAction\":[{\"@type\":\"ReadAction\",\"target\":[\"https:\/\/www.notibras.com\/site\/o-cafe-esquecido\/\"]}]},{\"@type\":\"ImageObject\",\"inLanguage\":\"pt-BR\",\"@id\":\"https:\/\/www.notibras.com\/site\/o-cafe-esquecido\/#primaryimage\",\"url\":\"https:\/\/www.notibras.com\/site\/wp-content\/uploads\/2026\/01\/IMG_0404.jpg\",\"contentUrl\":\"https:\/\/www.notibras.com\/site\/wp-content\/uploads\/2026\/01\/IMG_0404.jpg\",\"width\":1023,\"height\":926},{\"@type\":\"BreadcrumbList\",\"@id\":\"https:\/\/www.notibras.com\/site\/o-cafe-esquecido\/#breadcrumb\",\"itemListElement\":[{\"@type\":\"ListItem\",\"position\":1,\"name\":\"In\u00edcio\",\"item\":\"https:\/\/www.notibras.com\/site\/\"},{\"@type\":\"ListItem\",\"position\":2,\"name\":\"O Caf\u00e9 Esquecido\"}]},{\"@type\":\"WebSite\",\"@id\":\"https:\/\/www.notibras.com\/site\/#website\",\"url\":\"https:\/\/www.notibras.com\/site\/\",\"name\":\"Notibras\",\"description\":\"Not\u00edcias de Bras\u00edlia, do Brasil e do Mundo\",\"publisher\":{\"@id\":\"https:\/\/www.notibras.com\/site\/#organization\"},\"potentialAction\":[{\"@type\":\"SearchAction\",\"target\":{\"@type\":\"EntryPoint\",\"urlTemplate\":\"https:\/\/www.notibras.com\/site\/?s={search_term_string}\"},\"query-input\":{\"@type\":\"PropertyValueSpecification\",\"valueRequired\":true,\"valueName\":\"search_term_string\"}}],\"inLanguage\":\"pt-BR\"},{\"@type\":\"Organization\",\"@id\":\"https:\/\/www.notibras.com\/site\/#organization\",\"name\":\"Grupo Notibras de Comunica\u00e7\u00e3o\",\"url\":\"https:\/\/www.notibras.com\/site\/\",\"logo\":{\"@type\":\"ImageObject\",\"inLanguage\":\"pt-BR\",\"@id\":\"https:\/\/www.notibras.com\/site\/#\/schema\/logo\/image\/\",\"url\":\"https:\/\/www.notibras.com\/site\/wp-content\/uploads\/2023\/01\/notibras23.png\",\"contentUrl\":\"https:\/\/www.notibras.com\/site\/wp-content\/uploads\/2023\/01\/notibras23.png\",\"width\":350,\"height\":87,\"caption\":\"Grupo Notibras de Comunica\u00e7\u00e3o\"},\"image\":{\"@id\":\"https:\/\/www.notibras.com\/site\/#\/schema\/logo\/image\/\"},\"sameAs\":[\"https:\/\/www.facebook.com\/notibras\/\",\"https:\/\/x.com\/Notibras\",\"https:\/\/www.instagram.com\/notibras\/\"]},{\"@type\":\"Person\",\"@id\":\"https:\/\/www.notibras.com\/site\/#\/schema\/person\/5b7fabf2aedc3ada2105f03b22b4d3dd\",\"name\":\"Eduardo Mart\u00ednez\",\"image\":{\"@type\":\"ImageObject\",\"inLanguage\":\"pt-BR\",\"@id\":\"https:\/\/secure.gravatar.com\/avatar\/7902f906289926289cbcda644b5197c796b893c6ffd7b9a536a42d290f7704a0?s=96&d=mm&r=g\",\"url\":\"https:\/\/secure.gravatar.com\/avatar\/7902f906289926289cbcda644b5197c796b893c6ffd7b9a536a42d290f7704a0?s=96&d=mm&r=g\",\"contentUrl\":\"https:\/\/secure.gravatar.com\/avatar\/7902f906289926289cbcda644b5197c796b893c6ffd7b9a536a42d290f7704a0?s=96&d=mm&r=g\",\"caption\":\"Eduardo Mart\u00ednez\"}}]}<\/script>\n<!-- \/ Yoast SEO plugin. -->","yoast_head_json":{"title":"O Caf\u00e9 Esquecido - Notibras","robots":{"index":"index","follow":"follow","max-snippet":"max-snippet:-1","max-image-preview":"max-image-preview:large","max-video-preview":"max-video-preview:-1"},"canonical":"https:\/\/www.notibras.com\/site\/o-cafe-esquecido\/","og_locale":"pt_BR","og_type":"article","og_title":"O Caf\u00e9 Esquecido - Notibras","og_description":"Pedro e Ana se conheceram na faculdade, numa daquelas aulas chatas de literatura brasileira que ningu\u00e9m queria frequentar. Ele chegava atrasado, com o cabelo bagun\u00e7ado e um sorriso f\u00e1cil que desarmava qualquer professor. Ela, sempre na primeira fileira, anotando tudo com uma caneta vermelha que parecia sangrar nas p\u00e1ginas. Um dia, ele sentou ao lado [&hellip;]","og_url":"https:\/\/www.notibras.com\/site\/o-cafe-esquecido\/","og_site_name":"Notibras","article_publisher":"https:\/\/www.facebook.com\/notibras\/","article_published_time":"2026-01-20T03:15:42+00:00","og_image":[{"width":1023,"height":926,"url":"https:\/\/www.notibras.com\/site\/wp-content\/uploads\/2026\/01\/IMG_0404.jpg","type":"image\/jpeg"}],"author":"Eduardo Mart\u00ednez","twitter_card":"summary_large_image","twitter_creator":"@Notibras","twitter_site":"@Notibras","twitter_misc":{"Escrito por":"Eduardo Mart\u00ednez","Est. tempo de leitura":"5 minutos"},"schema":{"@context":"https:\/\/schema.org","@graph":[{"@type":"Article","@id":"https:\/\/www.notibras.com\/site\/o-cafe-esquecido\/#article","isPartOf":{"@id":"https:\/\/www.notibras.com\/site\/o-cafe-esquecido\/"},"author":{"name":"Eduardo Mart\u00ednez","@id":"https:\/\/www.notibras.com\/site\/#\/schema\/person\/5b7fabf2aedc3ada2105f03b22b4d3dd"},"headline":"O Caf\u00e9 Esquecido","datePublished":"2026-01-20T03:15:42+00:00","mainEntityOfPage":{"@id":"https:\/\/www.notibras.com\/site\/o-cafe-esquecido\/"},"wordCount":720,"publisher":{"@id":"https:\/\/www.notibras.com\/site\/#organization"},"image":{"@id":"https:\/\/www.notibras.com\/site\/o-cafe-esquecido\/#primaryimage"},"thumbnailUrl":"https:\/\/www.notibras.com\/site\/wp-content\/uploads\/2026\/01\/IMG_0404.jpg","articleSection":["Caf\u00e9 Liter\u00e1rio"],"inLanguage":"pt-BR"},{"@type":"WebPage","@id":"https:\/\/www.notibras.com\/site\/o-cafe-esquecido\/","url":"https:\/\/www.notibras.com\/site\/o-cafe-esquecido\/","name":"O Caf\u00e9 Esquecido - Notibras","isPartOf":{"@id":"https:\/\/www.notibras.com\/site\/#website"},"primaryImageOfPage":{"@id":"https:\/\/www.notibras.com\/site\/o-cafe-esquecido\/#primaryimage"},"image":{"@id":"https:\/\/www.notibras.com\/site\/o-cafe-esquecido\/#primaryimage"},"thumbnailUrl":"https:\/\/www.notibras.com\/site\/wp-content\/uploads\/2026\/01\/IMG_0404.jpg","datePublished":"2026-01-20T03:15:42+00:00","breadcrumb":{"@id":"https:\/\/www.notibras.com\/site\/o-cafe-esquecido\/#breadcrumb"},"inLanguage":"pt-BR","potentialAction":[{"@type":"ReadAction","target":["https:\/\/www.notibras.com\/site\/o-cafe-esquecido\/"]}]},{"@type":"ImageObject","inLanguage":"pt-BR","@id":"https:\/\/www.notibras.com\/site\/o-cafe-esquecido\/#primaryimage","url":"https:\/\/www.notibras.com\/site\/wp-content\/uploads\/2026\/01\/IMG_0404.jpg","contentUrl":"https:\/\/www.notibras.com\/site\/wp-content\/uploads\/2026\/01\/IMG_0404.jpg","width":1023,"height":926},{"@type":"BreadcrumbList","@id":"https:\/\/www.notibras.com\/site\/o-cafe-esquecido\/#breadcrumb","itemListElement":[{"@type":"ListItem","position":1,"name":"In\u00edcio","item":"https:\/\/www.notibras.com\/site\/"},{"@type":"ListItem","position":2,"name":"O Caf\u00e9 Esquecido"}]},{"@type":"WebSite","@id":"https:\/\/www.notibras.com\/site\/#website","url":"https:\/\/www.notibras.com\/site\/","name":"Notibras","description":"Not\u00edcias de Bras\u00edlia, do Brasil e do Mundo","publisher":{"@id":"https:\/\/www.notibras.com\/site\/#organization"},"potentialAction":[{"@type":"SearchAction","target":{"@type":"EntryPoint","urlTemplate":"https:\/\/www.notibras.com\/site\/?s={search_term_string}"},"query-input":{"@type":"PropertyValueSpecification","valueRequired":true,"valueName":"search_term_string"}}],"inLanguage":"pt-BR"},{"@type":"Organization","@id":"https:\/\/www.notibras.com\/site\/#organization","name":"Grupo Notibras de Comunica\u00e7\u00e3o","url":"https:\/\/www.notibras.com\/site\/","logo":{"@type":"ImageObject","inLanguage":"pt-BR","@id":"https:\/\/www.notibras.com\/site\/#\/schema\/logo\/image\/","url":"https:\/\/www.notibras.com\/site\/wp-content\/uploads\/2023\/01\/notibras23.png","contentUrl":"https:\/\/www.notibras.com\/site\/wp-content\/uploads\/2023\/01\/notibras23.png","width":350,"height":87,"caption":"Grupo Notibras de Comunica\u00e7\u00e3o"},"image":{"@id":"https:\/\/www.notibras.com\/site\/#\/schema\/logo\/image\/"},"sameAs":["https:\/\/www.facebook.com\/notibras\/","https:\/\/x.com\/Notibras","https:\/\/www.instagram.com\/notibras\/"]},{"@type":"Person","@id":"https:\/\/www.notibras.com\/site\/#\/schema\/person\/5b7fabf2aedc3ada2105f03b22b4d3dd","name":"Eduardo Mart\u00ednez","image":{"@type":"ImageObject","inLanguage":"pt-BR","@id":"https:\/\/secure.gravatar.com\/avatar\/7902f906289926289cbcda644b5197c796b893c6ffd7b9a536a42d290f7704a0?s=96&d=mm&r=g","url":"https:\/\/secure.gravatar.com\/avatar\/7902f906289926289cbcda644b5197c796b893c6ffd7b9a536a42d290f7704a0?s=96&d=mm&r=g","contentUrl":"https:\/\/secure.gravatar.com\/avatar\/7902f906289926289cbcda644b5197c796b893c6ffd7b9a536a42d290f7704a0?s=96&d=mm&r=g","caption":"Eduardo Mart\u00ednez"}}]}},"amp_enabled":true,"_links":{"self":[{"href":"https:\/\/www.notibras.com\/site\/wp-json\/wp\/v2\/posts\/379574","targetHints":{"allow":["GET"]}}],"collection":[{"href":"https:\/\/www.notibras.com\/site\/wp-json\/wp\/v2\/posts"}],"about":[{"href":"https:\/\/www.notibras.com\/site\/wp-json\/wp\/v2\/types\/post"}],"author":[{"embeddable":true,"href":"https:\/\/www.notibras.com\/site\/wp-json\/wp\/v2\/users\/21"}],"replies":[{"embeddable":true,"href":"https:\/\/www.notibras.com\/site\/wp-json\/wp\/v2\/comments?post=379574"}],"version-history":[{"count":2,"href":"https:\/\/www.notibras.com\/site\/wp-json\/wp\/v2\/posts\/379574\/revisions"}],"predecessor-version":[{"id":379577,"href":"https:\/\/www.notibras.com\/site\/wp-json\/wp\/v2\/posts\/379574\/revisions\/379577"}],"wp:featuredmedia":[{"embeddable":true,"href":"https:\/\/www.notibras.com\/site\/wp-json\/wp\/v2\/media\/379575"}],"wp:attachment":[{"href":"https:\/\/www.notibras.com\/site\/wp-json\/wp\/v2\/media?parent=379574"}],"wp:term":[{"taxonomy":"category","embeddable":true,"href":"https:\/\/www.notibras.com\/site\/wp-json\/wp\/v2\/categories?post=379574"},{"taxonomy":"post_tag","embeddable":true,"href":"https:\/\/www.notibras.com\/site\/wp-json\/wp\/v2\/tags?post=379574"}],"curies":[{"name":"wp","href":"https:\/\/api.w.org\/{rel}","templated":true}]}}