{"id":379586,"date":"2026-01-23T01:00:01","date_gmt":"2026-01-23T04:00:01","guid":{"rendered":"https:\/\/www.notibras.com\/site\/?p=379586"},"modified":"2026-01-18T16:09:31","modified_gmt":"2026-01-18T19:09:31","slug":"sorriso-de-sertao-esquecido","status":"publish","type":"post","link":"https:\/\/www.notibras.com\/site\/sorriso-de-sertao-esquecido\/","title":{"rendered":"Sorriso de Sert\u00e3o Esquecido"},"content":{"rendered":"<p>Senti teu tremor como terra em febre,<br \/>\nminhas m\u00e3os, rios mansos em tua pele,<br \/>\nnum vendaval de anseio que o cora\u00e7\u00e3o clama,<br \/>\nteu pulso ardia em chama viva ao meu lado,<br \/>\nera o baile da alma, o fogo sussurrado,<br \/>\ne o impulso de colher teu beijo em flor.<\/p>\n<p>Teus olhos mergulharam nos meus, velados de m\u00e1goa,<br \/>\nsentiram o vulc\u00e3o que rugia em mim profundo,<br \/>\nmeu peito galopava, selvagem e rendido,<br \/>\naquele instante primordial dos amantes,<br \/>\nonde a brasa se acende em noite eterna,<br \/>\ne o tempo, trai\u00e7oeiro, a deixa em cinzas.<\/p>\n<p>Senti tua ess\u00eancia e uma voz de melodia:&#8221;Minha exist\u00eancia ser\u00e1 teu alvorecer dourado,<br \/>\nte amarei como viola em seresta infinita,<br \/>\naguarda que minha luz desperte em ti,<br \/>\nhoje, ferida por invernos de dor, a alma suspira,<br \/>\nn\u00e3o quero que espinhos rasguem nossos jardins&#8221;.<\/p>\n<p>As esta\u00e7\u00f5es rolaram, longas como o horizonte seco,<br \/>\naquele \u00eaxtase sepultado no frio do outono,<br \/>\nnunca mais o sonho brotou em n\u00f3s,<br \/>\ndias se arrastaram em vazios sem cor,<br \/>\ntu teceste ninho em bra\u00e7os alheios, sem calor,<br \/>\ne eu, ao teu lado com sombras, sorri sob estrelas frias.<\/p>\n","protected":false},"excerpt":{"rendered":"<p>Senti teu tremor como terra em febre, minhas m\u00e3os, rios mansos em tua pele, num vendaval de anseio que o cora\u00e7\u00e3o clama, teu pulso ardia em chama viva ao meu lado, era o baile da alma, o fogo sussurrado, e o impulso de colher teu beijo em flor. Teus olhos mergulharam nos meus, velados de [&hellip;]<\/p>\n","protected":false},"author":21,"featured_media":379587,"comment_status":"closed","ping_status":"closed","sticky":false,"template":"","format":"standard","meta":{"_acf_changed":false,"footnotes":""},"categories":[234],"tags":[],"class_list":["post-379586","post","type-post","status-publish","format-standard","has-post-thumbnail","hentry","category-cafe-literario"],"acf":[],"yoast_head":"<!-- This site is optimized with the Yoast SEO plugin v27.2 - https:\/\/yoast.com\/product\/yoast-seo-wordpress\/ -->\n<title>Sorriso de Sert\u00e3o Esquecido - Notibras<\/title>\n<meta name=\"robots\" content=\"index, follow, max-snippet:-1, max-image-preview:large, max-video-preview:-1\" \/>\n<link rel=\"canonical\" href=\"https:\/\/www.notibras.com\/site\/sorriso-de-sertao-esquecido\/\" \/>\n<meta property=\"og:locale\" content=\"pt_BR\" \/>\n<meta property=\"og:type\" content=\"article\" \/>\n<meta property=\"og:title\" content=\"Sorriso de Sert\u00e3o Esquecido - Notibras\" \/>\n<meta property=\"og:description\" content=\"Senti teu tremor como terra em febre, minhas m\u00e3os, rios mansos em tua pele, num vendaval de anseio que o cora\u00e7\u00e3o clama, teu pulso ardia em chama viva ao meu lado, era o baile da alma, o fogo sussurrado, e o impulso de colher teu beijo em flor. Teus olhos mergulharam nos meus, velados de [&hellip;]\" \/>\n<meta property=\"og:url\" content=\"https:\/\/www.notibras.com\/site\/sorriso-de-sertao-esquecido\/\" \/>\n<meta property=\"og:site_name\" content=\"Notibras\" \/>\n<meta property=\"article:publisher\" content=\"https:\/\/www.facebook.com\/notibras\/\" \/>\n<meta property=\"article:published_time\" content=\"2026-01-23T04:00:01+00:00\" \/>\n<meta property=\"og:image\" content=\"https:\/\/www.notibras.com\/site\/wp-content\/uploads\/2026\/01\/108b2f3b-2e68-4066-a5e7-cf3051c606bb.jpg\" \/>\n\t<meta property=\"og:image:width\" content=\"815\" \/>\n\t<meta property=\"og:image:height\" content=\"927\" \/>\n\t<meta property=\"og:image:type\" content=\"image\/jpeg\" \/>\n<meta name=\"author\" content=\"Eduardo Mart\u00ednez\" \/>\n<meta name=\"twitter:card\" content=\"summary_large_image\" \/>\n<meta name=\"twitter:creator\" content=\"@Notibras\" \/>\n<meta name=\"twitter:site\" content=\"@Notibras\" \/>\n<meta name=\"twitter:label1\" content=\"Escrito por\" \/>\n\t<meta name=\"twitter:data1\" content=\"Eduardo Mart\u00ednez\" \/>\n\t<meta name=\"twitter:label2\" content=\"Est. tempo de leitura\" \/>\n\t<meta name=\"twitter:data2\" content=\"2 minutos\" \/>\n<script type=\"application\/ld+json\" class=\"yoast-schema-graph\">{\"@context\":\"https:\/\/schema.org\",\"@graph\":[{\"@type\":\"Article\",\"@id\":\"https:\/\/www.notibras.com\/site\/sorriso-de-sertao-esquecido\/#article\",\"isPartOf\":{\"@id\":\"https:\/\/www.notibras.com\/site\/sorriso-de-sertao-esquecido\/\"},\"author\":{\"name\":\"Eduardo Mart\u00ednez\",\"@id\":\"https:\/\/www.notibras.com\/site\/#\/schema\/person\/5b7fabf2aedc3ada2105f03b22b4d3dd\"},\"headline\":\"Sorriso de Sert\u00e3o Esquecido\",\"datePublished\":\"2026-01-23T04:00:01+00:00\",\"mainEntityOfPage\":{\"@id\":\"https:\/\/www.notibras.com\/site\/sorriso-de-sertao-esquecido\/\"},\"wordCount\":199,\"publisher\":{\"@id\":\"https:\/\/www.notibras.com\/site\/#organization\"},\"image\":{\"@id\":\"https:\/\/www.notibras.com\/site\/sorriso-de-sertao-esquecido\/#primaryimage\"},\"thumbnailUrl\":\"https:\/\/www.notibras.com\/site\/wp-content\/uploads\/2026\/01\/108b2f3b-2e68-4066-a5e7-cf3051c606bb.jpg\",\"articleSection\":[\"Caf\u00e9 Liter\u00e1rio\"],\"inLanguage\":\"pt-BR\"},{\"@type\":\"WebPage\",\"@id\":\"https:\/\/www.notibras.com\/site\/sorriso-de-sertao-esquecido\/\",\"url\":\"https:\/\/www.notibras.com\/site\/sorriso-de-sertao-esquecido\/\",\"name\":\"Sorriso de Sert\u00e3o Esquecido - Notibras\",\"isPartOf\":{\"@id\":\"https:\/\/www.notibras.com\/site\/#website\"},\"primaryImageOfPage\":{\"@id\":\"https:\/\/www.notibras.com\/site\/sorriso-de-sertao-esquecido\/#primaryimage\"},\"image\":{\"@id\":\"https:\/\/www.notibras.com\/site\/sorriso-de-sertao-esquecido\/#primaryimage\"},\"thumbnailUrl\":\"https:\/\/www.notibras.com\/site\/wp-content\/uploads\/2026\/01\/108b2f3b-2e68-4066-a5e7-cf3051c606bb.jpg\",\"datePublished\":\"2026-01-23T04:00:01+00:00\",\"breadcrumb\":{\"@id\":\"https:\/\/www.notibras.com\/site\/sorriso-de-sertao-esquecido\/#breadcrumb\"},\"inLanguage\":\"pt-BR\",\"potentialAction\":[{\"@type\":\"ReadAction\",\"target\":[\"https:\/\/www.notibras.com\/site\/sorriso-de-sertao-esquecido\/\"]}]},{\"@type\":\"ImageObject\",\"inLanguage\":\"pt-BR\",\"@id\":\"https:\/\/www.notibras.com\/site\/sorriso-de-sertao-esquecido\/#primaryimage\",\"url\":\"https:\/\/www.notibras.com\/site\/wp-content\/uploads\/2026\/01\/108b2f3b-2e68-4066-a5e7-cf3051c606bb.jpg\",\"contentUrl\":\"https:\/\/www.notibras.com\/site\/wp-content\/uploads\/2026\/01\/108b2f3b-2e68-4066-a5e7-cf3051c606bb.jpg\",\"width\":815,\"height\":927},{\"@type\":\"BreadcrumbList\",\"@id\":\"https:\/\/www.notibras.com\/site\/sorriso-de-sertao-esquecido\/#breadcrumb\",\"itemListElement\":[{\"@type\":\"ListItem\",\"position\":1,\"name\":\"In\u00edcio\",\"item\":\"https:\/\/www.notibras.com\/site\/\"},{\"@type\":\"ListItem\",\"position\":2,\"name\":\"Sorriso de Sert\u00e3o Esquecido\"}]},{\"@type\":\"WebSite\",\"@id\":\"https:\/\/www.notibras.com\/site\/#website\",\"url\":\"https:\/\/www.notibras.com\/site\/\",\"name\":\"Notibras\",\"description\":\"Not\u00edcias de Bras\u00edlia, do Brasil e do Mundo\",\"publisher\":{\"@id\":\"https:\/\/www.notibras.com\/site\/#organization\"},\"potentialAction\":[{\"@type\":\"SearchAction\",\"target\":{\"@type\":\"EntryPoint\",\"urlTemplate\":\"https:\/\/www.notibras.com\/site\/?s={search_term_string}\"},\"query-input\":{\"@type\":\"PropertyValueSpecification\",\"valueRequired\":true,\"valueName\":\"search_term_string\"}}],\"inLanguage\":\"pt-BR\"},{\"@type\":\"Organization\",\"@id\":\"https:\/\/www.notibras.com\/site\/#organization\",\"name\":\"Grupo Notibras de Comunica\u00e7\u00e3o\",\"url\":\"https:\/\/www.notibras.com\/site\/\",\"logo\":{\"@type\":\"ImageObject\",\"inLanguage\":\"pt-BR\",\"@id\":\"https:\/\/www.notibras.com\/site\/#\/schema\/logo\/image\/\",\"url\":\"https:\/\/www.notibras.com\/site\/wp-content\/uploads\/2023\/01\/notibras23.png\",\"contentUrl\":\"https:\/\/www.notibras.com\/site\/wp-content\/uploads\/2023\/01\/notibras23.png\",\"width\":350,\"height\":87,\"caption\":\"Grupo Notibras de Comunica\u00e7\u00e3o\"},\"image\":{\"@id\":\"https:\/\/www.notibras.com\/site\/#\/schema\/logo\/image\/\"},\"sameAs\":[\"https:\/\/www.facebook.com\/notibras\/\",\"https:\/\/x.com\/Notibras\",\"https:\/\/www.instagram.com\/notibras\/\"]},{\"@type\":\"Person\",\"@id\":\"https:\/\/www.notibras.com\/site\/#\/schema\/person\/5b7fabf2aedc3ada2105f03b22b4d3dd\",\"name\":\"Eduardo Mart\u00ednez\",\"image\":{\"@type\":\"ImageObject\",\"inLanguage\":\"pt-BR\",\"@id\":\"https:\/\/secure.gravatar.com\/avatar\/7902f906289926289cbcda644b5197c796b893c6ffd7b9a536a42d290f7704a0?s=96&d=mm&r=g\",\"url\":\"https:\/\/secure.gravatar.com\/avatar\/7902f906289926289cbcda644b5197c796b893c6ffd7b9a536a42d290f7704a0?s=96&d=mm&r=g\",\"contentUrl\":\"https:\/\/secure.gravatar.com\/avatar\/7902f906289926289cbcda644b5197c796b893c6ffd7b9a536a42d290f7704a0?s=96&d=mm&r=g\",\"caption\":\"Eduardo Mart\u00ednez\"}}]}<\/script>\n<!-- \/ Yoast SEO plugin. -->","yoast_head_json":{"title":"Sorriso de Sert\u00e3o Esquecido - Notibras","robots":{"index":"index","follow":"follow","max-snippet":"max-snippet:-1","max-image-preview":"max-image-preview:large","max-video-preview":"max-video-preview:-1"},"canonical":"https:\/\/www.notibras.com\/site\/sorriso-de-sertao-esquecido\/","og_locale":"pt_BR","og_type":"article","og_title":"Sorriso de Sert\u00e3o Esquecido - Notibras","og_description":"Senti teu tremor como terra em febre, minhas m\u00e3os, rios mansos em tua pele, num vendaval de anseio que o cora\u00e7\u00e3o clama, teu pulso ardia em chama viva ao meu lado, era o baile da alma, o fogo sussurrado, e o impulso de colher teu beijo em flor. Teus olhos mergulharam nos meus, velados de [&hellip;]","og_url":"https:\/\/www.notibras.com\/site\/sorriso-de-sertao-esquecido\/","og_site_name":"Notibras","article_publisher":"https:\/\/www.facebook.com\/notibras\/","article_published_time":"2026-01-23T04:00:01+00:00","og_image":[{"width":815,"height":927,"url":"https:\/\/www.notibras.com\/site\/wp-content\/uploads\/2026\/01\/108b2f3b-2e68-4066-a5e7-cf3051c606bb.jpg","type":"image\/jpeg"}],"author":"Eduardo Mart\u00ednez","twitter_card":"summary_large_image","twitter_creator":"@Notibras","twitter_site":"@Notibras","twitter_misc":{"Escrito por":"Eduardo Mart\u00ednez","Est. tempo de leitura":"2 minutos"},"schema":{"@context":"https:\/\/schema.org","@graph":[{"@type":"Article","@id":"https:\/\/www.notibras.com\/site\/sorriso-de-sertao-esquecido\/#article","isPartOf":{"@id":"https:\/\/www.notibras.com\/site\/sorriso-de-sertao-esquecido\/"},"author":{"name":"Eduardo Mart\u00ednez","@id":"https:\/\/www.notibras.com\/site\/#\/schema\/person\/5b7fabf2aedc3ada2105f03b22b4d3dd"},"headline":"Sorriso de Sert\u00e3o Esquecido","datePublished":"2026-01-23T04:00:01+00:00","mainEntityOfPage":{"@id":"https:\/\/www.notibras.com\/site\/sorriso-de-sertao-esquecido\/"},"wordCount":199,"publisher":{"@id":"https:\/\/www.notibras.com\/site\/#organization"},"image":{"@id":"https:\/\/www.notibras.com\/site\/sorriso-de-sertao-esquecido\/#primaryimage"},"thumbnailUrl":"https:\/\/www.notibras.com\/site\/wp-content\/uploads\/2026\/01\/108b2f3b-2e68-4066-a5e7-cf3051c606bb.jpg","articleSection":["Caf\u00e9 Liter\u00e1rio"],"inLanguage":"pt-BR"},{"@type":"WebPage","@id":"https:\/\/www.notibras.com\/site\/sorriso-de-sertao-esquecido\/","url":"https:\/\/www.notibras.com\/site\/sorriso-de-sertao-esquecido\/","name":"Sorriso de Sert\u00e3o Esquecido - Notibras","isPartOf":{"@id":"https:\/\/www.notibras.com\/site\/#website"},"primaryImageOfPage":{"@id":"https:\/\/www.notibras.com\/site\/sorriso-de-sertao-esquecido\/#primaryimage"},"image":{"@id":"https:\/\/www.notibras.com\/site\/sorriso-de-sertao-esquecido\/#primaryimage"},"thumbnailUrl":"https:\/\/www.notibras.com\/site\/wp-content\/uploads\/2026\/01\/108b2f3b-2e68-4066-a5e7-cf3051c606bb.jpg","datePublished":"2026-01-23T04:00:01+00:00","breadcrumb":{"@id":"https:\/\/www.notibras.com\/site\/sorriso-de-sertao-esquecido\/#breadcrumb"},"inLanguage":"pt-BR","potentialAction":[{"@type":"ReadAction","target":["https:\/\/www.notibras.com\/site\/sorriso-de-sertao-esquecido\/"]}]},{"@type":"ImageObject","inLanguage":"pt-BR","@id":"https:\/\/www.notibras.com\/site\/sorriso-de-sertao-esquecido\/#primaryimage","url":"https:\/\/www.notibras.com\/site\/wp-content\/uploads\/2026\/01\/108b2f3b-2e68-4066-a5e7-cf3051c606bb.jpg","contentUrl":"https:\/\/www.notibras.com\/site\/wp-content\/uploads\/2026\/01\/108b2f3b-2e68-4066-a5e7-cf3051c606bb.jpg","width":815,"height":927},{"@type":"BreadcrumbList","@id":"https:\/\/www.notibras.com\/site\/sorriso-de-sertao-esquecido\/#breadcrumb","itemListElement":[{"@type":"ListItem","position":1,"name":"In\u00edcio","item":"https:\/\/www.notibras.com\/site\/"},{"@type":"ListItem","position":2,"name":"Sorriso de Sert\u00e3o Esquecido"}]},{"@type":"WebSite","@id":"https:\/\/www.notibras.com\/site\/#website","url":"https:\/\/www.notibras.com\/site\/","name":"Notibras","description":"Not\u00edcias de Bras\u00edlia, do Brasil e do Mundo","publisher":{"@id":"https:\/\/www.notibras.com\/site\/#organization"},"potentialAction":[{"@type":"SearchAction","target":{"@type":"EntryPoint","urlTemplate":"https:\/\/www.notibras.com\/site\/?s={search_term_string}"},"query-input":{"@type":"PropertyValueSpecification","valueRequired":true,"valueName":"search_term_string"}}],"inLanguage":"pt-BR"},{"@type":"Organization","@id":"https:\/\/www.notibras.com\/site\/#organization","name":"Grupo Notibras de Comunica\u00e7\u00e3o","url":"https:\/\/www.notibras.com\/site\/","logo":{"@type":"ImageObject","inLanguage":"pt-BR","@id":"https:\/\/www.notibras.com\/site\/#\/schema\/logo\/image\/","url":"https:\/\/www.notibras.com\/site\/wp-content\/uploads\/2023\/01\/notibras23.png","contentUrl":"https:\/\/www.notibras.com\/site\/wp-content\/uploads\/2023\/01\/notibras23.png","width":350,"height":87,"caption":"Grupo Notibras de Comunica\u00e7\u00e3o"},"image":{"@id":"https:\/\/www.notibras.com\/site\/#\/schema\/logo\/image\/"},"sameAs":["https:\/\/www.facebook.com\/notibras\/","https:\/\/x.com\/Notibras","https:\/\/www.instagram.com\/notibras\/"]},{"@type":"Person","@id":"https:\/\/www.notibras.com\/site\/#\/schema\/person\/5b7fabf2aedc3ada2105f03b22b4d3dd","name":"Eduardo Mart\u00ednez","image":{"@type":"ImageObject","inLanguage":"pt-BR","@id":"https:\/\/secure.gravatar.com\/avatar\/7902f906289926289cbcda644b5197c796b893c6ffd7b9a536a42d290f7704a0?s=96&d=mm&r=g","url":"https:\/\/secure.gravatar.com\/avatar\/7902f906289926289cbcda644b5197c796b893c6ffd7b9a536a42d290f7704a0?s=96&d=mm&r=g","contentUrl":"https:\/\/secure.gravatar.com\/avatar\/7902f906289926289cbcda644b5197c796b893c6ffd7b9a536a42d290f7704a0?s=96&d=mm&r=g","caption":"Eduardo Mart\u00ednez"}}]}},"amp_enabled":true,"_links":{"self":[{"href":"https:\/\/www.notibras.com\/site\/wp-json\/wp\/v2\/posts\/379586","targetHints":{"allow":["GET"]}}],"collection":[{"href":"https:\/\/www.notibras.com\/site\/wp-json\/wp\/v2\/posts"}],"about":[{"href":"https:\/\/www.notibras.com\/site\/wp-json\/wp\/v2\/types\/post"}],"author":[{"embeddable":true,"href":"https:\/\/www.notibras.com\/site\/wp-json\/wp\/v2\/users\/21"}],"replies":[{"embeddable":true,"href":"https:\/\/www.notibras.com\/site\/wp-json\/wp\/v2\/comments?post=379586"}],"version-history":[{"count":2,"href":"https:\/\/www.notibras.com\/site\/wp-json\/wp\/v2\/posts\/379586\/revisions"}],"predecessor-version":[{"id":379589,"href":"https:\/\/www.notibras.com\/site\/wp-json\/wp\/v2\/posts\/379586\/revisions\/379589"}],"wp:featuredmedia":[{"embeddable":true,"href":"https:\/\/www.notibras.com\/site\/wp-json\/wp\/v2\/media\/379587"}],"wp:attachment":[{"href":"https:\/\/www.notibras.com\/site\/wp-json\/wp\/v2\/media?parent=379586"}],"wp:term":[{"taxonomy":"category","embeddable":true,"href":"https:\/\/www.notibras.com\/site\/wp-json\/wp\/v2\/categories?post=379586"},{"taxonomy":"post_tag","embeddable":true,"href":"https:\/\/www.notibras.com\/site\/wp-json\/wp\/v2\/tags?post=379586"}],"curies":[{"name":"wp","href":"https:\/\/api.w.org\/{rel}","templated":true}]}}