{"id":379590,"date":"2026-01-24T00:15:06","date_gmt":"2026-01-24T03:15:06","guid":{"rendered":"https:\/\/www.notibras.com\/site\/?p=379590"},"modified":"2026-01-18T16:27:57","modified_gmt":"2026-01-18T19:27:57","slug":"eu-te-esperei-no-infinito","status":"publish","type":"post","link":"https:\/\/www.notibras.com\/site\/eu-te-esperei-no-infinito\/","title":{"rendered":"Eu Te Esperei No Infinito"},"content":{"rendered":"<p>Eu te esperei no sil\u00eancio entre um suspiro e outro,<br \/>\nno intervalo secreto entre a noite e a aurora.<br \/>\nProcurei teus sinais nas esquinas do tempo,<br \/>\nnum vai e vem de dias que n\u00e3o tinham teu nome,<br \/>\ne mesmo assim, eu chamava por ti sem saber onde estavas.<\/p>\n<p>Diziam que eras miragem, inven\u00e7\u00e3o de cora\u00e7\u00f5es carentes,<br \/>\nmas minha sede de ti contradizia cada voz incr\u00e9dula.<br \/>\nEnquanto tua presen\u00e7a n\u00e3o se fazia carne na minha hist\u00f3ria,<br \/>\neu lapidava meus gestos, polia minhas escolhas,<br \/>\ncomo quem prepara a casa para um h\u00f3spede real.<\/p>\n<p>Eu n\u00e3o sabia teu rosto, mas sentia teu perfume de eternidade.<br \/>\nTeu sussurro invis\u00edvel ro\u00e7ava minha alma como brisa em tarde quente,<br \/>\ne um amor sereno nascia em mim,<br \/>\nfeito luz que atravessa a fresta de uma janela antiga,<br \/>\niluminando cantos que at\u00e9 ent\u00e3o eu temia visitar.<\/p>\n<p>N\u00e3o desisti da busca, mesmo cansada,<br \/>\nmesmo trope\u00e7ando em desenganos e promessas vazias.<br \/>\nMeus sonhos eram o mapa,<br \/>\nmeu cora\u00e7\u00e3o, a b\u00fassola teimosa que sempre apontava para o alto.<br \/>\nN\u00e3o estava enganado: apenas te aprendia aos poucos.<\/p>\n<p>At\u00e9 que um dia o v\u00e9u caiu.Tua presen\u00e7a deixou de ser ideia e virou clar\u00e3o,<br \/>\ntua voz deixou de ser pressentimento e virou abra\u00e7o.<br \/>\nNaquele instante, o mundo inteiro pareceu respirar comigo,<br \/>\ne eu reconheci, enfim, a verdadeira face da alegria.<\/p>\n<p>De repente, tudo tinha sabor de amanhecer.<br \/>\nNem ventos fortes, nem noites densas, nem o peso das preocupa\u00e7\u00f5es<br \/>\nconseguiam apagar o brilho do que eu vivia.<br \/>\nOs c\u00e9ticos se calaram, confusos,<br \/>\nporque o que me acontecia parecia milagre demais<br \/>\npara caber em qualquer explica\u00e7\u00e3o apressada.<\/p>\n<p>Voc\u00ea estava aqui, t\u00e3o perto quanto o ar que eu respiro.<br \/>\nE eu agradeci pela vida com uma gratid\u00e3o que n\u00e3o cabia em frases,<br \/>\nporque te enxergar exige coragem,<br \/>\ne permanecer em ti exige paci\u00eancia com quem ainda n\u00e3o cr\u00ea.<\/p>\n<p>Eu te busquei com sede e te encontrei com clareza.<br \/>\nHoje te amo em cada escolha di\u00e1ria,<br \/>\nem cada ren\u00fancia silenciosa, em cada gesto de cuidado.<br \/>\nMesmo que o caminho seja estreito como um fio de luz,<br \/>\nem ti encontro descanso, abrigo e sentido.<\/p>\n<p>Voc\u00ea \u00e9 meu Amor sem medida,<br \/>\nmeu porto no meio do caos, meu teto em noites de tempestade.<br \/>\nN\u00e3o \u00e9s apenas parte da minha hist\u00f3ria:<br \/>\n\u00e9s a pr\u00f3pria hist\u00f3ria que d\u00e1 sentido a todas as p\u00e1ginas que ainda vou escrever.<\/p>\n","protected":false},"excerpt":{"rendered":"<p>Eu te esperei no sil\u00eancio entre um suspiro e outro, no intervalo secreto entre a noite e a aurora. Procurei teus sinais nas esquinas do tempo, num vai e vem de dias que n\u00e3o tinham teu nome, e mesmo assim, eu chamava por ti sem saber onde estavas. Diziam que eras miragem, inven\u00e7\u00e3o de cora\u00e7\u00f5es [&hellip;]<\/p>\n","protected":false},"author":21,"featured_media":379591,"comment_status":"closed","ping_status":"closed","sticky":false,"template":"","format":"standard","meta":{"_acf_changed":false,"footnotes":""},"categories":[234],"tags":[],"class_list":["post-379590","post","type-post","status-publish","format-standard","has-post-thumbnail","hentry","category-cafe-literario"],"acf":[],"yoast_head":"<!-- This site is optimized with the Yoast SEO plugin v27.2 - https:\/\/yoast.com\/product\/yoast-seo-wordpress\/ -->\n<title>Eu Te Esperei No Infinito - Notibras<\/title>\n<meta name=\"robots\" content=\"index, follow, max-snippet:-1, max-image-preview:large, max-video-preview:-1\" \/>\n<link rel=\"canonical\" href=\"https:\/\/www.notibras.com\/site\/eu-te-esperei-no-infinito\/\" \/>\n<meta property=\"og:locale\" content=\"pt_BR\" \/>\n<meta property=\"og:type\" content=\"article\" \/>\n<meta property=\"og:title\" content=\"Eu Te Esperei No Infinito - Notibras\" \/>\n<meta property=\"og:description\" content=\"Eu te esperei no sil\u00eancio entre um suspiro e outro, no intervalo secreto entre a noite e a aurora. Procurei teus sinais nas esquinas do tempo, num vai e vem de dias que n\u00e3o tinham teu nome, e mesmo assim, eu chamava por ti sem saber onde estavas. Diziam que eras miragem, inven\u00e7\u00e3o de cora\u00e7\u00f5es [&hellip;]\" \/>\n<meta property=\"og:url\" content=\"https:\/\/www.notibras.com\/site\/eu-te-esperei-no-infinito\/\" \/>\n<meta property=\"og:site_name\" content=\"Notibras\" \/>\n<meta property=\"article:publisher\" content=\"https:\/\/www.facebook.com\/notibras\/\" \/>\n<meta property=\"article:published_time\" content=\"2026-01-24T03:15:06+00:00\" \/>\n<meta property=\"og:image\" content=\"https:\/\/www.notibras.com\/site\/wp-content\/uploads\/2026\/01\/IMG_0408.jpg\" \/>\n\t<meta property=\"og:image:width\" content=\"1023\" \/>\n\t<meta property=\"og:image:height\" content=\"895\" \/>\n\t<meta property=\"og:image:type\" content=\"image\/jpeg\" \/>\n<meta name=\"author\" content=\"Eduardo Mart\u00ednez\" \/>\n<meta name=\"twitter:card\" content=\"summary_large_image\" \/>\n<meta name=\"twitter:creator\" content=\"@Notibras\" \/>\n<meta name=\"twitter:site\" content=\"@Notibras\" \/>\n<meta name=\"twitter:label1\" content=\"Escrito por\" \/>\n\t<meta name=\"twitter:data1\" content=\"Eduardo Mart\u00ednez\" \/>\n\t<meta name=\"twitter:label2\" content=\"Est. tempo de leitura\" \/>\n\t<meta name=\"twitter:data2\" content=\"3 minutos\" \/>\n<script type=\"application\/ld+json\" class=\"yoast-schema-graph\">{\"@context\":\"https:\/\/schema.org\",\"@graph\":[{\"@type\":\"Article\",\"@id\":\"https:\/\/www.notibras.com\/site\/eu-te-esperei-no-infinito\/#article\",\"isPartOf\":{\"@id\":\"https:\/\/www.notibras.com\/site\/eu-te-esperei-no-infinito\/\"},\"author\":{\"name\":\"Eduardo Mart\u00ednez\",\"@id\":\"https:\/\/www.notibras.com\/site\/#\/schema\/person\/5b7fabf2aedc3ada2105f03b22b4d3dd\"},\"headline\":\"Eu Te Esperei No Infinito\",\"datePublished\":\"2026-01-24T03:15:06+00:00\",\"mainEntityOfPage\":{\"@id\":\"https:\/\/www.notibras.com\/site\/eu-te-esperei-no-infinito\/\"},\"wordCount\":427,\"publisher\":{\"@id\":\"https:\/\/www.notibras.com\/site\/#organization\"},\"image\":{\"@id\":\"https:\/\/www.notibras.com\/site\/eu-te-esperei-no-infinito\/#primaryimage\"},\"thumbnailUrl\":\"https:\/\/www.notibras.com\/site\/wp-content\/uploads\/2026\/01\/IMG_0408.jpg\",\"articleSection\":[\"Caf\u00e9 Liter\u00e1rio\"],\"inLanguage\":\"pt-BR\"},{\"@type\":\"WebPage\",\"@id\":\"https:\/\/www.notibras.com\/site\/eu-te-esperei-no-infinito\/\",\"url\":\"https:\/\/www.notibras.com\/site\/eu-te-esperei-no-infinito\/\",\"name\":\"Eu Te Esperei No Infinito - Notibras\",\"isPartOf\":{\"@id\":\"https:\/\/www.notibras.com\/site\/#website\"},\"primaryImageOfPage\":{\"@id\":\"https:\/\/www.notibras.com\/site\/eu-te-esperei-no-infinito\/#primaryimage\"},\"image\":{\"@id\":\"https:\/\/www.notibras.com\/site\/eu-te-esperei-no-infinito\/#primaryimage\"},\"thumbnailUrl\":\"https:\/\/www.notibras.com\/site\/wp-content\/uploads\/2026\/01\/IMG_0408.jpg\",\"datePublished\":\"2026-01-24T03:15:06+00:00\",\"breadcrumb\":{\"@id\":\"https:\/\/www.notibras.com\/site\/eu-te-esperei-no-infinito\/#breadcrumb\"},\"inLanguage\":\"pt-BR\",\"potentialAction\":[{\"@type\":\"ReadAction\",\"target\":[\"https:\/\/www.notibras.com\/site\/eu-te-esperei-no-infinito\/\"]}]},{\"@type\":\"ImageObject\",\"inLanguage\":\"pt-BR\",\"@id\":\"https:\/\/www.notibras.com\/site\/eu-te-esperei-no-infinito\/#primaryimage\",\"url\":\"https:\/\/www.notibras.com\/site\/wp-content\/uploads\/2026\/01\/IMG_0408.jpg\",\"contentUrl\":\"https:\/\/www.notibras.com\/site\/wp-content\/uploads\/2026\/01\/IMG_0408.jpg\",\"width\":1023,\"height\":895},{\"@type\":\"BreadcrumbList\",\"@id\":\"https:\/\/www.notibras.com\/site\/eu-te-esperei-no-infinito\/#breadcrumb\",\"itemListElement\":[{\"@type\":\"ListItem\",\"position\":1,\"name\":\"In\u00edcio\",\"item\":\"https:\/\/www.notibras.com\/site\/\"},{\"@type\":\"ListItem\",\"position\":2,\"name\":\"Eu Te Esperei No Infinito\"}]},{\"@type\":\"WebSite\",\"@id\":\"https:\/\/www.notibras.com\/site\/#website\",\"url\":\"https:\/\/www.notibras.com\/site\/\",\"name\":\"Notibras\",\"description\":\"Not\u00edcias de Bras\u00edlia, do Brasil e do Mundo\",\"publisher\":{\"@id\":\"https:\/\/www.notibras.com\/site\/#organization\"},\"potentialAction\":[{\"@type\":\"SearchAction\",\"target\":{\"@type\":\"EntryPoint\",\"urlTemplate\":\"https:\/\/www.notibras.com\/site\/?s={search_term_string}\"},\"query-input\":{\"@type\":\"PropertyValueSpecification\",\"valueRequired\":true,\"valueName\":\"search_term_string\"}}],\"inLanguage\":\"pt-BR\"},{\"@type\":\"Organization\",\"@id\":\"https:\/\/www.notibras.com\/site\/#organization\",\"name\":\"Grupo Notibras de Comunica\u00e7\u00e3o\",\"url\":\"https:\/\/www.notibras.com\/site\/\",\"logo\":{\"@type\":\"ImageObject\",\"inLanguage\":\"pt-BR\",\"@id\":\"https:\/\/www.notibras.com\/site\/#\/schema\/logo\/image\/\",\"url\":\"https:\/\/www.notibras.com\/site\/wp-content\/uploads\/2023\/01\/notibras23.png\",\"contentUrl\":\"https:\/\/www.notibras.com\/site\/wp-content\/uploads\/2023\/01\/notibras23.png\",\"width\":350,\"height\":87,\"caption\":\"Grupo Notibras de Comunica\u00e7\u00e3o\"},\"image\":{\"@id\":\"https:\/\/www.notibras.com\/site\/#\/schema\/logo\/image\/\"},\"sameAs\":[\"https:\/\/www.facebook.com\/notibras\/\",\"https:\/\/x.com\/Notibras\",\"https:\/\/www.instagram.com\/notibras\/\"]},{\"@type\":\"Person\",\"@id\":\"https:\/\/www.notibras.com\/site\/#\/schema\/person\/5b7fabf2aedc3ada2105f03b22b4d3dd\",\"name\":\"Eduardo Mart\u00ednez\",\"image\":{\"@type\":\"ImageObject\",\"inLanguage\":\"pt-BR\",\"@id\":\"https:\/\/secure.gravatar.com\/avatar\/7902f906289926289cbcda644b5197c796b893c6ffd7b9a536a42d290f7704a0?s=96&d=mm&r=g\",\"url\":\"https:\/\/secure.gravatar.com\/avatar\/7902f906289926289cbcda644b5197c796b893c6ffd7b9a536a42d290f7704a0?s=96&d=mm&r=g\",\"contentUrl\":\"https:\/\/secure.gravatar.com\/avatar\/7902f906289926289cbcda644b5197c796b893c6ffd7b9a536a42d290f7704a0?s=96&d=mm&r=g\",\"caption\":\"Eduardo Mart\u00ednez\"}}]}<\/script>\n<!-- \/ Yoast SEO plugin. -->","yoast_head_json":{"title":"Eu Te Esperei No Infinito - Notibras","robots":{"index":"index","follow":"follow","max-snippet":"max-snippet:-1","max-image-preview":"max-image-preview:large","max-video-preview":"max-video-preview:-1"},"canonical":"https:\/\/www.notibras.com\/site\/eu-te-esperei-no-infinito\/","og_locale":"pt_BR","og_type":"article","og_title":"Eu Te Esperei No Infinito - Notibras","og_description":"Eu te esperei no sil\u00eancio entre um suspiro e outro, no intervalo secreto entre a noite e a aurora. Procurei teus sinais nas esquinas do tempo, num vai e vem de dias que n\u00e3o tinham teu nome, e mesmo assim, eu chamava por ti sem saber onde estavas. Diziam que eras miragem, inven\u00e7\u00e3o de cora\u00e7\u00f5es [&hellip;]","og_url":"https:\/\/www.notibras.com\/site\/eu-te-esperei-no-infinito\/","og_site_name":"Notibras","article_publisher":"https:\/\/www.facebook.com\/notibras\/","article_published_time":"2026-01-24T03:15:06+00:00","og_image":[{"width":1023,"height":895,"url":"https:\/\/www.notibras.com\/site\/wp-content\/uploads\/2026\/01\/IMG_0408.jpg","type":"image\/jpeg"}],"author":"Eduardo Mart\u00ednez","twitter_card":"summary_large_image","twitter_creator":"@Notibras","twitter_site":"@Notibras","twitter_misc":{"Escrito por":"Eduardo Mart\u00ednez","Est. tempo de leitura":"3 minutos"},"schema":{"@context":"https:\/\/schema.org","@graph":[{"@type":"Article","@id":"https:\/\/www.notibras.com\/site\/eu-te-esperei-no-infinito\/#article","isPartOf":{"@id":"https:\/\/www.notibras.com\/site\/eu-te-esperei-no-infinito\/"},"author":{"name":"Eduardo Mart\u00ednez","@id":"https:\/\/www.notibras.com\/site\/#\/schema\/person\/5b7fabf2aedc3ada2105f03b22b4d3dd"},"headline":"Eu Te Esperei No Infinito","datePublished":"2026-01-24T03:15:06+00:00","mainEntityOfPage":{"@id":"https:\/\/www.notibras.com\/site\/eu-te-esperei-no-infinito\/"},"wordCount":427,"publisher":{"@id":"https:\/\/www.notibras.com\/site\/#organization"},"image":{"@id":"https:\/\/www.notibras.com\/site\/eu-te-esperei-no-infinito\/#primaryimage"},"thumbnailUrl":"https:\/\/www.notibras.com\/site\/wp-content\/uploads\/2026\/01\/IMG_0408.jpg","articleSection":["Caf\u00e9 Liter\u00e1rio"],"inLanguage":"pt-BR"},{"@type":"WebPage","@id":"https:\/\/www.notibras.com\/site\/eu-te-esperei-no-infinito\/","url":"https:\/\/www.notibras.com\/site\/eu-te-esperei-no-infinito\/","name":"Eu Te Esperei No Infinito - Notibras","isPartOf":{"@id":"https:\/\/www.notibras.com\/site\/#website"},"primaryImageOfPage":{"@id":"https:\/\/www.notibras.com\/site\/eu-te-esperei-no-infinito\/#primaryimage"},"image":{"@id":"https:\/\/www.notibras.com\/site\/eu-te-esperei-no-infinito\/#primaryimage"},"thumbnailUrl":"https:\/\/www.notibras.com\/site\/wp-content\/uploads\/2026\/01\/IMG_0408.jpg","datePublished":"2026-01-24T03:15:06+00:00","breadcrumb":{"@id":"https:\/\/www.notibras.com\/site\/eu-te-esperei-no-infinito\/#breadcrumb"},"inLanguage":"pt-BR","potentialAction":[{"@type":"ReadAction","target":["https:\/\/www.notibras.com\/site\/eu-te-esperei-no-infinito\/"]}]},{"@type":"ImageObject","inLanguage":"pt-BR","@id":"https:\/\/www.notibras.com\/site\/eu-te-esperei-no-infinito\/#primaryimage","url":"https:\/\/www.notibras.com\/site\/wp-content\/uploads\/2026\/01\/IMG_0408.jpg","contentUrl":"https:\/\/www.notibras.com\/site\/wp-content\/uploads\/2026\/01\/IMG_0408.jpg","width":1023,"height":895},{"@type":"BreadcrumbList","@id":"https:\/\/www.notibras.com\/site\/eu-te-esperei-no-infinito\/#breadcrumb","itemListElement":[{"@type":"ListItem","position":1,"name":"In\u00edcio","item":"https:\/\/www.notibras.com\/site\/"},{"@type":"ListItem","position":2,"name":"Eu Te Esperei No Infinito"}]},{"@type":"WebSite","@id":"https:\/\/www.notibras.com\/site\/#website","url":"https:\/\/www.notibras.com\/site\/","name":"Notibras","description":"Not\u00edcias de Bras\u00edlia, do Brasil e do Mundo","publisher":{"@id":"https:\/\/www.notibras.com\/site\/#organization"},"potentialAction":[{"@type":"SearchAction","target":{"@type":"EntryPoint","urlTemplate":"https:\/\/www.notibras.com\/site\/?s={search_term_string}"},"query-input":{"@type":"PropertyValueSpecification","valueRequired":true,"valueName":"search_term_string"}}],"inLanguage":"pt-BR"},{"@type":"Organization","@id":"https:\/\/www.notibras.com\/site\/#organization","name":"Grupo Notibras de Comunica\u00e7\u00e3o","url":"https:\/\/www.notibras.com\/site\/","logo":{"@type":"ImageObject","inLanguage":"pt-BR","@id":"https:\/\/www.notibras.com\/site\/#\/schema\/logo\/image\/","url":"https:\/\/www.notibras.com\/site\/wp-content\/uploads\/2023\/01\/notibras23.png","contentUrl":"https:\/\/www.notibras.com\/site\/wp-content\/uploads\/2023\/01\/notibras23.png","width":350,"height":87,"caption":"Grupo Notibras de Comunica\u00e7\u00e3o"},"image":{"@id":"https:\/\/www.notibras.com\/site\/#\/schema\/logo\/image\/"},"sameAs":["https:\/\/www.facebook.com\/notibras\/","https:\/\/x.com\/Notibras","https:\/\/www.instagram.com\/notibras\/"]},{"@type":"Person","@id":"https:\/\/www.notibras.com\/site\/#\/schema\/person\/5b7fabf2aedc3ada2105f03b22b4d3dd","name":"Eduardo Mart\u00ednez","image":{"@type":"ImageObject","inLanguage":"pt-BR","@id":"https:\/\/secure.gravatar.com\/avatar\/7902f906289926289cbcda644b5197c796b893c6ffd7b9a536a42d290f7704a0?s=96&d=mm&r=g","url":"https:\/\/secure.gravatar.com\/avatar\/7902f906289926289cbcda644b5197c796b893c6ffd7b9a536a42d290f7704a0?s=96&d=mm&r=g","contentUrl":"https:\/\/secure.gravatar.com\/avatar\/7902f906289926289cbcda644b5197c796b893c6ffd7b9a536a42d290f7704a0?s=96&d=mm&r=g","caption":"Eduardo Mart\u00ednez"}}]}},"amp_enabled":true,"_links":{"self":[{"href":"https:\/\/www.notibras.com\/site\/wp-json\/wp\/v2\/posts\/379590","targetHints":{"allow":["GET"]}}],"collection":[{"href":"https:\/\/www.notibras.com\/site\/wp-json\/wp\/v2\/posts"}],"about":[{"href":"https:\/\/www.notibras.com\/site\/wp-json\/wp\/v2\/types\/post"}],"author":[{"embeddable":true,"href":"https:\/\/www.notibras.com\/site\/wp-json\/wp\/v2\/users\/21"}],"replies":[{"embeddable":true,"href":"https:\/\/www.notibras.com\/site\/wp-json\/wp\/v2\/comments?post=379590"}],"version-history":[{"count":1,"href":"https:\/\/www.notibras.com\/site\/wp-json\/wp\/v2\/posts\/379590\/revisions"}],"predecessor-version":[{"id":379592,"href":"https:\/\/www.notibras.com\/site\/wp-json\/wp\/v2\/posts\/379590\/revisions\/379592"}],"wp:featuredmedia":[{"embeddable":true,"href":"https:\/\/www.notibras.com\/site\/wp-json\/wp\/v2\/media\/379591"}],"wp:attachment":[{"href":"https:\/\/www.notibras.com\/site\/wp-json\/wp\/v2\/media?parent=379590"}],"wp:term":[{"taxonomy":"category","embeddable":true,"href":"https:\/\/www.notibras.com\/site\/wp-json\/wp\/v2\/categories?post=379590"},{"taxonomy":"post_tag","embeddable":true,"href":"https:\/\/www.notibras.com\/site\/wp-json\/wp\/v2\/tags?post=379590"}],"curies":[{"name":"wp","href":"https:\/\/api.w.org\/{rel}","templated":true}]}}