{"id":379607,"date":"2026-01-20T00:00:00","date_gmt":"2026-01-20T03:00:00","guid":{"rendered":"https:\/\/www.notibras.com\/site\/?p=379607"},"modified":"2026-01-18T19:03:35","modified_gmt":"2026-01-18T22:03:35","slug":"entre-caminhos-e-raizes","status":"publish","type":"post","link":"https:\/\/www.notibras.com\/site\/entre-caminhos-e-raizes\/","title":{"rendered":"Entre Caminhos e Ra\u00edzes"},"content":{"rendered":"<p>Lembran\u00e7as da inf\u00e2ncia e das primeiras descobertas<\/p>\n<p>Desde crian\u00e7a, a mem\u00f3ria foi meu terreno f\u00e9rtil. Entre cadernos de escola, anota\u00e7\u00f5es de aulas, poesias e pequenos relatos do cotidiano, guardava-se um mundo inteiro em p\u00e1ginas simples.<\/p>\n<p>Na minha inf\u00e2ncia n\u00e3o havia televis\u00e3o e celular era algo impens\u00e1vel. Mas o r\u00e1dio transmitia hist\u00f3rias, not\u00edcias e imagina\u00e7\u00e3o que me acompanhavam.<\/p>\n<p>Essas primeiras experi\u00eancias me ensinaram que toda escrita nasce da pr\u00e1tica, do olhar atento e da repeti\u00e7\u00e3o. Escrever \u00e9 como caminhar por trilhas desconhecidas: o caminho se revela passo a passo, e cada parada guarda uma descoberta.<\/p>\n<p>Muitas dessas anota\u00e7\u00f5es, pequenas como sementes, floresceram anos depois nos meus livros.<\/p>\n<p>Quando lancei Acalanto em 2018, percebi que a escrita era muito mais que o ato de produzir palavras; era tamb\u00e9m preservar momentos, sentimentos e aprendizados. Em Letras Falam, em 2019 e 2020, refinei essa pr\u00e1tica, entendendo que cada texto carrega a marca do tempo, da vida vivida e observada.<\/p>\n<p>Mesmo quando alguns projetos ficaram engavetados, como livros de contos ou cr\u00f4nicas, aprendi que o processo criativo n\u00e3o se perde. Ele germina em experi\u00eancias futuras, em ensaios e em projetos que ainda vir\u00e3o.<\/p>\n<p>A mem\u00f3ria e a observa\u00e7\u00e3o se transformam em mat\u00e9ria-prima para novas hist\u00f3rias, novas cr\u00f4nicas e novos olhares sobre o mundo.<\/p>\n<p>Entre caminhos que percorri e ra\u00edzes que cultivo, percebo que escrever \u00e9, acima de tudo, uma forma de dialogar com a pr\u00f3pria vida. E de permitir que outros tamb\u00e9m caminhem por essas trilhas que desenhei com palavras.<\/p>\n<p><strong>&#8230;&#8230;&#8230;&#8230;&#8230;&#8230;&#8230;..<\/strong><\/p>\n<p><strong>@lu\u00edsanogueiraautora<\/strong><br \/>\n<strong>Meu espa\u00e7o: <a href=\"https:\/\/www.luisanogueiraautora.com.br\/?m=0\">Blog Multivias<\/a><\/strong><\/p>\n","protected":false},"excerpt":{"rendered":"<p>Lembran\u00e7as da inf\u00e2ncia e das primeiras descobertas Desde crian\u00e7a, a mem\u00f3ria foi meu terreno f\u00e9rtil. Entre cadernos de escola, anota\u00e7\u00f5es de aulas, poesias e pequenos relatos do cotidiano, guardava-se um mundo inteiro em p\u00e1ginas simples. Na minha inf\u00e2ncia n\u00e3o havia televis\u00e3o e celular era algo impens\u00e1vel. Mas o r\u00e1dio transmitia hist\u00f3rias, not\u00edcias e imagina\u00e7\u00e3o que [&hellip;]<\/p>\n","protected":false},"author":21,"featured_media":379608,"comment_status":"closed","ping_status":"closed","sticky":false,"template":"","format":"standard","meta":{"_acf_changed":false,"footnotes":""},"categories":[234],"tags":[],"class_list":["post-379607","post","type-post","status-publish","format-standard","has-post-thumbnail","hentry","category-cafe-literario"],"acf":[],"yoast_head":"<!-- This site is optimized with the Yoast SEO plugin v27.2 - https:\/\/yoast.com\/product\/yoast-seo-wordpress\/ -->\n<title>Entre Caminhos e Ra\u00edzes - Notibras<\/title>\n<meta name=\"robots\" content=\"index, follow, max-snippet:-1, max-image-preview:large, max-video-preview:-1\" \/>\n<link rel=\"canonical\" href=\"https:\/\/www.notibras.com\/site\/entre-caminhos-e-raizes\/\" \/>\n<meta property=\"og:locale\" content=\"pt_BR\" \/>\n<meta property=\"og:type\" content=\"article\" \/>\n<meta property=\"og:title\" content=\"Entre Caminhos e Ra\u00edzes - Notibras\" \/>\n<meta property=\"og:description\" content=\"Lembran\u00e7as da inf\u00e2ncia e das primeiras descobertas Desde crian\u00e7a, a mem\u00f3ria foi meu terreno f\u00e9rtil. Entre cadernos de escola, anota\u00e7\u00f5es de aulas, poesias e pequenos relatos do cotidiano, guardava-se um mundo inteiro em p\u00e1ginas simples. Na minha inf\u00e2ncia n\u00e3o havia televis\u00e3o e celular era algo impens\u00e1vel. Mas o r\u00e1dio transmitia hist\u00f3rias, not\u00edcias e imagina\u00e7\u00e3o que [&hellip;]\" \/>\n<meta property=\"og:url\" content=\"https:\/\/www.notibras.com\/site\/entre-caminhos-e-raizes\/\" \/>\n<meta property=\"og:site_name\" content=\"Notibras\" \/>\n<meta property=\"article:publisher\" content=\"https:\/\/www.facebook.com\/notibras\/\" \/>\n<meta property=\"article:published_time\" content=\"2026-01-20T03:00:00+00:00\" \/>\n<meta property=\"og:image\" content=\"https:\/\/www.notibras.com\/site\/wp-content\/uploads\/2026\/01\/f13e5e43-747f-4023-b276-38e4fd9f6e08.jpg\" \/>\n\t<meta property=\"og:image:width\" content=\"809\" \/>\n\t<meta property=\"og:image:height\" content=\"1128\" \/>\n\t<meta property=\"og:image:type\" content=\"image\/jpeg\" \/>\n<meta name=\"author\" content=\"Eduardo Mart\u00ednez\" \/>\n<meta name=\"twitter:card\" content=\"summary_large_image\" \/>\n<meta name=\"twitter:creator\" content=\"@Notibras\" \/>\n<meta name=\"twitter:site\" content=\"@Notibras\" \/>\n<meta name=\"twitter:label1\" content=\"Escrito por\" \/>\n\t<meta name=\"twitter:data1\" content=\"Eduardo Mart\u00ednez\" \/>\n\t<meta name=\"twitter:label2\" content=\"Est. tempo de leitura\" \/>\n\t<meta name=\"twitter:data2\" content=\"2 minutos\" \/>\n<script type=\"application\/ld+json\" class=\"yoast-schema-graph\">{\"@context\":\"https:\/\/schema.org\",\"@graph\":[{\"@type\":\"Article\",\"@id\":\"https:\/\/www.notibras.com\/site\/entre-caminhos-e-raizes\/#article\",\"isPartOf\":{\"@id\":\"https:\/\/www.notibras.com\/site\/entre-caminhos-e-raizes\/\"},\"author\":{\"name\":\"Eduardo Mart\u00ednez\",\"@id\":\"https:\/\/www.notibras.com\/site\/#\/schema\/person\/5b7fabf2aedc3ada2105f03b22b4d3dd\"},\"headline\":\"Entre Caminhos e Ra\u00edzes\",\"datePublished\":\"2026-01-20T03:00:00+00:00\",\"mainEntityOfPage\":{\"@id\":\"https:\/\/www.notibras.com\/site\/entre-caminhos-e-raizes\/\"},\"wordCount\":285,\"publisher\":{\"@id\":\"https:\/\/www.notibras.com\/site\/#organization\"},\"image\":{\"@id\":\"https:\/\/www.notibras.com\/site\/entre-caminhos-e-raizes\/#primaryimage\"},\"thumbnailUrl\":\"https:\/\/www.notibras.com\/site\/wp-content\/uploads\/2026\/01\/f13e5e43-747f-4023-b276-38e4fd9f6e08.jpg\",\"articleSection\":[\"Caf\u00e9 Liter\u00e1rio\"],\"inLanguage\":\"pt-BR\"},{\"@type\":\"WebPage\",\"@id\":\"https:\/\/www.notibras.com\/site\/entre-caminhos-e-raizes\/\",\"url\":\"https:\/\/www.notibras.com\/site\/entre-caminhos-e-raizes\/\",\"name\":\"Entre Caminhos e Ra\u00edzes - Notibras\",\"isPartOf\":{\"@id\":\"https:\/\/www.notibras.com\/site\/#website\"},\"primaryImageOfPage\":{\"@id\":\"https:\/\/www.notibras.com\/site\/entre-caminhos-e-raizes\/#primaryimage\"},\"image\":{\"@id\":\"https:\/\/www.notibras.com\/site\/entre-caminhos-e-raizes\/#primaryimage\"},\"thumbnailUrl\":\"https:\/\/www.notibras.com\/site\/wp-content\/uploads\/2026\/01\/f13e5e43-747f-4023-b276-38e4fd9f6e08.jpg\",\"datePublished\":\"2026-01-20T03:00:00+00:00\",\"breadcrumb\":{\"@id\":\"https:\/\/www.notibras.com\/site\/entre-caminhos-e-raizes\/#breadcrumb\"},\"inLanguage\":\"pt-BR\",\"potentialAction\":[{\"@type\":\"ReadAction\",\"target\":[\"https:\/\/www.notibras.com\/site\/entre-caminhos-e-raizes\/\"]}]},{\"@type\":\"ImageObject\",\"inLanguage\":\"pt-BR\",\"@id\":\"https:\/\/www.notibras.com\/site\/entre-caminhos-e-raizes\/#primaryimage\",\"url\":\"https:\/\/www.notibras.com\/site\/wp-content\/uploads\/2026\/01\/f13e5e43-747f-4023-b276-38e4fd9f6e08.jpg\",\"contentUrl\":\"https:\/\/www.notibras.com\/site\/wp-content\/uploads\/2026\/01\/f13e5e43-747f-4023-b276-38e4fd9f6e08.jpg\",\"width\":809,\"height\":1128},{\"@type\":\"BreadcrumbList\",\"@id\":\"https:\/\/www.notibras.com\/site\/entre-caminhos-e-raizes\/#breadcrumb\",\"itemListElement\":[{\"@type\":\"ListItem\",\"position\":1,\"name\":\"In\u00edcio\",\"item\":\"https:\/\/www.notibras.com\/site\/\"},{\"@type\":\"ListItem\",\"position\":2,\"name\":\"Entre Caminhos e Ra\u00edzes\"}]},{\"@type\":\"WebSite\",\"@id\":\"https:\/\/www.notibras.com\/site\/#website\",\"url\":\"https:\/\/www.notibras.com\/site\/\",\"name\":\"Notibras\",\"description\":\"Not\u00edcias de Bras\u00edlia, do Brasil e do Mundo\",\"publisher\":{\"@id\":\"https:\/\/www.notibras.com\/site\/#organization\"},\"potentialAction\":[{\"@type\":\"SearchAction\",\"target\":{\"@type\":\"EntryPoint\",\"urlTemplate\":\"https:\/\/www.notibras.com\/site\/?s={search_term_string}\"},\"query-input\":{\"@type\":\"PropertyValueSpecification\",\"valueRequired\":true,\"valueName\":\"search_term_string\"}}],\"inLanguage\":\"pt-BR\"},{\"@type\":\"Organization\",\"@id\":\"https:\/\/www.notibras.com\/site\/#organization\",\"name\":\"Grupo Notibras de Comunica\u00e7\u00e3o\",\"url\":\"https:\/\/www.notibras.com\/site\/\",\"logo\":{\"@type\":\"ImageObject\",\"inLanguage\":\"pt-BR\",\"@id\":\"https:\/\/www.notibras.com\/site\/#\/schema\/logo\/image\/\",\"url\":\"https:\/\/www.notibras.com\/site\/wp-content\/uploads\/2023\/01\/notibras23.png\",\"contentUrl\":\"https:\/\/www.notibras.com\/site\/wp-content\/uploads\/2023\/01\/notibras23.png\",\"width\":350,\"height\":87,\"caption\":\"Grupo Notibras de Comunica\u00e7\u00e3o\"},\"image\":{\"@id\":\"https:\/\/www.notibras.com\/site\/#\/schema\/logo\/image\/\"},\"sameAs\":[\"https:\/\/www.facebook.com\/notibras\/\",\"https:\/\/x.com\/Notibras\",\"https:\/\/www.instagram.com\/notibras\/\"]},{\"@type\":\"Person\",\"@id\":\"https:\/\/www.notibras.com\/site\/#\/schema\/person\/5b7fabf2aedc3ada2105f03b22b4d3dd\",\"name\":\"Eduardo Mart\u00ednez\",\"image\":{\"@type\":\"ImageObject\",\"inLanguage\":\"pt-BR\",\"@id\":\"https:\/\/secure.gravatar.com\/avatar\/7902f906289926289cbcda644b5197c796b893c6ffd7b9a536a42d290f7704a0?s=96&d=mm&r=g\",\"url\":\"https:\/\/secure.gravatar.com\/avatar\/7902f906289926289cbcda644b5197c796b893c6ffd7b9a536a42d290f7704a0?s=96&d=mm&r=g\",\"contentUrl\":\"https:\/\/secure.gravatar.com\/avatar\/7902f906289926289cbcda644b5197c796b893c6ffd7b9a536a42d290f7704a0?s=96&d=mm&r=g\",\"caption\":\"Eduardo Mart\u00ednez\"}}]}<\/script>\n<!-- \/ Yoast SEO plugin. -->","yoast_head_json":{"title":"Entre Caminhos e Ra\u00edzes - Notibras","robots":{"index":"index","follow":"follow","max-snippet":"max-snippet:-1","max-image-preview":"max-image-preview:large","max-video-preview":"max-video-preview:-1"},"canonical":"https:\/\/www.notibras.com\/site\/entre-caminhos-e-raizes\/","og_locale":"pt_BR","og_type":"article","og_title":"Entre Caminhos e Ra\u00edzes - Notibras","og_description":"Lembran\u00e7as da inf\u00e2ncia e das primeiras descobertas Desde crian\u00e7a, a mem\u00f3ria foi meu terreno f\u00e9rtil. Entre cadernos de escola, anota\u00e7\u00f5es de aulas, poesias e pequenos relatos do cotidiano, guardava-se um mundo inteiro em p\u00e1ginas simples. Na minha inf\u00e2ncia n\u00e3o havia televis\u00e3o e celular era algo impens\u00e1vel. Mas o r\u00e1dio transmitia hist\u00f3rias, not\u00edcias e imagina\u00e7\u00e3o que [&hellip;]","og_url":"https:\/\/www.notibras.com\/site\/entre-caminhos-e-raizes\/","og_site_name":"Notibras","article_publisher":"https:\/\/www.facebook.com\/notibras\/","article_published_time":"2026-01-20T03:00:00+00:00","og_image":[{"width":809,"height":1128,"url":"https:\/\/www.notibras.com\/site\/wp-content\/uploads\/2026\/01\/f13e5e43-747f-4023-b276-38e4fd9f6e08.jpg","type":"image\/jpeg"}],"author":"Eduardo Mart\u00ednez","twitter_card":"summary_large_image","twitter_creator":"@Notibras","twitter_site":"@Notibras","twitter_misc":{"Escrito por":"Eduardo Mart\u00ednez","Est. tempo de leitura":"2 minutos"},"schema":{"@context":"https:\/\/schema.org","@graph":[{"@type":"Article","@id":"https:\/\/www.notibras.com\/site\/entre-caminhos-e-raizes\/#article","isPartOf":{"@id":"https:\/\/www.notibras.com\/site\/entre-caminhos-e-raizes\/"},"author":{"name":"Eduardo Mart\u00ednez","@id":"https:\/\/www.notibras.com\/site\/#\/schema\/person\/5b7fabf2aedc3ada2105f03b22b4d3dd"},"headline":"Entre Caminhos e Ra\u00edzes","datePublished":"2026-01-20T03:00:00+00:00","mainEntityOfPage":{"@id":"https:\/\/www.notibras.com\/site\/entre-caminhos-e-raizes\/"},"wordCount":285,"publisher":{"@id":"https:\/\/www.notibras.com\/site\/#organization"},"image":{"@id":"https:\/\/www.notibras.com\/site\/entre-caminhos-e-raizes\/#primaryimage"},"thumbnailUrl":"https:\/\/www.notibras.com\/site\/wp-content\/uploads\/2026\/01\/f13e5e43-747f-4023-b276-38e4fd9f6e08.jpg","articleSection":["Caf\u00e9 Liter\u00e1rio"],"inLanguage":"pt-BR"},{"@type":"WebPage","@id":"https:\/\/www.notibras.com\/site\/entre-caminhos-e-raizes\/","url":"https:\/\/www.notibras.com\/site\/entre-caminhos-e-raizes\/","name":"Entre Caminhos e Ra\u00edzes - Notibras","isPartOf":{"@id":"https:\/\/www.notibras.com\/site\/#website"},"primaryImageOfPage":{"@id":"https:\/\/www.notibras.com\/site\/entre-caminhos-e-raizes\/#primaryimage"},"image":{"@id":"https:\/\/www.notibras.com\/site\/entre-caminhos-e-raizes\/#primaryimage"},"thumbnailUrl":"https:\/\/www.notibras.com\/site\/wp-content\/uploads\/2026\/01\/f13e5e43-747f-4023-b276-38e4fd9f6e08.jpg","datePublished":"2026-01-20T03:00:00+00:00","breadcrumb":{"@id":"https:\/\/www.notibras.com\/site\/entre-caminhos-e-raizes\/#breadcrumb"},"inLanguage":"pt-BR","potentialAction":[{"@type":"ReadAction","target":["https:\/\/www.notibras.com\/site\/entre-caminhos-e-raizes\/"]}]},{"@type":"ImageObject","inLanguage":"pt-BR","@id":"https:\/\/www.notibras.com\/site\/entre-caminhos-e-raizes\/#primaryimage","url":"https:\/\/www.notibras.com\/site\/wp-content\/uploads\/2026\/01\/f13e5e43-747f-4023-b276-38e4fd9f6e08.jpg","contentUrl":"https:\/\/www.notibras.com\/site\/wp-content\/uploads\/2026\/01\/f13e5e43-747f-4023-b276-38e4fd9f6e08.jpg","width":809,"height":1128},{"@type":"BreadcrumbList","@id":"https:\/\/www.notibras.com\/site\/entre-caminhos-e-raizes\/#breadcrumb","itemListElement":[{"@type":"ListItem","position":1,"name":"In\u00edcio","item":"https:\/\/www.notibras.com\/site\/"},{"@type":"ListItem","position":2,"name":"Entre Caminhos e Ra\u00edzes"}]},{"@type":"WebSite","@id":"https:\/\/www.notibras.com\/site\/#website","url":"https:\/\/www.notibras.com\/site\/","name":"Notibras","description":"Not\u00edcias de Bras\u00edlia, do Brasil e do Mundo","publisher":{"@id":"https:\/\/www.notibras.com\/site\/#organization"},"potentialAction":[{"@type":"SearchAction","target":{"@type":"EntryPoint","urlTemplate":"https:\/\/www.notibras.com\/site\/?s={search_term_string}"},"query-input":{"@type":"PropertyValueSpecification","valueRequired":true,"valueName":"search_term_string"}}],"inLanguage":"pt-BR"},{"@type":"Organization","@id":"https:\/\/www.notibras.com\/site\/#organization","name":"Grupo Notibras de Comunica\u00e7\u00e3o","url":"https:\/\/www.notibras.com\/site\/","logo":{"@type":"ImageObject","inLanguage":"pt-BR","@id":"https:\/\/www.notibras.com\/site\/#\/schema\/logo\/image\/","url":"https:\/\/www.notibras.com\/site\/wp-content\/uploads\/2023\/01\/notibras23.png","contentUrl":"https:\/\/www.notibras.com\/site\/wp-content\/uploads\/2023\/01\/notibras23.png","width":350,"height":87,"caption":"Grupo Notibras de Comunica\u00e7\u00e3o"},"image":{"@id":"https:\/\/www.notibras.com\/site\/#\/schema\/logo\/image\/"},"sameAs":["https:\/\/www.facebook.com\/notibras\/","https:\/\/x.com\/Notibras","https:\/\/www.instagram.com\/notibras\/"]},{"@type":"Person","@id":"https:\/\/www.notibras.com\/site\/#\/schema\/person\/5b7fabf2aedc3ada2105f03b22b4d3dd","name":"Eduardo Mart\u00ednez","image":{"@type":"ImageObject","inLanguage":"pt-BR","@id":"https:\/\/secure.gravatar.com\/avatar\/7902f906289926289cbcda644b5197c796b893c6ffd7b9a536a42d290f7704a0?s=96&d=mm&r=g","url":"https:\/\/secure.gravatar.com\/avatar\/7902f906289926289cbcda644b5197c796b893c6ffd7b9a536a42d290f7704a0?s=96&d=mm&r=g","contentUrl":"https:\/\/secure.gravatar.com\/avatar\/7902f906289926289cbcda644b5197c796b893c6ffd7b9a536a42d290f7704a0?s=96&d=mm&r=g","caption":"Eduardo Mart\u00ednez"}}]}},"amp_enabled":true,"_links":{"self":[{"href":"https:\/\/www.notibras.com\/site\/wp-json\/wp\/v2\/posts\/379607","targetHints":{"allow":["GET"]}}],"collection":[{"href":"https:\/\/www.notibras.com\/site\/wp-json\/wp\/v2\/posts"}],"about":[{"href":"https:\/\/www.notibras.com\/site\/wp-json\/wp\/v2\/types\/post"}],"author":[{"embeddable":true,"href":"https:\/\/www.notibras.com\/site\/wp-json\/wp\/v2\/users\/21"}],"replies":[{"embeddable":true,"href":"https:\/\/www.notibras.com\/site\/wp-json\/wp\/v2\/comments?post=379607"}],"version-history":[{"count":3,"href":"https:\/\/www.notibras.com\/site\/wp-json\/wp\/v2\/posts\/379607\/revisions"}],"predecessor-version":[{"id":379611,"href":"https:\/\/www.notibras.com\/site\/wp-json\/wp\/v2\/posts\/379607\/revisions\/379611"}],"wp:featuredmedia":[{"embeddable":true,"href":"https:\/\/www.notibras.com\/site\/wp-json\/wp\/v2\/media\/379608"}],"wp:attachment":[{"href":"https:\/\/www.notibras.com\/site\/wp-json\/wp\/v2\/media?parent=379607"}],"wp:term":[{"taxonomy":"category","embeddable":true,"href":"https:\/\/www.notibras.com\/site\/wp-json\/wp\/v2\/categories?post=379607"},{"taxonomy":"post_tag","embeddable":true,"href":"https:\/\/www.notibras.com\/site\/wp-json\/wp\/v2\/tags?post=379607"}],"curies":[{"name":"wp","href":"https:\/\/api.w.org\/{rel}","templated":true}]}}