{"id":37961,"date":"2015-02-23T13:09:27","date_gmt":"2015-02-23T16:09:27","guid":{"rendered":"http:\/\/www.notibras.com\/site\/?p=37961"},"modified":"2015-02-23T18:40:22","modified_gmt":"2015-02-23T21:40:22","slug":"indonesia-aguarda-desculpas-por-gesto-hostil-de-dilma","status":"publish","type":"post","link":"https:\/\/www.notibras.com\/site\/indonesia-aguarda-desculpas-por-gesto-hostil-de-dilma\/","title":{"rendered":"Indon\u00e9sia aguarda desculpas do Brasil ap\u00f3s Dilma ser hostil"},"content":{"rendered":"<p>A Indon\u00e9sia espera um pedido de desculpas do governo brasileiro pelo adiamento da apresenta\u00e7\u00e3o das credenciais do embaixador indon\u00e9sio no Brasil e est\u00e1 analisando todas as \u00e1reas da coopera\u00e7\u00e3o bilateral, disse nesta segunda 23 o porta-voz da diplomacia indon\u00e9sia, Armanatha Nasir, \u00e0 Ag\u00eancia Lusa.<\/p>\n<p>O porta-voz da diplomacia indon\u00e9sia disse \u00e0 Lusa que &#8220;um pedido de desculpa est\u00e1 subjacente&#8221; na declara\u00e7\u00e3o enviada ao governo brasileiro sobre os passos que deve tomar para resolver a situa\u00e7\u00e3o diplom\u00e1tica criada pelo adiamento da apresenta\u00e7\u00e3o das credenciais do embaixador indon\u00e9sio, Toto Riyanto.<\/p>\n<p>Armanatha Nasir falou com os jornalistas ap\u00f3s uma reuni\u00e3o no Minist\u00e9rio dos Neg\u00f3cios Estrangeiros da Indon\u00e9sia, na qual o embaixador Toto Riyanto relatou o que ocorreu.<\/p>\n<blockquote><p>O diplomata foi chamado a Jacarta, ap\u00f3s a presidenta Dilma Rousseff ter adiado na sexta-feira (20) o recebimento das suas credenciais. \u201cAchamos que \u00e9 importante que haja uma evolu\u00e7\u00e3o na situa\u00e7\u00e3o para que a gente tenha clareza em que condi\u00e7\u00f5es est\u00e3o as rela\u00e7\u00f5es da Indon\u00e9sia com o Brasil. O que n\u00f3s fizemos foi atrasar um pouco o recebimento de credenciais, nada mais que isso\u201d, explicou a presidenta ap\u00f3s a cerim\u00f4nia.<\/p><\/blockquote>\n<p>&#8220;Trata-se de um passo muito extraordin\u00e1rio e anti-diplom\u00e1tico&#8221;, disse Armanatha Nasir, explicando que Toto Riyanto foi convidado formalmente para apresentar as suas credenciais e, quando j\u00e1 se encontrava no Pal\u00e1cio do Planalto, &#8220;foi-lhe dito que tal n\u00e3o iria acontecer&#8221;.<\/p>\n<p>Dilma recebeu as credenciais dos embaixadores da Venezuela, do Panam\u00e1, de El Salvador, do Senegal e da Gr\u00e9cia.<\/p>\n<p>Em resposta, o governo indon\u00e9sio enviou uma declara\u00e7\u00e3o \u00e0s autoridades brasileiras informando que chamou Toto Riyanto de volta &#8220;at\u00e9 que o governo do Brasil determine quando as credenciais dever\u00e3o ser apresentadas&#8221; e onde constam todos os &#8220;passos que devem ser tomados pelo Brasil&#8221;, disse o porta-voz, sem dar mais detalhes.<\/p>\n<p>&#8220;Todos os aspectos das nossas rela\u00e7\u00f5es est\u00e3o atualmente sendo analisados e revistos, bem como o que poderemos fazer para seguir em frente e o que precisa ser feito nos pr\u00f3ximos meses, semanas e dias&#8221;, disse Armanatha Nasir.<\/p>\n<p>O diretor-geral para os Assuntos Europeus e Americanos no Minist\u00e9rio dos Neg\u00f3cios Estrangeiros indon\u00e9sio, Dian Triansyah Djani, que tamb\u00e9m falou com os jornalistas, destacou que a Indon\u00e9sia &#8220;\u00e9 um pa\u00eds amig\u00e1vel&#8221;, mas &#8220;toda a coopera\u00e7\u00e3o deve ser baseada no respeito m\u00fatuo e na aceita\u00e7\u00e3o da sua soberania&#8221;.<\/p>\n<p>A diplomacia indon\u00e9sia convocou o embaixador brasileiro no pa\u00eds, Paulo Soares, logo ap\u00f3s a recusa das credenciais para transmitir a sua nota de protesto em rela\u00e7\u00e3o ao que ocorreu, que qualificou de &#8220;inaceit\u00e1vel&#8221;.<\/p>\n<p>Armanatha Nasir ressaltou que a Indon\u00e9sia tem explicado ao Brasil, &#8220;em n\u00edvel t\u00e9cnico, em n\u00edvel ministerial e at\u00e9 em n\u00edvel dos chefes de Estado&#8221;, que a condena\u00e7\u00e3o de dois brasileiros \u00e0 pena de morte \u00e9 uma quest\u00e3o de &#8220;implementa\u00e7\u00e3o da lei&#8221; indon\u00e9sia. &#8220;Esperamos que eles entendam isso&#8221;, acrescentou o porta-voz.<\/p>\n<p>Em janeiro, a execu\u00e7\u00e3o de Marco Archer por tr\u00e1fico de drogas gerou mal-estar entre os dois pa\u00edses, ap\u00f3s Dilma ter falado com o presidente indon\u00e9sio, Joko Widodo,\u00a0 pedindo clem\u00eancia. Outro brasileiro, Rodrigo Gularte, que tamb\u00e9m foi condenado por tr\u00e1fico de drogas, est\u00e1 no corredor da morte.<\/p>\n<p>Atualmente, o Brasil e a Indon\u00e9sia est\u00e3o tamb\u00e9m divididos em um contencioso no \u00e2mbito da Organiza\u00e7\u00e3o Mundial do Com\u00e9rcio relativo ao bloqueio \u00e0 carne bovina brasileira, que vigora na Indon\u00e9sia desde 2009.<\/p>\n<p>Jacarta e Bras\u00edlia t\u00eam acordos em v\u00e1rias \u00e1reas, desde defesa \u00e0 prote\u00e7\u00e3o das florestas, sendo que a Indon\u00e9sia \u00e9 o principal parceiro comercial do Brasil no Sudeste Asi\u00e1tico.<\/p>\n","protected":false},"excerpt":{"rendered":"<p>A Indon\u00e9sia espera um pedido de desculpas do governo brasileiro pelo adiamento da apresenta\u00e7\u00e3o das credenciais do embaixador indon\u00e9sio no Brasil e est\u00e1 analisando todas as \u00e1reas da coopera\u00e7\u00e3o bilateral, disse nesta segunda 23 o porta-voz da diplomacia indon\u00e9sia, Armanatha Nasir, \u00e0 Ag\u00eancia Lusa. O porta-voz da diplomacia indon\u00e9sia disse \u00e0 Lusa que &#8220;um pedido [&hellip;]<\/p>\n","protected":false},"author":2,"featured_media":37962,"comment_status":"open","ping_status":"closed","sticky":false,"template":"","format":"standard","meta":{"_acf_changed":false,"footnotes":""},"categories":[16],"tags":[],"class_list":["post-37961","post","type-post","status-publish","format-standard","has-post-thumbnail","hentry","category-brasil"],"acf":[],"yoast_head":"<!-- This site is optimized with the Yoast SEO plugin v27.2 - https:\/\/yoast.com\/product\/yoast-seo-wordpress\/ -->\n<title>Indon\u00e9sia aguarda desculpas do Brasil ap\u00f3s Dilma ser hostil - Notibras<\/title>\n<meta name=\"robots\" content=\"index, follow, max-snippet:-1, max-image-preview:large, max-video-preview:-1\" \/>\n<link rel=\"canonical\" href=\"https:\/\/www.notibras.com\/site\/indonesia-aguarda-desculpas-por-gesto-hostil-de-dilma\/\" \/>\n<meta property=\"og:locale\" content=\"pt_BR\" \/>\n<meta property=\"og:type\" content=\"article\" \/>\n<meta property=\"og:title\" content=\"Indon\u00e9sia aguarda desculpas do Brasil ap\u00f3s Dilma ser hostil - Notibras\" \/>\n<meta property=\"og:description\" content=\"A Indon\u00e9sia espera um pedido de desculpas do governo brasileiro pelo adiamento da apresenta\u00e7\u00e3o das credenciais do embaixador indon\u00e9sio no Brasil e est\u00e1 analisando todas as \u00e1reas da coopera\u00e7\u00e3o bilateral, disse nesta segunda 23 o porta-voz da diplomacia indon\u00e9sia, Armanatha Nasir, \u00e0 Ag\u00eancia Lusa. O porta-voz da diplomacia indon\u00e9sia disse \u00e0 Lusa que &#8220;um pedido [&hellip;]\" \/>\n<meta property=\"og:url\" content=\"https:\/\/www.notibras.com\/site\/indonesia-aguarda-desculpas-por-gesto-hostil-de-dilma\/\" \/>\n<meta property=\"og:site_name\" content=\"Notibras\" \/>\n<meta property=\"article:publisher\" content=\"https:\/\/www.facebook.com\/notibras\/\" \/>\n<meta property=\"article:published_time\" content=\"2015-02-23T16:09:27+00:00\" \/>\n<meta property=\"article:modified_time\" content=\"2015-02-23T21:40:22+00:00\" \/>\n<meta property=\"og:image\" content=\"https:\/\/www.notibras.com\/site\/wp-content\/uploads\/2015\/02\/ind.jpeg\" \/>\n\t<meta property=\"og:image:width\" content=\"673\" \/>\n\t<meta property=\"og:image:height\" content=\"373\" \/>\n\t<meta property=\"og:image:type\" content=\"image\/jpeg\" \/>\n<meta name=\"author\" content=\"Reda\u00e7\u00e3o\" \/>\n<meta name=\"twitter:card\" content=\"summary_large_image\" \/>\n<meta name=\"twitter:creator\" content=\"@Notibras\" \/>\n<meta name=\"twitter:site\" content=\"@Notibras\" \/>\n<meta name=\"twitter:label1\" content=\"Escrito por\" \/>\n\t<meta name=\"twitter:data1\" content=\"Reda\u00e7\u00e3o\" \/>\n\t<meta name=\"twitter:label2\" content=\"Est. tempo de leitura\" \/>\n\t<meta name=\"twitter:data2\" content=\"3 minutos\" \/>\n<script type=\"application\/ld+json\" class=\"yoast-schema-graph\">{\"@context\":\"https:\/\/schema.org\",\"@graph\":[{\"@type\":\"Article\",\"@id\":\"https:\/\/www.notibras.com\/site\/indonesia-aguarda-desculpas-por-gesto-hostil-de-dilma\/#article\",\"isPartOf\":{\"@id\":\"https:\/\/www.notibras.com\/site\/indonesia-aguarda-desculpas-por-gesto-hostil-de-dilma\/\"},\"author\":{\"name\":\"Reda\u00e7\u00e3o\",\"@id\":\"https:\/\/www.notibras.com\/site\/#\/schema\/person\/36ab0979449956132d3e5b517ea76ac8\"},\"headline\":\"Indon\u00e9sia aguarda desculpas do Brasil ap\u00f3s Dilma ser hostil\",\"datePublished\":\"2015-02-23T16:09:27+00:00\",\"dateModified\":\"2015-02-23T21:40:22+00:00\",\"mainEntityOfPage\":{\"@id\":\"https:\/\/www.notibras.com\/site\/indonesia-aguarda-desculpas-por-gesto-hostil-de-dilma\/\"},\"wordCount\":645,\"commentCount\":0,\"publisher\":{\"@id\":\"https:\/\/www.notibras.com\/site\/#organization\"},\"image\":{\"@id\":\"https:\/\/www.notibras.com\/site\/indonesia-aguarda-desculpas-por-gesto-hostil-de-dilma\/#primaryimage\"},\"thumbnailUrl\":\"https:\/\/www.notibras.com\/site\/wp-content\/uploads\/2015\/02\/ind.jpeg\",\"articleSection\":[\"Brasil\"],\"inLanguage\":\"pt-BR\",\"potentialAction\":[{\"@type\":\"CommentAction\",\"name\":\"Comment\",\"target\":[\"https:\/\/www.notibras.com\/site\/indonesia-aguarda-desculpas-por-gesto-hostil-de-dilma\/#respond\"]}]},{\"@type\":\"WebPage\",\"@id\":\"https:\/\/www.notibras.com\/site\/indonesia-aguarda-desculpas-por-gesto-hostil-de-dilma\/\",\"url\":\"https:\/\/www.notibras.com\/site\/indonesia-aguarda-desculpas-por-gesto-hostil-de-dilma\/\",\"name\":\"Indon\u00e9sia aguarda desculpas do Brasil ap\u00f3s Dilma ser hostil - Notibras\",\"isPartOf\":{\"@id\":\"https:\/\/www.notibras.com\/site\/#website\"},\"primaryImageOfPage\":{\"@id\":\"https:\/\/www.notibras.com\/site\/indonesia-aguarda-desculpas-por-gesto-hostil-de-dilma\/#primaryimage\"},\"image\":{\"@id\":\"https:\/\/www.notibras.com\/site\/indonesia-aguarda-desculpas-por-gesto-hostil-de-dilma\/#primaryimage\"},\"thumbnailUrl\":\"https:\/\/www.notibras.com\/site\/wp-content\/uploads\/2015\/02\/ind.jpeg\",\"datePublished\":\"2015-02-23T16:09:27+00:00\",\"dateModified\":\"2015-02-23T21:40:22+00:00\",\"breadcrumb\":{\"@id\":\"https:\/\/www.notibras.com\/site\/indonesia-aguarda-desculpas-por-gesto-hostil-de-dilma\/#breadcrumb\"},\"inLanguage\":\"pt-BR\",\"potentialAction\":[{\"@type\":\"ReadAction\",\"target\":[\"https:\/\/www.notibras.com\/site\/indonesia-aguarda-desculpas-por-gesto-hostil-de-dilma\/\"]}]},{\"@type\":\"ImageObject\",\"inLanguage\":\"pt-BR\",\"@id\":\"https:\/\/www.notibras.com\/site\/indonesia-aguarda-desculpas-por-gesto-hostil-de-dilma\/#primaryimage\",\"url\":\"https:\/\/www.notibras.com\/site\/wp-content\/uploads\/2015\/02\/ind.jpeg\",\"contentUrl\":\"https:\/\/www.notibras.com\/site\/wp-content\/uploads\/2015\/02\/ind.jpeg\",\"width\":673,\"height\":373},{\"@type\":\"BreadcrumbList\",\"@id\":\"https:\/\/www.notibras.com\/site\/indonesia-aguarda-desculpas-por-gesto-hostil-de-dilma\/#breadcrumb\",\"itemListElement\":[{\"@type\":\"ListItem\",\"position\":1,\"name\":\"In\u00edcio\",\"item\":\"https:\/\/www.notibras.com\/site\/\"},{\"@type\":\"ListItem\",\"position\":2,\"name\":\"Indon\u00e9sia aguarda desculpas do Brasil ap\u00f3s Dilma ser hostil\"}]},{\"@type\":\"WebSite\",\"@id\":\"https:\/\/www.notibras.com\/site\/#website\",\"url\":\"https:\/\/www.notibras.com\/site\/\",\"name\":\"Notibras\",\"description\":\"Not\u00edcias de Bras\u00edlia, do Brasil e do Mundo\",\"publisher\":{\"@id\":\"https:\/\/www.notibras.com\/site\/#organization\"},\"potentialAction\":[{\"@type\":\"SearchAction\",\"target\":{\"@type\":\"EntryPoint\",\"urlTemplate\":\"https:\/\/www.notibras.com\/site\/?s={search_term_string}\"},\"query-input\":{\"@type\":\"PropertyValueSpecification\",\"valueRequired\":true,\"valueName\":\"search_term_string\"}}],\"inLanguage\":\"pt-BR\"},{\"@type\":\"Organization\",\"@id\":\"https:\/\/www.notibras.com\/site\/#organization\",\"name\":\"Grupo Notibras de Comunica\u00e7\u00e3o\",\"url\":\"https:\/\/www.notibras.com\/site\/\",\"logo\":{\"@type\":\"ImageObject\",\"inLanguage\":\"pt-BR\",\"@id\":\"https:\/\/www.notibras.com\/site\/#\/schema\/logo\/image\/\",\"url\":\"https:\/\/www.notibras.com\/site\/wp-content\/uploads\/2023\/01\/notibras23.png\",\"contentUrl\":\"https:\/\/www.notibras.com\/site\/wp-content\/uploads\/2023\/01\/notibras23.png\",\"width\":350,\"height\":87,\"caption\":\"Grupo Notibras de Comunica\u00e7\u00e3o\"},\"image\":{\"@id\":\"https:\/\/www.notibras.com\/site\/#\/schema\/logo\/image\/\"},\"sameAs\":[\"https:\/\/www.facebook.com\/notibras\/\",\"https:\/\/x.com\/Notibras\",\"https:\/\/www.instagram.com\/notibras\/\"]},{\"@type\":\"Person\",\"@id\":\"https:\/\/www.notibras.com\/site\/#\/schema\/person\/36ab0979449956132d3e5b517ea76ac8\",\"name\":\"Reda\u00e7\u00e3o\",\"image\":{\"@type\":\"ImageObject\",\"inLanguage\":\"pt-BR\",\"@id\":\"https:\/\/secure.gravatar.com\/avatar\/e0a867bdedb85fd243eadf09663511f96fc81e0720a4a42581f334ad4303aa6b?s=96&d=mm&r=g\",\"url\":\"https:\/\/secure.gravatar.com\/avatar\/e0a867bdedb85fd243eadf09663511f96fc81e0720a4a42581f334ad4303aa6b?s=96&d=mm&r=g\",\"contentUrl\":\"https:\/\/secure.gravatar.com\/avatar\/e0a867bdedb85fd243eadf09663511f96fc81e0720a4a42581f334ad4303aa6b?s=96&d=mm&r=g\",\"caption\":\"Reda\u00e7\u00e3o\"}}]}<\/script>\n<!-- \/ Yoast SEO plugin. -->","yoast_head_json":{"title":"Indon\u00e9sia aguarda desculpas do Brasil ap\u00f3s Dilma ser hostil - Notibras","robots":{"index":"index","follow":"follow","max-snippet":"max-snippet:-1","max-image-preview":"max-image-preview:large","max-video-preview":"max-video-preview:-1"},"canonical":"https:\/\/www.notibras.com\/site\/indonesia-aguarda-desculpas-por-gesto-hostil-de-dilma\/","og_locale":"pt_BR","og_type":"article","og_title":"Indon\u00e9sia aguarda desculpas do Brasil ap\u00f3s Dilma ser hostil - Notibras","og_description":"A Indon\u00e9sia espera um pedido de desculpas do governo brasileiro pelo adiamento da apresenta\u00e7\u00e3o das credenciais do embaixador indon\u00e9sio no Brasil e est\u00e1 analisando todas as \u00e1reas da coopera\u00e7\u00e3o bilateral, disse nesta segunda 23 o porta-voz da diplomacia indon\u00e9sia, Armanatha Nasir, \u00e0 Ag\u00eancia Lusa. O porta-voz da diplomacia indon\u00e9sia disse \u00e0 Lusa que &#8220;um pedido [&hellip;]","og_url":"https:\/\/www.notibras.com\/site\/indonesia-aguarda-desculpas-por-gesto-hostil-de-dilma\/","og_site_name":"Notibras","article_publisher":"https:\/\/www.facebook.com\/notibras\/","article_published_time":"2015-02-23T16:09:27+00:00","article_modified_time":"2015-02-23T21:40:22+00:00","og_image":[{"width":673,"height":373,"url":"https:\/\/www.notibras.com\/site\/wp-content\/uploads\/2015\/02\/ind.jpeg","type":"image\/jpeg"}],"author":"Reda\u00e7\u00e3o","twitter_card":"summary_large_image","twitter_creator":"@Notibras","twitter_site":"@Notibras","twitter_misc":{"Escrito por":"Reda\u00e7\u00e3o","Est. tempo de leitura":"3 minutos"},"schema":{"@context":"https:\/\/schema.org","@graph":[{"@type":"Article","@id":"https:\/\/www.notibras.com\/site\/indonesia-aguarda-desculpas-por-gesto-hostil-de-dilma\/#article","isPartOf":{"@id":"https:\/\/www.notibras.com\/site\/indonesia-aguarda-desculpas-por-gesto-hostil-de-dilma\/"},"author":{"name":"Reda\u00e7\u00e3o","@id":"https:\/\/www.notibras.com\/site\/#\/schema\/person\/36ab0979449956132d3e5b517ea76ac8"},"headline":"Indon\u00e9sia aguarda desculpas do Brasil ap\u00f3s Dilma ser hostil","datePublished":"2015-02-23T16:09:27+00:00","dateModified":"2015-02-23T21:40:22+00:00","mainEntityOfPage":{"@id":"https:\/\/www.notibras.com\/site\/indonesia-aguarda-desculpas-por-gesto-hostil-de-dilma\/"},"wordCount":645,"commentCount":0,"publisher":{"@id":"https:\/\/www.notibras.com\/site\/#organization"},"image":{"@id":"https:\/\/www.notibras.com\/site\/indonesia-aguarda-desculpas-por-gesto-hostil-de-dilma\/#primaryimage"},"thumbnailUrl":"https:\/\/www.notibras.com\/site\/wp-content\/uploads\/2015\/02\/ind.jpeg","articleSection":["Brasil"],"inLanguage":"pt-BR","potentialAction":[{"@type":"CommentAction","name":"Comment","target":["https:\/\/www.notibras.com\/site\/indonesia-aguarda-desculpas-por-gesto-hostil-de-dilma\/#respond"]}]},{"@type":"WebPage","@id":"https:\/\/www.notibras.com\/site\/indonesia-aguarda-desculpas-por-gesto-hostil-de-dilma\/","url":"https:\/\/www.notibras.com\/site\/indonesia-aguarda-desculpas-por-gesto-hostil-de-dilma\/","name":"Indon\u00e9sia aguarda desculpas do Brasil ap\u00f3s Dilma ser hostil - Notibras","isPartOf":{"@id":"https:\/\/www.notibras.com\/site\/#website"},"primaryImageOfPage":{"@id":"https:\/\/www.notibras.com\/site\/indonesia-aguarda-desculpas-por-gesto-hostil-de-dilma\/#primaryimage"},"image":{"@id":"https:\/\/www.notibras.com\/site\/indonesia-aguarda-desculpas-por-gesto-hostil-de-dilma\/#primaryimage"},"thumbnailUrl":"https:\/\/www.notibras.com\/site\/wp-content\/uploads\/2015\/02\/ind.jpeg","datePublished":"2015-02-23T16:09:27+00:00","dateModified":"2015-02-23T21:40:22+00:00","breadcrumb":{"@id":"https:\/\/www.notibras.com\/site\/indonesia-aguarda-desculpas-por-gesto-hostil-de-dilma\/#breadcrumb"},"inLanguage":"pt-BR","potentialAction":[{"@type":"ReadAction","target":["https:\/\/www.notibras.com\/site\/indonesia-aguarda-desculpas-por-gesto-hostil-de-dilma\/"]}]},{"@type":"ImageObject","inLanguage":"pt-BR","@id":"https:\/\/www.notibras.com\/site\/indonesia-aguarda-desculpas-por-gesto-hostil-de-dilma\/#primaryimage","url":"https:\/\/www.notibras.com\/site\/wp-content\/uploads\/2015\/02\/ind.jpeg","contentUrl":"https:\/\/www.notibras.com\/site\/wp-content\/uploads\/2015\/02\/ind.jpeg","width":673,"height":373},{"@type":"BreadcrumbList","@id":"https:\/\/www.notibras.com\/site\/indonesia-aguarda-desculpas-por-gesto-hostil-de-dilma\/#breadcrumb","itemListElement":[{"@type":"ListItem","position":1,"name":"In\u00edcio","item":"https:\/\/www.notibras.com\/site\/"},{"@type":"ListItem","position":2,"name":"Indon\u00e9sia aguarda desculpas do Brasil ap\u00f3s Dilma ser hostil"}]},{"@type":"WebSite","@id":"https:\/\/www.notibras.com\/site\/#website","url":"https:\/\/www.notibras.com\/site\/","name":"Notibras","description":"Not\u00edcias de Bras\u00edlia, do Brasil e do Mundo","publisher":{"@id":"https:\/\/www.notibras.com\/site\/#organization"},"potentialAction":[{"@type":"SearchAction","target":{"@type":"EntryPoint","urlTemplate":"https:\/\/www.notibras.com\/site\/?s={search_term_string}"},"query-input":{"@type":"PropertyValueSpecification","valueRequired":true,"valueName":"search_term_string"}}],"inLanguage":"pt-BR"},{"@type":"Organization","@id":"https:\/\/www.notibras.com\/site\/#organization","name":"Grupo Notibras de Comunica\u00e7\u00e3o","url":"https:\/\/www.notibras.com\/site\/","logo":{"@type":"ImageObject","inLanguage":"pt-BR","@id":"https:\/\/www.notibras.com\/site\/#\/schema\/logo\/image\/","url":"https:\/\/www.notibras.com\/site\/wp-content\/uploads\/2023\/01\/notibras23.png","contentUrl":"https:\/\/www.notibras.com\/site\/wp-content\/uploads\/2023\/01\/notibras23.png","width":350,"height":87,"caption":"Grupo Notibras de Comunica\u00e7\u00e3o"},"image":{"@id":"https:\/\/www.notibras.com\/site\/#\/schema\/logo\/image\/"},"sameAs":["https:\/\/www.facebook.com\/notibras\/","https:\/\/x.com\/Notibras","https:\/\/www.instagram.com\/notibras\/"]},{"@type":"Person","@id":"https:\/\/www.notibras.com\/site\/#\/schema\/person\/36ab0979449956132d3e5b517ea76ac8","name":"Reda\u00e7\u00e3o","image":{"@type":"ImageObject","inLanguage":"pt-BR","@id":"https:\/\/secure.gravatar.com\/avatar\/e0a867bdedb85fd243eadf09663511f96fc81e0720a4a42581f334ad4303aa6b?s=96&d=mm&r=g","url":"https:\/\/secure.gravatar.com\/avatar\/e0a867bdedb85fd243eadf09663511f96fc81e0720a4a42581f334ad4303aa6b?s=96&d=mm&r=g","contentUrl":"https:\/\/secure.gravatar.com\/avatar\/e0a867bdedb85fd243eadf09663511f96fc81e0720a4a42581f334ad4303aa6b?s=96&d=mm&r=g","caption":"Reda\u00e7\u00e3o"}}]}},"amp_enabled":true,"_links":{"self":[{"href":"https:\/\/www.notibras.com\/site\/wp-json\/wp\/v2\/posts\/37961","targetHints":{"allow":["GET"]}}],"collection":[{"href":"https:\/\/www.notibras.com\/site\/wp-json\/wp\/v2\/posts"}],"about":[{"href":"https:\/\/www.notibras.com\/site\/wp-json\/wp\/v2\/types\/post"}],"author":[{"embeddable":true,"href":"https:\/\/www.notibras.com\/site\/wp-json\/wp\/v2\/users\/2"}],"replies":[{"embeddable":true,"href":"https:\/\/www.notibras.com\/site\/wp-json\/wp\/v2\/comments?post=37961"}],"version-history":[{"count":0,"href":"https:\/\/www.notibras.com\/site\/wp-json\/wp\/v2\/posts\/37961\/revisions"}],"wp:featuredmedia":[{"embeddable":true,"href":"https:\/\/www.notibras.com\/site\/wp-json\/wp\/v2\/media\/37962"}],"wp:attachment":[{"href":"https:\/\/www.notibras.com\/site\/wp-json\/wp\/v2\/media?parent=37961"}],"wp:term":[{"taxonomy":"category","embeddable":true,"href":"https:\/\/www.notibras.com\/site\/wp-json\/wp\/v2\/categories?post=37961"},{"taxonomy":"post_tag","embeddable":true,"href":"https:\/\/www.notibras.com\/site\/wp-json\/wp\/v2\/tags?post=37961"}],"curies":[{"name":"wp","href":"https:\/\/api.w.org\/{rel}","templated":true}]}}