{"id":379631,"date":"2026-01-19T02:15:45","date_gmt":"2026-01-19T05:15:45","guid":{"rendered":"https:\/\/www.notibras.com\/site\/?p=379631"},"modified":"2026-01-19T07:16:52","modified_gmt":"2026-01-19T10:16:52","slug":"nem-na-casa-mais-vigiada-do-pais-mulher-esta-a-salvo","status":"publish","type":"post","link":"https:\/\/www.notibras.com\/site\/nem-na-casa-mais-vigiada-do-pais-mulher-esta-a-salvo\/","title":{"rendered":"Nem na casa mais vigiada do pa\u00eds mulher est\u00e1 a salvo"},"content":{"rendered":"<p>Neste domingo (18), no Big Brother Brasil, o participante Pedro assediou Jordana, e a cena escancarou uma verdade inc\u00f4moda que a gente insiste em empurrar para debaixo do tapete.<\/p>\n<p>Se na casa mais vigiada do Brasil, cercada por mais de cem c\u00e2meras, microfones ligados e olhos atentos 24 horas por dia, uma mulher n\u00e3o est\u00e1 segura, onde estar\u00e1? O que isso diz sobre os espa\u00e7os \u201ccomuns\u201d, sobre o trabalho, a rua, o transporte, a festa, a pr\u00f3pria casa? O argumento da vigil\u00e2ncia cai por terra quando o problema \u00e9 estrutural. C\u00e2mera nenhuma substitui respeito.<\/p>\n<p>N\u00e3o se trata de exagero, nem de \u201cmal-entendido\u201d. Trata-se de limites violados e de uma cultura que normaliza o desconforto feminino como se fosse detalhe. O reality apenas amplifica o que acontece todos os dias, longe das lentes, quando muitas mulheres ainda s\u00e3o desacreditadas, culpabilizadas ou pressionadas a seguir em frente como se nada tivesse acontecido.<\/p>\n<p>O epis\u00f3dio deveria nos convocar \u00e0 responsabilidade coletiva: \u00e0 interven\u00e7\u00e3o imediata, \u00e0 escuta das v\u00edtimas, \u00e0s consequ\u00eancias claras para quem ultrapassa limites. Porque seguran\u00e7a n\u00e3o pode depender da quantidade de c\u00e2meras. Precisa existir antes, no pacto b\u00e1sico de conviv\u00eancia. Enquanto isso n\u00e3o for regra, a pergunta segue ecoando, inc\u00f4moda e necess\u00e1ria: se ali n\u00e3o estamos seguras, onde estaremos?<\/p>\n","protected":false},"excerpt":{"rendered":"<p>Neste domingo (18), no Big Brother Brasil, o participante Pedro assediou Jordana, e a cena escancarou uma verdade inc\u00f4moda que a gente insiste em empurrar para debaixo do tapete. Se na casa mais vigiada do Brasil, cercada por mais de cem c\u00e2meras, microfones ligados e olhos atentos 24 horas por dia, uma mulher n\u00e3o est\u00e1 [&hellip;]<\/p>\n","protected":false},"author":21,"featured_media":379632,"comment_status":"closed","ping_status":"closed","sticky":false,"template":"","format":"standard","meta":{"_acf_changed":false,"footnotes":""},"categories":[235],"tags":[],"class_list":["post-379631","post","type-post","status-publish","format-standard","has-post-thumbnail","hentry","category-dona-irene"],"acf":[],"yoast_head":"<!-- This site is optimized with the Yoast SEO plugin v27.2 - https:\/\/yoast.com\/product\/yoast-seo-wordpress\/ -->\n<title>Nem na casa mais vigiada do pa\u00eds mulher est\u00e1 a salvo - Notibras<\/title>\n<meta name=\"robots\" content=\"index, follow, max-snippet:-1, max-image-preview:large, max-video-preview:-1\" \/>\n<link rel=\"canonical\" href=\"https:\/\/www.notibras.com\/site\/nem-na-casa-mais-vigiada-do-pais-mulher-esta-a-salvo\/\" \/>\n<meta property=\"og:locale\" content=\"pt_BR\" \/>\n<meta property=\"og:type\" content=\"article\" \/>\n<meta property=\"og:title\" content=\"Nem na casa mais vigiada do pa\u00eds mulher est\u00e1 a salvo - Notibras\" \/>\n<meta property=\"og:description\" content=\"Neste domingo (18), no Big Brother Brasil, o participante Pedro assediou Jordana, e a cena escancarou uma verdade inc\u00f4moda que a gente insiste em empurrar para debaixo do tapete. Se na casa mais vigiada do Brasil, cercada por mais de cem c\u00e2meras, microfones ligados e olhos atentos 24 horas por dia, uma mulher n\u00e3o est\u00e1 [&hellip;]\" \/>\n<meta property=\"og:url\" content=\"https:\/\/www.notibras.com\/site\/nem-na-casa-mais-vigiada-do-pais-mulher-esta-a-salvo\/\" \/>\n<meta property=\"og:site_name\" content=\"Notibras\" \/>\n<meta property=\"article:publisher\" content=\"https:\/\/www.facebook.com\/notibras\/\" \/>\n<meta property=\"article:published_time\" content=\"2026-01-19T05:15:45+00:00\" \/>\n<meta property=\"article:modified_time\" content=\"2026-01-19T10:16:52+00:00\" \/>\n<meta property=\"og:image\" content=\"https:\/\/www.notibras.com\/site\/wp-content\/uploads\/2026\/01\/WhatsApp-Image-2026-01-18-at-22.34.15.jpeg\" \/>\n\t<meta property=\"og:image:width\" content=\"739\" \/>\n\t<meta property=\"og:image:height\" content=\"415\" \/>\n\t<meta property=\"og:image:type\" content=\"image\/jpeg\" \/>\n<meta name=\"author\" content=\"Eduardo Mart\u00ednez\" \/>\n<meta name=\"twitter:card\" content=\"summary_large_image\" \/>\n<meta name=\"twitter:creator\" content=\"@Notibras\" \/>\n<meta name=\"twitter:site\" content=\"@Notibras\" \/>\n<meta name=\"twitter:label1\" content=\"Escrito por\" \/>\n\t<meta name=\"twitter:data1\" content=\"Eduardo Mart\u00ednez\" \/>\n\t<meta name=\"twitter:label2\" content=\"Est. tempo de leitura\" \/>\n\t<meta name=\"twitter:data2\" content=\"2 minutos\" \/>\n<script type=\"application\/ld+json\" class=\"yoast-schema-graph\">{\"@context\":\"https:\/\/schema.org\",\"@graph\":[{\"@type\":\"Article\",\"@id\":\"https:\/\/www.notibras.com\/site\/nem-na-casa-mais-vigiada-do-pais-mulher-esta-a-salvo\/#article\",\"isPartOf\":{\"@id\":\"https:\/\/www.notibras.com\/site\/nem-na-casa-mais-vigiada-do-pais-mulher-esta-a-salvo\/\"},\"author\":{\"name\":\"Eduardo Mart\u00ednez\",\"@id\":\"https:\/\/www.notibras.com\/site\/#\/schema\/person\/5b7fabf2aedc3ada2105f03b22b4d3dd\"},\"headline\":\"Nem na casa mais vigiada do pa\u00eds mulher est\u00e1 a salvo\",\"datePublished\":\"2026-01-19T05:15:45+00:00\",\"dateModified\":\"2026-01-19T10:16:52+00:00\",\"mainEntityOfPage\":{\"@id\":\"https:\/\/www.notibras.com\/site\/nem-na-casa-mais-vigiada-do-pais-mulher-esta-a-salvo\/\"},\"wordCount\":236,\"publisher\":{\"@id\":\"https:\/\/www.notibras.com\/site\/#organization\"},\"image\":{\"@id\":\"https:\/\/www.notibras.com\/site\/nem-na-casa-mais-vigiada-do-pais-mulher-esta-a-salvo\/#primaryimage\"},\"thumbnailUrl\":\"https:\/\/www.notibras.com\/site\/wp-content\/uploads\/2026\/01\/WhatsApp-Image-2026-01-18-at-22.34.15.jpeg\",\"articleSection\":[\"Dona Irene\"],\"inLanguage\":\"pt-BR\"},{\"@type\":\"WebPage\",\"@id\":\"https:\/\/www.notibras.com\/site\/nem-na-casa-mais-vigiada-do-pais-mulher-esta-a-salvo\/\",\"url\":\"https:\/\/www.notibras.com\/site\/nem-na-casa-mais-vigiada-do-pais-mulher-esta-a-salvo\/\",\"name\":\"Nem na casa mais vigiada do pa\u00eds mulher est\u00e1 a salvo - Notibras\",\"isPartOf\":{\"@id\":\"https:\/\/www.notibras.com\/site\/#website\"},\"primaryImageOfPage\":{\"@id\":\"https:\/\/www.notibras.com\/site\/nem-na-casa-mais-vigiada-do-pais-mulher-esta-a-salvo\/#primaryimage\"},\"image\":{\"@id\":\"https:\/\/www.notibras.com\/site\/nem-na-casa-mais-vigiada-do-pais-mulher-esta-a-salvo\/#primaryimage\"},\"thumbnailUrl\":\"https:\/\/www.notibras.com\/site\/wp-content\/uploads\/2026\/01\/WhatsApp-Image-2026-01-18-at-22.34.15.jpeg\",\"datePublished\":\"2026-01-19T05:15:45+00:00\",\"dateModified\":\"2026-01-19T10:16:52+00:00\",\"breadcrumb\":{\"@id\":\"https:\/\/www.notibras.com\/site\/nem-na-casa-mais-vigiada-do-pais-mulher-esta-a-salvo\/#breadcrumb\"},\"inLanguage\":\"pt-BR\",\"potentialAction\":[{\"@type\":\"ReadAction\",\"target\":[\"https:\/\/www.notibras.com\/site\/nem-na-casa-mais-vigiada-do-pais-mulher-esta-a-salvo\/\"]}]},{\"@type\":\"ImageObject\",\"inLanguage\":\"pt-BR\",\"@id\":\"https:\/\/www.notibras.com\/site\/nem-na-casa-mais-vigiada-do-pais-mulher-esta-a-salvo\/#primaryimage\",\"url\":\"https:\/\/www.notibras.com\/site\/wp-content\/uploads\/2026\/01\/WhatsApp-Image-2026-01-18-at-22.34.15.jpeg\",\"contentUrl\":\"https:\/\/www.notibras.com\/site\/wp-content\/uploads\/2026\/01\/WhatsApp-Image-2026-01-18-at-22.34.15.jpeg\",\"width\":739,\"height\":415},{\"@type\":\"BreadcrumbList\",\"@id\":\"https:\/\/www.notibras.com\/site\/nem-na-casa-mais-vigiada-do-pais-mulher-esta-a-salvo\/#breadcrumb\",\"itemListElement\":[{\"@type\":\"ListItem\",\"position\":1,\"name\":\"In\u00edcio\",\"item\":\"https:\/\/www.notibras.com\/site\/\"},{\"@type\":\"ListItem\",\"position\":2,\"name\":\"Nem na casa mais vigiada do pa\u00eds mulher est\u00e1 a salvo\"}]},{\"@type\":\"WebSite\",\"@id\":\"https:\/\/www.notibras.com\/site\/#website\",\"url\":\"https:\/\/www.notibras.com\/site\/\",\"name\":\"Notibras\",\"description\":\"Not\u00edcias de Bras\u00edlia, do Brasil e do Mundo\",\"publisher\":{\"@id\":\"https:\/\/www.notibras.com\/site\/#organization\"},\"potentialAction\":[{\"@type\":\"SearchAction\",\"target\":{\"@type\":\"EntryPoint\",\"urlTemplate\":\"https:\/\/www.notibras.com\/site\/?s={search_term_string}\"},\"query-input\":{\"@type\":\"PropertyValueSpecification\",\"valueRequired\":true,\"valueName\":\"search_term_string\"}}],\"inLanguage\":\"pt-BR\"},{\"@type\":\"Organization\",\"@id\":\"https:\/\/www.notibras.com\/site\/#organization\",\"name\":\"Grupo Notibras de Comunica\u00e7\u00e3o\",\"url\":\"https:\/\/www.notibras.com\/site\/\",\"logo\":{\"@type\":\"ImageObject\",\"inLanguage\":\"pt-BR\",\"@id\":\"https:\/\/www.notibras.com\/site\/#\/schema\/logo\/image\/\",\"url\":\"https:\/\/www.notibras.com\/site\/wp-content\/uploads\/2023\/01\/notibras23.png\",\"contentUrl\":\"https:\/\/www.notibras.com\/site\/wp-content\/uploads\/2023\/01\/notibras23.png\",\"width\":350,\"height\":87,\"caption\":\"Grupo Notibras de Comunica\u00e7\u00e3o\"},\"image\":{\"@id\":\"https:\/\/www.notibras.com\/site\/#\/schema\/logo\/image\/\"},\"sameAs\":[\"https:\/\/www.facebook.com\/notibras\/\",\"https:\/\/x.com\/Notibras\",\"https:\/\/www.instagram.com\/notibras\/\"]},{\"@type\":\"Person\",\"@id\":\"https:\/\/www.notibras.com\/site\/#\/schema\/person\/5b7fabf2aedc3ada2105f03b22b4d3dd\",\"name\":\"Eduardo Mart\u00ednez\",\"image\":{\"@type\":\"ImageObject\",\"inLanguage\":\"pt-BR\",\"@id\":\"https:\/\/secure.gravatar.com\/avatar\/7902f906289926289cbcda644b5197c796b893c6ffd7b9a536a42d290f7704a0?s=96&d=mm&r=g\",\"url\":\"https:\/\/secure.gravatar.com\/avatar\/7902f906289926289cbcda644b5197c796b893c6ffd7b9a536a42d290f7704a0?s=96&d=mm&r=g\",\"contentUrl\":\"https:\/\/secure.gravatar.com\/avatar\/7902f906289926289cbcda644b5197c796b893c6ffd7b9a536a42d290f7704a0?s=96&d=mm&r=g\",\"caption\":\"Eduardo Mart\u00ednez\"}}]}<\/script>\n<!-- \/ Yoast SEO plugin. -->","yoast_head_json":{"title":"Nem na casa mais vigiada do pa\u00eds mulher est\u00e1 a salvo - Notibras","robots":{"index":"index","follow":"follow","max-snippet":"max-snippet:-1","max-image-preview":"max-image-preview:large","max-video-preview":"max-video-preview:-1"},"canonical":"https:\/\/www.notibras.com\/site\/nem-na-casa-mais-vigiada-do-pais-mulher-esta-a-salvo\/","og_locale":"pt_BR","og_type":"article","og_title":"Nem na casa mais vigiada do pa\u00eds mulher est\u00e1 a salvo - Notibras","og_description":"Neste domingo (18), no Big Brother Brasil, o participante Pedro assediou Jordana, e a cena escancarou uma verdade inc\u00f4moda que a gente insiste em empurrar para debaixo do tapete. Se na casa mais vigiada do Brasil, cercada por mais de cem c\u00e2meras, microfones ligados e olhos atentos 24 horas por dia, uma mulher n\u00e3o est\u00e1 [&hellip;]","og_url":"https:\/\/www.notibras.com\/site\/nem-na-casa-mais-vigiada-do-pais-mulher-esta-a-salvo\/","og_site_name":"Notibras","article_publisher":"https:\/\/www.facebook.com\/notibras\/","article_published_time":"2026-01-19T05:15:45+00:00","article_modified_time":"2026-01-19T10:16:52+00:00","og_image":[{"width":739,"height":415,"url":"https:\/\/www.notibras.com\/site\/wp-content\/uploads\/2026\/01\/WhatsApp-Image-2026-01-18-at-22.34.15.jpeg","type":"image\/jpeg"}],"author":"Eduardo Mart\u00ednez","twitter_card":"summary_large_image","twitter_creator":"@Notibras","twitter_site":"@Notibras","twitter_misc":{"Escrito por":"Eduardo Mart\u00ednez","Est. tempo de leitura":"2 minutos"},"schema":{"@context":"https:\/\/schema.org","@graph":[{"@type":"Article","@id":"https:\/\/www.notibras.com\/site\/nem-na-casa-mais-vigiada-do-pais-mulher-esta-a-salvo\/#article","isPartOf":{"@id":"https:\/\/www.notibras.com\/site\/nem-na-casa-mais-vigiada-do-pais-mulher-esta-a-salvo\/"},"author":{"name":"Eduardo Mart\u00ednez","@id":"https:\/\/www.notibras.com\/site\/#\/schema\/person\/5b7fabf2aedc3ada2105f03b22b4d3dd"},"headline":"Nem na casa mais vigiada do pa\u00eds mulher est\u00e1 a salvo","datePublished":"2026-01-19T05:15:45+00:00","dateModified":"2026-01-19T10:16:52+00:00","mainEntityOfPage":{"@id":"https:\/\/www.notibras.com\/site\/nem-na-casa-mais-vigiada-do-pais-mulher-esta-a-salvo\/"},"wordCount":236,"publisher":{"@id":"https:\/\/www.notibras.com\/site\/#organization"},"image":{"@id":"https:\/\/www.notibras.com\/site\/nem-na-casa-mais-vigiada-do-pais-mulher-esta-a-salvo\/#primaryimage"},"thumbnailUrl":"https:\/\/www.notibras.com\/site\/wp-content\/uploads\/2026\/01\/WhatsApp-Image-2026-01-18-at-22.34.15.jpeg","articleSection":["Dona Irene"],"inLanguage":"pt-BR"},{"@type":"WebPage","@id":"https:\/\/www.notibras.com\/site\/nem-na-casa-mais-vigiada-do-pais-mulher-esta-a-salvo\/","url":"https:\/\/www.notibras.com\/site\/nem-na-casa-mais-vigiada-do-pais-mulher-esta-a-salvo\/","name":"Nem na casa mais vigiada do pa\u00eds mulher est\u00e1 a salvo - Notibras","isPartOf":{"@id":"https:\/\/www.notibras.com\/site\/#website"},"primaryImageOfPage":{"@id":"https:\/\/www.notibras.com\/site\/nem-na-casa-mais-vigiada-do-pais-mulher-esta-a-salvo\/#primaryimage"},"image":{"@id":"https:\/\/www.notibras.com\/site\/nem-na-casa-mais-vigiada-do-pais-mulher-esta-a-salvo\/#primaryimage"},"thumbnailUrl":"https:\/\/www.notibras.com\/site\/wp-content\/uploads\/2026\/01\/WhatsApp-Image-2026-01-18-at-22.34.15.jpeg","datePublished":"2026-01-19T05:15:45+00:00","dateModified":"2026-01-19T10:16:52+00:00","breadcrumb":{"@id":"https:\/\/www.notibras.com\/site\/nem-na-casa-mais-vigiada-do-pais-mulher-esta-a-salvo\/#breadcrumb"},"inLanguage":"pt-BR","potentialAction":[{"@type":"ReadAction","target":["https:\/\/www.notibras.com\/site\/nem-na-casa-mais-vigiada-do-pais-mulher-esta-a-salvo\/"]}]},{"@type":"ImageObject","inLanguage":"pt-BR","@id":"https:\/\/www.notibras.com\/site\/nem-na-casa-mais-vigiada-do-pais-mulher-esta-a-salvo\/#primaryimage","url":"https:\/\/www.notibras.com\/site\/wp-content\/uploads\/2026\/01\/WhatsApp-Image-2026-01-18-at-22.34.15.jpeg","contentUrl":"https:\/\/www.notibras.com\/site\/wp-content\/uploads\/2026\/01\/WhatsApp-Image-2026-01-18-at-22.34.15.jpeg","width":739,"height":415},{"@type":"BreadcrumbList","@id":"https:\/\/www.notibras.com\/site\/nem-na-casa-mais-vigiada-do-pais-mulher-esta-a-salvo\/#breadcrumb","itemListElement":[{"@type":"ListItem","position":1,"name":"In\u00edcio","item":"https:\/\/www.notibras.com\/site\/"},{"@type":"ListItem","position":2,"name":"Nem na casa mais vigiada do pa\u00eds mulher est\u00e1 a salvo"}]},{"@type":"WebSite","@id":"https:\/\/www.notibras.com\/site\/#website","url":"https:\/\/www.notibras.com\/site\/","name":"Notibras","description":"Not\u00edcias de Bras\u00edlia, do Brasil e do Mundo","publisher":{"@id":"https:\/\/www.notibras.com\/site\/#organization"},"potentialAction":[{"@type":"SearchAction","target":{"@type":"EntryPoint","urlTemplate":"https:\/\/www.notibras.com\/site\/?s={search_term_string}"},"query-input":{"@type":"PropertyValueSpecification","valueRequired":true,"valueName":"search_term_string"}}],"inLanguage":"pt-BR"},{"@type":"Organization","@id":"https:\/\/www.notibras.com\/site\/#organization","name":"Grupo Notibras de Comunica\u00e7\u00e3o","url":"https:\/\/www.notibras.com\/site\/","logo":{"@type":"ImageObject","inLanguage":"pt-BR","@id":"https:\/\/www.notibras.com\/site\/#\/schema\/logo\/image\/","url":"https:\/\/www.notibras.com\/site\/wp-content\/uploads\/2023\/01\/notibras23.png","contentUrl":"https:\/\/www.notibras.com\/site\/wp-content\/uploads\/2023\/01\/notibras23.png","width":350,"height":87,"caption":"Grupo Notibras de Comunica\u00e7\u00e3o"},"image":{"@id":"https:\/\/www.notibras.com\/site\/#\/schema\/logo\/image\/"},"sameAs":["https:\/\/www.facebook.com\/notibras\/","https:\/\/x.com\/Notibras","https:\/\/www.instagram.com\/notibras\/"]},{"@type":"Person","@id":"https:\/\/www.notibras.com\/site\/#\/schema\/person\/5b7fabf2aedc3ada2105f03b22b4d3dd","name":"Eduardo Mart\u00ednez","image":{"@type":"ImageObject","inLanguage":"pt-BR","@id":"https:\/\/secure.gravatar.com\/avatar\/7902f906289926289cbcda644b5197c796b893c6ffd7b9a536a42d290f7704a0?s=96&d=mm&r=g","url":"https:\/\/secure.gravatar.com\/avatar\/7902f906289926289cbcda644b5197c796b893c6ffd7b9a536a42d290f7704a0?s=96&d=mm&r=g","contentUrl":"https:\/\/secure.gravatar.com\/avatar\/7902f906289926289cbcda644b5197c796b893c6ffd7b9a536a42d290f7704a0?s=96&d=mm&r=g","caption":"Eduardo Mart\u00ednez"}}]}},"amp_enabled":true,"_links":{"self":[{"href":"https:\/\/www.notibras.com\/site\/wp-json\/wp\/v2\/posts\/379631","targetHints":{"allow":["GET"]}}],"collection":[{"href":"https:\/\/www.notibras.com\/site\/wp-json\/wp\/v2\/posts"}],"about":[{"href":"https:\/\/www.notibras.com\/site\/wp-json\/wp\/v2\/types\/post"}],"author":[{"embeddable":true,"href":"https:\/\/www.notibras.com\/site\/wp-json\/wp\/v2\/users\/21"}],"replies":[{"embeddable":true,"href":"https:\/\/www.notibras.com\/site\/wp-json\/wp\/v2\/comments?post=379631"}],"version-history":[{"count":5,"href":"https:\/\/www.notibras.com\/site\/wp-json\/wp\/v2\/posts\/379631\/revisions"}],"predecessor-version":[{"id":379698,"href":"https:\/\/www.notibras.com\/site\/wp-json\/wp\/v2\/posts\/379631\/revisions\/379698"}],"wp:featuredmedia":[{"embeddable":true,"href":"https:\/\/www.notibras.com\/site\/wp-json\/wp\/v2\/media\/379632"}],"wp:attachment":[{"href":"https:\/\/www.notibras.com\/site\/wp-json\/wp\/v2\/media?parent=379631"}],"wp:term":[{"taxonomy":"category","embeddable":true,"href":"https:\/\/www.notibras.com\/site\/wp-json\/wp\/v2\/categories?post=379631"},{"taxonomy":"post_tag","embeddable":true,"href":"https:\/\/www.notibras.com\/site\/wp-json\/wp\/v2\/tags?post=379631"}],"curies":[{"name":"wp","href":"https:\/\/api.w.org\/{rel}","templated":true}]}}