{"id":379636,"date":"2026-01-19T00:45:40","date_gmt":"2026-01-19T03:45:40","guid":{"rendered":"https:\/\/www.notibras.com\/site\/?p=379636"},"modified":"2026-01-18T23:52:43","modified_gmt":"2026-01-19T02:52:43","slug":"forum-nacional-de-governadores-comemora-vetos-na-reforma-tributaria","status":"publish","type":"post","link":"https:\/\/www.notibras.com\/site\/forum-nacional-de-governadores-comemora-vetos-na-reforma-tributaria\/","title":{"rendered":"F\u00f3rum Nacional de Governadores comemora vetos na Reforma Tribut\u00e1ria"},"content":{"rendered":"<p>O F\u00f3rum Nacional de Governadores comemorou os vetos de trechos do Projeto de Lei Complementar n\u00ba 108\/2024 que poderiam comprometer a autonomia dos entes federativos e a seguran\u00e7a do novo sistema tribut\u00e1rio brasileiro. A medida, sancionada na ter\u00e7a-feira (13), representa um avan\u00e7o importante na regulamenta\u00e7\u00e3o da Reforma Tribut\u00e1ria e refor\u00e7a o equil\u00edbrio federativo previsto na Constitui\u00e7\u00e3o.<\/p>\n<p>Coordenado pelo governador do Distrito Federal, Ibaneis Rocha, o f\u00f3rum atuou de forma conjunta para defender ajustes no texto aprovado pelo Congresso Nacional, com o objetivo de assegurar previsibilidade fiscal, governan\u00e7a adequada do Imposto sobre Bens e Servi\u00e7os (IBS) e respeito \u00e0s compet\u00eancias de estados e munic\u00edpios.<\/p>\n<p>Ao todo, tr\u00eas dos quatro pontos defendidos pelos governadores foram acolhidos por meio de vetos e publicados no Di\u00e1rio Oficial da Uni\u00e3o (DOU). \u201cOs vetos demonstram sensibilidade institucional e compromisso com a constru\u00e7\u00e3o de um sistema tribut\u00e1rio mais eficiente, justo e juridicamente seguro\u201d, defende o governador Ibaneis Rocha.<\/p>\n<p><strong>Prote\u00e7\u00e3o ao sigilo fiscal<\/strong><\/p>\n<p>Um dos vetos atendeu \u00e0 preocupa\u00e7\u00e3o dos chefes do Executivo com a preserva\u00e7\u00e3o da autoridade fiscal e do sigilo tribut\u00e1rio. O dispositivo vetado mantinha atribui\u00e7\u00f5es previstas em legisla\u00e7\u00f5es locais antigas, o que poderia permitir o exerc\u00edcio de fun\u00e7\u00f5es t\u00edpicas da administra\u00e7\u00e3o tribut\u00e1ria sem concurso p\u00fablico espec\u00edfico.<\/p>\n<p>Na avalia\u00e7\u00e3o do f\u00f3rum, a decis\u00e3o presidencial evita riscos institucionais, protege informa\u00e7\u00f5es fiscais sens\u00edveis e assegura maior uniformidade na governan\u00e7a do IBS, em conson\u00e2ncia com os princ\u00edpios constitucionais.<\/p>\n<p><strong>Seguran\u00e7a jur\u00eddica e responsabilidade fiscal<\/strong><\/p>\n<p>Outro veto comemorado pelo f\u00f3rum refere-se \u00e0 amplia\u00e7\u00e3o de benef\u00edcios tribut\u00e1rios originalmente destinados \u00e0 Sociedade An\u00f4nima do Futebol (SAF). O texto aprovado pelo Congresso estendia o regime especial a outras atividades esportivas, o que poderia gerar conflitos com a Constitui\u00e7\u00e3o e impactos fiscais n\u00e3o previstos.<\/p>\n<p>Com o veto, o governo federal preserva a coer\u00eancia do sistema tribut\u00e1rio e evita distor\u00e7\u00f5es que poderiam comprometer a responsabilidade fiscal e o desenho da Reforma Tribut\u00e1ria.<\/p>\n<p><strong>Autonomia municipal preservada<\/strong><\/p>\n<p>O F\u00f3rum Nacional de Governadores tamb\u00e9m destacou como positiva a decis\u00e3o de barrar o dispositivo que alterava o momento de cobran\u00e7a do Imposto sobre a Transmiss\u00e3o de Bens Im\u00f3veis (ITBI). A proposta tornava opcional a antecipa\u00e7\u00e3o do pagamento no momento da escritura, o que poderia afetar a arrecada\u00e7\u00e3o e a previsibilidade financeira dos munic\u00edpios.<\/p>\n<p>Segundo os governadores, a manuten\u00e7\u00e3o das regras atuais garante seguran\u00e7a jur\u00eddica, estabilidade nas receitas municipais e respeito \u00e0 autonomia dos entes locais.<\/p>\n<p><strong>Atua\u00e7\u00e3o conjunta<\/strong><\/p>\n<p>Em carta enviada ao presidente da Rep\u00fablica, o F\u00f3rum Nacional de Governadores refor\u00e7ou que a atua\u00e7\u00e3o articulada dos estados tem como foco o fortalecimento do pacto federativo e a sustentabilidade fiscal do pa\u00eds.<\/p>\n<p>Para os governadores, a decis\u00e3o presidencial contribui para uma implementa\u00e7\u00e3o mais equilibrada da Reforma Tribut\u00e1ria, alinhada \u00e0s necessidades do Brasil e aos princ\u00edpios constitucionais.<\/p>\n<p><strong>Sobre o F\u00f3rum Nacional de Governadores<\/strong><\/p>\n<p>O F\u00f3rum \u00e9 um espa\u00e7o de di\u00e1logo permanente entre os chefes do Executivo estaduais e do Distrito Federal, com o objetivo de articular solu\u00e7\u00f5es para desafios comuns aos entes federativos. Desde sua cria\u00e7\u00e3o, o grupo j\u00e1 debateu temas como equil\u00edbrio fiscal, pacto federativo, seguran\u00e7a p\u00fablica, educa\u00e7\u00e3o, vacina\u00e7\u00e3o, saneamento b\u00e1sico e pol\u00edticas ambientais.<\/p>\n<p>Al\u00e9m dos governadores, as reuni\u00f5es contam, em diversas oportunidades, com especialistas e representantes dos tr\u00eas poderes da Rep\u00fablica. Os temas a serem debatidos s\u00e3o definidos previamente em consenso, e os relatores s\u00e3o escolhidos entre os governadores conforme afinidade com o assunto.<\/p>\n","protected":false},"excerpt":{"rendered":"<p>O F\u00f3rum Nacional de Governadores comemorou os vetos de trechos do Projeto de Lei Complementar n\u00ba 108\/2024 que poderiam comprometer a autonomia dos entes federativos e a seguran\u00e7a do novo sistema tribut\u00e1rio brasileiro. A medida, sancionada na ter\u00e7a-feira (13), representa um avan\u00e7o importante na regulamenta\u00e7\u00e3o da Reforma Tribut\u00e1ria e refor\u00e7a o equil\u00edbrio federativo previsto na [&hellip;]<\/p>\n","protected":false},"author":21,"featured_media":379637,"comment_status":"closed","ping_status":"closed","sticky":false,"template":"","format":"standard","meta":{"_acf_changed":false,"footnotes":""},"categories":[161],"tags":[],"class_list":["post-379636","post","type-post","status-publish","format-standard","has-post-thumbnail","hentry","category-quadradinho-em-foco"],"acf":[],"yoast_head":"<!-- This site is optimized with the Yoast SEO plugin v27.2 - https:\/\/yoast.com\/product\/yoast-seo-wordpress\/ -->\n<title>F\u00f3rum Nacional de Governadores comemora vetos na Reforma Tribut\u00e1ria - Notibras<\/title>\n<meta name=\"robots\" content=\"index, follow, max-snippet:-1, max-image-preview:large, max-video-preview:-1\" \/>\n<link rel=\"canonical\" href=\"https:\/\/www.notibras.com\/site\/forum-nacional-de-governadores-comemora-vetos-na-reforma-tributaria\/\" \/>\n<meta property=\"og:locale\" content=\"pt_BR\" \/>\n<meta property=\"og:type\" content=\"article\" \/>\n<meta property=\"og:title\" content=\"F\u00f3rum Nacional de Governadores comemora vetos na Reforma Tribut\u00e1ria - Notibras\" \/>\n<meta property=\"og:description\" content=\"O F\u00f3rum Nacional de Governadores comemorou os vetos de trechos do Projeto de Lei Complementar n\u00ba 108\/2024 que poderiam comprometer a autonomia dos entes federativos e a seguran\u00e7a do novo sistema tribut\u00e1rio brasileiro. A medida, sancionada na ter\u00e7a-feira (13), representa um avan\u00e7o importante na regulamenta\u00e7\u00e3o da Reforma Tribut\u00e1ria e refor\u00e7a o equil\u00edbrio federativo previsto na [&hellip;]\" \/>\n<meta property=\"og:url\" content=\"https:\/\/www.notibras.com\/site\/forum-nacional-de-governadores-comemora-vetos-na-reforma-tributaria\/\" \/>\n<meta property=\"og:site_name\" content=\"Notibras\" \/>\n<meta property=\"article:publisher\" content=\"https:\/\/www.facebook.com\/notibras\/\" \/>\n<meta property=\"article:published_time\" content=\"2026-01-19T03:45:40+00:00\" \/>\n<meta property=\"og:image\" content=\"https:\/\/www.notibras.com\/site\/wp-content\/uploads\/2026\/01\/WhatsApp-Image-2026-01-16-at-14.36.46-1.jpeg\" \/>\n\t<meta property=\"og:image:width\" content=\"1400\" \/>\n\t<meta property=\"og:image:height\" content=\"934\" \/>\n\t<meta property=\"og:image:type\" content=\"image\/jpeg\" \/>\n<meta name=\"author\" content=\"Eduardo Mart\u00ednez\" \/>\n<meta name=\"twitter:card\" content=\"summary_large_image\" \/>\n<meta name=\"twitter:creator\" content=\"@Notibras\" \/>\n<meta name=\"twitter:site\" content=\"@Notibras\" \/>\n<meta name=\"twitter:label1\" content=\"Escrito por\" \/>\n\t<meta name=\"twitter:data1\" content=\"Eduardo Mart\u00ednez\" \/>\n\t<meta name=\"twitter:label2\" content=\"Est. tempo de leitura\" \/>\n\t<meta name=\"twitter:data2\" content=\"4 minutos\" \/>\n<script type=\"application\/ld+json\" class=\"yoast-schema-graph\">{\"@context\":\"https:\/\/schema.org\",\"@graph\":[{\"@type\":\"Article\",\"@id\":\"https:\/\/www.notibras.com\/site\/forum-nacional-de-governadores-comemora-vetos-na-reforma-tributaria\/#article\",\"isPartOf\":{\"@id\":\"https:\/\/www.notibras.com\/site\/forum-nacional-de-governadores-comemora-vetos-na-reforma-tributaria\/\"},\"author\":{\"name\":\"Eduardo Mart\u00ednez\",\"@id\":\"https:\/\/www.notibras.com\/site\/#\/schema\/person\/5b7fabf2aedc3ada2105f03b22b4d3dd\"},\"headline\":\"F\u00f3rum Nacional de Governadores comemora vetos na Reforma Tribut\u00e1ria\",\"datePublished\":\"2026-01-19T03:45:40+00:00\",\"mainEntityOfPage\":{\"@id\":\"https:\/\/www.notibras.com\/site\/forum-nacional-de-governadores-comemora-vetos-na-reforma-tributaria\/\"},\"wordCount\":642,\"publisher\":{\"@id\":\"https:\/\/www.notibras.com\/site\/#organization\"},\"image\":{\"@id\":\"https:\/\/www.notibras.com\/site\/forum-nacional-de-governadores-comemora-vetos-na-reforma-tributaria\/#primaryimage\"},\"thumbnailUrl\":\"https:\/\/www.notibras.com\/site\/wp-content\/uploads\/2026\/01\/WhatsApp-Image-2026-01-16-at-14.36.46-1.jpeg\",\"articleSection\":[\"Quadradinho em Foco\"],\"inLanguage\":\"pt-BR\"},{\"@type\":\"WebPage\",\"@id\":\"https:\/\/www.notibras.com\/site\/forum-nacional-de-governadores-comemora-vetos-na-reforma-tributaria\/\",\"url\":\"https:\/\/www.notibras.com\/site\/forum-nacional-de-governadores-comemora-vetos-na-reforma-tributaria\/\",\"name\":\"F\u00f3rum Nacional de Governadores comemora vetos na Reforma Tribut\u00e1ria - Notibras\",\"isPartOf\":{\"@id\":\"https:\/\/www.notibras.com\/site\/#website\"},\"primaryImageOfPage\":{\"@id\":\"https:\/\/www.notibras.com\/site\/forum-nacional-de-governadores-comemora-vetos-na-reforma-tributaria\/#primaryimage\"},\"image\":{\"@id\":\"https:\/\/www.notibras.com\/site\/forum-nacional-de-governadores-comemora-vetos-na-reforma-tributaria\/#primaryimage\"},\"thumbnailUrl\":\"https:\/\/www.notibras.com\/site\/wp-content\/uploads\/2026\/01\/WhatsApp-Image-2026-01-16-at-14.36.46-1.jpeg\",\"datePublished\":\"2026-01-19T03:45:40+00:00\",\"breadcrumb\":{\"@id\":\"https:\/\/www.notibras.com\/site\/forum-nacional-de-governadores-comemora-vetos-na-reforma-tributaria\/#breadcrumb\"},\"inLanguage\":\"pt-BR\",\"potentialAction\":[{\"@type\":\"ReadAction\",\"target\":[\"https:\/\/www.notibras.com\/site\/forum-nacional-de-governadores-comemora-vetos-na-reforma-tributaria\/\"]}]},{\"@type\":\"ImageObject\",\"inLanguage\":\"pt-BR\",\"@id\":\"https:\/\/www.notibras.com\/site\/forum-nacional-de-governadores-comemora-vetos-na-reforma-tributaria\/#primaryimage\",\"url\":\"https:\/\/www.notibras.com\/site\/wp-content\/uploads\/2026\/01\/WhatsApp-Image-2026-01-16-at-14.36.46-1.jpeg\",\"contentUrl\":\"https:\/\/www.notibras.com\/site\/wp-content\/uploads\/2026\/01\/WhatsApp-Image-2026-01-16-at-14.36.46-1.jpeg\",\"width\":1400,\"height\":934},{\"@type\":\"BreadcrumbList\",\"@id\":\"https:\/\/www.notibras.com\/site\/forum-nacional-de-governadores-comemora-vetos-na-reforma-tributaria\/#breadcrumb\",\"itemListElement\":[{\"@type\":\"ListItem\",\"position\":1,\"name\":\"In\u00edcio\",\"item\":\"https:\/\/www.notibras.com\/site\/\"},{\"@type\":\"ListItem\",\"position\":2,\"name\":\"F\u00f3rum Nacional de Governadores comemora vetos na Reforma Tribut\u00e1ria\"}]},{\"@type\":\"WebSite\",\"@id\":\"https:\/\/www.notibras.com\/site\/#website\",\"url\":\"https:\/\/www.notibras.com\/site\/\",\"name\":\"Notibras\",\"description\":\"Not\u00edcias de Bras\u00edlia, do Brasil e do Mundo\",\"publisher\":{\"@id\":\"https:\/\/www.notibras.com\/site\/#organization\"},\"potentialAction\":[{\"@type\":\"SearchAction\",\"target\":{\"@type\":\"EntryPoint\",\"urlTemplate\":\"https:\/\/www.notibras.com\/site\/?s={search_term_string}\"},\"query-input\":{\"@type\":\"PropertyValueSpecification\",\"valueRequired\":true,\"valueName\":\"search_term_string\"}}],\"inLanguage\":\"pt-BR\"},{\"@type\":\"Organization\",\"@id\":\"https:\/\/www.notibras.com\/site\/#organization\",\"name\":\"Grupo Notibras de Comunica\u00e7\u00e3o\",\"url\":\"https:\/\/www.notibras.com\/site\/\",\"logo\":{\"@type\":\"ImageObject\",\"inLanguage\":\"pt-BR\",\"@id\":\"https:\/\/www.notibras.com\/site\/#\/schema\/logo\/image\/\",\"url\":\"https:\/\/www.notibras.com\/site\/wp-content\/uploads\/2023\/01\/notibras23.png\",\"contentUrl\":\"https:\/\/www.notibras.com\/site\/wp-content\/uploads\/2023\/01\/notibras23.png\",\"width\":350,\"height\":87,\"caption\":\"Grupo Notibras de Comunica\u00e7\u00e3o\"},\"image\":{\"@id\":\"https:\/\/www.notibras.com\/site\/#\/schema\/logo\/image\/\"},\"sameAs\":[\"https:\/\/www.facebook.com\/notibras\/\",\"https:\/\/x.com\/Notibras\",\"https:\/\/www.instagram.com\/notibras\/\"]},{\"@type\":\"Person\",\"@id\":\"https:\/\/www.notibras.com\/site\/#\/schema\/person\/5b7fabf2aedc3ada2105f03b22b4d3dd\",\"name\":\"Eduardo Mart\u00ednez\",\"image\":{\"@type\":\"ImageObject\",\"inLanguage\":\"pt-BR\",\"@id\":\"https:\/\/secure.gravatar.com\/avatar\/7902f906289926289cbcda644b5197c796b893c6ffd7b9a536a42d290f7704a0?s=96&d=mm&r=g\",\"url\":\"https:\/\/secure.gravatar.com\/avatar\/7902f906289926289cbcda644b5197c796b893c6ffd7b9a536a42d290f7704a0?s=96&d=mm&r=g\",\"contentUrl\":\"https:\/\/secure.gravatar.com\/avatar\/7902f906289926289cbcda644b5197c796b893c6ffd7b9a536a42d290f7704a0?s=96&d=mm&r=g\",\"caption\":\"Eduardo Mart\u00ednez\"}}]}<\/script>\n<!-- \/ Yoast SEO plugin. -->","yoast_head_json":{"title":"F\u00f3rum Nacional de Governadores comemora vetos na Reforma Tribut\u00e1ria - Notibras","robots":{"index":"index","follow":"follow","max-snippet":"max-snippet:-1","max-image-preview":"max-image-preview:large","max-video-preview":"max-video-preview:-1"},"canonical":"https:\/\/www.notibras.com\/site\/forum-nacional-de-governadores-comemora-vetos-na-reforma-tributaria\/","og_locale":"pt_BR","og_type":"article","og_title":"F\u00f3rum Nacional de Governadores comemora vetos na Reforma Tribut\u00e1ria - Notibras","og_description":"O F\u00f3rum Nacional de Governadores comemorou os vetos de trechos do Projeto de Lei Complementar n\u00ba 108\/2024 que poderiam comprometer a autonomia dos entes federativos e a seguran\u00e7a do novo sistema tribut\u00e1rio brasileiro. A medida, sancionada na ter\u00e7a-feira (13), representa um avan\u00e7o importante na regulamenta\u00e7\u00e3o da Reforma Tribut\u00e1ria e refor\u00e7a o equil\u00edbrio federativo previsto na [&hellip;]","og_url":"https:\/\/www.notibras.com\/site\/forum-nacional-de-governadores-comemora-vetos-na-reforma-tributaria\/","og_site_name":"Notibras","article_publisher":"https:\/\/www.facebook.com\/notibras\/","article_published_time":"2026-01-19T03:45:40+00:00","og_image":[{"width":1400,"height":934,"url":"https:\/\/www.notibras.com\/site\/wp-content\/uploads\/2026\/01\/WhatsApp-Image-2026-01-16-at-14.36.46-1.jpeg","type":"image\/jpeg"}],"author":"Eduardo Mart\u00ednez","twitter_card":"summary_large_image","twitter_creator":"@Notibras","twitter_site":"@Notibras","twitter_misc":{"Escrito por":"Eduardo Mart\u00ednez","Est. tempo de leitura":"4 minutos"},"schema":{"@context":"https:\/\/schema.org","@graph":[{"@type":"Article","@id":"https:\/\/www.notibras.com\/site\/forum-nacional-de-governadores-comemora-vetos-na-reforma-tributaria\/#article","isPartOf":{"@id":"https:\/\/www.notibras.com\/site\/forum-nacional-de-governadores-comemora-vetos-na-reforma-tributaria\/"},"author":{"name":"Eduardo Mart\u00ednez","@id":"https:\/\/www.notibras.com\/site\/#\/schema\/person\/5b7fabf2aedc3ada2105f03b22b4d3dd"},"headline":"F\u00f3rum Nacional de Governadores comemora vetos na Reforma Tribut\u00e1ria","datePublished":"2026-01-19T03:45:40+00:00","mainEntityOfPage":{"@id":"https:\/\/www.notibras.com\/site\/forum-nacional-de-governadores-comemora-vetos-na-reforma-tributaria\/"},"wordCount":642,"publisher":{"@id":"https:\/\/www.notibras.com\/site\/#organization"},"image":{"@id":"https:\/\/www.notibras.com\/site\/forum-nacional-de-governadores-comemora-vetos-na-reforma-tributaria\/#primaryimage"},"thumbnailUrl":"https:\/\/www.notibras.com\/site\/wp-content\/uploads\/2026\/01\/WhatsApp-Image-2026-01-16-at-14.36.46-1.jpeg","articleSection":["Quadradinho em Foco"],"inLanguage":"pt-BR"},{"@type":"WebPage","@id":"https:\/\/www.notibras.com\/site\/forum-nacional-de-governadores-comemora-vetos-na-reforma-tributaria\/","url":"https:\/\/www.notibras.com\/site\/forum-nacional-de-governadores-comemora-vetos-na-reforma-tributaria\/","name":"F\u00f3rum Nacional de Governadores comemora vetos na Reforma Tribut\u00e1ria - Notibras","isPartOf":{"@id":"https:\/\/www.notibras.com\/site\/#website"},"primaryImageOfPage":{"@id":"https:\/\/www.notibras.com\/site\/forum-nacional-de-governadores-comemora-vetos-na-reforma-tributaria\/#primaryimage"},"image":{"@id":"https:\/\/www.notibras.com\/site\/forum-nacional-de-governadores-comemora-vetos-na-reforma-tributaria\/#primaryimage"},"thumbnailUrl":"https:\/\/www.notibras.com\/site\/wp-content\/uploads\/2026\/01\/WhatsApp-Image-2026-01-16-at-14.36.46-1.jpeg","datePublished":"2026-01-19T03:45:40+00:00","breadcrumb":{"@id":"https:\/\/www.notibras.com\/site\/forum-nacional-de-governadores-comemora-vetos-na-reforma-tributaria\/#breadcrumb"},"inLanguage":"pt-BR","potentialAction":[{"@type":"ReadAction","target":["https:\/\/www.notibras.com\/site\/forum-nacional-de-governadores-comemora-vetos-na-reforma-tributaria\/"]}]},{"@type":"ImageObject","inLanguage":"pt-BR","@id":"https:\/\/www.notibras.com\/site\/forum-nacional-de-governadores-comemora-vetos-na-reforma-tributaria\/#primaryimage","url":"https:\/\/www.notibras.com\/site\/wp-content\/uploads\/2026\/01\/WhatsApp-Image-2026-01-16-at-14.36.46-1.jpeg","contentUrl":"https:\/\/www.notibras.com\/site\/wp-content\/uploads\/2026\/01\/WhatsApp-Image-2026-01-16-at-14.36.46-1.jpeg","width":1400,"height":934},{"@type":"BreadcrumbList","@id":"https:\/\/www.notibras.com\/site\/forum-nacional-de-governadores-comemora-vetos-na-reforma-tributaria\/#breadcrumb","itemListElement":[{"@type":"ListItem","position":1,"name":"In\u00edcio","item":"https:\/\/www.notibras.com\/site\/"},{"@type":"ListItem","position":2,"name":"F\u00f3rum Nacional de Governadores comemora vetos na Reforma Tribut\u00e1ria"}]},{"@type":"WebSite","@id":"https:\/\/www.notibras.com\/site\/#website","url":"https:\/\/www.notibras.com\/site\/","name":"Notibras","description":"Not\u00edcias de Bras\u00edlia, do Brasil e do Mundo","publisher":{"@id":"https:\/\/www.notibras.com\/site\/#organization"},"potentialAction":[{"@type":"SearchAction","target":{"@type":"EntryPoint","urlTemplate":"https:\/\/www.notibras.com\/site\/?s={search_term_string}"},"query-input":{"@type":"PropertyValueSpecification","valueRequired":true,"valueName":"search_term_string"}}],"inLanguage":"pt-BR"},{"@type":"Organization","@id":"https:\/\/www.notibras.com\/site\/#organization","name":"Grupo Notibras de Comunica\u00e7\u00e3o","url":"https:\/\/www.notibras.com\/site\/","logo":{"@type":"ImageObject","inLanguage":"pt-BR","@id":"https:\/\/www.notibras.com\/site\/#\/schema\/logo\/image\/","url":"https:\/\/www.notibras.com\/site\/wp-content\/uploads\/2023\/01\/notibras23.png","contentUrl":"https:\/\/www.notibras.com\/site\/wp-content\/uploads\/2023\/01\/notibras23.png","width":350,"height":87,"caption":"Grupo Notibras de Comunica\u00e7\u00e3o"},"image":{"@id":"https:\/\/www.notibras.com\/site\/#\/schema\/logo\/image\/"},"sameAs":["https:\/\/www.facebook.com\/notibras\/","https:\/\/x.com\/Notibras","https:\/\/www.instagram.com\/notibras\/"]},{"@type":"Person","@id":"https:\/\/www.notibras.com\/site\/#\/schema\/person\/5b7fabf2aedc3ada2105f03b22b4d3dd","name":"Eduardo Mart\u00ednez","image":{"@type":"ImageObject","inLanguage":"pt-BR","@id":"https:\/\/secure.gravatar.com\/avatar\/7902f906289926289cbcda644b5197c796b893c6ffd7b9a536a42d290f7704a0?s=96&d=mm&r=g","url":"https:\/\/secure.gravatar.com\/avatar\/7902f906289926289cbcda644b5197c796b893c6ffd7b9a536a42d290f7704a0?s=96&d=mm&r=g","contentUrl":"https:\/\/secure.gravatar.com\/avatar\/7902f906289926289cbcda644b5197c796b893c6ffd7b9a536a42d290f7704a0?s=96&d=mm&r=g","caption":"Eduardo Mart\u00ednez"}}]}},"amp_enabled":true,"_links":{"self":[{"href":"https:\/\/www.notibras.com\/site\/wp-json\/wp\/v2\/posts\/379636","targetHints":{"allow":["GET"]}}],"collection":[{"href":"https:\/\/www.notibras.com\/site\/wp-json\/wp\/v2\/posts"}],"about":[{"href":"https:\/\/www.notibras.com\/site\/wp-json\/wp\/v2\/types\/post"}],"author":[{"embeddable":true,"href":"https:\/\/www.notibras.com\/site\/wp-json\/wp\/v2\/users\/21"}],"replies":[{"embeddable":true,"href":"https:\/\/www.notibras.com\/site\/wp-json\/wp\/v2\/comments?post=379636"}],"version-history":[{"count":4,"href":"https:\/\/www.notibras.com\/site\/wp-json\/wp\/v2\/posts\/379636\/revisions"}],"predecessor-version":[{"id":379642,"href":"https:\/\/www.notibras.com\/site\/wp-json\/wp\/v2\/posts\/379636\/revisions\/379642"}],"wp:featuredmedia":[{"embeddable":true,"href":"https:\/\/www.notibras.com\/site\/wp-json\/wp\/v2\/media\/379637"}],"wp:attachment":[{"href":"https:\/\/www.notibras.com\/site\/wp-json\/wp\/v2\/media?parent=379636"}],"wp:term":[{"taxonomy":"category","embeddable":true,"href":"https:\/\/www.notibras.com\/site\/wp-json\/wp\/v2\/categories?post=379636"},{"taxonomy":"post_tag","embeddable":true,"href":"https:\/\/www.notibras.com\/site\/wp-json\/wp\/v2\/tags?post=379636"}],"curies":[{"name":"wp","href":"https:\/\/api.w.org\/{rel}","templated":true}]}}