{"id":379640,"date":"2026-01-19T00:49:18","date_gmt":"2026-01-19T03:49:18","guid":{"rendered":"https:\/\/www.notibras.com\/site\/?p=379640"},"modified":"2026-01-18T23:50:13","modified_gmt":"2026-01-19T02:50:13","slug":"o-iniciado-supremo-da-mitologia-nordica","status":"publish","type":"post","link":"https:\/\/www.notibras.com\/site\/o-iniciado-supremo-da-mitologia-nordica\/","title":{"rendered":"O iniciado supremo da mitologia n\u00f3rdica"},"content":{"rendered":"<p>Na vastid\u00e3o gelada dos mitos n\u00f3rdicos, onde deuses caminham entre gigantes e o destino \u00e9 tecido por for\u00e7as invis\u00edveis, Odin se ergue n\u00e3o apenas como o Pai de Todos, mas como o grande iniciado, o arqu\u00e9tipo daquele que compreende que o verdadeiro poder nasce do sacrif\u00edcio e do conhecimento oculto.<\/p>\n<p>Diferente de divindades solares e triunfantes, Odin \u00e9 um deus de sombras e sil\u00eancios, de perguntas sem resposta e caminhos tortuosos. Ele governa n\u00e3o pelo brilho da for\u00e7a bruta, mas pela sabedoria adquirida ao custo da dor.<\/p>\n<p>Ao entregar um de seus olhos ao po\u00e7o de M\u00edmir, Odin realiza um dos gestos mais profundos da tradi\u00e7\u00e3o esot\u00e9rica: a troca da vis\u00e3o comum pela vis\u00e3o interior. Perder um olho n\u00e3o \u00e9 cegueira, mas inicia\u00e7\u00e3o. \u00c9 o abandono da percep\u00e7\u00e3o imediata para enxergar as camadas invis\u00edveis da realidade \u2014 aquilo que escapa aos sentidos e s\u00f3 se revela \u00e0 consci\u00eancia desperta.<\/p>\n<p>Nesse ato, Odin ensina que o conhecimento verdadeiro exige ren\u00fancia. Nada \u00e9 concedido gratuitamente nos dom\u00ednios do esp\u00edrito.<\/p>\n<p>Suspenso por nove noites em Yggdrasil, a \u00c1rvore do Mundo, ferido por sua pr\u00f3pria lan\u00e7a, Odin repete o gesto do xam\u00e3 que morre simbolicamente para renascer transformado. Ali, entre vida e morte, ele recebe as runas, s\u00edmbolos que n\u00e3o s\u00e3o apenas letras, mas chaves vibrat\u00f3rias capazes de alterar o destino.<\/p>\n<p>As runas representam a linguagem primordial do cosmos. Conhec\u00ea-las \u00e9 dialogar com o pr\u00f3prio tecido da exist\u00eancia. Odin n\u00e3o as domina como um tirano; ele as compreende como quem aceita o peso da responsabilidade que acompanha o saber oculto.<\/p>\n<p>Odin \u00e9 tamb\u00e9m o deus do \u00eaxtase, da poesia e da loucura sagrada. Ele caminha nas fronteiras entre o racional e o ca\u00f3tico, onde nascem os vates, os guerreiros inspirados e os vision\u00e1rios. Seu estado de consci\u00eancia lembra o transe xam\u00e2nico, no qual o esp\u00edrito viaja entre mundos e retorna trazendo fragmentos de verdade.<\/p>\n<p>Nesse aspecto, Odin \u00e9 um guia para aqueles que ousam atravessar o abismo interior, aceitando o risco da desorienta\u00e7\u00e3o para alcan\u00e7ar a revela\u00e7\u00e3o.<\/p>\n<p>Mesmo senhor dos deuses, Odin conhece o seu destino. Ele sabe que no Ragnar\u00f6k ser\u00e1 devorado por Fenrir. Ainda assim, n\u00e3o foge, n\u00e3o nega, n\u00e3o tenta reescrever o que foi tecido pelas Nornas. Sua grandeza est\u00e1 na consci\u00eancia l\u00facida do fim.<\/p>\n<p>Esotericamente, Odin nos ensina que a sabedoria suprema n\u00e3o est\u00e1 em evitar a morte, mas em agir com sentido mesmo diante da inevitabilidade do colapso.<\/p>\n<p>No plano simb\u00f3lico, Odin representa o buscador incans\u00e1vel, aquele que sacrifica conforto, certezas e at\u00e9 partes de si mesmo para tocar o mist\u00e9rio. Ele \u00e9 o mestre que n\u00e3o entrega respostas prontas, mas conduz o iniciado ao limite \u2014 onde apenas a experi\u00eancia direta pode revelar a verdade.<\/p>\n<p>Invocar Odin, no sentido esot\u00e9rico, n\u00e3o \u00e9 pedir poder, mas aceitar o chamado da transforma\u00e7\u00e3o.<\/p>\n","protected":false},"excerpt":{"rendered":"<p>Na vastid\u00e3o gelada dos mitos n\u00f3rdicos, onde deuses caminham entre gigantes e o destino \u00e9 tecido por for\u00e7as invis\u00edveis, Odin se ergue n\u00e3o apenas como o Pai de Todos, mas como o grande iniciado, o arqu\u00e9tipo daquele que compreende que o verdadeiro poder nasce do sacrif\u00edcio e do conhecimento oculto. Diferente de divindades solares e [&hellip;]<\/p>\n","protected":false},"author":2,"featured_media":379643,"comment_status":"closed","ping_status":"closed","sticky":false,"template":"","format":"standard","meta":{"_acf_changed":false,"footnotes":""},"categories":[237],"tags":[],"class_list":["post-379640","post","type-post","status-publish","format-standard","has-post-thumbnail","hentry","category-oraculos"],"acf":[],"yoast_head":"<!-- This site is optimized with the Yoast SEO plugin v27.2 - https:\/\/yoast.com\/product\/yoast-seo-wordpress\/ -->\n<title>O iniciado supremo da mitologia n\u00f3rdica - Notibras<\/title>\n<meta name=\"robots\" content=\"index, follow, max-snippet:-1, max-image-preview:large, max-video-preview:-1\" \/>\n<link rel=\"canonical\" href=\"https:\/\/www.notibras.com\/site\/o-iniciado-supremo-da-mitologia-nordica\/\" \/>\n<meta property=\"og:locale\" content=\"pt_BR\" \/>\n<meta property=\"og:type\" content=\"article\" \/>\n<meta property=\"og:title\" content=\"O iniciado supremo da mitologia n\u00f3rdica - Notibras\" \/>\n<meta property=\"og:description\" content=\"Na vastid\u00e3o gelada dos mitos n\u00f3rdicos, onde deuses caminham entre gigantes e o destino \u00e9 tecido por for\u00e7as invis\u00edveis, Odin se ergue n\u00e3o apenas como o Pai de Todos, mas como o grande iniciado, o arqu\u00e9tipo daquele que compreende que o verdadeiro poder nasce do sacrif\u00edcio e do conhecimento oculto. Diferente de divindades solares e [&hellip;]\" \/>\n<meta property=\"og:url\" content=\"https:\/\/www.notibras.com\/site\/o-iniciado-supremo-da-mitologia-nordica\/\" \/>\n<meta property=\"og:site_name\" content=\"Notibras\" \/>\n<meta property=\"article:publisher\" content=\"https:\/\/www.facebook.com\/notibras\/\" \/>\n<meta property=\"article:published_time\" content=\"2026-01-19T03:49:18+00:00\" \/>\n<meta property=\"og:image\" content=\"https:\/\/www.notibras.com\/site\/wp-content\/uploads\/2026\/01\/f3d7e4ab-b307-4ae4-9426-b5d3d32c2ad0-683x1024.png\" \/>\n\t<meta property=\"og:image:width\" content=\"683\" \/>\n\t<meta property=\"og:image:height\" content=\"1024\" \/>\n\t<meta property=\"og:image:type\" content=\"image\/png\" \/>\n<meta name=\"author\" content=\"Reda\u00e7\u00e3o\" \/>\n<meta name=\"twitter:card\" content=\"summary_large_image\" \/>\n<meta name=\"twitter:creator\" content=\"@Notibras\" \/>\n<meta name=\"twitter:site\" content=\"@Notibras\" \/>\n<meta name=\"twitter:label1\" content=\"Escrito por\" \/>\n\t<meta name=\"twitter:data1\" content=\"Reda\u00e7\u00e3o\" \/>\n\t<meta name=\"twitter:label2\" content=\"Est. tempo de leitura\" \/>\n\t<meta name=\"twitter:data2\" content=\"3 minutos\" \/>\n<script type=\"application\/ld+json\" class=\"yoast-schema-graph\">{\"@context\":\"https:\/\/schema.org\",\"@graph\":[{\"@type\":\"Article\",\"@id\":\"https:\/\/www.notibras.com\/site\/o-iniciado-supremo-da-mitologia-nordica\/#article\",\"isPartOf\":{\"@id\":\"https:\/\/www.notibras.com\/site\/o-iniciado-supremo-da-mitologia-nordica\/\"},\"author\":{\"name\":\"Reda\u00e7\u00e3o\",\"@id\":\"https:\/\/www.notibras.com\/site\/#\/schema\/person\/36ab0979449956132d3e5b517ea76ac8\"},\"headline\":\"O iniciado supremo da mitologia n\u00f3rdica\",\"datePublished\":\"2026-01-19T03:49:18+00:00\",\"mainEntityOfPage\":{\"@id\":\"https:\/\/www.notibras.com\/site\/o-iniciado-supremo-da-mitologia-nordica\/\"},\"wordCount\":514,\"publisher\":{\"@id\":\"https:\/\/www.notibras.com\/site\/#organization\"},\"image\":{\"@id\":\"https:\/\/www.notibras.com\/site\/o-iniciado-supremo-da-mitologia-nordica\/#primaryimage\"},\"thumbnailUrl\":\"https:\/\/www.notibras.com\/site\/wp-content\/uploads\/2026\/01\/f3d7e4ab-b307-4ae4-9426-b5d3d32c2ad0.png\",\"articleSection\":[\"Or\u00e1culos\"],\"inLanguage\":\"pt-BR\"},{\"@type\":\"WebPage\",\"@id\":\"https:\/\/www.notibras.com\/site\/o-iniciado-supremo-da-mitologia-nordica\/\",\"url\":\"https:\/\/www.notibras.com\/site\/o-iniciado-supremo-da-mitologia-nordica\/\",\"name\":\"O iniciado supremo da mitologia n\u00f3rdica - Notibras\",\"isPartOf\":{\"@id\":\"https:\/\/www.notibras.com\/site\/#website\"},\"primaryImageOfPage\":{\"@id\":\"https:\/\/www.notibras.com\/site\/o-iniciado-supremo-da-mitologia-nordica\/#primaryimage\"},\"image\":{\"@id\":\"https:\/\/www.notibras.com\/site\/o-iniciado-supremo-da-mitologia-nordica\/#primaryimage\"},\"thumbnailUrl\":\"https:\/\/www.notibras.com\/site\/wp-content\/uploads\/2026\/01\/f3d7e4ab-b307-4ae4-9426-b5d3d32c2ad0.png\",\"datePublished\":\"2026-01-19T03:49:18+00:00\",\"breadcrumb\":{\"@id\":\"https:\/\/www.notibras.com\/site\/o-iniciado-supremo-da-mitologia-nordica\/#breadcrumb\"},\"inLanguage\":\"pt-BR\",\"potentialAction\":[{\"@type\":\"ReadAction\",\"target\":[\"https:\/\/www.notibras.com\/site\/o-iniciado-supremo-da-mitologia-nordica\/\"]}]},{\"@type\":\"ImageObject\",\"inLanguage\":\"pt-BR\",\"@id\":\"https:\/\/www.notibras.com\/site\/o-iniciado-supremo-da-mitologia-nordica\/#primaryimage\",\"url\":\"https:\/\/www.notibras.com\/site\/wp-content\/uploads\/2026\/01\/f3d7e4ab-b307-4ae4-9426-b5d3d32c2ad0.png\",\"contentUrl\":\"https:\/\/www.notibras.com\/site\/wp-content\/uploads\/2026\/01\/f3d7e4ab-b307-4ae4-9426-b5d3d32c2ad0.png\",\"width\":1024,\"height\":1536},{\"@type\":\"BreadcrumbList\",\"@id\":\"https:\/\/www.notibras.com\/site\/o-iniciado-supremo-da-mitologia-nordica\/#breadcrumb\",\"itemListElement\":[{\"@type\":\"ListItem\",\"position\":1,\"name\":\"In\u00edcio\",\"item\":\"https:\/\/www.notibras.com\/site\/\"},{\"@type\":\"ListItem\",\"position\":2,\"name\":\"O iniciado supremo da mitologia n\u00f3rdica\"}]},{\"@type\":\"WebSite\",\"@id\":\"https:\/\/www.notibras.com\/site\/#website\",\"url\":\"https:\/\/www.notibras.com\/site\/\",\"name\":\"Notibras\",\"description\":\"Not\u00edcias de Bras\u00edlia, do Brasil e do Mundo\",\"publisher\":{\"@id\":\"https:\/\/www.notibras.com\/site\/#organization\"},\"potentialAction\":[{\"@type\":\"SearchAction\",\"target\":{\"@type\":\"EntryPoint\",\"urlTemplate\":\"https:\/\/www.notibras.com\/site\/?s={search_term_string}\"},\"query-input\":{\"@type\":\"PropertyValueSpecification\",\"valueRequired\":true,\"valueName\":\"search_term_string\"}}],\"inLanguage\":\"pt-BR\"},{\"@type\":\"Organization\",\"@id\":\"https:\/\/www.notibras.com\/site\/#organization\",\"name\":\"Grupo Notibras de Comunica\u00e7\u00e3o\",\"url\":\"https:\/\/www.notibras.com\/site\/\",\"logo\":{\"@type\":\"ImageObject\",\"inLanguage\":\"pt-BR\",\"@id\":\"https:\/\/www.notibras.com\/site\/#\/schema\/logo\/image\/\",\"url\":\"https:\/\/www.notibras.com\/site\/wp-content\/uploads\/2023\/01\/notibras23.png\",\"contentUrl\":\"https:\/\/www.notibras.com\/site\/wp-content\/uploads\/2023\/01\/notibras23.png\",\"width\":350,\"height\":87,\"caption\":\"Grupo Notibras de Comunica\u00e7\u00e3o\"},\"image\":{\"@id\":\"https:\/\/www.notibras.com\/site\/#\/schema\/logo\/image\/\"},\"sameAs\":[\"https:\/\/www.facebook.com\/notibras\/\",\"https:\/\/x.com\/Notibras\",\"https:\/\/www.instagram.com\/notibras\/\"]},{\"@type\":\"Person\",\"@id\":\"https:\/\/www.notibras.com\/site\/#\/schema\/person\/36ab0979449956132d3e5b517ea76ac8\",\"name\":\"Reda\u00e7\u00e3o\",\"image\":{\"@type\":\"ImageObject\",\"inLanguage\":\"pt-BR\",\"@id\":\"https:\/\/secure.gravatar.com\/avatar\/e0a867bdedb85fd243eadf09663511f96fc81e0720a4a42581f334ad4303aa6b?s=96&d=mm&r=g\",\"url\":\"https:\/\/secure.gravatar.com\/avatar\/e0a867bdedb85fd243eadf09663511f96fc81e0720a4a42581f334ad4303aa6b?s=96&d=mm&r=g\",\"contentUrl\":\"https:\/\/secure.gravatar.com\/avatar\/e0a867bdedb85fd243eadf09663511f96fc81e0720a4a42581f334ad4303aa6b?s=96&d=mm&r=g\",\"caption\":\"Reda\u00e7\u00e3o\"}}]}<\/script>\n<!-- \/ Yoast SEO plugin. -->","yoast_head_json":{"title":"O iniciado supremo da mitologia n\u00f3rdica - Notibras","robots":{"index":"index","follow":"follow","max-snippet":"max-snippet:-1","max-image-preview":"max-image-preview:large","max-video-preview":"max-video-preview:-1"},"canonical":"https:\/\/www.notibras.com\/site\/o-iniciado-supremo-da-mitologia-nordica\/","og_locale":"pt_BR","og_type":"article","og_title":"O iniciado supremo da mitologia n\u00f3rdica - Notibras","og_description":"Na vastid\u00e3o gelada dos mitos n\u00f3rdicos, onde deuses caminham entre gigantes e o destino \u00e9 tecido por for\u00e7as invis\u00edveis, Odin se ergue n\u00e3o apenas como o Pai de Todos, mas como o grande iniciado, o arqu\u00e9tipo daquele que compreende que o verdadeiro poder nasce do sacrif\u00edcio e do conhecimento oculto. Diferente de divindades solares e [&hellip;]","og_url":"https:\/\/www.notibras.com\/site\/o-iniciado-supremo-da-mitologia-nordica\/","og_site_name":"Notibras","article_publisher":"https:\/\/www.facebook.com\/notibras\/","article_published_time":"2026-01-19T03:49:18+00:00","og_image":[{"width":683,"height":1024,"url":"https:\/\/www.notibras.com\/site\/wp-content\/uploads\/2026\/01\/f3d7e4ab-b307-4ae4-9426-b5d3d32c2ad0-683x1024.png","type":"image\/png"}],"author":"Reda\u00e7\u00e3o","twitter_card":"summary_large_image","twitter_creator":"@Notibras","twitter_site":"@Notibras","twitter_misc":{"Escrito por":"Reda\u00e7\u00e3o","Est. tempo de leitura":"3 minutos"},"schema":{"@context":"https:\/\/schema.org","@graph":[{"@type":"Article","@id":"https:\/\/www.notibras.com\/site\/o-iniciado-supremo-da-mitologia-nordica\/#article","isPartOf":{"@id":"https:\/\/www.notibras.com\/site\/o-iniciado-supremo-da-mitologia-nordica\/"},"author":{"name":"Reda\u00e7\u00e3o","@id":"https:\/\/www.notibras.com\/site\/#\/schema\/person\/36ab0979449956132d3e5b517ea76ac8"},"headline":"O iniciado supremo da mitologia n\u00f3rdica","datePublished":"2026-01-19T03:49:18+00:00","mainEntityOfPage":{"@id":"https:\/\/www.notibras.com\/site\/o-iniciado-supremo-da-mitologia-nordica\/"},"wordCount":514,"publisher":{"@id":"https:\/\/www.notibras.com\/site\/#organization"},"image":{"@id":"https:\/\/www.notibras.com\/site\/o-iniciado-supremo-da-mitologia-nordica\/#primaryimage"},"thumbnailUrl":"https:\/\/www.notibras.com\/site\/wp-content\/uploads\/2026\/01\/f3d7e4ab-b307-4ae4-9426-b5d3d32c2ad0.png","articleSection":["Or\u00e1culos"],"inLanguage":"pt-BR"},{"@type":"WebPage","@id":"https:\/\/www.notibras.com\/site\/o-iniciado-supremo-da-mitologia-nordica\/","url":"https:\/\/www.notibras.com\/site\/o-iniciado-supremo-da-mitologia-nordica\/","name":"O iniciado supremo da mitologia n\u00f3rdica - Notibras","isPartOf":{"@id":"https:\/\/www.notibras.com\/site\/#website"},"primaryImageOfPage":{"@id":"https:\/\/www.notibras.com\/site\/o-iniciado-supremo-da-mitologia-nordica\/#primaryimage"},"image":{"@id":"https:\/\/www.notibras.com\/site\/o-iniciado-supremo-da-mitologia-nordica\/#primaryimage"},"thumbnailUrl":"https:\/\/www.notibras.com\/site\/wp-content\/uploads\/2026\/01\/f3d7e4ab-b307-4ae4-9426-b5d3d32c2ad0.png","datePublished":"2026-01-19T03:49:18+00:00","breadcrumb":{"@id":"https:\/\/www.notibras.com\/site\/o-iniciado-supremo-da-mitologia-nordica\/#breadcrumb"},"inLanguage":"pt-BR","potentialAction":[{"@type":"ReadAction","target":["https:\/\/www.notibras.com\/site\/o-iniciado-supremo-da-mitologia-nordica\/"]}]},{"@type":"ImageObject","inLanguage":"pt-BR","@id":"https:\/\/www.notibras.com\/site\/o-iniciado-supremo-da-mitologia-nordica\/#primaryimage","url":"https:\/\/www.notibras.com\/site\/wp-content\/uploads\/2026\/01\/f3d7e4ab-b307-4ae4-9426-b5d3d32c2ad0.png","contentUrl":"https:\/\/www.notibras.com\/site\/wp-content\/uploads\/2026\/01\/f3d7e4ab-b307-4ae4-9426-b5d3d32c2ad0.png","width":1024,"height":1536},{"@type":"BreadcrumbList","@id":"https:\/\/www.notibras.com\/site\/o-iniciado-supremo-da-mitologia-nordica\/#breadcrumb","itemListElement":[{"@type":"ListItem","position":1,"name":"In\u00edcio","item":"https:\/\/www.notibras.com\/site\/"},{"@type":"ListItem","position":2,"name":"O iniciado supremo da mitologia n\u00f3rdica"}]},{"@type":"WebSite","@id":"https:\/\/www.notibras.com\/site\/#website","url":"https:\/\/www.notibras.com\/site\/","name":"Notibras","description":"Not\u00edcias de Bras\u00edlia, do Brasil e do Mundo","publisher":{"@id":"https:\/\/www.notibras.com\/site\/#organization"},"potentialAction":[{"@type":"SearchAction","target":{"@type":"EntryPoint","urlTemplate":"https:\/\/www.notibras.com\/site\/?s={search_term_string}"},"query-input":{"@type":"PropertyValueSpecification","valueRequired":true,"valueName":"search_term_string"}}],"inLanguage":"pt-BR"},{"@type":"Organization","@id":"https:\/\/www.notibras.com\/site\/#organization","name":"Grupo Notibras de Comunica\u00e7\u00e3o","url":"https:\/\/www.notibras.com\/site\/","logo":{"@type":"ImageObject","inLanguage":"pt-BR","@id":"https:\/\/www.notibras.com\/site\/#\/schema\/logo\/image\/","url":"https:\/\/www.notibras.com\/site\/wp-content\/uploads\/2023\/01\/notibras23.png","contentUrl":"https:\/\/www.notibras.com\/site\/wp-content\/uploads\/2023\/01\/notibras23.png","width":350,"height":87,"caption":"Grupo Notibras de Comunica\u00e7\u00e3o"},"image":{"@id":"https:\/\/www.notibras.com\/site\/#\/schema\/logo\/image\/"},"sameAs":["https:\/\/www.facebook.com\/notibras\/","https:\/\/x.com\/Notibras","https:\/\/www.instagram.com\/notibras\/"]},{"@type":"Person","@id":"https:\/\/www.notibras.com\/site\/#\/schema\/person\/36ab0979449956132d3e5b517ea76ac8","name":"Reda\u00e7\u00e3o","image":{"@type":"ImageObject","inLanguage":"pt-BR","@id":"https:\/\/secure.gravatar.com\/avatar\/e0a867bdedb85fd243eadf09663511f96fc81e0720a4a42581f334ad4303aa6b?s=96&d=mm&r=g","url":"https:\/\/secure.gravatar.com\/avatar\/e0a867bdedb85fd243eadf09663511f96fc81e0720a4a42581f334ad4303aa6b?s=96&d=mm&r=g","contentUrl":"https:\/\/secure.gravatar.com\/avatar\/e0a867bdedb85fd243eadf09663511f96fc81e0720a4a42581f334ad4303aa6b?s=96&d=mm&r=g","caption":"Reda\u00e7\u00e3o"}}]}},"amp_enabled":true,"_links":{"self":[{"href":"https:\/\/www.notibras.com\/site\/wp-json\/wp\/v2\/posts\/379640","targetHints":{"allow":["GET"]}}],"collection":[{"href":"https:\/\/www.notibras.com\/site\/wp-json\/wp\/v2\/posts"}],"about":[{"href":"https:\/\/www.notibras.com\/site\/wp-json\/wp\/v2\/types\/post"}],"author":[{"embeddable":true,"href":"https:\/\/www.notibras.com\/site\/wp-json\/wp\/v2\/users\/2"}],"replies":[{"embeddable":true,"href":"https:\/\/www.notibras.com\/site\/wp-json\/wp\/v2\/comments?post=379640"}],"version-history":[{"count":1,"href":"https:\/\/www.notibras.com\/site\/wp-json\/wp\/v2\/posts\/379640\/revisions"}],"predecessor-version":[{"id":379644,"href":"https:\/\/www.notibras.com\/site\/wp-json\/wp\/v2\/posts\/379640\/revisions\/379644"}],"wp:featuredmedia":[{"embeddable":true,"href":"https:\/\/www.notibras.com\/site\/wp-json\/wp\/v2\/media\/379643"}],"wp:attachment":[{"href":"https:\/\/www.notibras.com\/site\/wp-json\/wp\/v2\/media?parent=379640"}],"wp:term":[{"taxonomy":"category","embeddable":true,"href":"https:\/\/www.notibras.com\/site\/wp-json\/wp\/v2\/categories?post=379640"},{"taxonomy":"post_tag","embeddable":true,"href":"https:\/\/www.notibras.com\/site\/wp-json\/wp\/v2\/tags?post=379640"}],"curies":[{"name":"wp","href":"https:\/\/api.w.org\/{rel}","templated":true}]}}