{"id":379645,"date":"2026-01-19T00:02:10","date_gmt":"2026-01-19T03:02:10","guid":{"rendered":"https:\/\/www.notibras.com\/site\/?p=379645"},"modified":"2026-01-19T00:03:23","modified_gmt":"2026-01-19T03:03:23","slug":"semana-astrologica-trara-a-quebra-de-padroes-rigidos","status":"publish","type":"post","link":"https:\/\/www.notibras.com\/site\/semana-astrologica-trara-a-quebra-de-padroes-rigidos\/","title":{"rendered":"Semana astrol\u00f3gica trar\u00e1 a quebra de padr\u00f5es r\u00edgidos"},"content":{"rendered":"<p>A semana astrol\u00f3gica de 19 a 25 de janeiro de 2026 marca uma virada simb\u00f3lica importante, com o Sol se despede de Capric\u00f3rnio e ingressando em Aqu\u00e1rio. Abre-se, assim, espa\u00e7o para ideias novas, mudan\u00e7as de rota e questionamentos sobre o futuro coletivo e individual.<\/p>\n<p>A Lua percorre signos que favorecem introspec\u00e7\u00e3o no in\u00edcio da semana e expans\u00e3o emocional nos dias finais. \u00c9 um per\u00edodo prop\u00edcio para revisar planos, romper padr\u00f5es r\u00edgidos e ousar pensar diferente, mas sem perder o senso de responsabilidade constru\u00eddo at\u00e9 aqui.<\/p>\n<p>Veja a seguir a previs\u00e3o para cada um doa 12 signos do Zod\u00edaco:<\/p>\n<p>&#x2648; \u00c1ries<\/p>\n<p>Trabalho &amp; Dinheiro: A semana pede cautela nas decis\u00f5es. Evite agir por impulso, sobretudo at\u00e9 quarta-feira. A partir de quinta, boas ideias ganham for\u00e7a.<br \/>\nAmor: Conversas francas ajudam a resolver mal-entendidos. Para solteiros, amizade pode virar algo mais.<br \/>\nBem-estar: Aten\u00e7\u00e3o ao estresse. Movimento f\u00edsico ajuda a equilibrar a mente.<\/p>\n<p>&#x2649; Touro<\/p>\n<p>Trabalho &amp; Dinheiro: Reconhecimento por esfor\u00e7o antigo. Quest\u00f5es financeiras exigem organiza\u00e7\u00e3o, mas sem sacrif\u00edcios excessivos.<br \/>\nAmor: Semana est\u00e1vel, por\u00e9m um pouco silenciosa. Demonstre afeto em gestos simples.<br \/>\nBem-estar: Corpo pede descanso. Respeite seus limites.<\/p>\n<p>&#x264a; G\u00eameos<\/p>\n<p>Trabalho &amp; Dinheiro: O ingresso do Sol em Aqu\u00e1rio favorece ideias criativas e novos contatos. Bom momento para estudos e negocia\u00e7\u00f5es.<br \/>\nAmor: Leveza e di\u00e1logo marcam a semana. Paix\u00f5es repentinas podem surgir.<br \/>\nBem-estar: Mente acelerada: medita\u00e7\u00e3o ou leitura ajudam a desacelerar.<\/p>\n<p>&#x264b; C\u00e2ncer<\/p>\n<p>Trabalho &amp; Dinheiro: Assuntos financeiros compartilhados pedem aten\u00e7\u00e3o. Evite misturar emo\u00e7\u00e3o com dinheiro.<br \/>\nAmor: Sensibilidade elevada. Busque acolhimento, mas evite cobran\u00e7as excessivas.<br \/>\nBem-estar: Emo\u00e7\u00f5es oscilam. Cuide do sono e da alimenta\u00e7\u00e3o.<\/p>\n<p>&#x264c; Le\u00e3o<\/p>\n<p>Trabalho &amp; Dinheiro: Parcerias entram em foco. Saber ouvir ser\u00e1 t\u00e3o importante quanto liderar.<br \/>\nAmor: Relacionamentos passam por ajustes. Para solteiros, algu\u00e9m diferente do habitual chama aten\u00e7\u00e3o.<br \/>\nBem-estar: Evite exageros. Equil\u00edbrio \u00e9 a palavra-chave.<\/p>\n<p>&#x264d; Virgem<\/p>\n<p>Trabalho &amp; Dinheiro: Semana produtiva, desde que voc\u00ea n\u00e3o tente controlar tudo. Delegar ser\u00e1 essencial.<br \/>\nAmor: Pequenos gestos fortalecem la\u00e7os. Evite cr\u00edticas desnecess\u00e1rias.<br \/>\nBem-estar: Aten\u00e7\u00e3o \u00e0 rotina: organize hor\u00e1rios e evite sobrecarga.<\/p>\n<p>&#x264e; Libra<\/p>\n<p>Trabalho &amp; Dinheiro: Criatividade em alta. Projetos autorais ganham destaque.<br \/>\nAmor: Romance favorecido, com clima de leveza e troca. Bom per\u00edodo para encontros.<br \/>\nBem-estar: Busque prazer nas pequenas coisas. Arte e m\u00fasica fazem bem.<\/p>\n<p>&#x264f; Escorpi\u00e3o<\/p>\n<p>Trabalho &amp; Dinheiro: Quest\u00f5es familiares ou dom\u00e9sticas podem interferir na concentra\u00e7\u00e3o. Organiza\u00e7\u00e3o ser\u00e1 essencial.<br \/>\nAmor: Emo\u00e7\u00f5es profundas. Evite jogos de poder e valorize a confian\u00e7a.<br \/>\nBem-estar: Necessidade de recolhimento. Respeite seu tempo interno.<\/p>\n<p>&#x2650; Sagit\u00e1rio<\/p>\n<p>Trabalho &amp; Dinheiro: Comunica\u00e7\u00e3o favorecida. Reuni\u00f5es, entrevistas e acordos fluem melhor.<br \/>\nAmor: Semana animada, com boas conversas e reencontros.<br \/>\nBem-estar: Energia em alta, mas evite dispers\u00e3o.<\/p>\n<p>&#x2651; Capric\u00f3rnio<\/p>\n<p>Trabalho &amp; Dinheiro: \u00daltimos dias do Sol no seu signo pedem balan\u00e7o e encerramentos. Novas metas financeiras surgem.<br \/>\nAmor: Momento de definir o que realmente tem valor emocional.<br \/>\nBem-estar: Cansa\u00e7o acumulado pede pausa consciente.<\/p>\n<p>&#x2652; Aqu\u00e1rio<\/p>\n<p>Trabalho &amp; Dinheiro: O Sol entra no seu signo e renova sua vitalidade. Excelente semana para iniciar projetos e mostrar ideias.<br \/>\nAmor: Magnetismo em alta. Novos come\u00e7os afetivos est\u00e3o favorecidos.<br \/>\nBem-estar: Sensa\u00e7\u00e3o de renova\u00e7\u00e3o. Aproveite para mudar h\u00e1bitos.<\/p>\n<p>&#x2653; Peixes<\/p>\n<p>Trabalho &amp; Dinheiro: Semana de bastidores. Planeje mais e exponha menos por enquanto.<br \/>\nAmor: Intui\u00e7\u00e3o agu\u00e7ada. Aten\u00e7\u00e3o para n\u00e3o idealizar demais.<br \/>\nBem-estar: Necessidade de sil\u00eancio e introspec\u00e7\u00e3o. \u00c1gua e natureza ajudam a recarregar.<\/p>\n","protected":false},"excerpt":{"rendered":"<p>A semana astrol\u00f3gica de 19 a 25 de janeiro de 2026 marca uma virada simb\u00f3lica importante, com o Sol se despede de Capric\u00f3rnio e ingressando em Aqu\u00e1rio. Abre-se, assim, espa\u00e7o para ideias novas, mudan\u00e7as de rota e questionamentos sobre o futuro coletivo e individual. A Lua percorre signos que favorecem introspec\u00e7\u00e3o no in\u00edcio da semana [&hellip;]<\/p>\n","protected":false},"author":2,"featured_media":379646,"comment_status":"closed","ping_status":"closed","sticky":false,"template":"","format":"standard","meta":{"_acf_changed":false,"footnotes":""},"categories":[237],"tags":[],"class_list":["post-379645","post","type-post","status-publish","format-standard","has-post-thumbnail","hentry","category-oraculos"],"acf":[],"yoast_head":"<!-- This site is optimized with the Yoast SEO plugin v27.2 - https:\/\/yoast.com\/product\/yoast-seo-wordpress\/ -->\n<title>Semana astrol\u00f3gica trar\u00e1 a quebra de padr\u00f5es r\u00edgidos - Notibras<\/title>\n<meta name=\"robots\" content=\"index, follow, max-snippet:-1, max-image-preview:large, max-video-preview:-1\" \/>\n<link rel=\"canonical\" href=\"https:\/\/www.notibras.com\/site\/semana-astrologica-trara-a-quebra-de-padroes-rigidos\/\" \/>\n<meta property=\"og:locale\" content=\"pt_BR\" \/>\n<meta property=\"og:type\" content=\"article\" \/>\n<meta property=\"og:title\" content=\"Semana astrol\u00f3gica trar\u00e1 a quebra de padr\u00f5es r\u00edgidos - Notibras\" \/>\n<meta property=\"og:description\" content=\"A semana astrol\u00f3gica de 19 a 25 de janeiro de 2026 marca uma virada simb\u00f3lica importante, com o Sol se despede de Capric\u00f3rnio e ingressando em Aqu\u00e1rio. Abre-se, assim, espa\u00e7o para ideias novas, mudan\u00e7as de rota e questionamentos sobre o futuro coletivo e individual. A Lua percorre signos que favorecem introspec\u00e7\u00e3o no in\u00edcio da semana [&hellip;]\" \/>\n<meta property=\"og:url\" content=\"https:\/\/www.notibras.com\/site\/semana-astrologica-trara-a-quebra-de-padroes-rigidos\/\" \/>\n<meta property=\"og:site_name\" content=\"Notibras\" \/>\n<meta property=\"article:publisher\" content=\"https:\/\/www.facebook.com\/notibras\/\" \/>\n<meta property=\"article:published_time\" content=\"2026-01-19T03:02:10+00:00\" \/>\n<meta property=\"article:modified_time\" content=\"2026-01-19T03:03:23+00:00\" \/>\n<meta property=\"og:image\" content=\"https:\/\/www.notibras.com\/site\/wp-content\/uploads\/2026\/01\/42b96631-e6fc-4c69-91ca-1ebda6ff77ad.png\" \/>\n\t<meta property=\"og:image:width\" content=\"740\" \/>\n\t<meta property=\"og:image:height\" content=\"740\" \/>\n\t<meta property=\"og:image:type\" content=\"image\/png\" \/>\n<meta name=\"author\" content=\"Reda\u00e7\u00e3o\" \/>\n<meta name=\"twitter:card\" content=\"summary_large_image\" \/>\n<meta name=\"twitter:creator\" content=\"@Notibras\" \/>\n<meta name=\"twitter:site\" content=\"@Notibras\" \/>\n<meta name=\"twitter:label1\" content=\"Escrito por\" \/>\n\t<meta name=\"twitter:data1\" content=\"Reda\u00e7\u00e3o\" \/>\n\t<meta name=\"twitter:label2\" content=\"Est. tempo de leitura\" \/>\n\t<meta name=\"twitter:data2\" content=\"4 minutos\" \/>\n<script type=\"application\/ld+json\" class=\"yoast-schema-graph\">{\"@context\":\"https:\/\/schema.org\",\"@graph\":[{\"@type\":\"Article\",\"@id\":\"https:\/\/www.notibras.com\/site\/semana-astrologica-trara-a-quebra-de-padroes-rigidos\/#article\",\"isPartOf\":{\"@id\":\"https:\/\/www.notibras.com\/site\/semana-astrologica-trara-a-quebra-de-padroes-rigidos\/\"},\"author\":{\"name\":\"Reda\u00e7\u00e3o\",\"@id\":\"https:\/\/www.notibras.com\/site\/#\/schema\/person\/36ab0979449956132d3e5b517ea76ac8\"},\"headline\":\"Semana astrol\u00f3gica trar\u00e1 a quebra de padr\u00f5es r\u00edgidos\",\"datePublished\":\"2026-01-19T03:02:10+00:00\",\"dateModified\":\"2026-01-19T03:03:23+00:00\",\"mainEntityOfPage\":{\"@id\":\"https:\/\/www.notibras.com\/site\/semana-astrologica-trara-a-quebra-de-padroes-rigidos\/\"},\"wordCount\":628,\"publisher\":{\"@id\":\"https:\/\/www.notibras.com\/site\/#organization\"},\"image\":{\"@id\":\"https:\/\/www.notibras.com\/site\/semana-astrologica-trara-a-quebra-de-padroes-rigidos\/#primaryimage\"},\"thumbnailUrl\":\"https:\/\/www.notibras.com\/site\/wp-content\/uploads\/2026\/01\/42b96631-e6fc-4c69-91ca-1ebda6ff77ad.png\",\"articleSection\":[\"Or\u00e1culos\"],\"inLanguage\":\"pt-BR\"},{\"@type\":\"WebPage\",\"@id\":\"https:\/\/www.notibras.com\/site\/semana-astrologica-trara-a-quebra-de-padroes-rigidos\/\",\"url\":\"https:\/\/www.notibras.com\/site\/semana-astrologica-trara-a-quebra-de-padroes-rigidos\/\",\"name\":\"Semana astrol\u00f3gica trar\u00e1 a quebra de padr\u00f5es r\u00edgidos - Notibras\",\"isPartOf\":{\"@id\":\"https:\/\/www.notibras.com\/site\/#website\"},\"primaryImageOfPage\":{\"@id\":\"https:\/\/www.notibras.com\/site\/semana-astrologica-trara-a-quebra-de-padroes-rigidos\/#primaryimage\"},\"image\":{\"@id\":\"https:\/\/www.notibras.com\/site\/semana-astrologica-trara-a-quebra-de-padroes-rigidos\/#primaryimage\"},\"thumbnailUrl\":\"https:\/\/www.notibras.com\/site\/wp-content\/uploads\/2026\/01\/42b96631-e6fc-4c69-91ca-1ebda6ff77ad.png\",\"datePublished\":\"2026-01-19T03:02:10+00:00\",\"dateModified\":\"2026-01-19T03:03:23+00:00\",\"breadcrumb\":{\"@id\":\"https:\/\/www.notibras.com\/site\/semana-astrologica-trara-a-quebra-de-padroes-rigidos\/#breadcrumb\"},\"inLanguage\":\"pt-BR\",\"potentialAction\":[{\"@type\":\"ReadAction\",\"target\":[\"https:\/\/www.notibras.com\/site\/semana-astrologica-trara-a-quebra-de-padroes-rigidos\/\"]}]},{\"@type\":\"ImageObject\",\"inLanguage\":\"pt-BR\",\"@id\":\"https:\/\/www.notibras.com\/site\/semana-astrologica-trara-a-quebra-de-padroes-rigidos\/#primaryimage\",\"url\":\"https:\/\/www.notibras.com\/site\/wp-content\/uploads\/2026\/01\/42b96631-e6fc-4c69-91ca-1ebda6ff77ad.png\",\"contentUrl\":\"https:\/\/www.notibras.com\/site\/wp-content\/uploads\/2026\/01\/42b96631-e6fc-4c69-91ca-1ebda6ff77ad.png\",\"width\":1024,\"height\":1024},{\"@type\":\"BreadcrumbList\",\"@id\":\"https:\/\/www.notibras.com\/site\/semana-astrologica-trara-a-quebra-de-padroes-rigidos\/#breadcrumb\",\"itemListElement\":[{\"@type\":\"ListItem\",\"position\":1,\"name\":\"In\u00edcio\",\"item\":\"https:\/\/www.notibras.com\/site\/\"},{\"@type\":\"ListItem\",\"position\":2,\"name\":\"Semana astrol\u00f3gica trar\u00e1 a quebra de padr\u00f5es r\u00edgidos\"}]},{\"@type\":\"WebSite\",\"@id\":\"https:\/\/www.notibras.com\/site\/#website\",\"url\":\"https:\/\/www.notibras.com\/site\/\",\"name\":\"Notibras\",\"description\":\"Not\u00edcias de Bras\u00edlia, do Brasil e do Mundo\",\"publisher\":{\"@id\":\"https:\/\/www.notibras.com\/site\/#organization\"},\"potentialAction\":[{\"@type\":\"SearchAction\",\"target\":{\"@type\":\"EntryPoint\",\"urlTemplate\":\"https:\/\/www.notibras.com\/site\/?s={search_term_string}\"},\"query-input\":{\"@type\":\"PropertyValueSpecification\",\"valueRequired\":true,\"valueName\":\"search_term_string\"}}],\"inLanguage\":\"pt-BR\"},{\"@type\":\"Organization\",\"@id\":\"https:\/\/www.notibras.com\/site\/#organization\",\"name\":\"Grupo Notibras de Comunica\u00e7\u00e3o\",\"url\":\"https:\/\/www.notibras.com\/site\/\",\"logo\":{\"@type\":\"ImageObject\",\"inLanguage\":\"pt-BR\",\"@id\":\"https:\/\/www.notibras.com\/site\/#\/schema\/logo\/image\/\",\"url\":\"https:\/\/www.notibras.com\/site\/wp-content\/uploads\/2023\/01\/notibras23.png\",\"contentUrl\":\"https:\/\/www.notibras.com\/site\/wp-content\/uploads\/2023\/01\/notibras23.png\",\"width\":350,\"height\":87,\"caption\":\"Grupo Notibras de Comunica\u00e7\u00e3o\"},\"image\":{\"@id\":\"https:\/\/www.notibras.com\/site\/#\/schema\/logo\/image\/\"},\"sameAs\":[\"https:\/\/www.facebook.com\/notibras\/\",\"https:\/\/x.com\/Notibras\",\"https:\/\/www.instagram.com\/notibras\/\"]},{\"@type\":\"Person\",\"@id\":\"https:\/\/www.notibras.com\/site\/#\/schema\/person\/36ab0979449956132d3e5b517ea76ac8\",\"name\":\"Reda\u00e7\u00e3o\",\"image\":{\"@type\":\"ImageObject\",\"inLanguage\":\"pt-BR\",\"@id\":\"https:\/\/secure.gravatar.com\/avatar\/e0a867bdedb85fd243eadf09663511f96fc81e0720a4a42581f334ad4303aa6b?s=96&d=mm&r=g\",\"url\":\"https:\/\/secure.gravatar.com\/avatar\/e0a867bdedb85fd243eadf09663511f96fc81e0720a4a42581f334ad4303aa6b?s=96&d=mm&r=g\",\"contentUrl\":\"https:\/\/secure.gravatar.com\/avatar\/e0a867bdedb85fd243eadf09663511f96fc81e0720a4a42581f334ad4303aa6b?s=96&d=mm&r=g\",\"caption\":\"Reda\u00e7\u00e3o\"}}]}<\/script>\n<!-- \/ Yoast SEO plugin. -->","yoast_head_json":{"title":"Semana astrol\u00f3gica trar\u00e1 a quebra de padr\u00f5es r\u00edgidos - Notibras","robots":{"index":"index","follow":"follow","max-snippet":"max-snippet:-1","max-image-preview":"max-image-preview:large","max-video-preview":"max-video-preview:-1"},"canonical":"https:\/\/www.notibras.com\/site\/semana-astrologica-trara-a-quebra-de-padroes-rigidos\/","og_locale":"pt_BR","og_type":"article","og_title":"Semana astrol\u00f3gica trar\u00e1 a quebra de padr\u00f5es r\u00edgidos - Notibras","og_description":"A semana astrol\u00f3gica de 19 a 25 de janeiro de 2026 marca uma virada simb\u00f3lica importante, com o Sol se despede de Capric\u00f3rnio e ingressando em Aqu\u00e1rio. Abre-se, assim, espa\u00e7o para ideias novas, mudan\u00e7as de rota e questionamentos sobre o futuro coletivo e individual. A Lua percorre signos que favorecem introspec\u00e7\u00e3o no in\u00edcio da semana [&hellip;]","og_url":"https:\/\/www.notibras.com\/site\/semana-astrologica-trara-a-quebra-de-padroes-rigidos\/","og_site_name":"Notibras","article_publisher":"https:\/\/www.facebook.com\/notibras\/","article_published_time":"2026-01-19T03:02:10+00:00","article_modified_time":"2026-01-19T03:03:23+00:00","og_image":[{"url":"https:\/\/www.notibras.com\/site\/wp-content\/uploads\/2026\/01\/42b96631-e6fc-4c69-91ca-1ebda6ff77ad.png","width":740,"height":740,"type":"image\/png"}],"author":"Reda\u00e7\u00e3o","twitter_card":"summary_large_image","twitter_creator":"@Notibras","twitter_site":"@Notibras","twitter_misc":{"Escrito por":"Reda\u00e7\u00e3o","Est. tempo de leitura":"4 minutos"},"schema":{"@context":"https:\/\/schema.org","@graph":[{"@type":"Article","@id":"https:\/\/www.notibras.com\/site\/semana-astrologica-trara-a-quebra-de-padroes-rigidos\/#article","isPartOf":{"@id":"https:\/\/www.notibras.com\/site\/semana-astrologica-trara-a-quebra-de-padroes-rigidos\/"},"author":{"name":"Reda\u00e7\u00e3o","@id":"https:\/\/www.notibras.com\/site\/#\/schema\/person\/36ab0979449956132d3e5b517ea76ac8"},"headline":"Semana astrol\u00f3gica trar\u00e1 a quebra de padr\u00f5es r\u00edgidos","datePublished":"2026-01-19T03:02:10+00:00","dateModified":"2026-01-19T03:03:23+00:00","mainEntityOfPage":{"@id":"https:\/\/www.notibras.com\/site\/semana-astrologica-trara-a-quebra-de-padroes-rigidos\/"},"wordCount":628,"publisher":{"@id":"https:\/\/www.notibras.com\/site\/#organization"},"image":{"@id":"https:\/\/www.notibras.com\/site\/semana-astrologica-trara-a-quebra-de-padroes-rigidos\/#primaryimage"},"thumbnailUrl":"https:\/\/www.notibras.com\/site\/wp-content\/uploads\/2026\/01\/42b96631-e6fc-4c69-91ca-1ebda6ff77ad.png","articleSection":["Or\u00e1culos"],"inLanguage":"pt-BR"},{"@type":"WebPage","@id":"https:\/\/www.notibras.com\/site\/semana-astrologica-trara-a-quebra-de-padroes-rigidos\/","url":"https:\/\/www.notibras.com\/site\/semana-astrologica-trara-a-quebra-de-padroes-rigidos\/","name":"Semana astrol\u00f3gica trar\u00e1 a quebra de padr\u00f5es r\u00edgidos - Notibras","isPartOf":{"@id":"https:\/\/www.notibras.com\/site\/#website"},"primaryImageOfPage":{"@id":"https:\/\/www.notibras.com\/site\/semana-astrologica-trara-a-quebra-de-padroes-rigidos\/#primaryimage"},"image":{"@id":"https:\/\/www.notibras.com\/site\/semana-astrologica-trara-a-quebra-de-padroes-rigidos\/#primaryimage"},"thumbnailUrl":"https:\/\/www.notibras.com\/site\/wp-content\/uploads\/2026\/01\/42b96631-e6fc-4c69-91ca-1ebda6ff77ad.png","datePublished":"2026-01-19T03:02:10+00:00","dateModified":"2026-01-19T03:03:23+00:00","breadcrumb":{"@id":"https:\/\/www.notibras.com\/site\/semana-astrologica-trara-a-quebra-de-padroes-rigidos\/#breadcrumb"},"inLanguage":"pt-BR","potentialAction":[{"@type":"ReadAction","target":["https:\/\/www.notibras.com\/site\/semana-astrologica-trara-a-quebra-de-padroes-rigidos\/"]}]},{"@type":"ImageObject","inLanguage":"pt-BR","@id":"https:\/\/www.notibras.com\/site\/semana-astrologica-trara-a-quebra-de-padroes-rigidos\/#primaryimage","url":"https:\/\/www.notibras.com\/site\/wp-content\/uploads\/2026\/01\/42b96631-e6fc-4c69-91ca-1ebda6ff77ad.png","contentUrl":"https:\/\/www.notibras.com\/site\/wp-content\/uploads\/2026\/01\/42b96631-e6fc-4c69-91ca-1ebda6ff77ad.png","width":1024,"height":1024},{"@type":"BreadcrumbList","@id":"https:\/\/www.notibras.com\/site\/semana-astrologica-trara-a-quebra-de-padroes-rigidos\/#breadcrumb","itemListElement":[{"@type":"ListItem","position":1,"name":"In\u00edcio","item":"https:\/\/www.notibras.com\/site\/"},{"@type":"ListItem","position":2,"name":"Semana astrol\u00f3gica trar\u00e1 a quebra de padr\u00f5es r\u00edgidos"}]},{"@type":"WebSite","@id":"https:\/\/www.notibras.com\/site\/#website","url":"https:\/\/www.notibras.com\/site\/","name":"Notibras","description":"Not\u00edcias de Bras\u00edlia, do Brasil e do Mundo","publisher":{"@id":"https:\/\/www.notibras.com\/site\/#organization"},"potentialAction":[{"@type":"SearchAction","target":{"@type":"EntryPoint","urlTemplate":"https:\/\/www.notibras.com\/site\/?s={search_term_string}"},"query-input":{"@type":"PropertyValueSpecification","valueRequired":true,"valueName":"search_term_string"}}],"inLanguage":"pt-BR"},{"@type":"Organization","@id":"https:\/\/www.notibras.com\/site\/#organization","name":"Grupo Notibras de Comunica\u00e7\u00e3o","url":"https:\/\/www.notibras.com\/site\/","logo":{"@type":"ImageObject","inLanguage":"pt-BR","@id":"https:\/\/www.notibras.com\/site\/#\/schema\/logo\/image\/","url":"https:\/\/www.notibras.com\/site\/wp-content\/uploads\/2023\/01\/notibras23.png","contentUrl":"https:\/\/www.notibras.com\/site\/wp-content\/uploads\/2023\/01\/notibras23.png","width":350,"height":87,"caption":"Grupo Notibras de Comunica\u00e7\u00e3o"},"image":{"@id":"https:\/\/www.notibras.com\/site\/#\/schema\/logo\/image\/"},"sameAs":["https:\/\/www.facebook.com\/notibras\/","https:\/\/x.com\/Notibras","https:\/\/www.instagram.com\/notibras\/"]},{"@type":"Person","@id":"https:\/\/www.notibras.com\/site\/#\/schema\/person\/36ab0979449956132d3e5b517ea76ac8","name":"Reda\u00e7\u00e3o","image":{"@type":"ImageObject","inLanguage":"pt-BR","@id":"https:\/\/secure.gravatar.com\/avatar\/e0a867bdedb85fd243eadf09663511f96fc81e0720a4a42581f334ad4303aa6b?s=96&d=mm&r=g","url":"https:\/\/secure.gravatar.com\/avatar\/e0a867bdedb85fd243eadf09663511f96fc81e0720a4a42581f334ad4303aa6b?s=96&d=mm&r=g","contentUrl":"https:\/\/secure.gravatar.com\/avatar\/e0a867bdedb85fd243eadf09663511f96fc81e0720a4a42581f334ad4303aa6b?s=96&d=mm&r=g","caption":"Reda\u00e7\u00e3o"}}]}},"amp_enabled":true,"_links":{"self":[{"href":"https:\/\/www.notibras.com\/site\/wp-json\/wp\/v2\/posts\/379645","targetHints":{"allow":["GET"]}}],"collection":[{"href":"https:\/\/www.notibras.com\/site\/wp-json\/wp\/v2\/posts"}],"about":[{"href":"https:\/\/www.notibras.com\/site\/wp-json\/wp\/v2\/types\/post"}],"author":[{"embeddable":true,"href":"https:\/\/www.notibras.com\/site\/wp-json\/wp\/v2\/users\/2"}],"replies":[{"embeddable":true,"href":"https:\/\/www.notibras.com\/site\/wp-json\/wp\/v2\/comments?post=379645"}],"version-history":[{"count":1,"href":"https:\/\/www.notibras.com\/site\/wp-json\/wp\/v2\/posts\/379645\/revisions"}],"predecessor-version":[{"id":379647,"href":"https:\/\/www.notibras.com\/site\/wp-json\/wp\/v2\/posts\/379645\/revisions\/379647"}],"wp:featuredmedia":[{"embeddable":true,"href":"https:\/\/www.notibras.com\/site\/wp-json\/wp\/v2\/media\/379646"}],"wp:attachment":[{"href":"https:\/\/www.notibras.com\/site\/wp-json\/wp\/v2\/media?parent=379645"}],"wp:term":[{"taxonomy":"category","embeddable":true,"href":"https:\/\/www.notibras.com\/site\/wp-json\/wp\/v2\/categories?post=379645"},{"taxonomy":"post_tag","embeddable":true,"href":"https:\/\/www.notibras.com\/site\/wp-json\/wp\/v2\/tags?post=379645"}],"curies":[{"name":"wp","href":"https:\/\/api.w.org\/{rel}","templated":true}]}}