{"id":379665,"date":"2026-01-19T00:00:30","date_gmt":"2026-01-19T03:00:30","guid":{"rendered":"https:\/\/www.notibras.com\/site\/?p=379665"},"modified":"2026-01-19T00:53:55","modified_gmt":"2026-01-19T03:53:55","slug":"rio-supera-cota-de-inundacao-e-deixa-capital-debaixo-dagua","status":"publish","type":"post","link":"https:\/\/www.notibras.com\/site\/rio-supera-cota-de-inundacao-e-deixa-capital-debaixo-dagua\/","title":{"rendered":"Rio supera cota de inunda\u00e7\u00e3o e deixa capital debaixo d&#8217;\u00e1gua"},"content":{"rendered":"<p>O n\u00edvel do Rio Acre na capital acreana, Rio Branco, j\u00e1 se encontra na marca de 1.455 cm (14,55 metros), acima do n\u00edvel de inunda\u00e7\u00e3o, de 1.400 cm. As informa\u00e7\u00f5es foram divulgadas neste domingo (18) no boletim de alerta hidrol\u00f3gico da Bacia do Rio Acre (SAH Rio Acre), divulgado pelo Servi\u00e7o Geol\u00f3gico do Brasil (SGB). A expectativa \u00e9 que a situa\u00e7\u00e3o estabilize ainda hoje.<\/p>\n<p>Segundo explicou \u00e0 Ag\u00eancia Brasil o pesquisador Artur Matos, do SGB, ocorreu uma cheia no Rio Acre no fim do ano passado, seguida de muita chuva no in\u00edcio de 2026, o que levou o n\u00edvel a subir novamente.<\/p>\n<p>\u201cMas com a chuva que j\u00e1 aconteceu, a gente est\u00e1 chegando no m\u00e1ximo hoje, e o n\u00edvel do Rio deve se estabilizar, come\u00e7ando a cair ainda hoje ou amanh\u00e3\u201d.<\/p>\n<p>Matos esclareceu que, no SGB, o conceito de inunda\u00e7\u00e3o significa que as primeiras casas j\u00e1 foram atingidas. \u201cAlguma coisa j\u00e1 deve ter sido atingida em Rio Branco\u201d.<\/p>\n<p>Na capital do estado, o Rio Acre est\u00e1 atingindo seu pico, o que significa estabiliza\u00e7\u00e3o e queda a seguir. O pesquisador do SGB admitiu, por outro lado, que, se acontecer uma nova chuva, o n\u00edvel do rio pode voltar a subir.<\/p>\n<p>J\u00e1 nos munic\u00edpios de Xapuri, Brasil\u00e9ia e Epitaciol\u00e2ndia, os n\u00edveis do rio apresentam valores abaixo da cota de alerta, de 1.250 cm e 980 cm, respectivamente, atingindo 1.168 cm e 584 cm.<\/p>\n<p>&#8220;A onda de cheia j\u00e1 passou, o n\u00edvel do rio j\u00e1 subiu e j\u00e1 desceu. Agora est\u00e1 descendo\u201d.<\/p>\n<p>Na \u00faltima sexta-feira (16), o SGB alertou que o n\u00edvel do rio Acre estava na marca de 1.399 cm e continuava a subir, com possibilidade de ultrapassar a cota de inunda\u00e7\u00e3o em Rio Branco nas pr\u00f3ximas horas, que de fato ocorreu. O monitoramento em tempo real pode ser acompanhado pelo Sistema de Alerta Hidrol\u00f3gico da Bacia do Rio Acre (SAH Acre).<\/p>\n","protected":false},"excerpt":{"rendered":"<p>O n\u00edvel do Rio Acre na capital acreana, Rio Branco, j\u00e1 se encontra na marca de 1.455 cm (14,55 metros), acima do n\u00edvel de inunda\u00e7\u00e3o, de 1.400 cm. As informa\u00e7\u00f5es foram divulgadas neste domingo (18) no boletim de alerta hidrol\u00f3gico da Bacia do Rio Acre (SAH Rio Acre), divulgado pelo Servi\u00e7o Geol\u00f3gico do Brasil (SGB). [&hellip;]<\/p>\n","protected":false},"author":2,"featured_media":379666,"comment_status":"closed","ping_status":"closed","sticky":false,"template":"","format":"standard","meta":{"_acf_changed":false,"footnotes":""},"categories":[16],"tags":[],"class_list":["post-379665","post","type-post","status-publish","format-standard","has-post-thumbnail","hentry","category-brasil"],"acf":[],"yoast_head":"<!-- This site is optimized with the Yoast SEO plugin v27.2 - https:\/\/yoast.com\/product\/yoast-seo-wordpress\/ -->\n<title>Rio supera cota de inunda\u00e7\u00e3o e deixa capital debaixo d&#039;\u00e1gua - Notibras<\/title>\n<meta name=\"robots\" content=\"index, follow, max-snippet:-1, max-image-preview:large, max-video-preview:-1\" \/>\n<link rel=\"canonical\" href=\"https:\/\/www.notibras.com\/site\/rio-supera-cota-de-inundacao-e-deixa-capital-debaixo-dagua\/\" \/>\n<meta property=\"og:locale\" content=\"pt_BR\" \/>\n<meta property=\"og:type\" content=\"article\" \/>\n<meta property=\"og:title\" content=\"Rio supera cota de inunda\u00e7\u00e3o e deixa capital debaixo d&#039;\u00e1gua - Notibras\" \/>\n<meta property=\"og:description\" content=\"O n\u00edvel do Rio Acre na capital acreana, Rio Branco, j\u00e1 se encontra na marca de 1.455 cm (14,55 metros), acima do n\u00edvel de inunda\u00e7\u00e3o, de 1.400 cm. As informa\u00e7\u00f5es foram divulgadas neste domingo (18) no boletim de alerta hidrol\u00f3gico da Bacia do Rio Acre (SAH Rio Acre), divulgado pelo Servi\u00e7o Geol\u00f3gico do Brasil (SGB). [&hellip;]\" \/>\n<meta property=\"og:url\" content=\"https:\/\/www.notibras.com\/site\/rio-supera-cota-de-inundacao-e-deixa-capital-debaixo-dagua\/\" \/>\n<meta property=\"og:site_name\" content=\"Notibras\" \/>\n<meta property=\"article:publisher\" content=\"https:\/\/www.facebook.com\/notibras\/\" \/>\n<meta property=\"article:published_time\" content=\"2026-01-19T03:00:30+00:00\" \/>\n<meta property=\"article:modified_time\" content=\"2026-01-19T03:53:55+00:00\" \/>\n<meta property=\"og:image\" content=\"https:\/\/www.notibras.com\/site\/wp-content\/uploads\/2026\/01\/bacia_do_rio_acre.webp\" \/>\n\t<meta property=\"og:image:width\" content=\"1170\" \/>\n\t<meta property=\"og:image:height\" content=\"700\" \/>\n\t<meta property=\"og:image:type\" content=\"image\/webp\" \/>\n<meta name=\"author\" content=\"Reda\u00e7\u00e3o\" \/>\n<meta name=\"twitter:card\" content=\"summary_large_image\" \/>\n<meta name=\"twitter:creator\" content=\"@Notibras\" \/>\n<meta name=\"twitter:site\" content=\"@Notibras\" \/>\n<meta name=\"twitter:label1\" content=\"Escrito por\" \/>\n\t<meta name=\"twitter:data1\" content=\"Reda\u00e7\u00e3o\" \/>\n\t<meta name=\"twitter:label2\" content=\"Est. tempo de leitura\" \/>\n\t<meta name=\"twitter:data2\" content=\"2 minutos\" \/>\n<script type=\"application\/ld+json\" class=\"yoast-schema-graph\">{\"@context\":\"https:\/\/schema.org\",\"@graph\":[{\"@type\":\"Article\",\"@id\":\"https:\/\/www.notibras.com\/site\/rio-supera-cota-de-inundacao-e-deixa-capital-debaixo-dagua\/#article\",\"isPartOf\":{\"@id\":\"https:\/\/www.notibras.com\/site\/rio-supera-cota-de-inundacao-e-deixa-capital-debaixo-dagua\/\"},\"author\":{\"name\":\"Reda\u00e7\u00e3o\",\"@id\":\"https:\/\/www.notibras.com\/site\/#\/schema\/person\/36ab0979449956132d3e5b517ea76ac8\"},\"headline\":\"Rio supera cota de inunda\u00e7\u00e3o e deixa capital debaixo d&#8217;\u00e1gua\",\"datePublished\":\"2026-01-19T03:00:30+00:00\",\"dateModified\":\"2026-01-19T03:53:55+00:00\",\"mainEntityOfPage\":{\"@id\":\"https:\/\/www.notibras.com\/site\/rio-supera-cota-de-inundacao-e-deixa-capital-debaixo-dagua\/\"},\"wordCount\":335,\"publisher\":{\"@id\":\"https:\/\/www.notibras.com\/site\/#organization\"},\"image\":{\"@id\":\"https:\/\/www.notibras.com\/site\/rio-supera-cota-de-inundacao-e-deixa-capital-debaixo-dagua\/#primaryimage\"},\"thumbnailUrl\":\"https:\/\/www.notibras.com\/site\/wp-content\/uploads\/2026\/01\/bacia_do_rio_acre.webp\",\"articleSection\":[\"Brasil\"],\"inLanguage\":\"pt-BR\"},{\"@type\":\"WebPage\",\"@id\":\"https:\/\/www.notibras.com\/site\/rio-supera-cota-de-inundacao-e-deixa-capital-debaixo-dagua\/\",\"url\":\"https:\/\/www.notibras.com\/site\/rio-supera-cota-de-inundacao-e-deixa-capital-debaixo-dagua\/\",\"name\":\"Rio supera cota de inunda\u00e7\u00e3o e deixa capital debaixo d'\u00e1gua - Notibras\",\"isPartOf\":{\"@id\":\"https:\/\/www.notibras.com\/site\/#website\"},\"primaryImageOfPage\":{\"@id\":\"https:\/\/www.notibras.com\/site\/rio-supera-cota-de-inundacao-e-deixa-capital-debaixo-dagua\/#primaryimage\"},\"image\":{\"@id\":\"https:\/\/www.notibras.com\/site\/rio-supera-cota-de-inundacao-e-deixa-capital-debaixo-dagua\/#primaryimage\"},\"thumbnailUrl\":\"https:\/\/www.notibras.com\/site\/wp-content\/uploads\/2026\/01\/bacia_do_rio_acre.webp\",\"datePublished\":\"2026-01-19T03:00:30+00:00\",\"dateModified\":\"2026-01-19T03:53:55+00:00\",\"breadcrumb\":{\"@id\":\"https:\/\/www.notibras.com\/site\/rio-supera-cota-de-inundacao-e-deixa-capital-debaixo-dagua\/#breadcrumb\"},\"inLanguage\":\"pt-BR\",\"potentialAction\":[{\"@type\":\"ReadAction\",\"target\":[\"https:\/\/www.notibras.com\/site\/rio-supera-cota-de-inundacao-e-deixa-capital-debaixo-dagua\/\"]}]},{\"@type\":\"ImageObject\",\"inLanguage\":\"pt-BR\",\"@id\":\"https:\/\/www.notibras.com\/site\/rio-supera-cota-de-inundacao-e-deixa-capital-debaixo-dagua\/#primaryimage\",\"url\":\"https:\/\/www.notibras.com\/site\/wp-content\/uploads\/2026\/01\/bacia_do_rio_acre.webp\",\"contentUrl\":\"https:\/\/www.notibras.com\/site\/wp-content\/uploads\/2026\/01\/bacia_do_rio_acre.webp\",\"width\":1170,\"height\":700},{\"@type\":\"BreadcrumbList\",\"@id\":\"https:\/\/www.notibras.com\/site\/rio-supera-cota-de-inundacao-e-deixa-capital-debaixo-dagua\/#breadcrumb\",\"itemListElement\":[{\"@type\":\"ListItem\",\"position\":1,\"name\":\"In\u00edcio\",\"item\":\"https:\/\/www.notibras.com\/site\/\"},{\"@type\":\"ListItem\",\"position\":2,\"name\":\"Rio supera cota de inunda\u00e7\u00e3o e deixa capital debaixo d&#8217;\u00e1gua\"}]},{\"@type\":\"WebSite\",\"@id\":\"https:\/\/www.notibras.com\/site\/#website\",\"url\":\"https:\/\/www.notibras.com\/site\/\",\"name\":\"Notibras\",\"description\":\"Not\u00edcias de Bras\u00edlia, do Brasil e do Mundo\",\"publisher\":{\"@id\":\"https:\/\/www.notibras.com\/site\/#organization\"},\"potentialAction\":[{\"@type\":\"SearchAction\",\"target\":{\"@type\":\"EntryPoint\",\"urlTemplate\":\"https:\/\/www.notibras.com\/site\/?s={search_term_string}\"},\"query-input\":{\"@type\":\"PropertyValueSpecification\",\"valueRequired\":true,\"valueName\":\"search_term_string\"}}],\"inLanguage\":\"pt-BR\"},{\"@type\":\"Organization\",\"@id\":\"https:\/\/www.notibras.com\/site\/#organization\",\"name\":\"Grupo Notibras de Comunica\u00e7\u00e3o\",\"url\":\"https:\/\/www.notibras.com\/site\/\",\"logo\":{\"@type\":\"ImageObject\",\"inLanguage\":\"pt-BR\",\"@id\":\"https:\/\/www.notibras.com\/site\/#\/schema\/logo\/image\/\",\"url\":\"https:\/\/www.notibras.com\/site\/wp-content\/uploads\/2023\/01\/notibras23.png\",\"contentUrl\":\"https:\/\/www.notibras.com\/site\/wp-content\/uploads\/2023\/01\/notibras23.png\",\"width\":350,\"height\":87,\"caption\":\"Grupo Notibras de Comunica\u00e7\u00e3o\"},\"image\":{\"@id\":\"https:\/\/www.notibras.com\/site\/#\/schema\/logo\/image\/\"},\"sameAs\":[\"https:\/\/www.facebook.com\/notibras\/\",\"https:\/\/x.com\/Notibras\",\"https:\/\/www.instagram.com\/notibras\/\"]},{\"@type\":\"Person\",\"@id\":\"https:\/\/www.notibras.com\/site\/#\/schema\/person\/36ab0979449956132d3e5b517ea76ac8\",\"name\":\"Reda\u00e7\u00e3o\",\"image\":{\"@type\":\"ImageObject\",\"inLanguage\":\"pt-BR\",\"@id\":\"https:\/\/secure.gravatar.com\/avatar\/e0a867bdedb85fd243eadf09663511f96fc81e0720a4a42581f334ad4303aa6b?s=96&d=mm&r=g\",\"url\":\"https:\/\/secure.gravatar.com\/avatar\/e0a867bdedb85fd243eadf09663511f96fc81e0720a4a42581f334ad4303aa6b?s=96&d=mm&r=g\",\"contentUrl\":\"https:\/\/secure.gravatar.com\/avatar\/e0a867bdedb85fd243eadf09663511f96fc81e0720a4a42581f334ad4303aa6b?s=96&d=mm&r=g\",\"caption\":\"Reda\u00e7\u00e3o\"}}]}<\/script>\n<!-- \/ Yoast SEO plugin. -->","yoast_head_json":{"title":"Rio supera cota de inunda\u00e7\u00e3o e deixa capital debaixo d'\u00e1gua - Notibras","robots":{"index":"index","follow":"follow","max-snippet":"max-snippet:-1","max-image-preview":"max-image-preview:large","max-video-preview":"max-video-preview:-1"},"canonical":"https:\/\/www.notibras.com\/site\/rio-supera-cota-de-inundacao-e-deixa-capital-debaixo-dagua\/","og_locale":"pt_BR","og_type":"article","og_title":"Rio supera cota de inunda\u00e7\u00e3o e deixa capital debaixo d'\u00e1gua - Notibras","og_description":"O n\u00edvel do Rio Acre na capital acreana, Rio Branco, j\u00e1 se encontra na marca de 1.455 cm (14,55 metros), acima do n\u00edvel de inunda\u00e7\u00e3o, de 1.400 cm. As informa\u00e7\u00f5es foram divulgadas neste domingo (18) no boletim de alerta hidrol\u00f3gico da Bacia do Rio Acre (SAH Rio Acre), divulgado pelo Servi\u00e7o Geol\u00f3gico do Brasil (SGB). [&hellip;]","og_url":"https:\/\/www.notibras.com\/site\/rio-supera-cota-de-inundacao-e-deixa-capital-debaixo-dagua\/","og_site_name":"Notibras","article_publisher":"https:\/\/www.facebook.com\/notibras\/","article_published_time":"2026-01-19T03:00:30+00:00","article_modified_time":"2026-01-19T03:53:55+00:00","og_image":[{"width":1170,"height":700,"url":"https:\/\/www.notibras.com\/site\/wp-content\/uploads\/2026\/01\/bacia_do_rio_acre.webp","type":"image\/webp"}],"author":"Reda\u00e7\u00e3o","twitter_card":"summary_large_image","twitter_creator":"@Notibras","twitter_site":"@Notibras","twitter_misc":{"Escrito por":"Reda\u00e7\u00e3o","Est. tempo de leitura":"2 minutos"},"schema":{"@context":"https:\/\/schema.org","@graph":[{"@type":"Article","@id":"https:\/\/www.notibras.com\/site\/rio-supera-cota-de-inundacao-e-deixa-capital-debaixo-dagua\/#article","isPartOf":{"@id":"https:\/\/www.notibras.com\/site\/rio-supera-cota-de-inundacao-e-deixa-capital-debaixo-dagua\/"},"author":{"name":"Reda\u00e7\u00e3o","@id":"https:\/\/www.notibras.com\/site\/#\/schema\/person\/36ab0979449956132d3e5b517ea76ac8"},"headline":"Rio supera cota de inunda\u00e7\u00e3o e deixa capital debaixo d&#8217;\u00e1gua","datePublished":"2026-01-19T03:00:30+00:00","dateModified":"2026-01-19T03:53:55+00:00","mainEntityOfPage":{"@id":"https:\/\/www.notibras.com\/site\/rio-supera-cota-de-inundacao-e-deixa-capital-debaixo-dagua\/"},"wordCount":335,"publisher":{"@id":"https:\/\/www.notibras.com\/site\/#organization"},"image":{"@id":"https:\/\/www.notibras.com\/site\/rio-supera-cota-de-inundacao-e-deixa-capital-debaixo-dagua\/#primaryimage"},"thumbnailUrl":"https:\/\/www.notibras.com\/site\/wp-content\/uploads\/2026\/01\/bacia_do_rio_acre.webp","articleSection":["Brasil"],"inLanguage":"pt-BR"},{"@type":"WebPage","@id":"https:\/\/www.notibras.com\/site\/rio-supera-cota-de-inundacao-e-deixa-capital-debaixo-dagua\/","url":"https:\/\/www.notibras.com\/site\/rio-supera-cota-de-inundacao-e-deixa-capital-debaixo-dagua\/","name":"Rio supera cota de inunda\u00e7\u00e3o e deixa capital debaixo d'\u00e1gua - Notibras","isPartOf":{"@id":"https:\/\/www.notibras.com\/site\/#website"},"primaryImageOfPage":{"@id":"https:\/\/www.notibras.com\/site\/rio-supera-cota-de-inundacao-e-deixa-capital-debaixo-dagua\/#primaryimage"},"image":{"@id":"https:\/\/www.notibras.com\/site\/rio-supera-cota-de-inundacao-e-deixa-capital-debaixo-dagua\/#primaryimage"},"thumbnailUrl":"https:\/\/www.notibras.com\/site\/wp-content\/uploads\/2026\/01\/bacia_do_rio_acre.webp","datePublished":"2026-01-19T03:00:30+00:00","dateModified":"2026-01-19T03:53:55+00:00","breadcrumb":{"@id":"https:\/\/www.notibras.com\/site\/rio-supera-cota-de-inundacao-e-deixa-capital-debaixo-dagua\/#breadcrumb"},"inLanguage":"pt-BR","potentialAction":[{"@type":"ReadAction","target":["https:\/\/www.notibras.com\/site\/rio-supera-cota-de-inundacao-e-deixa-capital-debaixo-dagua\/"]}]},{"@type":"ImageObject","inLanguage":"pt-BR","@id":"https:\/\/www.notibras.com\/site\/rio-supera-cota-de-inundacao-e-deixa-capital-debaixo-dagua\/#primaryimage","url":"https:\/\/www.notibras.com\/site\/wp-content\/uploads\/2026\/01\/bacia_do_rio_acre.webp","contentUrl":"https:\/\/www.notibras.com\/site\/wp-content\/uploads\/2026\/01\/bacia_do_rio_acre.webp","width":1170,"height":700},{"@type":"BreadcrumbList","@id":"https:\/\/www.notibras.com\/site\/rio-supera-cota-de-inundacao-e-deixa-capital-debaixo-dagua\/#breadcrumb","itemListElement":[{"@type":"ListItem","position":1,"name":"In\u00edcio","item":"https:\/\/www.notibras.com\/site\/"},{"@type":"ListItem","position":2,"name":"Rio supera cota de inunda\u00e7\u00e3o e deixa capital debaixo d&#8217;\u00e1gua"}]},{"@type":"WebSite","@id":"https:\/\/www.notibras.com\/site\/#website","url":"https:\/\/www.notibras.com\/site\/","name":"Notibras","description":"Not\u00edcias de Bras\u00edlia, do Brasil e do Mundo","publisher":{"@id":"https:\/\/www.notibras.com\/site\/#organization"},"potentialAction":[{"@type":"SearchAction","target":{"@type":"EntryPoint","urlTemplate":"https:\/\/www.notibras.com\/site\/?s={search_term_string}"},"query-input":{"@type":"PropertyValueSpecification","valueRequired":true,"valueName":"search_term_string"}}],"inLanguage":"pt-BR"},{"@type":"Organization","@id":"https:\/\/www.notibras.com\/site\/#organization","name":"Grupo Notibras de Comunica\u00e7\u00e3o","url":"https:\/\/www.notibras.com\/site\/","logo":{"@type":"ImageObject","inLanguage":"pt-BR","@id":"https:\/\/www.notibras.com\/site\/#\/schema\/logo\/image\/","url":"https:\/\/www.notibras.com\/site\/wp-content\/uploads\/2023\/01\/notibras23.png","contentUrl":"https:\/\/www.notibras.com\/site\/wp-content\/uploads\/2023\/01\/notibras23.png","width":350,"height":87,"caption":"Grupo Notibras de Comunica\u00e7\u00e3o"},"image":{"@id":"https:\/\/www.notibras.com\/site\/#\/schema\/logo\/image\/"},"sameAs":["https:\/\/www.facebook.com\/notibras\/","https:\/\/x.com\/Notibras","https:\/\/www.instagram.com\/notibras\/"]},{"@type":"Person","@id":"https:\/\/www.notibras.com\/site\/#\/schema\/person\/36ab0979449956132d3e5b517ea76ac8","name":"Reda\u00e7\u00e3o","image":{"@type":"ImageObject","inLanguage":"pt-BR","@id":"https:\/\/secure.gravatar.com\/avatar\/e0a867bdedb85fd243eadf09663511f96fc81e0720a4a42581f334ad4303aa6b?s=96&d=mm&r=g","url":"https:\/\/secure.gravatar.com\/avatar\/e0a867bdedb85fd243eadf09663511f96fc81e0720a4a42581f334ad4303aa6b?s=96&d=mm&r=g","contentUrl":"https:\/\/secure.gravatar.com\/avatar\/e0a867bdedb85fd243eadf09663511f96fc81e0720a4a42581f334ad4303aa6b?s=96&d=mm&r=g","caption":"Reda\u00e7\u00e3o"}}]}},"amp_enabled":true,"_links":{"self":[{"href":"https:\/\/www.notibras.com\/site\/wp-json\/wp\/v2\/posts\/379665","targetHints":{"allow":["GET"]}}],"collection":[{"href":"https:\/\/www.notibras.com\/site\/wp-json\/wp\/v2\/posts"}],"about":[{"href":"https:\/\/www.notibras.com\/site\/wp-json\/wp\/v2\/types\/post"}],"author":[{"embeddable":true,"href":"https:\/\/www.notibras.com\/site\/wp-json\/wp\/v2\/users\/2"}],"replies":[{"embeddable":true,"href":"https:\/\/www.notibras.com\/site\/wp-json\/wp\/v2\/comments?post=379665"}],"version-history":[{"count":3,"href":"https:\/\/www.notibras.com\/site\/wp-json\/wp\/v2\/posts\/379665\/revisions"}],"predecessor-version":[{"id":379669,"href":"https:\/\/www.notibras.com\/site\/wp-json\/wp\/v2\/posts\/379665\/revisions\/379669"}],"wp:featuredmedia":[{"embeddable":true,"href":"https:\/\/www.notibras.com\/site\/wp-json\/wp\/v2\/media\/379666"}],"wp:attachment":[{"href":"https:\/\/www.notibras.com\/site\/wp-json\/wp\/v2\/media?parent=379665"}],"wp:term":[{"taxonomy":"category","embeddable":true,"href":"https:\/\/www.notibras.com\/site\/wp-json\/wp\/v2\/categories?post=379665"},{"taxonomy":"post_tag","embeddable":true,"href":"https:\/\/www.notibras.com\/site\/wp-json\/wp\/v2\/tags?post=379665"}],"curies":[{"name":"wp","href":"https:\/\/api.w.org\/{rel}","templated":true}]}}