{"id":379670,"date":"2026-01-19T00:00:05","date_gmt":"2026-01-19T03:00:05","guid":{"rendered":"https:\/\/www.notibras.com\/site\/?p=379670"},"modified":"2026-01-19T00:59:48","modified_gmt":"2026-01-19T03:59:48","slug":"pesquisa-inedita-com-genoma-protege-especies-de-peixes","status":"publish","type":"post","link":"https:\/\/www.notibras.com\/site\/pesquisa-inedita-com-genoma-protege-especies-de-peixes\/","title":{"rendered":"Pesquisa in\u00e9dita com genoma protege esp\u00e9cies de peixes"},"content":{"rendered":"<p>O pirarucu (Arapaima gigas) e o filhote (Brachyplatystoma filamentosum) s\u00e3o duas esp\u00e9cies de peixes amaz\u00f4nicos que, al\u00e9m de compartilharem o bioma de origem, possuem outras caracter\u00edsticas em comum: a alta demanda pela gastronomia e a dificuldade de reprodu\u00e7\u00e3o em ambientes de piscicultura.<\/p>\n<p>Foram essas caracter\u00edsticas que os elegeram as primeiras esp\u00e9cies a terem seus conjuntos de DNA decifrados por um estudo in\u00e9dito conduzido pela Universidade Federal do Par\u00e1 (UFPA).<\/p>\n<p>Segundo o pesquisador Sidney Santos, que liderou a equipe do Laborat\u00f3rio de Gen\u00e9tica Humana e M\u00e9dica do Instituto de Ci\u00eancias Biol\u00f3gicas, o estudo foi motivado pela necessidade de conter os impactos causados pelo avan\u00e7o da explora\u00e7\u00e3o predat\u00f3ria dessas esp\u00e9cies, em fun\u00e7\u00e3o do aumento da demanda.<\/p>\n<p>\u201cA ideia central \u00e9, se voc\u00ea de uma forma equilibrada e direcionada conseguir conhecimento suficiente para produzir esses peixes do jeito mais sustent\u00e1vel poss\u00edvel, voc\u00ea pode diminuir a demanda da natureza\u201d, explica.<\/p>\n<p><strong>DNA<\/strong><br \/>\nA forma mais completa de buscar esse conhecimento \u00e9 decifrando o DNA (\u00e1cido desoxirribonucleico) fornecido por amostras biol\u00f3gicas de v\u00e1rios indiv\u00edduos das esp\u00e9cies. Essa mol\u00e9cula, composta por quatro tipos de nucleot\u00eddeos (Adenina (A), Timina (T), Citosina (C) e Guanina (G), guarda informa\u00e7\u00f5es precisas sobre sa\u00fade, tra\u00e7os f\u00edsicos e ancestralidade, por exemplo.<\/p>\n<p>No caso do estudo com o pirarucu e o filhote, os cientistas colheram amostras de mais de 100 peixes, para que os DNAs pudessem ser lido por um sequenciador gen\u00e9tico capaz de entender a ordem dos nucleot\u00eddeos. Cada ordem diferente traz informa\u00e7\u00f5es sobre um ser vivo, que juntas formam o genoma daquela esp\u00e9cie. Um tipo de manual completo sobre o grupo.<\/p>\n<p>\u201cIsso pode valer para qualquer animal que voc\u00ea imagine, qualquer vegetal. O modelo \u00e9 sempre o mesmo. Se voc\u00ea, de uma forma sustentada, consegue a informa\u00e7\u00e3o completa sobre o genoma desses animais, voc\u00ea pode fazer qualquer coisa com eles, inclusive reproduzir\u201d, diz Santos.<\/p>\n<p>Segundo o pesquisador, na pr\u00e1tica, \u00e9 poss\u00edvel saber se aquele peixe \u00e9 filho de uma matriz para produ\u00e7\u00e3o na piscicultura, ou se ele foi retirado diretamente da natureza e comercializado para outro pa\u00eds.<\/p>\n<p><strong>Rastreabilidade<\/strong><br \/>\nA prote\u00e7\u00e3o das esp\u00e9cies vai al\u00e9m de aliviar a retirada do meio ambiente de peixes reproduzidos naturalmente. Por meio do conhecimento do genoma das esp\u00e9cies, \u00e9 poss\u00edvel tamb\u00e9m saber a origem precisa daquele animal.<\/p>\n<p>Segundo o diretor do Instituto S\u00f3cio Ambiental e dos Recursos H\u00eddricos da Universidade Federal Rural da Amaz\u00f4nia, Igor Hamoy, que participou do estudo da UFPA, al\u00e9m de todo o conhecimento fisiol\u00f3gico, o genoma permite a rastreabilidade gen\u00e9tica.<\/p>\n<p>\u201cCom a hist\u00f3ria que est\u00e1 dentro do genoma do pirarucu, por exemplo, eu consigo descobrir se um pirarucu que est\u00e1 sendo vendido em Boston foi oriundo da Amaz\u00f4nia\u201d, diz Hamoy.<\/p>\n<p>Ele destaca ainda que toda a informa\u00e7\u00e3o trazida pelo estudo \u00e9 registrada em um banco gen\u00e9tico p\u00fablico, possibilitando o avan\u00e7o de novas pesquisas sobre a esp\u00e9cie.<\/p>\n<p>\u201cEu consigo descobrir exatamente que esp\u00e9cie \u00e9 aquela e n\u00e3o ter mais d\u00favidas se o nome cient\u00edfico ou o nome vulgar, que est\u00e1 sendo utilizado por uma comunidade, \u00e9 realmente aquele peixe que aquela comunidade amaz\u00f4nica h\u00e1 muito tempo come, h\u00e1 muito tempo trabalha\u201d, destaca.<\/p>\n<p><strong>Avan\u00e7os<\/strong><br \/>\nFoi a partir da informa\u00e7\u00e3o obtida, que os pesquisadores conseguiram avan\u00e7ar sobre os principais entraves em rela\u00e7\u00e3o a psicultura do pirarucu e do filhote: a indu\u00e7\u00e3o do horm\u00f4nio sexual, o desenvolvimento de uma nutri\u00e7\u00e3o adequada para ambientes artificiais e a rastreabilidade para evitar que esp\u00e9cies amaz\u00f4nicas sejam comercializadas de forma ilegal.<\/p>\n<p>Segundo a secret\u00e1ria nacional de Biodiversidade, Florestas e Direitos Animais, do Minist\u00e9rio do Meio Ambiente e Mudan\u00e7a do Clima, Rita Mesquita, esses avan\u00e7os da ci\u00eancia s\u00e3o orientadores na implementa\u00e7\u00e3o de pol\u00edticas p\u00fablicas de conserva\u00e7\u00e3o no pa\u00eds.<\/p>\n<p>\u201cA pesquisa gen\u00e9tica contribui para aumentar nosso conhecimento sobre a biodiversidade brasileira e tamb\u00e9m contribui para a gente conseguir melhor compreender o que a gente j\u00e1 fez e o que ainda falta ser feito,\u201d afirmou.<\/p>\n<p>De acordo com a secret\u00e1ria, o planejamento at\u00e9 2030, previsto na Estrat\u00e9gia e Plano de A\u00e7\u00e3o Nacionais para a Biodiversidade (Epanb) foi pensado a partir do que a ci\u00eancia aponta ser necess\u00e1rio para reduzir a perda de biodiversidade e regenerar os biomas brasileiros.<\/p>\n<p>Algumas pol\u00edticas p\u00fablicas dependem ainda mais dos genomas decifrados por cientistas, como \u00e9 o caso da elabora\u00e7\u00e3o das listas de esp\u00e9cies ex\u00f3ticas invasoras e Lista Nacional de Esp\u00e9cies Amea\u00e7adas de Extin\u00e7\u00e3o. Outro exemplo citado pela secret\u00e1ria \u00e9 o Plano Nacional de Recupera\u00e7\u00e3o da Vegeta\u00e7\u00e3o Nativa (Planaveg), lan\u00e7ado pelo governo federal em 2024.<\/p>\n<p>\u201cEm processos de refauna\u00e7\u00e3o, porque fauna desapareceu, ou restaura\u00e7\u00e3o de vegeta\u00e7\u00e3o, essa biblioteca de informa\u00e7\u00e3o gen\u00e9tica permite que a gente possa ter acesso ao conhecimento necess\u00e1rio para devolver aos lugares certos as esp\u00e9cies\u201d, explica Mesquita.<\/p>\n<p><strong>Desafios<\/strong><br \/>\nNa avalia\u00e7\u00e3o do pesquisador Sidney Santos, a amplia\u00e7\u00e3o de estudos para decifrar genomas de esp\u00e9cies em geral \u00e9 um tipo de conhecimento que tem uma tend\u00eancia de avan\u00e7ar no pa\u00eds e em todo o mundo, principalmente pela diminui\u00e7\u00e3o do custo dos recursos necess\u00e1rios.<\/p>\n<p>\u201cO genoma humano, que foi o primeiro, demorou 10 anos para fazer, custou de US$ 2,5 a 3 bilh\u00f5es. A partir da\u00ed, o poderio das m\u00e1quinas foi aumentando. Hoje, com o MGI, que \u00e9 o equipamento [sequenciador de DNA] que usamos, voc\u00ea consegue fazer 48 genomas humanos em 3 horas, a um custo, que eu espero que ainda diminua, de US$1,5 mil a US$ 2 mil no m\u00e1ximo\u201d, diz.<\/p>\n<p>Por outro lado, Hamoy destaca que para a regi\u00e3o amaz\u00f4nica os desafios s\u00e3o maiores que em outras regi\u00f5es do pa\u00eds. De acordo com Santos, al\u00e9m do equipamento da UFPA ser o \u00fanico sequenciador gen\u00e9tico do setor p\u00fablico da Amaz\u00f4nia, h\u00e1 ainda o chamado \u201ccusto Amaz\u00f4nia\u201d causado por dificuldades log\u00edsticas e operacionais.<\/p>\n<p>\u201cO custo hoje est\u00e1 menor, mas n\u00e3o \u00e9 um custo ainda acess\u00edvel para qualquer pesquisador, para qualquer universidade. Ent\u00e3o o parque tecnol\u00f3gico que a UFPA tem aqui, no Laborat\u00f3rio de Gen\u00e9tica Humana e M\u00e9dica, \u00e9 um parque que consegue fazer tudo isso, informou.<\/p>\n<p>\u201cMas o insumo dessa pesquisa, por exemplo, tem que ser financiado. Ent\u00e3o, assim, s\u00e3o muitas linhas de pesquisa, que precisam de financiamento, especialmente aquelas que s\u00e3o pesquisas aplicadas\u201d, acrescentou.<\/p>\n<p>Para Rita Mesquita, o trabalho para assegurar que esp\u00e9cies n\u00e3o sejam perdidas \u00e9 um desafio do tamanho da biodiversidade do pa\u00eds: a maior do mundo.<\/p>\n<p>\u201cO que o Minist\u00e9rio [do Meio Ambiente] faz nesse sentido \u00e9 continuar trabalhando com a ci\u00eancia para aprimorar nossa informa\u00e7\u00e3o sobre \u00e1reas priorit\u00e1rias, continuar buscando a prote\u00e7\u00e3o dos territ\u00f3rios para as esp\u00e9cies, principalmente aquelas mais amea\u00e7adas, que essas esp\u00e9cies tenham a devida prote\u00e7\u00e3o para n\u00e3o desaparecer\u201d, refor\u00e7a.<\/p>\n<p>E o papel da ci\u00eancia \u00e9 parte fundamental para gerar conhecimento que permita que a intera\u00e7\u00e3o de humanos com esp\u00e9cies de qualquer bioma seja pautada por par\u00e2metros de sustentabilidade, destaca a secret\u00e1ria.<\/p>\n<p>\u201cIsso vale para bicho e vale para planta. Se a gente tem formas de manejar de maneira sustent\u00e1vel, formas de recuperar, restaurar e devolver, a gente pode estabelecer uma rela\u00e7\u00e3o onde as esp\u00e9cies possam ser manejadas a partir de princ\u00edpios sustent\u00e1veis do manejo de baixo impacto e com popula\u00e7\u00f5es asseguradas em \u00e1reas protegidas\u201d, conclui.<\/p>\n","protected":false},"excerpt":{"rendered":"<p>O pirarucu (Arapaima gigas) e o filhote (Brachyplatystoma filamentosum) s\u00e3o duas esp\u00e9cies de peixes amaz\u00f4nicos que, al\u00e9m de compartilharem o bioma de origem, possuem outras caracter\u00edsticas em comum: a alta demanda pela gastronomia e a dificuldade de reprodu\u00e7\u00e3o em ambientes de piscicultura. Foram essas caracter\u00edsticas que os elegeram as primeiras esp\u00e9cies a terem seus conjuntos [&hellip;]<\/p>\n","protected":false},"author":2,"featured_media":379671,"comment_status":"closed","ping_status":"closed","sticky":false,"template":"","format":"standard","meta":{"_acf_changed":false,"footnotes":""},"categories":[16],"tags":[],"class_list":["post-379670","post","type-post","status-publish","format-standard","has-post-thumbnail","hentry","category-brasil"],"acf":[],"yoast_head":"<!-- This site is optimized with the Yoast SEO plugin v27.2 - https:\/\/yoast.com\/product\/yoast-seo-wordpress\/ -->\n<title>Pesquisa in\u00e9dita com genoma protege esp\u00e9cies de peixes - Notibras<\/title>\n<meta name=\"robots\" content=\"index, follow, max-snippet:-1, max-image-preview:large, max-video-preview:-1\" \/>\n<link rel=\"canonical\" href=\"https:\/\/www.notibras.com\/site\/pesquisa-inedita-com-genoma-protege-especies-de-peixes\/\" \/>\n<meta property=\"og:locale\" content=\"pt_BR\" \/>\n<meta property=\"og:type\" content=\"article\" \/>\n<meta property=\"og:title\" content=\"Pesquisa in\u00e9dita com genoma protege esp\u00e9cies de peixes - Notibras\" \/>\n<meta property=\"og:description\" content=\"O pirarucu (Arapaima gigas) e o filhote (Brachyplatystoma filamentosum) s\u00e3o duas esp\u00e9cies de peixes amaz\u00f4nicos que, al\u00e9m de compartilharem o bioma de origem, possuem outras caracter\u00edsticas em comum: a alta demanda pela gastronomia e a dificuldade de reprodu\u00e7\u00e3o em ambientes de piscicultura. Foram essas caracter\u00edsticas que os elegeram as primeiras esp\u00e9cies a terem seus conjuntos [&hellip;]\" \/>\n<meta property=\"og:url\" content=\"https:\/\/www.notibras.com\/site\/pesquisa-inedita-com-genoma-protege-especies-de-peixes\/\" \/>\n<meta property=\"og:site_name\" content=\"Notibras\" \/>\n<meta property=\"article:publisher\" content=\"https:\/\/www.facebook.com\/notibras\/\" \/>\n<meta property=\"article:published_time\" content=\"2026-01-19T03:00:05+00:00\" \/>\n<meta property=\"article:modified_time\" content=\"2026-01-19T03:59:48+00:00\" \/>\n<meta property=\"og:image\" content=\"https:\/\/www.notibras.com\/site\/wp-content\/uploads\/2026\/01\/manejo_dos_peixes_pirarucu-adriano_gambarini_opan-7384.webp\" \/>\n\t<meta property=\"og:image:width\" content=\"1170\" \/>\n\t<meta property=\"og:image:height\" content=\"700\" \/>\n\t<meta property=\"og:image:type\" content=\"image\/webp\" \/>\n<meta name=\"author\" content=\"Reda\u00e7\u00e3o\" \/>\n<meta name=\"twitter:card\" content=\"summary_large_image\" \/>\n<meta name=\"twitter:creator\" content=\"@Notibras\" \/>\n<meta name=\"twitter:site\" content=\"@Notibras\" \/>\n<meta name=\"twitter:label1\" content=\"Escrito por\" \/>\n\t<meta name=\"twitter:data1\" content=\"Reda\u00e7\u00e3o\" \/>\n\t<meta name=\"twitter:label2\" content=\"Est. tempo de leitura\" \/>\n\t<meta name=\"twitter:data2\" content=\"7 minutos\" \/>\n<script type=\"application\/ld+json\" class=\"yoast-schema-graph\">{\"@context\":\"https:\/\/schema.org\",\"@graph\":[{\"@type\":\"Article\",\"@id\":\"https:\/\/www.notibras.com\/site\/pesquisa-inedita-com-genoma-protege-especies-de-peixes\/#article\",\"isPartOf\":{\"@id\":\"https:\/\/www.notibras.com\/site\/pesquisa-inedita-com-genoma-protege-especies-de-peixes\/\"},\"author\":{\"name\":\"Reda\u00e7\u00e3o\",\"@id\":\"https:\/\/www.notibras.com\/site\/#\/schema\/person\/36ab0979449956132d3e5b517ea76ac8\"},\"headline\":\"Pesquisa in\u00e9dita com genoma protege esp\u00e9cies de peixes\",\"datePublished\":\"2026-01-19T03:00:05+00:00\",\"dateModified\":\"2026-01-19T03:59:48+00:00\",\"mainEntityOfPage\":{\"@id\":\"https:\/\/www.notibras.com\/site\/pesquisa-inedita-com-genoma-protege-especies-de-peixes\/\"},\"wordCount\":1306,\"publisher\":{\"@id\":\"https:\/\/www.notibras.com\/site\/#organization\"},\"image\":{\"@id\":\"https:\/\/www.notibras.com\/site\/pesquisa-inedita-com-genoma-protege-especies-de-peixes\/#primaryimage\"},\"thumbnailUrl\":\"https:\/\/www.notibras.com\/site\/wp-content\/uploads\/2026\/01\/manejo_dos_peixes_pirarucu-adriano_gambarini_opan-7384.webp\",\"articleSection\":[\"Brasil\"],\"inLanguage\":\"pt-BR\"},{\"@type\":\"WebPage\",\"@id\":\"https:\/\/www.notibras.com\/site\/pesquisa-inedita-com-genoma-protege-especies-de-peixes\/\",\"url\":\"https:\/\/www.notibras.com\/site\/pesquisa-inedita-com-genoma-protege-especies-de-peixes\/\",\"name\":\"Pesquisa in\u00e9dita com genoma protege esp\u00e9cies de peixes - Notibras\",\"isPartOf\":{\"@id\":\"https:\/\/www.notibras.com\/site\/#website\"},\"primaryImageOfPage\":{\"@id\":\"https:\/\/www.notibras.com\/site\/pesquisa-inedita-com-genoma-protege-especies-de-peixes\/#primaryimage\"},\"image\":{\"@id\":\"https:\/\/www.notibras.com\/site\/pesquisa-inedita-com-genoma-protege-especies-de-peixes\/#primaryimage\"},\"thumbnailUrl\":\"https:\/\/www.notibras.com\/site\/wp-content\/uploads\/2026\/01\/manejo_dos_peixes_pirarucu-adriano_gambarini_opan-7384.webp\",\"datePublished\":\"2026-01-19T03:00:05+00:00\",\"dateModified\":\"2026-01-19T03:59:48+00:00\",\"breadcrumb\":{\"@id\":\"https:\/\/www.notibras.com\/site\/pesquisa-inedita-com-genoma-protege-especies-de-peixes\/#breadcrumb\"},\"inLanguage\":\"pt-BR\",\"potentialAction\":[{\"@type\":\"ReadAction\",\"target\":[\"https:\/\/www.notibras.com\/site\/pesquisa-inedita-com-genoma-protege-especies-de-peixes\/\"]}]},{\"@type\":\"ImageObject\",\"inLanguage\":\"pt-BR\",\"@id\":\"https:\/\/www.notibras.com\/site\/pesquisa-inedita-com-genoma-protege-especies-de-peixes\/#primaryimage\",\"url\":\"https:\/\/www.notibras.com\/site\/wp-content\/uploads\/2026\/01\/manejo_dos_peixes_pirarucu-adriano_gambarini_opan-7384.webp\",\"contentUrl\":\"https:\/\/www.notibras.com\/site\/wp-content\/uploads\/2026\/01\/manejo_dos_peixes_pirarucu-adriano_gambarini_opan-7384.webp\",\"width\":1170,\"height\":700},{\"@type\":\"BreadcrumbList\",\"@id\":\"https:\/\/www.notibras.com\/site\/pesquisa-inedita-com-genoma-protege-especies-de-peixes\/#breadcrumb\",\"itemListElement\":[{\"@type\":\"ListItem\",\"position\":1,\"name\":\"In\u00edcio\",\"item\":\"https:\/\/www.notibras.com\/site\/\"},{\"@type\":\"ListItem\",\"position\":2,\"name\":\"Pesquisa in\u00e9dita com genoma protege esp\u00e9cies de peixes\"}]},{\"@type\":\"WebSite\",\"@id\":\"https:\/\/www.notibras.com\/site\/#website\",\"url\":\"https:\/\/www.notibras.com\/site\/\",\"name\":\"Notibras\",\"description\":\"Not\u00edcias de Bras\u00edlia, do Brasil e do Mundo\",\"publisher\":{\"@id\":\"https:\/\/www.notibras.com\/site\/#organization\"},\"potentialAction\":[{\"@type\":\"SearchAction\",\"target\":{\"@type\":\"EntryPoint\",\"urlTemplate\":\"https:\/\/www.notibras.com\/site\/?s={search_term_string}\"},\"query-input\":{\"@type\":\"PropertyValueSpecification\",\"valueRequired\":true,\"valueName\":\"search_term_string\"}}],\"inLanguage\":\"pt-BR\"},{\"@type\":\"Organization\",\"@id\":\"https:\/\/www.notibras.com\/site\/#organization\",\"name\":\"Grupo Notibras de Comunica\u00e7\u00e3o\",\"url\":\"https:\/\/www.notibras.com\/site\/\",\"logo\":{\"@type\":\"ImageObject\",\"inLanguage\":\"pt-BR\",\"@id\":\"https:\/\/www.notibras.com\/site\/#\/schema\/logo\/image\/\",\"url\":\"https:\/\/www.notibras.com\/site\/wp-content\/uploads\/2023\/01\/notibras23.png\",\"contentUrl\":\"https:\/\/www.notibras.com\/site\/wp-content\/uploads\/2023\/01\/notibras23.png\",\"width\":350,\"height\":87,\"caption\":\"Grupo Notibras de Comunica\u00e7\u00e3o\"},\"image\":{\"@id\":\"https:\/\/www.notibras.com\/site\/#\/schema\/logo\/image\/\"},\"sameAs\":[\"https:\/\/www.facebook.com\/notibras\/\",\"https:\/\/x.com\/Notibras\",\"https:\/\/www.instagram.com\/notibras\/\"]},{\"@type\":\"Person\",\"@id\":\"https:\/\/www.notibras.com\/site\/#\/schema\/person\/36ab0979449956132d3e5b517ea76ac8\",\"name\":\"Reda\u00e7\u00e3o\",\"image\":{\"@type\":\"ImageObject\",\"inLanguage\":\"pt-BR\",\"@id\":\"https:\/\/secure.gravatar.com\/avatar\/e0a867bdedb85fd243eadf09663511f96fc81e0720a4a42581f334ad4303aa6b?s=96&d=mm&r=g\",\"url\":\"https:\/\/secure.gravatar.com\/avatar\/e0a867bdedb85fd243eadf09663511f96fc81e0720a4a42581f334ad4303aa6b?s=96&d=mm&r=g\",\"contentUrl\":\"https:\/\/secure.gravatar.com\/avatar\/e0a867bdedb85fd243eadf09663511f96fc81e0720a4a42581f334ad4303aa6b?s=96&d=mm&r=g\",\"caption\":\"Reda\u00e7\u00e3o\"}}]}<\/script>\n<!-- \/ Yoast SEO plugin. -->","yoast_head_json":{"title":"Pesquisa in\u00e9dita com genoma protege esp\u00e9cies de peixes - Notibras","robots":{"index":"index","follow":"follow","max-snippet":"max-snippet:-1","max-image-preview":"max-image-preview:large","max-video-preview":"max-video-preview:-1"},"canonical":"https:\/\/www.notibras.com\/site\/pesquisa-inedita-com-genoma-protege-especies-de-peixes\/","og_locale":"pt_BR","og_type":"article","og_title":"Pesquisa in\u00e9dita com genoma protege esp\u00e9cies de peixes - Notibras","og_description":"O pirarucu (Arapaima gigas) e o filhote (Brachyplatystoma filamentosum) s\u00e3o duas esp\u00e9cies de peixes amaz\u00f4nicos que, al\u00e9m de compartilharem o bioma de origem, possuem outras caracter\u00edsticas em comum: a alta demanda pela gastronomia e a dificuldade de reprodu\u00e7\u00e3o em ambientes de piscicultura. Foram essas caracter\u00edsticas que os elegeram as primeiras esp\u00e9cies a terem seus conjuntos [&hellip;]","og_url":"https:\/\/www.notibras.com\/site\/pesquisa-inedita-com-genoma-protege-especies-de-peixes\/","og_site_name":"Notibras","article_publisher":"https:\/\/www.facebook.com\/notibras\/","article_published_time":"2026-01-19T03:00:05+00:00","article_modified_time":"2026-01-19T03:59:48+00:00","og_image":[{"width":1170,"height":700,"url":"https:\/\/www.notibras.com\/site\/wp-content\/uploads\/2026\/01\/manejo_dos_peixes_pirarucu-adriano_gambarini_opan-7384.webp","type":"image\/webp"}],"author":"Reda\u00e7\u00e3o","twitter_card":"summary_large_image","twitter_creator":"@Notibras","twitter_site":"@Notibras","twitter_misc":{"Escrito por":"Reda\u00e7\u00e3o","Est. tempo de leitura":"7 minutos"},"schema":{"@context":"https:\/\/schema.org","@graph":[{"@type":"Article","@id":"https:\/\/www.notibras.com\/site\/pesquisa-inedita-com-genoma-protege-especies-de-peixes\/#article","isPartOf":{"@id":"https:\/\/www.notibras.com\/site\/pesquisa-inedita-com-genoma-protege-especies-de-peixes\/"},"author":{"name":"Reda\u00e7\u00e3o","@id":"https:\/\/www.notibras.com\/site\/#\/schema\/person\/36ab0979449956132d3e5b517ea76ac8"},"headline":"Pesquisa in\u00e9dita com genoma protege esp\u00e9cies de peixes","datePublished":"2026-01-19T03:00:05+00:00","dateModified":"2026-01-19T03:59:48+00:00","mainEntityOfPage":{"@id":"https:\/\/www.notibras.com\/site\/pesquisa-inedita-com-genoma-protege-especies-de-peixes\/"},"wordCount":1306,"publisher":{"@id":"https:\/\/www.notibras.com\/site\/#organization"},"image":{"@id":"https:\/\/www.notibras.com\/site\/pesquisa-inedita-com-genoma-protege-especies-de-peixes\/#primaryimage"},"thumbnailUrl":"https:\/\/www.notibras.com\/site\/wp-content\/uploads\/2026\/01\/manejo_dos_peixes_pirarucu-adriano_gambarini_opan-7384.webp","articleSection":["Brasil"],"inLanguage":"pt-BR"},{"@type":"WebPage","@id":"https:\/\/www.notibras.com\/site\/pesquisa-inedita-com-genoma-protege-especies-de-peixes\/","url":"https:\/\/www.notibras.com\/site\/pesquisa-inedita-com-genoma-protege-especies-de-peixes\/","name":"Pesquisa in\u00e9dita com genoma protege esp\u00e9cies de peixes - Notibras","isPartOf":{"@id":"https:\/\/www.notibras.com\/site\/#website"},"primaryImageOfPage":{"@id":"https:\/\/www.notibras.com\/site\/pesquisa-inedita-com-genoma-protege-especies-de-peixes\/#primaryimage"},"image":{"@id":"https:\/\/www.notibras.com\/site\/pesquisa-inedita-com-genoma-protege-especies-de-peixes\/#primaryimage"},"thumbnailUrl":"https:\/\/www.notibras.com\/site\/wp-content\/uploads\/2026\/01\/manejo_dos_peixes_pirarucu-adriano_gambarini_opan-7384.webp","datePublished":"2026-01-19T03:00:05+00:00","dateModified":"2026-01-19T03:59:48+00:00","breadcrumb":{"@id":"https:\/\/www.notibras.com\/site\/pesquisa-inedita-com-genoma-protege-especies-de-peixes\/#breadcrumb"},"inLanguage":"pt-BR","potentialAction":[{"@type":"ReadAction","target":["https:\/\/www.notibras.com\/site\/pesquisa-inedita-com-genoma-protege-especies-de-peixes\/"]}]},{"@type":"ImageObject","inLanguage":"pt-BR","@id":"https:\/\/www.notibras.com\/site\/pesquisa-inedita-com-genoma-protege-especies-de-peixes\/#primaryimage","url":"https:\/\/www.notibras.com\/site\/wp-content\/uploads\/2026\/01\/manejo_dos_peixes_pirarucu-adriano_gambarini_opan-7384.webp","contentUrl":"https:\/\/www.notibras.com\/site\/wp-content\/uploads\/2026\/01\/manejo_dos_peixes_pirarucu-adriano_gambarini_opan-7384.webp","width":1170,"height":700},{"@type":"BreadcrumbList","@id":"https:\/\/www.notibras.com\/site\/pesquisa-inedita-com-genoma-protege-especies-de-peixes\/#breadcrumb","itemListElement":[{"@type":"ListItem","position":1,"name":"In\u00edcio","item":"https:\/\/www.notibras.com\/site\/"},{"@type":"ListItem","position":2,"name":"Pesquisa in\u00e9dita com genoma protege esp\u00e9cies de peixes"}]},{"@type":"WebSite","@id":"https:\/\/www.notibras.com\/site\/#website","url":"https:\/\/www.notibras.com\/site\/","name":"Notibras","description":"Not\u00edcias de Bras\u00edlia, do Brasil e do Mundo","publisher":{"@id":"https:\/\/www.notibras.com\/site\/#organization"},"potentialAction":[{"@type":"SearchAction","target":{"@type":"EntryPoint","urlTemplate":"https:\/\/www.notibras.com\/site\/?s={search_term_string}"},"query-input":{"@type":"PropertyValueSpecification","valueRequired":true,"valueName":"search_term_string"}}],"inLanguage":"pt-BR"},{"@type":"Organization","@id":"https:\/\/www.notibras.com\/site\/#organization","name":"Grupo Notibras de Comunica\u00e7\u00e3o","url":"https:\/\/www.notibras.com\/site\/","logo":{"@type":"ImageObject","inLanguage":"pt-BR","@id":"https:\/\/www.notibras.com\/site\/#\/schema\/logo\/image\/","url":"https:\/\/www.notibras.com\/site\/wp-content\/uploads\/2023\/01\/notibras23.png","contentUrl":"https:\/\/www.notibras.com\/site\/wp-content\/uploads\/2023\/01\/notibras23.png","width":350,"height":87,"caption":"Grupo Notibras de Comunica\u00e7\u00e3o"},"image":{"@id":"https:\/\/www.notibras.com\/site\/#\/schema\/logo\/image\/"},"sameAs":["https:\/\/www.facebook.com\/notibras\/","https:\/\/x.com\/Notibras","https:\/\/www.instagram.com\/notibras\/"]},{"@type":"Person","@id":"https:\/\/www.notibras.com\/site\/#\/schema\/person\/36ab0979449956132d3e5b517ea76ac8","name":"Reda\u00e7\u00e3o","image":{"@type":"ImageObject","inLanguage":"pt-BR","@id":"https:\/\/secure.gravatar.com\/avatar\/e0a867bdedb85fd243eadf09663511f96fc81e0720a4a42581f334ad4303aa6b?s=96&d=mm&r=g","url":"https:\/\/secure.gravatar.com\/avatar\/e0a867bdedb85fd243eadf09663511f96fc81e0720a4a42581f334ad4303aa6b?s=96&d=mm&r=g","contentUrl":"https:\/\/secure.gravatar.com\/avatar\/e0a867bdedb85fd243eadf09663511f96fc81e0720a4a42581f334ad4303aa6b?s=96&d=mm&r=g","caption":"Reda\u00e7\u00e3o"}}]}},"amp_enabled":true,"_links":{"self":[{"href":"https:\/\/www.notibras.com\/site\/wp-json\/wp\/v2\/posts\/379670","targetHints":{"allow":["GET"]}}],"collection":[{"href":"https:\/\/www.notibras.com\/site\/wp-json\/wp\/v2\/posts"}],"about":[{"href":"https:\/\/www.notibras.com\/site\/wp-json\/wp\/v2\/types\/post"}],"author":[{"embeddable":true,"href":"https:\/\/www.notibras.com\/site\/wp-json\/wp\/v2\/users\/2"}],"replies":[{"embeddable":true,"href":"https:\/\/www.notibras.com\/site\/wp-json\/wp\/v2\/comments?post=379670"}],"version-history":[{"count":1,"href":"https:\/\/www.notibras.com\/site\/wp-json\/wp\/v2\/posts\/379670\/revisions"}],"predecessor-version":[{"id":379672,"href":"https:\/\/www.notibras.com\/site\/wp-json\/wp\/v2\/posts\/379670\/revisions\/379672"}],"wp:featuredmedia":[{"embeddable":true,"href":"https:\/\/www.notibras.com\/site\/wp-json\/wp\/v2\/media\/379671"}],"wp:attachment":[{"href":"https:\/\/www.notibras.com\/site\/wp-json\/wp\/v2\/media?parent=379670"}],"wp:term":[{"taxonomy":"category","embeddable":true,"href":"https:\/\/www.notibras.com\/site\/wp-json\/wp\/v2\/categories?post=379670"},{"taxonomy":"post_tag","embeddable":true,"href":"https:\/\/www.notibras.com\/site\/wp-json\/wp\/v2\/tags?post=379670"}],"curies":[{"name":"wp","href":"https:\/\/api.w.org\/{rel}","templated":true}]}}