{"id":379680,"date":"2026-01-19T02:00:59","date_gmt":"2026-01-19T05:00:59","guid":{"rendered":"https:\/\/www.notibras.com\/site\/?p=379680"},"modified":"2026-01-19T01:53:42","modified_gmt":"2026-01-19T04:53:42","slug":"ze-sem-pe-um-amigo-muito-esquisito","status":"publish","type":"post","link":"https:\/\/www.notibras.com\/site\/ze-sem-pe-um-amigo-muito-esquisito\/","title":{"rendered":"Z\u00e9-Sem-P\u00e9, um amigo muito esquisito"},"content":{"rendered":"<p>Sabe aquelas hist\u00f3rias que voc\u00ea ouve, e a raz\u00e3o tenta convenc\u00ea-lo de que n\u00e3o passa de lorota, mas a prud\u00eancia, que muita gente chama de caga\u00e7o, diz que \u00e9 melhor n\u00e3o duvidar? Pois \u00e9 algo do tipo que me veio \u00e0 lembran\u00e7a logo depois do Z\u00e9-Sem-P\u00e9 surgir do nada aqui no meu humilde apartamento na Asa Norte, em Bras\u00edlia. Isso ap\u00f3s quase uma d\u00e9cada depois da nossa \u00faltima conversa, ocorrida, salvo engano, nas areias de Copacabana.<\/p>\n<p>Antes que voc\u00ea me questione sobre poss\u00edvel aus\u00eancia de um ou dois p\u00e9s do meu colega, j\u00e1 lhe afirmo que o apelido tem outra conota\u00e7\u00e3o. \u00c9 que Z\u00e9-Sem-P\u00e9-Nem-Cabe\u00e7a ficaria deveras comprido. E creio at\u00e9 que foi dona Laurentina a respons\u00e1vel por essa, digamos, providencial poda de palavras.<\/p>\n<p>Quando o interfone tocou, Fernanda, a porteira, me disse que um tal Jos\u00e9 Ven\u00e2ncio estaria querendo subir.<\/p>\n<p>\u2014 Quem?<\/p>\n<p>\u2014 Jos\u00e9 Ven\u00e2ncio, J\u00falio.<\/p>\n<p>\u2014 N\u00e3o conhe\u00e7o ningu\u00e9m com esse nome. Tem certeza de que \u00e9 pra mim mesmo?<\/p>\n<p>\u2014 Tenho. Ele disse que queria falar com o Julinho de Copa. At\u00e9 estranhei, mas como sei que voc\u00ea \u00e9 do Rio, imaginei que fosse voc\u00ea mesmo. A\u00ed, ele falou: J\u00falio C\u00e9sar da Silva Neto. Ou seja, s\u00f3 pode ser voc\u00ea mesmo, n\u00e9, J\u00falio?!<\/p>\n<p>Para n\u00e3o dar ainda mais trabalho para a funcion\u00e1ria do condom\u00ednio, desci pelas escadas, pois o elevador estava demorando. Mal pisei na portaria, levei m\u00edseros mil\u00e9simos de segundo para reconhecer o Z\u00e9-Sem-P\u00e9 atr\u00e1s da barba bem aparada.<\/p>\n<p>\u2014 N\u00e3o acredito! \u00c9 tu mesmo, Z\u00e9-Sem-P\u00e9?<\/p>\n<p>Quase corri ao encontro do meu antigo parceiro de peladas na praia. Ele e eu nos abra\u00e7amos e, ent\u00e3o, subimos para o meu apartamento.<\/p>\n<p>Ap\u00f3s quase uma hora de lembran\u00e7as dos nossos tempos de Rio de Janeiro, eis que ele me disse o verdadeiro motivo da sua vinda.<\/p>\n<p>\u2014 Um le\u00e3o fugiu de um circo aqui perto. Em Padre Bernardo. Conhece?<\/p>\n<p>\u2014 Conhe\u00e7o. Quer dizer, \u00e9 um munic\u00edpio de Goi\u00e1s, colado ao Distrito Federal. Mas um le\u00e3o? Um le\u00e3o de verdade? Tipo aqueles da selva?<\/p>\n<p>\u2014 Savana.<\/p>\n<p>\u2014 O qu\u00ea?<\/p>\n<p>\u2014 Le\u00f5es vivem nas savanas africanas.<\/p>\n<p>\u2014 Nem sabia.<\/p>\n<p>\u2014 Bem, h\u00e1 le\u00f5es nas florestas da \u00cdndia, mas o nosso le\u00e3o \u00e9 mesmo africano.<\/p>\n<p>\u2014 Nosso le\u00e3o?<\/p>\n<p>\u2014 Modo de falar.<\/p>\n<p>\u2014 Z\u00e9-Sem-P\u00e9, voc\u00ea quer dizer que saiu do Rio s\u00f3 pra me avisar que um le\u00e3o fugiu de um circo aqui perto?<\/p>\n<p>\u2014 Claro que n\u00e3o, n\u00e9, Julinho! Aproveitei que estava aqui perto e me lembrei de que voc\u00ea havia se mudado pra c\u00e1. Pensei comigo: por onde anda o Julinho? Ser\u00e1 que \u00e9 f\u00e1cil encontr\u00e1-lo?<\/p>\n<p>\u2014 T\u00e1. Mas como me encontrou?<\/p>\n<p>\u2014 Bem, tenho meus contatos, meu amigo.<\/p>\n<p>\u2014 Contatos? Que tipo de contato?<\/p>\n<p>\u2014 Prefiro mant\u00ea-los no anonimato. N\u00e3o que n\u00e3o confie em voc\u00ea, claro. Mas n\u00e3o sei como \u00e9 que esse povo poderia reagir. A gente nunca sabe exatamente o que essa gente faz de verdade.<\/p>\n<p>Observei aquele sorriso c\u00ednico do meu conhecido. O que ser\u00e1 que ele queria dizer exatamente com aquilo. Foi a\u00ed que as palavras da minha finada av\u00f3, dona L\u00eddia, me chegaram como luz que ofusca: &#8220;Julinho, esse seu amigo, esse tal Z\u00e9-Sem-P\u00e9 fala cada besteira. Mas n\u00e3o duvide. Jamais duvide!&#8221;<\/p>\n<p>Como j\u00e1 estava passando da hora do almo\u00e7o, convidei o Z\u00e9-Sem-P\u00e9 para comer alguma coisa no restaurante aqui perto. Pedimos o mesmo prato, bife com fritas e acompanhamento. Fomos atendidos pelo Carlos, o gar\u00e7om mais antigo do estabelecimento.<\/p>\n<p>\u2014 Boa tarde, J\u00falio!<\/p>\n<p>\u2014 Boa tarde, Carlos! Este aqui \u00e9 o meu amigo l\u00e1 do Rio, o Z\u00e9&#8230;<\/p>\n<p>\u2014 Jos\u00e9 Ven\u00e2ncio, seu criado.<\/p>\n<p>O meu colega apertou firmemente a m\u00e3o do Carlos.<\/p>\n<p>\u2014 O que voc\u00eas v\u00e3o pedir?<\/p>\n<p>\u2014 Pra mim, o de sempre, Carlos.<\/p>\n<p>\u2014 E o que \u00e9 esse de sempre, Julinho?<\/p>\n<p>\u2014 Bife com fritas, arroz, feij\u00e3o e salada.<\/p>\n<p>\u2014 Hum! Vou pedir o mesmo. Mas, Carlos, por favor, apenas uma leve selada no meu bife. E a minha salada pode acrescentar na do Julinho.<\/p>\n<p>\u2014 Pode deixar.<\/p>\n<p>Antes que o gar\u00e7om se virasse, fiz quest\u00e3o de lembr\u00e1-lo de que o meu bife era bem-passado.<\/p>\n<p>\u2014 Sei disso, J\u00falio. Quase esturricando.<\/p>\n<p>Quando os pratos chegaram, notei o olhar de desprezo do Z\u00e9-Sem-P\u00e9 sobre a minha refei\u00e7\u00e3o. Ele pegou os talheres e cortou o primeiro peda\u00e7o do seu bife, o que fez que aquele sumo vermelho escorresse. Levou-o aos l\u00e1bios e, enquanto mastigava, sorriu.<\/p>\n<p>\u2014 Julinho, um homem precisa de carne pra enfrentar outro homem, a fera ou o pr\u00f3prio Dem\u00f4nio.<\/p>\n<p>Tentei disfar\u00e7ar o meu inc\u00f4modo com aquelas palavras. N\u00e3o sei se consegui, mesmo porque evitei encarar aquele quase desconhecido \u00e0 minha frente. Por sorte, logo depois de pagar a conta, que o Z\u00e9-Sem-P\u00e9 negou veementemente que eu tocasse na minha carteira, ele disse que precisaria ir, mas que, n\u00e3o tardaria, mandaria not\u00edcias.<\/p>\n<p>Bem, isso foi h\u00e1 dois meses e, desde ent\u00e3o, n\u00e3o dormia direito. Todavia, o pior aconteceu, quando fui convencido por um colega do trabalho, o Campos, a passar um final de semana numa ch\u00e1cara em Padre Bernardo.<\/p>\n<p>\u2014 Churrasco, J\u00falio! A galera toda vai!<\/p>\n<p>Sem desculpas de \u00faltima hora, fomos para a tal ro\u00e7a. O ambiente estava muito agrad\u00e1vel, n\u00e3o vou mentir. E, quando a noite chegou, os grupos se dividiram nos quartos da casa.<\/p>\n<p>Nem me lembro do momento exato que o sono me pegou, simplesmente adormeci. Mas eis que, quando a madrugada avan\u00e7ou, um barulho estranho come\u00e7ou a me incomodar. Sentei na cama e tentei decifrar o que era aquilo. Foi ent\u00e3o que cutuquei o Campos, que roncava num colch\u00e3o ao lado.<\/p>\n<p>\u2014 O que \u00e9, J\u00falio?<\/p>\n<p>\u2014 T\u00e1 ouvindo?<\/p>\n<p>\u2014 Ouvindo o qu\u00ea? V\u00e1 dormir.<\/p>\n<p>\u2014 Olha! Ouviu?<\/p>\n<p>\u2014 J\u00falio, por favor, me deixa dormir.<\/p>\n<p>\u2014 Mas voc\u00ea ouviu?<\/p>\n<p>\u2014 Ouvi o qu\u00ea, J\u00falio?<\/p>\n<p>\u2014 Um le\u00e3o. Parece um le\u00e3o.<\/p>\n<p>\u2014 Ah, J\u00falio, dorme, que a cacha\u00e7a evapora.<\/p>\n<p>N\u00e3o sei que cara o meu colega fez, pois estava escuro, mas virou-se e voltou a dormir. E aqui estou, no meu apartamento, luzes apagadas, tentando sobreviver a mais uma noite na \u00e2nsia de que o Z\u00e9-Sem-P\u00e9 retorne para que tudo isso acabe de uma vez por todas.<\/p>\n<p><strong>\u2026\u2026\u2026\u2026\u2026\u2026\u2026\u2026<\/strong><\/p>\n<p><strong>Eduardo Mart\u00ednez \u00e9 autor do livro \u201957 Contos e Cr\u00f4nicas por um Autor Muito Velho\u2019 (Vencedor do Pr\u00eamio Liter\u00e1rio Clarice Lispector \u2013 2025 na categoria livro de contos).<\/strong><\/p>\n<p><strong>Compre aqui<\/strong><\/p>\n<p><a href=\"https:\/\/www.joanineditora.com.br\/57-contos-e-cronicas-por-um-autor-muito-velho\"><strong>https:\/\/www.joanineditora.com.br\/57-contos-e-cronicas-por-um-autor-muito-velho<\/strong><\/a><\/p>\n<div id=\"wpdevar_comment_4\"><\/div>\n","protected":false},"excerpt":{"rendered":"<p>Sabe aquelas hist\u00f3rias que voc\u00ea ouve, e a raz\u00e3o tenta convenc\u00ea-lo de que n\u00e3o passa de lorota, mas a prud\u00eancia, que muita gente chama de caga\u00e7o, diz que \u00e9 melhor n\u00e3o duvidar? Pois \u00e9 algo do tipo que me veio \u00e0 lembran\u00e7a logo depois do Z\u00e9-Sem-P\u00e9 surgir do nada aqui no meu humilde apartamento na [&hellip;]<\/p>\n","protected":false},"author":21,"featured_media":379683,"comment_status":"closed","ping_status":"closed","sticky":false,"template":"","format":"standard","meta":{"_acf_changed":false,"footnotes":""},"categories":[161],"tags":[],"class_list":["post-379680","post","type-post","status-publish","format-standard","has-post-thumbnail","hentry","category-quadradinho-em-foco"],"acf":[],"yoast_head":"<!-- This site is optimized with the Yoast SEO plugin v27.2 - https:\/\/yoast.com\/product\/yoast-seo-wordpress\/ -->\n<title>Z\u00e9-Sem-P\u00e9, um amigo muito esquisito - Notibras<\/title>\n<meta name=\"robots\" content=\"index, follow, max-snippet:-1, max-image-preview:large, max-video-preview:-1\" \/>\n<link rel=\"canonical\" href=\"https:\/\/www.notibras.com\/site\/ze-sem-pe-um-amigo-muito-esquisito\/\" \/>\n<meta property=\"og:locale\" content=\"pt_BR\" \/>\n<meta property=\"og:type\" content=\"article\" \/>\n<meta property=\"og:title\" content=\"Z\u00e9-Sem-P\u00e9, um amigo muito esquisito - Notibras\" \/>\n<meta property=\"og:description\" content=\"Sabe aquelas hist\u00f3rias que voc\u00ea ouve, e a raz\u00e3o tenta convenc\u00ea-lo de que n\u00e3o passa de lorota, mas a prud\u00eancia, que muita gente chama de caga\u00e7o, diz que \u00e9 melhor n\u00e3o duvidar? Pois \u00e9 algo do tipo que me veio \u00e0 lembran\u00e7a logo depois do Z\u00e9-Sem-P\u00e9 surgir do nada aqui no meu humilde apartamento na [&hellip;]\" \/>\n<meta property=\"og:url\" content=\"https:\/\/www.notibras.com\/site\/ze-sem-pe-um-amigo-muito-esquisito\/\" \/>\n<meta property=\"og:site_name\" content=\"Notibras\" \/>\n<meta property=\"article:publisher\" content=\"https:\/\/www.facebook.com\/notibras\/\" \/>\n<meta property=\"article:published_time\" content=\"2026-01-19T05:00:59+00:00\" \/>\n<meta property=\"og:image\" content=\"https:\/\/www.notibras.com\/site\/wp-content\/uploads\/2026\/01\/IMG_0421.jpg\" \/>\n\t<meta property=\"og:image:width\" content=\"1024\" \/>\n\t<meta property=\"og:image:height\" content=\"666\" \/>\n\t<meta property=\"og:image:type\" content=\"image\/jpeg\" \/>\n<meta name=\"author\" content=\"Eduardo Mart\u00ednez\" \/>\n<meta name=\"twitter:card\" content=\"summary_large_image\" \/>\n<meta name=\"twitter:creator\" content=\"@Notibras\" \/>\n<meta name=\"twitter:site\" content=\"@Notibras\" \/>\n<meta name=\"twitter:label1\" content=\"Escrito por\" \/>\n\t<meta name=\"twitter:data1\" content=\"Eduardo Mart\u00ednez\" \/>\n\t<meta name=\"twitter:label2\" content=\"Est. tempo de leitura\" \/>\n\t<meta name=\"twitter:data2\" content=\"6 minutos\" \/>\n<script type=\"application\/ld+json\" class=\"yoast-schema-graph\">{\"@context\":\"https:\/\/schema.org\",\"@graph\":[{\"@type\":\"Article\",\"@id\":\"https:\/\/www.notibras.com\/site\/ze-sem-pe-um-amigo-muito-esquisito\/#article\",\"isPartOf\":{\"@id\":\"https:\/\/www.notibras.com\/site\/ze-sem-pe-um-amigo-muito-esquisito\/\"},\"author\":{\"name\":\"Eduardo Mart\u00ednez\",\"@id\":\"https:\/\/www.notibras.com\/site\/#\/schema\/person\/5b7fabf2aedc3ada2105f03b22b4d3dd\"},\"headline\":\"Z\u00e9-Sem-P\u00e9, um amigo muito esquisito\",\"datePublished\":\"2026-01-19T05:00:59+00:00\",\"mainEntityOfPage\":{\"@id\":\"https:\/\/www.notibras.com\/site\/ze-sem-pe-um-amigo-muito-esquisito\/\"},\"wordCount\":1107,\"publisher\":{\"@id\":\"https:\/\/www.notibras.com\/site\/#organization\"},\"image\":{\"@id\":\"https:\/\/www.notibras.com\/site\/ze-sem-pe-um-amigo-muito-esquisito\/#primaryimage\"},\"thumbnailUrl\":\"https:\/\/www.notibras.com\/site\/wp-content\/uploads\/2026\/01\/IMG_0421.jpg\",\"articleSection\":[\"Quadradinho em Foco\"],\"inLanguage\":\"pt-BR\"},{\"@type\":\"WebPage\",\"@id\":\"https:\/\/www.notibras.com\/site\/ze-sem-pe-um-amigo-muito-esquisito\/\",\"url\":\"https:\/\/www.notibras.com\/site\/ze-sem-pe-um-amigo-muito-esquisito\/\",\"name\":\"Z\u00e9-Sem-P\u00e9, um amigo muito esquisito - Notibras\",\"isPartOf\":{\"@id\":\"https:\/\/www.notibras.com\/site\/#website\"},\"primaryImageOfPage\":{\"@id\":\"https:\/\/www.notibras.com\/site\/ze-sem-pe-um-amigo-muito-esquisito\/#primaryimage\"},\"image\":{\"@id\":\"https:\/\/www.notibras.com\/site\/ze-sem-pe-um-amigo-muito-esquisito\/#primaryimage\"},\"thumbnailUrl\":\"https:\/\/www.notibras.com\/site\/wp-content\/uploads\/2026\/01\/IMG_0421.jpg\",\"datePublished\":\"2026-01-19T05:00:59+00:00\",\"breadcrumb\":{\"@id\":\"https:\/\/www.notibras.com\/site\/ze-sem-pe-um-amigo-muito-esquisito\/#breadcrumb\"},\"inLanguage\":\"pt-BR\",\"potentialAction\":[{\"@type\":\"ReadAction\",\"target\":[\"https:\/\/www.notibras.com\/site\/ze-sem-pe-um-amigo-muito-esquisito\/\"]}]},{\"@type\":\"ImageObject\",\"inLanguage\":\"pt-BR\",\"@id\":\"https:\/\/www.notibras.com\/site\/ze-sem-pe-um-amigo-muito-esquisito\/#primaryimage\",\"url\":\"https:\/\/www.notibras.com\/site\/wp-content\/uploads\/2026\/01\/IMG_0421.jpg\",\"contentUrl\":\"https:\/\/www.notibras.com\/site\/wp-content\/uploads\/2026\/01\/IMG_0421.jpg\",\"width\":1024,\"height\":666},{\"@type\":\"BreadcrumbList\",\"@id\":\"https:\/\/www.notibras.com\/site\/ze-sem-pe-um-amigo-muito-esquisito\/#breadcrumb\",\"itemListElement\":[{\"@type\":\"ListItem\",\"position\":1,\"name\":\"In\u00edcio\",\"item\":\"https:\/\/www.notibras.com\/site\/\"},{\"@type\":\"ListItem\",\"position\":2,\"name\":\"Z\u00e9-Sem-P\u00e9, um amigo muito esquisito\"}]},{\"@type\":\"WebSite\",\"@id\":\"https:\/\/www.notibras.com\/site\/#website\",\"url\":\"https:\/\/www.notibras.com\/site\/\",\"name\":\"Notibras\",\"description\":\"Not\u00edcias de Bras\u00edlia, do Brasil e do Mundo\",\"publisher\":{\"@id\":\"https:\/\/www.notibras.com\/site\/#organization\"},\"potentialAction\":[{\"@type\":\"SearchAction\",\"target\":{\"@type\":\"EntryPoint\",\"urlTemplate\":\"https:\/\/www.notibras.com\/site\/?s={search_term_string}\"},\"query-input\":{\"@type\":\"PropertyValueSpecification\",\"valueRequired\":true,\"valueName\":\"search_term_string\"}}],\"inLanguage\":\"pt-BR\"},{\"@type\":\"Organization\",\"@id\":\"https:\/\/www.notibras.com\/site\/#organization\",\"name\":\"Grupo Notibras de Comunica\u00e7\u00e3o\",\"url\":\"https:\/\/www.notibras.com\/site\/\",\"logo\":{\"@type\":\"ImageObject\",\"inLanguage\":\"pt-BR\",\"@id\":\"https:\/\/www.notibras.com\/site\/#\/schema\/logo\/image\/\",\"url\":\"https:\/\/www.notibras.com\/site\/wp-content\/uploads\/2023\/01\/notibras23.png\",\"contentUrl\":\"https:\/\/www.notibras.com\/site\/wp-content\/uploads\/2023\/01\/notibras23.png\",\"width\":350,\"height\":87,\"caption\":\"Grupo Notibras de Comunica\u00e7\u00e3o\"},\"image\":{\"@id\":\"https:\/\/www.notibras.com\/site\/#\/schema\/logo\/image\/\"},\"sameAs\":[\"https:\/\/www.facebook.com\/notibras\/\",\"https:\/\/x.com\/Notibras\",\"https:\/\/www.instagram.com\/notibras\/\"]},{\"@type\":\"Person\",\"@id\":\"https:\/\/www.notibras.com\/site\/#\/schema\/person\/5b7fabf2aedc3ada2105f03b22b4d3dd\",\"name\":\"Eduardo Mart\u00ednez\",\"image\":{\"@type\":\"ImageObject\",\"inLanguage\":\"pt-BR\",\"@id\":\"https:\/\/secure.gravatar.com\/avatar\/7902f906289926289cbcda644b5197c796b893c6ffd7b9a536a42d290f7704a0?s=96&d=mm&r=g\",\"url\":\"https:\/\/secure.gravatar.com\/avatar\/7902f906289926289cbcda644b5197c796b893c6ffd7b9a536a42d290f7704a0?s=96&d=mm&r=g\",\"contentUrl\":\"https:\/\/secure.gravatar.com\/avatar\/7902f906289926289cbcda644b5197c796b893c6ffd7b9a536a42d290f7704a0?s=96&d=mm&r=g\",\"caption\":\"Eduardo Mart\u00ednez\"}}]}<\/script>\n<!-- \/ Yoast SEO plugin. -->","yoast_head_json":{"title":"Z\u00e9-Sem-P\u00e9, um amigo muito esquisito - Notibras","robots":{"index":"index","follow":"follow","max-snippet":"max-snippet:-1","max-image-preview":"max-image-preview:large","max-video-preview":"max-video-preview:-1"},"canonical":"https:\/\/www.notibras.com\/site\/ze-sem-pe-um-amigo-muito-esquisito\/","og_locale":"pt_BR","og_type":"article","og_title":"Z\u00e9-Sem-P\u00e9, um amigo muito esquisito - Notibras","og_description":"Sabe aquelas hist\u00f3rias que voc\u00ea ouve, e a raz\u00e3o tenta convenc\u00ea-lo de que n\u00e3o passa de lorota, mas a prud\u00eancia, que muita gente chama de caga\u00e7o, diz que \u00e9 melhor n\u00e3o duvidar? Pois \u00e9 algo do tipo que me veio \u00e0 lembran\u00e7a logo depois do Z\u00e9-Sem-P\u00e9 surgir do nada aqui no meu humilde apartamento na [&hellip;]","og_url":"https:\/\/www.notibras.com\/site\/ze-sem-pe-um-amigo-muito-esquisito\/","og_site_name":"Notibras","article_publisher":"https:\/\/www.facebook.com\/notibras\/","article_published_time":"2026-01-19T05:00:59+00:00","og_image":[{"width":1024,"height":666,"url":"https:\/\/www.notibras.com\/site\/wp-content\/uploads\/2026\/01\/IMG_0421.jpg","type":"image\/jpeg"}],"author":"Eduardo Mart\u00ednez","twitter_card":"summary_large_image","twitter_creator":"@Notibras","twitter_site":"@Notibras","twitter_misc":{"Escrito por":"Eduardo Mart\u00ednez","Est. tempo de leitura":"6 minutos"},"schema":{"@context":"https:\/\/schema.org","@graph":[{"@type":"Article","@id":"https:\/\/www.notibras.com\/site\/ze-sem-pe-um-amigo-muito-esquisito\/#article","isPartOf":{"@id":"https:\/\/www.notibras.com\/site\/ze-sem-pe-um-amigo-muito-esquisito\/"},"author":{"name":"Eduardo Mart\u00ednez","@id":"https:\/\/www.notibras.com\/site\/#\/schema\/person\/5b7fabf2aedc3ada2105f03b22b4d3dd"},"headline":"Z\u00e9-Sem-P\u00e9, um amigo muito esquisito","datePublished":"2026-01-19T05:00:59+00:00","mainEntityOfPage":{"@id":"https:\/\/www.notibras.com\/site\/ze-sem-pe-um-amigo-muito-esquisito\/"},"wordCount":1107,"publisher":{"@id":"https:\/\/www.notibras.com\/site\/#organization"},"image":{"@id":"https:\/\/www.notibras.com\/site\/ze-sem-pe-um-amigo-muito-esquisito\/#primaryimage"},"thumbnailUrl":"https:\/\/www.notibras.com\/site\/wp-content\/uploads\/2026\/01\/IMG_0421.jpg","articleSection":["Quadradinho em Foco"],"inLanguage":"pt-BR"},{"@type":"WebPage","@id":"https:\/\/www.notibras.com\/site\/ze-sem-pe-um-amigo-muito-esquisito\/","url":"https:\/\/www.notibras.com\/site\/ze-sem-pe-um-amigo-muito-esquisito\/","name":"Z\u00e9-Sem-P\u00e9, um amigo muito esquisito - Notibras","isPartOf":{"@id":"https:\/\/www.notibras.com\/site\/#website"},"primaryImageOfPage":{"@id":"https:\/\/www.notibras.com\/site\/ze-sem-pe-um-amigo-muito-esquisito\/#primaryimage"},"image":{"@id":"https:\/\/www.notibras.com\/site\/ze-sem-pe-um-amigo-muito-esquisito\/#primaryimage"},"thumbnailUrl":"https:\/\/www.notibras.com\/site\/wp-content\/uploads\/2026\/01\/IMG_0421.jpg","datePublished":"2026-01-19T05:00:59+00:00","breadcrumb":{"@id":"https:\/\/www.notibras.com\/site\/ze-sem-pe-um-amigo-muito-esquisito\/#breadcrumb"},"inLanguage":"pt-BR","potentialAction":[{"@type":"ReadAction","target":["https:\/\/www.notibras.com\/site\/ze-sem-pe-um-amigo-muito-esquisito\/"]}]},{"@type":"ImageObject","inLanguage":"pt-BR","@id":"https:\/\/www.notibras.com\/site\/ze-sem-pe-um-amigo-muito-esquisito\/#primaryimage","url":"https:\/\/www.notibras.com\/site\/wp-content\/uploads\/2026\/01\/IMG_0421.jpg","contentUrl":"https:\/\/www.notibras.com\/site\/wp-content\/uploads\/2026\/01\/IMG_0421.jpg","width":1024,"height":666},{"@type":"BreadcrumbList","@id":"https:\/\/www.notibras.com\/site\/ze-sem-pe-um-amigo-muito-esquisito\/#breadcrumb","itemListElement":[{"@type":"ListItem","position":1,"name":"In\u00edcio","item":"https:\/\/www.notibras.com\/site\/"},{"@type":"ListItem","position":2,"name":"Z\u00e9-Sem-P\u00e9, um amigo muito esquisito"}]},{"@type":"WebSite","@id":"https:\/\/www.notibras.com\/site\/#website","url":"https:\/\/www.notibras.com\/site\/","name":"Notibras","description":"Not\u00edcias de Bras\u00edlia, do Brasil e do Mundo","publisher":{"@id":"https:\/\/www.notibras.com\/site\/#organization"},"potentialAction":[{"@type":"SearchAction","target":{"@type":"EntryPoint","urlTemplate":"https:\/\/www.notibras.com\/site\/?s={search_term_string}"},"query-input":{"@type":"PropertyValueSpecification","valueRequired":true,"valueName":"search_term_string"}}],"inLanguage":"pt-BR"},{"@type":"Organization","@id":"https:\/\/www.notibras.com\/site\/#organization","name":"Grupo Notibras de Comunica\u00e7\u00e3o","url":"https:\/\/www.notibras.com\/site\/","logo":{"@type":"ImageObject","inLanguage":"pt-BR","@id":"https:\/\/www.notibras.com\/site\/#\/schema\/logo\/image\/","url":"https:\/\/www.notibras.com\/site\/wp-content\/uploads\/2023\/01\/notibras23.png","contentUrl":"https:\/\/www.notibras.com\/site\/wp-content\/uploads\/2023\/01\/notibras23.png","width":350,"height":87,"caption":"Grupo Notibras de Comunica\u00e7\u00e3o"},"image":{"@id":"https:\/\/www.notibras.com\/site\/#\/schema\/logo\/image\/"},"sameAs":["https:\/\/www.facebook.com\/notibras\/","https:\/\/x.com\/Notibras","https:\/\/www.instagram.com\/notibras\/"]},{"@type":"Person","@id":"https:\/\/www.notibras.com\/site\/#\/schema\/person\/5b7fabf2aedc3ada2105f03b22b4d3dd","name":"Eduardo Mart\u00ednez","image":{"@type":"ImageObject","inLanguage":"pt-BR","@id":"https:\/\/secure.gravatar.com\/avatar\/7902f906289926289cbcda644b5197c796b893c6ffd7b9a536a42d290f7704a0?s=96&d=mm&r=g","url":"https:\/\/secure.gravatar.com\/avatar\/7902f906289926289cbcda644b5197c796b893c6ffd7b9a536a42d290f7704a0?s=96&d=mm&r=g","contentUrl":"https:\/\/secure.gravatar.com\/avatar\/7902f906289926289cbcda644b5197c796b893c6ffd7b9a536a42d290f7704a0?s=96&d=mm&r=g","caption":"Eduardo Mart\u00ednez"}}]}},"amp_enabled":true,"_links":{"self":[{"href":"https:\/\/www.notibras.com\/site\/wp-json\/wp\/v2\/posts\/379680","targetHints":{"allow":["GET"]}}],"collection":[{"href":"https:\/\/www.notibras.com\/site\/wp-json\/wp\/v2\/posts"}],"about":[{"href":"https:\/\/www.notibras.com\/site\/wp-json\/wp\/v2\/types\/post"}],"author":[{"embeddable":true,"href":"https:\/\/www.notibras.com\/site\/wp-json\/wp\/v2\/users\/21"}],"replies":[{"embeddable":true,"href":"https:\/\/www.notibras.com\/site\/wp-json\/wp\/v2\/comments?post=379680"}],"version-history":[{"count":4,"href":"https:\/\/www.notibras.com\/site\/wp-json\/wp\/v2\/posts\/379680\/revisions"}],"predecessor-version":[{"id":379685,"href":"https:\/\/www.notibras.com\/site\/wp-json\/wp\/v2\/posts\/379680\/revisions\/379685"}],"wp:featuredmedia":[{"embeddable":true,"href":"https:\/\/www.notibras.com\/site\/wp-json\/wp\/v2\/media\/379683"}],"wp:attachment":[{"href":"https:\/\/www.notibras.com\/site\/wp-json\/wp\/v2\/media?parent=379680"}],"wp:term":[{"taxonomy":"category","embeddable":true,"href":"https:\/\/www.notibras.com\/site\/wp-json\/wp\/v2\/categories?post=379680"},{"taxonomy":"post_tag","embeddable":true,"href":"https:\/\/www.notibras.com\/site\/wp-json\/wp\/v2\/tags?post=379680"}],"curies":[{"name":"wp","href":"https:\/\/api.w.org\/{rel}","templated":true}]}}