{"id":379687,"date":"2026-01-24T01:00:33","date_gmt":"2026-01-24T04:00:33","guid":{"rendered":"https:\/\/www.notibras.com\/site\/?p=379687"},"modified":"2026-01-19T02:39:42","modified_gmt":"2026-01-19T05:39:42","slug":"acordou-com-a-pele-cheia-de-manchinhas","status":"publish","type":"post","link":"https:\/\/www.notibras.com\/site\/acordou-com-a-pele-cheia-de-manchinhas\/","title":{"rendered":"Acordou com a pele cheia de manchinhas"},"content":{"rendered":"<p>Leonardo, o Leo, acordou com a pele cheia de manchinhas. De sa\u00edda, assustou-se com a quantidade, umas 30, espalhadas pela barriga; concluiu que elas deviam estar aparecendo aos poucos, umas quatro por dia, sem ele notar. O segundo motivo de inquieta\u00e7\u00e3o foi, \u00e9 claro, o que estaria por tr\u00e1s do surgimento delas.<\/p>\n<p>\u201cManchas de velhice? Porra, nem tenho 50 anos!\u201d<\/p>\n<p>Lembrar da idade o fez pensar no pai, Leopoldo. Ele sumira quando estava com 48 anos, a idade atual de Leo. Sa\u00edra de casa certa noite, sem se despedir da mulher e do filho, e nunca mais voltou. E tampouco deu not\u00edcias, cafajestes agem assim.<\/p>\n<p>\u201cProvavelmente j\u00e1 bateu as botas\u201d, pensou. \u201cBem feito!\u201d<\/p>\n<p>O velho rancor contra a figura paterna, que o abandonara quando Leo era um adolescente espinhudo de 14 anos, retornou com for\u00e7a, e o fez esquecer das manchinhas. No dia seguinte, por\u00e9m j\u00e1 eram 33 (ele contou). Dessa vez, preocupou-se de verdade.<\/p>\n<p>Ao chegar ao trabalho, foi pesquisar \u201cmanchas de velhice\u201d no Google. Verificou que surgiam a partir dos 40 anos; que a exposi\u00e7\u00e3o ao sol favorecia o seu aparecimento e multiplica\u00e7\u00e3o; e, detalhe inquietante, tinham cor marrom. J\u00e1 as da sua pele eram pretas.<\/p>\n<p>E ent\u00e3o baixou o terror de vez. Lembrou do tipo mais agressivo de c\u00e2ncer de pele, o melanoma; uma guglada ensinou-lhe que o termo vem de duas palavras gregas, \u201cmelas\u201d e \u201coma\u201d, que significam, respectivamente, negro e tumor. Tumor negro, manchas negras&#8230;Suando frio, viu que teria de procurar o quanto antes um oncologista, por sorte a empresa fornecia um bom plano de assist\u00eancia m\u00e9dica.<\/p>\n<p>Leo passou a semana seguinte remoendo-se em sil\u00eancio, sem dizer nada \u00e0 mulher e a J\u00fanior, que estava com 15 anos. Na oitava noite, por\u00e9m, surgiram preocupa\u00e7\u00f5es bem maiores que um c\u00e2ncer de pele.<\/p>\n<p>Era uma noite quente, de luar. Ele estava na biblioteca, sozinho (isolava-se o mais poss\u00edvel), e olhou para a lua pela janela aberta. No mesmo instante seu corpo transformou-se, cobriu-se de um pelo amarelado, no qual se destacavam as manchas escuras. Presas surgiram em sua boca, as m\u00e3os e os p\u00e9s ganharam garras, os m\u00fasculos ficaram mais fortes, sentia-se \u00e1gil, perigoso, letal.<\/p>\n<p>Pela janela, vinham os inebriantes odores de incont\u00e1veis v\u00edtimas em potencial \u2013 os animais dom\u00e9sticos da vizinhan\u00e7a \u2013 e tamb\u00e9m dos humanos. Foi em v\u00e3o que disse a si mesmo, assumindo-se como predador, que jamais abateria uma pessoa; uma voz interior \u2013 resqu\u00edcio de consci\u00eancia? o instinto que passaria a gui\u00e1-lo? \u2013 retrucou, ele mataria sim, e devoraria partes do cad\u00e1ver. E cedo ou tarde acabaria morto, cidades n\u00e3o s\u00e3o o ambiente ideal para grandes felinos. Para evitar isso, precisava ir embora imediatamente.<\/p>\n<p>Era verdade, Leo teve de fazer um esfor\u00e7o (literalmente) sobre-humano para n\u00e3o iniciar a chacina pela mulher, que dormia no quarto de casal. Antes de deixar a casa, compreendeu duas coisas. Uma, que o pai n\u00e3o fora um canalha; outra, que n\u00e3o era por acaso que os homens de sua fam\u00edlia (de seu bando) tinham nomes come\u00e7ados por Leo: Leonardo, Leopoldo, o av\u00f4 Leovegildo, o bisav\u00f4 Leoc\u00e1dio&#8230;<\/p>\n<p>\u00c0 diferen\u00e7a do pai, por\u00e9m, deixou um bilhete para a mulher e o filho.<\/p>\n<p>\u201cDesculpem, amo voc\u00eas mas tenho de ir embora. N\u00e3o posso dar explica\u00e7\u00f5es. Um dia Leo vai entender (o J\u00fanior fora abolido). Por favor, Leo, quando tiver seu pr\u00f3prio filho, d\u00ea-lhe o nome do av\u00f4, Leopoldo\u201d.<\/p>\n","protected":false},"excerpt":{"rendered":"<p>Leonardo, o Leo, acordou com a pele cheia de manchinhas. De sa\u00edda, assustou-se com a quantidade, umas 30, espalhadas pela barriga; concluiu que elas deviam estar aparecendo aos poucos, umas quatro por dia, sem ele notar. O segundo motivo de inquieta\u00e7\u00e3o foi, \u00e9 claro, o que estaria por tr\u00e1s do surgimento delas. \u201cManchas de velhice? [&hellip;]<\/p>\n","protected":false},"author":21,"featured_media":379688,"comment_status":"closed","ping_status":"closed","sticky":false,"template":"","format":"standard","meta":{"_acf_changed":false,"footnotes":""},"categories":[234],"tags":[],"class_list":["post-379687","post","type-post","status-publish","format-standard","has-post-thumbnail","hentry","category-cafe-literario"],"acf":[],"yoast_head":"<!-- This site is optimized with the Yoast SEO plugin v27.2 - https:\/\/yoast.com\/product\/yoast-seo-wordpress\/ -->\n<title>Acordou com a pele cheia de manchinhas - Notibras<\/title>\n<meta name=\"robots\" content=\"index, follow, max-snippet:-1, max-image-preview:large, max-video-preview:-1\" \/>\n<link rel=\"canonical\" href=\"https:\/\/www.notibras.com\/site\/acordou-com-a-pele-cheia-de-manchinhas\/\" \/>\n<meta property=\"og:locale\" content=\"pt_BR\" \/>\n<meta property=\"og:type\" content=\"article\" \/>\n<meta property=\"og:title\" content=\"Acordou com a pele cheia de manchinhas - Notibras\" \/>\n<meta property=\"og:description\" content=\"Leonardo, o Leo, acordou com a pele cheia de manchinhas. De sa\u00edda, assustou-se com a quantidade, umas 30, espalhadas pela barriga; concluiu que elas deviam estar aparecendo aos poucos, umas quatro por dia, sem ele notar. O segundo motivo de inquieta\u00e7\u00e3o foi, \u00e9 claro, o que estaria por tr\u00e1s do surgimento delas. \u201cManchas de velhice? [&hellip;]\" \/>\n<meta property=\"og:url\" content=\"https:\/\/www.notibras.com\/site\/acordou-com-a-pele-cheia-de-manchinhas\/\" \/>\n<meta property=\"og:site_name\" content=\"Notibras\" \/>\n<meta property=\"article:publisher\" content=\"https:\/\/www.facebook.com\/notibras\/\" \/>\n<meta property=\"article:published_time\" content=\"2026-01-24T04:00:33+00:00\" \/>\n<meta property=\"og:image\" content=\"https:\/\/www.notibras.com\/site\/wp-content\/uploads\/2026\/01\/IMG_0422.jpg\" \/>\n\t<meta property=\"og:image:width\" content=\"1023\" \/>\n\t<meta property=\"og:image:height\" content=\"923\" \/>\n\t<meta property=\"og:image:type\" content=\"image\/jpeg\" \/>\n<meta name=\"author\" content=\"Eduardo Mart\u00ednez\" \/>\n<meta name=\"twitter:card\" content=\"summary_large_image\" \/>\n<meta name=\"twitter:creator\" content=\"@Notibras\" \/>\n<meta name=\"twitter:site\" content=\"@Notibras\" \/>\n<meta name=\"twitter:label1\" content=\"Escrito por\" \/>\n\t<meta name=\"twitter:data1\" content=\"Eduardo Mart\u00ednez\" \/>\n\t<meta name=\"twitter:label2\" content=\"Est. tempo de leitura\" \/>\n\t<meta name=\"twitter:data2\" content=\"4 minutos\" \/>\n<script type=\"application\/ld+json\" class=\"yoast-schema-graph\">{\"@context\":\"https:\/\/schema.org\",\"@graph\":[{\"@type\":\"Article\",\"@id\":\"https:\/\/www.notibras.com\/site\/acordou-com-a-pele-cheia-de-manchinhas\/#article\",\"isPartOf\":{\"@id\":\"https:\/\/www.notibras.com\/site\/acordou-com-a-pele-cheia-de-manchinhas\/\"},\"author\":{\"name\":\"Eduardo Mart\u00ednez\",\"@id\":\"https:\/\/www.notibras.com\/site\/#\/schema\/person\/5b7fabf2aedc3ada2105f03b22b4d3dd\"},\"headline\":\"Acordou com a pele cheia de manchinhas\",\"datePublished\":\"2026-01-24T04:00:33+00:00\",\"mainEntityOfPage\":{\"@id\":\"https:\/\/www.notibras.com\/site\/acordou-com-a-pele-cheia-de-manchinhas\/\"},\"wordCount\":600,\"publisher\":{\"@id\":\"https:\/\/www.notibras.com\/site\/#organization\"},\"image\":{\"@id\":\"https:\/\/www.notibras.com\/site\/acordou-com-a-pele-cheia-de-manchinhas\/#primaryimage\"},\"thumbnailUrl\":\"https:\/\/www.notibras.com\/site\/wp-content\/uploads\/2026\/01\/IMG_0422.jpg\",\"articleSection\":[\"Caf\u00e9 Liter\u00e1rio\"],\"inLanguage\":\"pt-BR\"},{\"@type\":\"WebPage\",\"@id\":\"https:\/\/www.notibras.com\/site\/acordou-com-a-pele-cheia-de-manchinhas\/\",\"url\":\"https:\/\/www.notibras.com\/site\/acordou-com-a-pele-cheia-de-manchinhas\/\",\"name\":\"Acordou com a pele cheia de manchinhas - Notibras\",\"isPartOf\":{\"@id\":\"https:\/\/www.notibras.com\/site\/#website\"},\"primaryImageOfPage\":{\"@id\":\"https:\/\/www.notibras.com\/site\/acordou-com-a-pele-cheia-de-manchinhas\/#primaryimage\"},\"image\":{\"@id\":\"https:\/\/www.notibras.com\/site\/acordou-com-a-pele-cheia-de-manchinhas\/#primaryimage\"},\"thumbnailUrl\":\"https:\/\/www.notibras.com\/site\/wp-content\/uploads\/2026\/01\/IMG_0422.jpg\",\"datePublished\":\"2026-01-24T04:00:33+00:00\",\"breadcrumb\":{\"@id\":\"https:\/\/www.notibras.com\/site\/acordou-com-a-pele-cheia-de-manchinhas\/#breadcrumb\"},\"inLanguage\":\"pt-BR\",\"potentialAction\":[{\"@type\":\"ReadAction\",\"target\":[\"https:\/\/www.notibras.com\/site\/acordou-com-a-pele-cheia-de-manchinhas\/\"]}]},{\"@type\":\"ImageObject\",\"inLanguage\":\"pt-BR\",\"@id\":\"https:\/\/www.notibras.com\/site\/acordou-com-a-pele-cheia-de-manchinhas\/#primaryimage\",\"url\":\"https:\/\/www.notibras.com\/site\/wp-content\/uploads\/2026\/01\/IMG_0422.jpg\",\"contentUrl\":\"https:\/\/www.notibras.com\/site\/wp-content\/uploads\/2026\/01\/IMG_0422.jpg\",\"width\":1023,\"height\":923},{\"@type\":\"BreadcrumbList\",\"@id\":\"https:\/\/www.notibras.com\/site\/acordou-com-a-pele-cheia-de-manchinhas\/#breadcrumb\",\"itemListElement\":[{\"@type\":\"ListItem\",\"position\":1,\"name\":\"In\u00edcio\",\"item\":\"https:\/\/www.notibras.com\/site\/\"},{\"@type\":\"ListItem\",\"position\":2,\"name\":\"Acordou com a pele cheia de manchinhas\"}]},{\"@type\":\"WebSite\",\"@id\":\"https:\/\/www.notibras.com\/site\/#website\",\"url\":\"https:\/\/www.notibras.com\/site\/\",\"name\":\"Notibras\",\"description\":\"Not\u00edcias de Bras\u00edlia, do Brasil e do Mundo\",\"publisher\":{\"@id\":\"https:\/\/www.notibras.com\/site\/#organization\"},\"potentialAction\":[{\"@type\":\"SearchAction\",\"target\":{\"@type\":\"EntryPoint\",\"urlTemplate\":\"https:\/\/www.notibras.com\/site\/?s={search_term_string}\"},\"query-input\":{\"@type\":\"PropertyValueSpecification\",\"valueRequired\":true,\"valueName\":\"search_term_string\"}}],\"inLanguage\":\"pt-BR\"},{\"@type\":\"Organization\",\"@id\":\"https:\/\/www.notibras.com\/site\/#organization\",\"name\":\"Grupo Notibras de Comunica\u00e7\u00e3o\",\"url\":\"https:\/\/www.notibras.com\/site\/\",\"logo\":{\"@type\":\"ImageObject\",\"inLanguage\":\"pt-BR\",\"@id\":\"https:\/\/www.notibras.com\/site\/#\/schema\/logo\/image\/\",\"url\":\"https:\/\/www.notibras.com\/site\/wp-content\/uploads\/2023\/01\/notibras23.png\",\"contentUrl\":\"https:\/\/www.notibras.com\/site\/wp-content\/uploads\/2023\/01\/notibras23.png\",\"width\":350,\"height\":87,\"caption\":\"Grupo Notibras de Comunica\u00e7\u00e3o\"},\"image\":{\"@id\":\"https:\/\/www.notibras.com\/site\/#\/schema\/logo\/image\/\"},\"sameAs\":[\"https:\/\/www.facebook.com\/notibras\/\",\"https:\/\/x.com\/Notibras\",\"https:\/\/www.instagram.com\/notibras\/\"]},{\"@type\":\"Person\",\"@id\":\"https:\/\/www.notibras.com\/site\/#\/schema\/person\/5b7fabf2aedc3ada2105f03b22b4d3dd\",\"name\":\"Eduardo Mart\u00ednez\",\"image\":{\"@type\":\"ImageObject\",\"inLanguage\":\"pt-BR\",\"@id\":\"https:\/\/secure.gravatar.com\/avatar\/7902f906289926289cbcda644b5197c796b893c6ffd7b9a536a42d290f7704a0?s=96&d=mm&r=g\",\"url\":\"https:\/\/secure.gravatar.com\/avatar\/7902f906289926289cbcda644b5197c796b893c6ffd7b9a536a42d290f7704a0?s=96&d=mm&r=g\",\"contentUrl\":\"https:\/\/secure.gravatar.com\/avatar\/7902f906289926289cbcda644b5197c796b893c6ffd7b9a536a42d290f7704a0?s=96&d=mm&r=g\",\"caption\":\"Eduardo Mart\u00ednez\"}}]}<\/script>\n<!-- \/ Yoast SEO plugin. -->","yoast_head_json":{"title":"Acordou com a pele cheia de manchinhas - Notibras","robots":{"index":"index","follow":"follow","max-snippet":"max-snippet:-1","max-image-preview":"max-image-preview:large","max-video-preview":"max-video-preview:-1"},"canonical":"https:\/\/www.notibras.com\/site\/acordou-com-a-pele-cheia-de-manchinhas\/","og_locale":"pt_BR","og_type":"article","og_title":"Acordou com a pele cheia de manchinhas - Notibras","og_description":"Leonardo, o Leo, acordou com a pele cheia de manchinhas. De sa\u00edda, assustou-se com a quantidade, umas 30, espalhadas pela barriga; concluiu que elas deviam estar aparecendo aos poucos, umas quatro por dia, sem ele notar. O segundo motivo de inquieta\u00e7\u00e3o foi, \u00e9 claro, o que estaria por tr\u00e1s do surgimento delas. \u201cManchas de velhice? [&hellip;]","og_url":"https:\/\/www.notibras.com\/site\/acordou-com-a-pele-cheia-de-manchinhas\/","og_site_name":"Notibras","article_publisher":"https:\/\/www.facebook.com\/notibras\/","article_published_time":"2026-01-24T04:00:33+00:00","og_image":[{"width":1023,"height":923,"url":"https:\/\/www.notibras.com\/site\/wp-content\/uploads\/2026\/01\/IMG_0422.jpg","type":"image\/jpeg"}],"author":"Eduardo Mart\u00ednez","twitter_card":"summary_large_image","twitter_creator":"@Notibras","twitter_site":"@Notibras","twitter_misc":{"Escrito por":"Eduardo Mart\u00ednez","Est. tempo de leitura":"4 minutos"},"schema":{"@context":"https:\/\/schema.org","@graph":[{"@type":"Article","@id":"https:\/\/www.notibras.com\/site\/acordou-com-a-pele-cheia-de-manchinhas\/#article","isPartOf":{"@id":"https:\/\/www.notibras.com\/site\/acordou-com-a-pele-cheia-de-manchinhas\/"},"author":{"name":"Eduardo Mart\u00ednez","@id":"https:\/\/www.notibras.com\/site\/#\/schema\/person\/5b7fabf2aedc3ada2105f03b22b4d3dd"},"headline":"Acordou com a pele cheia de manchinhas","datePublished":"2026-01-24T04:00:33+00:00","mainEntityOfPage":{"@id":"https:\/\/www.notibras.com\/site\/acordou-com-a-pele-cheia-de-manchinhas\/"},"wordCount":600,"publisher":{"@id":"https:\/\/www.notibras.com\/site\/#organization"},"image":{"@id":"https:\/\/www.notibras.com\/site\/acordou-com-a-pele-cheia-de-manchinhas\/#primaryimage"},"thumbnailUrl":"https:\/\/www.notibras.com\/site\/wp-content\/uploads\/2026\/01\/IMG_0422.jpg","articleSection":["Caf\u00e9 Liter\u00e1rio"],"inLanguage":"pt-BR"},{"@type":"WebPage","@id":"https:\/\/www.notibras.com\/site\/acordou-com-a-pele-cheia-de-manchinhas\/","url":"https:\/\/www.notibras.com\/site\/acordou-com-a-pele-cheia-de-manchinhas\/","name":"Acordou com a pele cheia de manchinhas - Notibras","isPartOf":{"@id":"https:\/\/www.notibras.com\/site\/#website"},"primaryImageOfPage":{"@id":"https:\/\/www.notibras.com\/site\/acordou-com-a-pele-cheia-de-manchinhas\/#primaryimage"},"image":{"@id":"https:\/\/www.notibras.com\/site\/acordou-com-a-pele-cheia-de-manchinhas\/#primaryimage"},"thumbnailUrl":"https:\/\/www.notibras.com\/site\/wp-content\/uploads\/2026\/01\/IMG_0422.jpg","datePublished":"2026-01-24T04:00:33+00:00","breadcrumb":{"@id":"https:\/\/www.notibras.com\/site\/acordou-com-a-pele-cheia-de-manchinhas\/#breadcrumb"},"inLanguage":"pt-BR","potentialAction":[{"@type":"ReadAction","target":["https:\/\/www.notibras.com\/site\/acordou-com-a-pele-cheia-de-manchinhas\/"]}]},{"@type":"ImageObject","inLanguage":"pt-BR","@id":"https:\/\/www.notibras.com\/site\/acordou-com-a-pele-cheia-de-manchinhas\/#primaryimage","url":"https:\/\/www.notibras.com\/site\/wp-content\/uploads\/2026\/01\/IMG_0422.jpg","contentUrl":"https:\/\/www.notibras.com\/site\/wp-content\/uploads\/2026\/01\/IMG_0422.jpg","width":1023,"height":923},{"@type":"BreadcrumbList","@id":"https:\/\/www.notibras.com\/site\/acordou-com-a-pele-cheia-de-manchinhas\/#breadcrumb","itemListElement":[{"@type":"ListItem","position":1,"name":"In\u00edcio","item":"https:\/\/www.notibras.com\/site\/"},{"@type":"ListItem","position":2,"name":"Acordou com a pele cheia de manchinhas"}]},{"@type":"WebSite","@id":"https:\/\/www.notibras.com\/site\/#website","url":"https:\/\/www.notibras.com\/site\/","name":"Notibras","description":"Not\u00edcias de Bras\u00edlia, do Brasil e do Mundo","publisher":{"@id":"https:\/\/www.notibras.com\/site\/#organization"},"potentialAction":[{"@type":"SearchAction","target":{"@type":"EntryPoint","urlTemplate":"https:\/\/www.notibras.com\/site\/?s={search_term_string}"},"query-input":{"@type":"PropertyValueSpecification","valueRequired":true,"valueName":"search_term_string"}}],"inLanguage":"pt-BR"},{"@type":"Organization","@id":"https:\/\/www.notibras.com\/site\/#organization","name":"Grupo Notibras de Comunica\u00e7\u00e3o","url":"https:\/\/www.notibras.com\/site\/","logo":{"@type":"ImageObject","inLanguage":"pt-BR","@id":"https:\/\/www.notibras.com\/site\/#\/schema\/logo\/image\/","url":"https:\/\/www.notibras.com\/site\/wp-content\/uploads\/2023\/01\/notibras23.png","contentUrl":"https:\/\/www.notibras.com\/site\/wp-content\/uploads\/2023\/01\/notibras23.png","width":350,"height":87,"caption":"Grupo Notibras de Comunica\u00e7\u00e3o"},"image":{"@id":"https:\/\/www.notibras.com\/site\/#\/schema\/logo\/image\/"},"sameAs":["https:\/\/www.facebook.com\/notibras\/","https:\/\/x.com\/Notibras","https:\/\/www.instagram.com\/notibras\/"]},{"@type":"Person","@id":"https:\/\/www.notibras.com\/site\/#\/schema\/person\/5b7fabf2aedc3ada2105f03b22b4d3dd","name":"Eduardo Mart\u00ednez","image":{"@type":"ImageObject","inLanguage":"pt-BR","@id":"https:\/\/secure.gravatar.com\/avatar\/7902f906289926289cbcda644b5197c796b893c6ffd7b9a536a42d290f7704a0?s=96&d=mm&r=g","url":"https:\/\/secure.gravatar.com\/avatar\/7902f906289926289cbcda644b5197c796b893c6ffd7b9a536a42d290f7704a0?s=96&d=mm&r=g","contentUrl":"https:\/\/secure.gravatar.com\/avatar\/7902f906289926289cbcda644b5197c796b893c6ffd7b9a536a42d290f7704a0?s=96&d=mm&r=g","caption":"Eduardo Mart\u00ednez"}}]}},"amp_enabled":true,"_links":{"self":[{"href":"https:\/\/www.notibras.com\/site\/wp-json\/wp\/v2\/posts\/379687","targetHints":{"allow":["GET"]}}],"collection":[{"href":"https:\/\/www.notibras.com\/site\/wp-json\/wp\/v2\/posts"}],"about":[{"href":"https:\/\/www.notibras.com\/site\/wp-json\/wp\/v2\/types\/post"}],"author":[{"embeddable":true,"href":"https:\/\/www.notibras.com\/site\/wp-json\/wp\/v2\/users\/21"}],"replies":[{"embeddable":true,"href":"https:\/\/www.notibras.com\/site\/wp-json\/wp\/v2\/comments?post=379687"}],"version-history":[{"count":2,"href":"https:\/\/www.notibras.com\/site\/wp-json\/wp\/v2\/posts\/379687\/revisions"}],"predecessor-version":[{"id":379690,"href":"https:\/\/www.notibras.com\/site\/wp-json\/wp\/v2\/posts\/379687\/revisions\/379690"}],"wp:featuredmedia":[{"embeddable":true,"href":"https:\/\/www.notibras.com\/site\/wp-json\/wp\/v2\/media\/379688"}],"wp:attachment":[{"href":"https:\/\/www.notibras.com\/site\/wp-json\/wp\/v2\/media?parent=379687"}],"wp:term":[{"taxonomy":"category","embeddable":true,"href":"https:\/\/www.notibras.com\/site\/wp-json\/wp\/v2\/categories?post=379687"},{"taxonomy":"post_tag","embeddable":true,"href":"https:\/\/www.notibras.com\/site\/wp-json\/wp\/v2\/tags?post=379687"}],"curies":[{"name":"wp","href":"https:\/\/api.w.org\/{rel}","templated":true}]}}