{"id":379691,"date":"2026-01-25T00:00:13","date_gmt":"2026-01-25T03:00:13","guid":{"rendered":"https:\/\/www.notibras.com\/site\/?p=379691"},"modified":"2026-01-19T02:53:20","modified_gmt":"2026-01-19T05:53:20","slug":"a-gente-flertava-mas-nada-alem-disso","status":"publish","type":"post","link":"https:\/\/www.notibras.com\/site\/a-gente-flertava-mas-nada-alem-disso\/","title":{"rendered":"A gente flertava, mas nada al\u00e9m disso"},"content":{"rendered":"<p>Eu tinha 18 anos, Elisa tamb\u00e9m. Na verdade, era dois meses mais velha do que eu, nascera em abril, eu em junho. Eu cursava o primeiro ano da faculdade de Direito, ela terminava o colegial, havia repetido um ano. A gente se conhecia do Liceu Nilo Pe\u00e7anha, flertava de leve mas nunca chegou a se pegar: n\u00e3o faltava carne jovem para um test drive, nem pra mim, muito menos pra ela. E a fila andava r\u00e1pido, que os horm\u00f4nios dos adolescentes de todos os g\u00eaneros fervilham, a reposi\u00e7\u00e3o dos modelos era acelerada.<\/p>\n<p>Mor\u00e1vamos em Niter\u00f3i, bem perto um do outro, a uma quadra da praia de Icara\u00ed, ela num edif\u00edcio da Moreira C\u00e9sar, eu numa rua transversal, a Belis\u00e1rio Augusto. T\u00ednhamos turmas diferentes, talvez por isso nunca nos hav\u00edamos encontrado na praia (intelectual n\u00e3o pisa na areia, intelectual bebe) nem nos barzinhos da orla mar\u00edtima. Nosso espa\u00e7o era o Liceu, onde ela estudava e eu havia estudado. E aquele bendito \u00f4nibus.<\/p>\n<p>Eu voltava da faculdade no Rio, tarde da noite. Entrei num \u00f4nibus lotado e a vi, um pouco \u00e0 frente. Estava linda, de minissaia e uma blusinha decotada, que revelava urbi et orbi seios magn\u00edficos. Quanto a mim, estava cansado, suado, mas devo ter enlouquecido de leve, incorporado algum s\u00e1tiro ou exu sarrad\u00f4, algo assim. Fui avan\u00e7ando pelo mar de gente at\u00e9 estar atr\u00e1s dela, meu corpo colado no dela, e a encoxei.<\/p>\n<p>Ela fugiu do contato, mas s\u00f3 um pouco; vi que relaxou e decidiu aproveitar aquela loucura. Cresci em seu traseiro e senti que ela rebolava de leve. Minha encoxada n\u00e3o era acintosa, taradosa, das que s\u00e3o pintadas com exagero de detalhes em textos porn\u00f4s; poderia passar por um contato inevit\u00e1vel num coletivo apinhado, se o eventual observador n\u00e3o percebesse nossa respira\u00e7\u00e3o pesada, a minha e a dela.<\/p>\n<p>Elisa desceu no ponto mais pr\u00f3ximo de sua casa. Continuei no \u00f4nibus, torcendo pra minha ere\u00e7\u00e3o baixar logo, e consegui sair dois pontos adiante. Fui caminhando devagar, pela cal\u00e7ada junto \u00e0 praia, pensando naquela loucura deliciosa, at\u00e9 pegar a Belis\u00e1rio Augusto. N\u00e3o sabia se a coisa teria continuidade, mas tinha certeza de que a encoxada permaneceria para sempre registrada em meus neur\u00f4nios.<\/p>\n<p>E n\u00e3o houve mesmo continuidade. Tr\u00eas anos depois, por\u00e9m, encontramo-nos por acaso em uma festa, na casa de um amigo comum. Conversamos \u2013 sem uma \u00fanica palavra sobre o sarro no bus\u00e3o \u2013, flertamos, dan\u00e7amos, nos beijamos. E fomos embora juntos para meu apartamento, que estava vazio, por um especial favor dos deuses meus pais haviam viajado para Friburgo.<\/p>\n<p>Ela queria, eu queria, por\u00e9m havia o epis\u00f3dio constrangedor de antes, silenciado; provavelmente seria uma transa morna, um casinho de uma s\u00f3 noite. Foi ent\u00e3o que Elisa teve a ideia que elevou o tes\u00e3o \u00e0 en\u00e9sima pot\u00eancia. Levantou-se do sof\u00e1 onde hav\u00edamos sentado, apoiou-se no espaldar de uma cadeira, empinou a bundinha e perguntou-me com voz sedutora, os olhos brilhando de excita\u00e7\u00e3o:<\/p>\n<p>&#8211; Voc\u00ea n\u00e3o vai entrar no \u00f4nibus?<\/p>\n<p>Dei um pulo e avancei, pisando p\u00e9s invis\u00edveis, dando cotoveladas em pessoas invis\u00edveis, murmurando pedidos de desculpas a elas, at\u00e9 colar o corpo no de Elisa. Minha vez de falar:<\/p>\n<p>&#8211; O bus\u00e3o t\u00e1 lotado, n\u00e9? Mas isso \u00e9 \u00f3timo para dar uma encoxada em uma mulher gostosa que nem voc\u00ea.<\/p>\n<p>&#8211; Fala baixo, os outros passageiros podem ouvir. Voc\u00ea me acha gostosa? \u2013 e rebolava, sem pudor algum.<\/p>\n<p>&#8211; Bonita e gostosa, uma tigresa. E eles v\u00e3o gostar do que v\u00e3o ver. E aprender como se faz.<\/p>\n<p>Cada ato subsequente foi anunciado aos passageiros invis\u00edveis, a come\u00e7ar pela m\u00e3o invasora sob o vestido e as car\u00edcias em suas coxas e sua bundinha. Veio a confiss\u00e3o:<\/p>\n<p>&#8211; Voc\u00ea \u00e9 bem taradinho, n\u00e9? Que bom, sempre quis fazer num \u00f4nibus! Olhe, aquela senhora n\u00e3o tira os olhos da gente e est\u00e1 se tocando, daqui a pouco tira a roupa&#8230;<\/p>\n<p>Era a dica para eu ir em frente. Nem pensar em despi-la, poderia quebrar o clima. Abaixei as cal\u00e7as e a cueca, afastei a calcinha dela para o lado e fui com tudo. Ela deu um suspiro de fim da espera.<\/p>\n<p>A transa foi r\u00e1pida, est\u00e1vamos os dois demasiado excitados para prolong\u00e1-la. Depois fomos pra cama, as pernas bambas, e houve outras, em local mais confort\u00e1vel, mais que satisfat\u00f3rias. Mas a vol\u00fapia seguiu viagem naquele \u00f4nibus. Nunca mais fizemos, raras vezes a vi depois disso, n\u00e3o fui convidado para seu casamento.<\/p>\n","protected":false},"excerpt":{"rendered":"<p>Eu tinha 18 anos, Elisa tamb\u00e9m. Na verdade, era dois meses mais velha do que eu, nascera em abril, eu em junho. Eu cursava o primeiro ano da faculdade de Direito, ela terminava o colegial, havia repetido um ano. A gente se conhecia do Liceu Nilo Pe\u00e7anha, flertava de leve mas nunca chegou a se [&hellip;]<\/p>\n","protected":false},"author":21,"featured_media":379694,"comment_status":"closed","ping_status":"closed","sticky":false,"template":"","format":"standard","meta":{"_acf_changed":false,"footnotes":""},"categories":[234],"tags":[],"class_list":["post-379691","post","type-post","status-publish","format-standard","has-post-thumbnail","hentry","category-cafe-literario"],"acf":[],"yoast_head":"<!-- This site is optimized with the Yoast SEO plugin v27.2 - https:\/\/yoast.com\/product\/yoast-seo-wordpress\/ -->\n<title>A gente flertava, mas nada al\u00e9m disso - Notibras<\/title>\n<meta name=\"robots\" content=\"index, follow, max-snippet:-1, max-image-preview:large, max-video-preview:-1\" \/>\n<link rel=\"canonical\" href=\"https:\/\/www.notibras.com\/site\/a-gente-flertava-mas-nada-alem-disso\/\" \/>\n<meta property=\"og:locale\" content=\"pt_BR\" \/>\n<meta property=\"og:type\" content=\"article\" \/>\n<meta property=\"og:title\" content=\"A gente flertava, mas nada al\u00e9m disso - Notibras\" \/>\n<meta property=\"og:description\" content=\"Eu tinha 18 anos, Elisa tamb\u00e9m. Na verdade, era dois meses mais velha do que eu, nascera em abril, eu em junho. Eu cursava o primeiro ano da faculdade de Direito, ela terminava o colegial, havia repetido um ano. A gente se conhecia do Liceu Nilo Pe\u00e7anha, flertava de leve mas nunca chegou a se [&hellip;]\" \/>\n<meta property=\"og:url\" content=\"https:\/\/www.notibras.com\/site\/a-gente-flertava-mas-nada-alem-disso\/\" \/>\n<meta property=\"og:site_name\" content=\"Notibras\" \/>\n<meta property=\"article:publisher\" content=\"https:\/\/www.facebook.com\/notibras\/\" \/>\n<meta property=\"article:published_time\" content=\"2026-01-25T03:00:13+00:00\" \/>\n<meta property=\"og:image\" content=\"https:\/\/www.notibras.com\/site\/wp-content\/uploads\/2026\/01\/c2689d19-7ae1-4561-b334-a69e0e432724.jpg\" \/>\n\t<meta property=\"og:image:width\" content=\"809\" \/>\n\t<meta property=\"og:image:height\" content=\"808\" \/>\n\t<meta property=\"og:image:type\" content=\"image\/jpeg\" \/>\n<meta name=\"author\" content=\"Eduardo Mart\u00ednez\" \/>\n<meta name=\"twitter:card\" content=\"summary_large_image\" \/>\n<meta name=\"twitter:creator\" content=\"@Notibras\" \/>\n<meta name=\"twitter:site\" content=\"@Notibras\" \/>\n<meta name=\"twitter:label1\" content=\"Escrito por\" \/>\n\t<meta name=\"twitter:data1\" content=\"Eduardo Mart\u00ednez\" \/>\n\t<meta name=\"twitter:label2\" content=\"Est. tempo de leitura\" \/>\n\t<meta name=\"twitter:data2\" content=\"5 minutos\" \/>\n<script type=\"application\/ld+json\" class=\"yoast-schema-graph\">{\"@context\":\"https:\/\/schema.org\",\"@graph\":[{\"@type\":\"Article\",\"@id\":\"https:\/\/www.notibras.com\/site\/a-gente-flertava-mas-nada-alem-disso\/#article\",\"isPartOf\":{\"@id\":\"https:\/\/www.notibras.com\/site\/a-gente-flertava-mas-nada-alem-disso\/\"},\"author\":{\"name\":\"Eduardo Mart\u00ednez\",\"@id\":\"https:\/\/www.notibras.com\/site\/#\/schema\/person\/5b7fabf2aedc3ada2105f03b22b4d3dd\"},\"headline\":\"A gente flertava, mas nada al\u00e9m disso\",\"datePublished\":\"2026-01-25T03:00:13+00:00\",\"mainEntityOfPage\":{\"@id\":\"https:\/\/www.notibras.com\/site\/a-gente-flertava-mas-nada-alem-disso\/\"},\"wordCount\":796,\"publisher\":{\"@id\":\"https:\/\/www.notibras.com\/site\/#organization\"},\"image\":{\"@id\":\"https:\/\/www.notibras.com\/site\/a-gente-flertava-mas-nada-alem-disso\/#primaryimage\"},\"thumbnailUrl\":\"https:\/\/www.notibras.com\/site\/wp-content\/uploads\/2026\/01\/c2689d19-7ae1-4561-b334-a69e0e432724.jpg\",\"articleSection\":[\"Caf\u00e9 Liter\u00e1rio\"],\"inLanguage\":\"pt-BR\"},{\"@type\":\"WebPage\",\"@id\":\"https:\/\/www.notibras.com\/site\/a-gente-flertava-mas-nada-alem-disso\/\",\"url\":\"https:\/\/www.notibras.com\/site\/a-gente-flertava-mas-nada-alem-disso\/\",\"name\":\"A gente flertava, mas nada al\u00e9m disso - Notibras\",\"isPartOf\":{\"@id\":\"https:\/\/www.notibras.com\/site\/#website\"},\"primaryImageOfPage\":{\"@id\":\"https:\/\/www.notibras.com\/site\/a-gente-flertava-mas-nada-alem-disso\/#primaryimage\"},\"image\":{\"@id\":\"https:\/\/www.notibras.com\/site\/a-gente-flertava-mas-nada-alem-disso\/#primaryimage\"},\"thumbnailUrl\":\"https:\/\/www.notibras.com\/site\/wp-content\/uploads\/2026\/01\/c2689d19-7ae1-4561-b334-a69e0e432724.jpg\",\"datePublished\":\"2026-01-25T03:00:13+00:00\",\"breadcrumb\":{\"@id\":\"https:\/\/www.notibras.com\/site\/a-gente-flertava-mas-nada-alem-disso\/#breadcrumb\"},\"inLanguage\":\"pt-BR\",\"potentialAction\":[{\"@type\":\"ReadAction\",\"target\":[\"https:\/\/www.notibras.com\/site\/a-gente-flertava-mas-nada-alem-disso\/\"]}]},{\"@type\":\"ImageObject\",\"inLanguage\":\"pt-BR\",\"@id\":\"https:\/\/www.notibras.com\/site\/a-gente-flertava-mas-nada-alem-disso\/#primaryimage\",\"url\":\"https:\/\/www.notibras.com\/site\/wp-content\/uploads\/2026\/01\/c2689d19-7ae1-4561-b334-a69e0e432724.jpg\",\"contentUrl\":\"https:\/\/www.notibras.com\/site\/wp-content\/uploads\/2026\/01\/c2689d19-7ae1-4561-b334-a69e0e432724.jpg\",\"width\":809,\"height\":808},{\"@type\":\"BreadcrumbList\",\"@id\":\"https:\/\/www.notibras.com\/site\/a-gente-flertava-mas-nada-alem-disso\/#breadcrumb\",\"itemListElement\":[{\"@type\":\"ListItem\",\"position\":1,\"name\":\"In\u00edcio\",\"item\":\"https:\/\/www.notibras.com\/site\/\"},{\"@type\":\"ListItem\",\"position\":2,\"name\":\"A gente flertava, mas nada al\u00e9m disso\"}]},{\"@type\":\"WebSite\",\"@id\":\"https:\/\/www.notibras.com\/site\/#website\",\"url\":\"https:\/\/www.notibras.com\/site\/\",\"name\":\"Notibras\",\"description\":\"Not\u00edcias de Bras\u00edlia, do Brasil e do Mundo\",\"publisher\":{\"@id\":\"https:\/\/www.notibras.com\/site\/#organization\"},\"potentialAction\":[{\"@type\":\"SearchAction\",\"target\":{\"@type\":\"EntryPoint\",\"urlTemplate\":\"https:\/\/www.notibras.com\/site\/?s={search_term_string}\"},\"query-input\":{\"@type\":\"PropertyValueSpecification\",\"valueRequired\":true,\"valueName\":\"search_term_string\"}}],\"inLanguage\":\"pt-BR\"},{\"@type\":\"Organization\",\"@id\":\"https:\/\/www.notibras.com\/site\/#organization\",\"name\":\"Grupo Notibras de Comunica\u00e7\u00e3o\",\"url\":\"https:\/\/www.notibras.com\/site\/\",\"logo\":{\"@type\":\"ImageObject\",\"inLanguage\":\"pt-BR\",\"@id\":\"https:\/\/www.notibras.com\/site\/#\/schema\/logo\/image\/\",\"url\":\"https:\/\/www.notibras.com\/site\/wp-content\/uploads\/2023\/01\/notibras23.png\",\"contentUrl\":\"https:\/\/www.notibras.com\/site\/wp-content\/uploads\/2023\/01\/notibras23.png\",\"width\":350,\"height\":87,\"caption\":\"Grupo Notibras de Comunica\u00e7\u00e3o\"},\"image\":{\"@id\":\"https:\/\/www.notibras.com\/site\/#\/schema\/logo\/image\/\"},\"sameAs\":[\"https:\/\/www.facebook.com\/notibras\/\",\"https:\/\/x.com\/Notibras\",\"https:\/\/www.instagram.com\/notibras\/\"]},{\"@type\":\"Person\",\"@id\":\"https:\/\/www.notibras.com\/site\/#\/schema\/person\/5b7fabf2aedc3ada2105f03b22b4d3dd\",\"name\":\"Eduardo Mart\u00ednez\",\"image\":{\"@type\":\"ImageObject\",\"inLanguage\":\"pt-BR\",\"@id\":\"https:\/\/secure.gravatar.com\/avatar\/7902f906289926289cbcda644b5197c796b893c6ffd7b9a536a42d290f7704a0?s=96&d=mm&r=g\",\"url\":\"https:\/\/secure.gravatar.com\/avatar\/7902f906289926289cbcda644b5197c796b893c6ffd7b9a536a42d290f7704a0?s=96&d=mm&r=g\",\"contentUrl\":\"https:\/\/secure.gravatar.com\/avatar\/7902f906289926289cbcda644b5197c796b893c6ffd7b9a536a42d290f7704a0?s=96&d=mm&r=g\",\"caption\":\"Eduardo Mart\u00ednez\"}}]}<\/script>\n<!-- \/ Yoast SEO plugin. -->","yoast_head_json":{"title":"A gente flertava, mas nada al\u00e9m disso - Notibras","robots":{"index":"index","follow":"follow","max-snippet":"max-snippet:-1","max-image-preview":"max-image-preview:large","max-video-preview":"max-video-preview:-1"},"canonical":"https:\/\/www.notibras.com\/site\/a-gente-flertava-mas-nada-alem-disso\/","og_locale":"pt_BR","og_type":"article","og_title":"A gente flertava, mas nada al\u00e9m disso - Notibras","og_description":"Eu tinha 18 anos, Elisa tamb\u00e9m. Na verdade, era dois meses mais velha do que eu, nascera em abril, eu em junho. Eu cursava o primeiro ano da faculdade de Direito, ela terminava o colegial, havia repetido um ano. A gente se conhecia do Liceu Nilo Pe\u00e7anha, flertava de leve mas nunca chegou a se [&hellip;]","og_url":"https:\/\/www.notibras.com\/site\/a-gente-flertava-mas-nada-alem-disso\/","og_site_name":"Notibras","article_publisher":"https:\/\/www.facebook.com\/notibras\/","article_published_time":"2026-01-25T03:00:13+00:00","og_image":[{"width":809,"height":808,"url":"https:\/\/www.notibras.com\/site\/wp-content\/uploads\/2026\/01\/c2689d19-7ae1-4561-b334-a69e0e432724.jpg","type":"image\/jpeg"}],"author":"Eduardo Mart\u00ednez","twitter_card":"summary_large_image","twitter_creator":"@Notibras","twitter_site":"@Notibras","twitter_misc":{"Escrito por":"Eduardo Mart\u00ednez","Est. tempo de leitura":"5 minutos"},"schema":{"@context":"https:\/\/schema.org","@graph":[{"@type":"Article","@id":"https:\/\/www.notibras.com\/site\/a-gente-flertava-mas-nada-alem-disso\/#article","isPartOf":{"@id":"https:\/\/www.notibras.com\/site\/a-gente-flertava-mas-nada-alem-disso\/"},"author":{"name":"Eduardo Mart\u00ednez","@id":"https:\/\/www.notibras.com\/site\/#\/schema\/person\/5b7fabf2aedc3ada2105f03b22b4d3dd"},"headline":"A gente flertava, mas nada al\u00e9m disso","datePublished":"2026-01-25T03:00:13+00:00","mainEntityOfPage":{"@id":"https:\/\/www.notibras.com\/site\/a-gente-flertava-mas-nada-alem-disso\/"},"wordCount":796,"publisher":{"@id":"https:\/\/www.notibras.com\/site\/#organization"},"image":{"@id":"https:\/\/www.notibras.com\/site\/a-gente-flertava-mas-nada-alem-disso\/#primaryimage"},"thumbnailUrl":"https:\/\/www.notibras.com\/site\/wp-content\/uploads\/2026\/01\/c2689d19-7ae1-4561-b334-a69e0e432724.jpg","articleSection":["Caf\u00e9 Liter\u00e1rio"],"inLanguage":"pt-BR"},{"@type":"WebPage","@id":"https:\/\/www.notibras.com\/site\/a-gente-flertava-mas-nada-alem-disso\/","url":"https:\/\/www.notibras.com\/site\/a-gente-flertava-mas-nada-alem-disso\/","name":"A gente flertava, mas nada al\u00e9m disso - Notibras","isPartOf":{"@id":"https:\/\/www.notibras.com\/site\/#website"},"primaryImageOfPage":{"@id":"https:\/\/www.notibras.com\/site\/a-gente-flertava-mas-nada-alem-disso\/#primaryimage"},"image":{"@id":"https:\/\/www.notibras.com\/site\/a-gente-flertava-mas-nada-alem-disso\/#primaryimage"},"thumbnailUrl":"https:\/\/www.notibras.com\/site\/wp-content\/uploads\/2026\/01\/c2689d19-7ae1-4561-b334-a69e0e432724.jpg","datePublished":"2026-01-25T03:00:13+00:00","breadcrumb":{"@id":"https:\/\/www.notibras.com\/site\/a-gente-flertava-mas-nada-alem-disso\/#breadcrumb"},"inLanguage":"pt-BR","potentialAction":[{"@type":"ReadAction","target":["https:\/\/www.notibras.com\/site\/a-gente-flertava-mas-nada-alem-disso\/"]}]},{"@type":"ImageObject","inLanguage":"pt-BR","@id":"https:\/\/www.notibras.com\/site\/a-gente-flertava-mas-nada-alem-disso\/#primaryimage","url":"https:\/\/www.notibras.com\/site\/wp-content\/uploads\/2026\/01\/c2689d19-7ae1-4561-b334-a69e0e432724.jpg","contentUrl":"https:\/\/www.notibras.com\/site\/wp-content\/uploads\/2026\/01\/c2689d19-7ae1-4561-b334-a69e0e432724.jpg","width":809,"height":808},{"@type":"BreadcrumbList","@id":"https:\/\/www.notibras.com\/site\/a-gente-flertava-mas-nada-alem-disso\/#breadcrumb","itemListElement":[{"@type":"ListItem","position":1,"name":"In\u00edcio","item":"https:\/\/www.notibras.com\/site\/"},{"@type":"ListItem","position":2,"name":"A gente flertava, mas nada al\u00e9m disso"}]},{"@type":"WebSite","@id":"https:\/\/www.notibras.com\/site\/#website","url":"https:\/\/www.notibras.com\/site\/","name":"Notibras","description":"Not\u00edcias de Bras\u00edlia, do Brasil e do Mundo","publisher":{"@id":"https:\/\/www.notibras.com\/site\/#organization"},"potentialAction":[{"@type":"SearchAction","target":{"@type":"EntryPoint","urlTemplate":"https:\/\/www.notibras.com\/site\/?s={search_term_string}"},"query-input":{"@type":"PropertyValueSpecification","valueRequired":true,"valueName":"search_term_string"}}],"inLanguage":"pt-BR"},{"@type":"Organization","@id":"https:\/\/www.notibras.com\/site\/#organization","name":"Grupo Notibras de Comunica\u00e7\u00e3o","url":"https:\/\/www.notibras.com\/site\/","logo":{"@type":"ImageObject","inLanguage":"pt-BR","@id":"https:\/\/www.notibras.com\/site\/#\/schema\/logo\/image\/","url":"https:\/\/www.notibras.com\/site\/wp-content\/uploads\/2023\/01\/notibras23.png","contentUrl":"https:\/\/www.notibras.com\/site\/wp-content\/uploads\/2023\/01\/notibras23.png","width":350,"height":87,"caption":"Grupo Notibras de Comunica\u00e7\u00e3o"},"image":{"@id":"https:\/\/www.notibras.com\/site\/#\/schema\/logo\/image\/"},"sameAs":["https:\/\/www.facebook.com\/notibras\/","https:\/\/x.com\/Notibras","https:\/\/www.instagram.com\/notibras\/"]},{"@type":"Person","@id":"https:\/\/www.notibras.com\/site\/#\/schema\/person\/5b7fabf2aedc3ada2105f03b22b4d3dd","name":"Eduardo Mart\u00ednez","image":{"@type":"ImageObject","inLanguage":"pt-BR","@id":"https:\/\/secure.gravatar.com\/avatar\/7902f906289926289cbcda644b5197c796b893c6ffd7b9a536a42d290f7704a0?s=96&d=mm&r=g","url":"https:\/\/secure.gravatar.com\/avatar\/7902f906289926289cbcda644b5197c796b893c6ffd7b9a536a42d290f7704a0?s=96&d=mm&r=g","contentUrl":"https:\/\/secure.gravatar.com\/avatar\/7902f906289926289cbcda644b5197c796b893c6ffd7b9a536a42d290f7704a0?s=96&d=mm&r=g","caption":"Eduardo Mart\u00ednez"}}]}},"amp_enabled":true,"_links":{"self":[{"href":"https:\/\/www.notibras.com\/site\/wp-json\/wp\/v2\/posts\/379691","targetHints":{"allow":["GET"]}}],"collection":[{"href":"https:\/\/www.notibras.com\/site\/wp-json\/wp\/v2\/posts"}],"about":[{"href":"https:\/\/www.notibras.com\/site\/wp-json\/wp\/v2\/types\/post"}],"author":[{"embeddable":true,"href":"https:\/\/www.notibras.com\/site\/wp-json\/wp\/v2\/users\/21"}],"replies":[{"embeddable":true,"href":"https:\/\/www.notibras.com\/site\/wp-json\/wp\/v2\/comments?post=379691"}],"version-history":[{"count":4,"href":"https:\/\/www.notibras.com\/site\/wp-json\/wp\/v2\/posts\/379691\/revisions"}],"predecessor-version":[{"id":379696,"href":"https:\/\/www.notibras.com\/site\/wp-json\/wp\/v2\/posts\/379691\/revisions\/379696"}],"wp:featuredmedia":[{"embeddable":true,"href":"https:\/\/www.notibras.com\/site\/wp-json\/wp\/v2\/media\/379694"}],"wp:attachment":[{"href":"https:\/\/www.notibras.com\/site\/wp-json\/wp\/v2\/media?parent=379691"}],"wp:term":[{"taxonomy":"category","embeddable":true,"href":"https:\/\/www.notibras.com\/site\/wp-json\/wp\/v2\/categories?post=379691"},{"taxonomy":"post_tag","embeddable":true,"href":"https:\/\/www.notibras.com\/site\/wp-json\/wp\/v2\/tags?post=379691"}],"curies":[{"name":"wp","href":"https:\/\/api.w.org\/{rel}","templated":true}]}}