{"id":379699,"date":"2026-01-19T07:49:00","date_gmt":"2026-01-19T10:49:00","guid":{"rendered":"https:\/\/www.notibras.com\/site\/?p=379699"},"modified":"2026-01-19T07:51:52","modified_gmt":"2026-01-19T10:51:52","slug":"som-da-saudade-antecipa-carnaval-em-pernambuco","status":"publish","type":"post","link":"https:\/\/www.notibras.com\/site\/som-da-saudade-antecipa-carnaval-em-pernambuco\/","title":{"rendered":"Som da saudade antecipa carnaval em Pernambuco"},"content":{"rendered":"<p>A pr\u00e9-temporada do Carnaval de Pernambuco 2026 foi oficialmente aberta neste domingo (18), e n\u00e3o poderia haver cen\u00e1rio mais simb\u00f3lico do que o sal\u00e3o do Clube da AABB, tomado por cores, passos ligeiros e vozes que cantavam n\u00e3o apenas uma m\u00fasica, mas uma hist\u00f3ria inteira. O Bloco da Saudade fez jus ao nome e arrastou uma multid\u00e3o que transformou o espa\u00e7o em territ\u00f3rio sagrado do frevo.<\/p>\n<p>Desde as primeiras horas da tarde, era poss\u00edvel sentir no ar que n\u00e3o se tratava apenas de mais um ensaio carnavalesco. Havia ali uma esp\u00e9cie de pacto silencioso entre gera\u00e7\u00f5es: os mais velhos, guardi\u00f5es da mem\u00f3ria; os mais jovens, herdeiros do ritmo; e os turistas, iniciados naquele instante em um dos rituais culturais mais intensos do pa\u00eds.<\/p>\n<p>Quando os primeiros acordes de \u201cEvoca\u00e7\u00e3o n\u00ba 1\u201d ecoaram, o sal\u00e3o inteiro pareceu responder em un\u00edssono. O frevo-can\u00e7\u00e3o, eternizado como um hino da saudade carnavalesca, foi um dos mais cantados da tarde, entoado com emo\u00e7\u00e3o quase lit\u00fargica:<\/p>\n<p>\u201cFelinto\u2026 Pedro Salgado, Guilherme\u2026 Fenelon<br \/>\nCad\u00ea os teus blocos famosos?<br \/>\n\u2018Bloco das Flores\u2019\u2026 \u2018Andaluzas\u2019\u2026<br \/>\n\u2018Pirilampos\u2019\u2026 \u2018Ap\u00f4is Fum\u2019\u2026<br \/>\nDos carnavais saudosos!\u201d<\/p>\n<p>Cada verso funcionava como uma convoca\u00e7\u00e3o. Nomes, blocos e tempos passados surgiam n\u00e3o como lembran\u00e7a distante, mas como presen\u00e7a viva, reafirmando que o frevo n\u00e3o pertence ao passado \u2014 ele apenas se renova a cada fevereiro que se aproxima.<\/p>\n<p>Na alta madrugada \u2014 como diz a letra \u2014 o coro seguia firme, embalado pelo som da marcha-regresso, sucesso imortal \u201cdos tempos ideais do velho Raul Moraes\u201d. Ali, n\u00e3o havia distin\u00e7\u00e3o entre palco e plateia. O frevo corria solto, feito corrente el\u00e9trica, atravessando corpos, mem\u00f3rias e afetos.<\/p>\n<p>Mais do que abrir o calend\u00e1rio carnavalesco, o encontro na AABB cumpriu um papel essencial: reacendeu o esp\u00edrito coletivo que antecede a sa\u00edda do Galo da Madrugada, quando Recife se transforma em capital mundial da alegria. \u00c9 nesse intervalo \u2014 nos dias que antecedem o s\u00e1bado gordo \u2014 que o frevo cumpre sua miss\u00e3o mais profunda: animar milh\u00f5es de nativos e visitantes, conectando passado e presente em um mesmo compasso acelerado.<\/p>\n<p>A pr\u00e9-temporada est\u00e1 aberta. E, como manda a tradi\u00e7\u00e3o, n\u00e3o foi o rel\u00f3gio que deu o sinal de partida, mas o frevo \u2014 essa for\u00e7a invis\u00edvel que, ano ap\u00f3s ano, lembra Pernambuco de quem ele \u00e9.<\/p>\n","protected":false},"excerpt":{"rendered":"<p>A pr\u00e9-temporada do Carnaval de Pernambuco 2026 foi oficialmente aberta neste domingo (18), e n\u00e3o poderia haver cen\u00e1rio mais simb\u00f3lico do que o sal\u00e3o do Clube da AABB, tomado por cores, passos ligeiros e vozes que cantavam n\u00e3o apenas uma m\u00fasica, mas uma hist\u00f3ria inteira. O Bloco da Saudade fez jus ao nome e arrastou [&hellip;]<\/p>\n","protected":false},"author":2,"featured_media":379700,"comment_status":"closed","ping_status":"closed","sticky":false,"template":"","format":"standard","meta":{"_acf_changed":false,"footnotes":""},"categories":[165],"tags":[],"class_list":["post-379699","post","type-post","status-publish","format-standard","has-post-thumbnail","hentry","category-nordeste"],"acf":[],"yoast_head":"<!-- This site is optimized with the Yoast SEO plugin v27.2 - https:\/\/yoast.com\/product\/yoast-seo-wordpress\/ -->\n<title>Som da saudade antecipa carnaval em Pernambuco - Notibras<\/title>\n<meta name=\"robots\" content=\"index, follow, max-snippet:-1, max-image-preview:large, max-video-preview:-1\" \/>\n<link rel=\"canonical\" href=\"https:\/\/www.notibras.com\/site\/som-da-saudade-antecipa-carnaval-em-pernambuco\/\" \/>\n<meta property=\"og:locale\" content=\"pt_BR\" \/>\n<meta property=\"og:type\" content=\"article\" \/>\n<meta property=\"og:title\" content=\"Som da saudade antecipa carnaval em Pernambuco - Notibras\" \/>\n<meta property=\"og:description\" content=\"A pr\u00e9-temporada do Carnaval de Pernambuco 2026 foi oficialmente aberta neste domingo (18), e n\u00e3o poderia haver cen\u00e1rio mais simb\u00f3lico do que o sal\u00e3o do Clube da AABB, tomado por cores, passos ligeiros e vozes que cantavam n\u00e3o apenas uma m\u00fasica, mas uma hist\u00f3ria inteira. O Bloco da Saudade fez jus ao nome e arrastou [&hellip;]\" \/>\n<meta property=\"og:url\" content=\"https:\/\/www.notibras.com\/site\/som-da-saudade-antecipa-carnaval-em-pernambuco\/\" \/>\n<meta property=\"og:site_name\" content=\"Notibras\" \/>\n<meta property=\"article:publisher\" content=\"https:\/\/www.facebook.com\/notibras\/\" \/>\n<meta property=\"article:published_time\" content=\"2026-01-19T10:49:00+00:00\" \/>\n<meta property=\"article:modified_time\" content=\"2026-01-19T10:51:52+00:00\" \/>\n<meta property=\"og:image\" content=\"https:\/\/www.notibras.com\/site\/wp-content\/uploads\/2026\/01\/8733b3fc-135f-4bcb-86d0-57d905eaa60e.jpg\" \/>\n\t<meta property=\"og:image:width\" content=\"1280\" \/>\n\t<meta property=\"og:image:height\" content=\"960\" \/>\n\t<meta property=\"og:image:type\" content=\"image\/jpeg\" \/>\n<meta name=\"author\" content=\"Reda\u00e7\u00e3o\" \/>\n<meta name=\"twitter:card\" content=\"summary_large_image\" \/>\n<meta name=\"twitter:creator\" content=\"@Notibras\" \/>\n<meta name=\"twitter:site\" content=\"@Notibras\" \/>\n<meta name=\"twitter:label1\" content=\"Escrito por\" \/>\n\t<meta name=\"twitter:data1\" content=\"Reda\u00e7\u00e3o\" \/>\n\t<meta name=\"twitter:label2\" content=\"Est. tempo de leitura\" \/>\n\t<meta name=\"twitter:data2\" content=\"3 minutos\" \/>\n<script type=\"application\/ld+json\" class=\"yoast-schema-graph\">{\"@context\":\"https:\/\/schema.org\",\"@graph\":[{\"@type\":\"Article\",\"@id\":\"https:\/\/www.notibras.com\/site\/som-da-saudade-antecipa-carnaval-em-pernambuco\/#article\",\"isPartOf\":{\"@id\":\"https:\/\/www.notibras.com\/site\/som-da-saudade-antecipa-carnaval-em-pernambuco\/\"},\"author\":{\"name\":\"Reda\u00e7\u00e3o\",\"@id\":\"https:\/\/www.notibras.com\/site\/#\/schema\/person\/36ab0979449956132d3e5b517ea76ac8\"},\"headline\":\"Som da saudade antecipa carnaval em Pernambuco\",\"datePublished\":\"2026-01-19T10:49:00+00:00\",\"dateModified\":\"2026-01-19T10:51:52+00:00\",\"mainEntityOfPage\":{\"@id\":\"https:\/\/www.notibras.com\/site\/som-da-saudade-antecipa-carnaval-em-pernambuco\/\"},\"wordCount\":416,\"publisher\":{\"@id\":\"https:\/\/www.notibras.com\/site\/#organization\"},\"image\":{\"@id\":\"https:\/\/www.notibras.com\/site\/som-da-saudade-antecipa-carnaval-em-pernambuco\/#primaryimage\"},\"thumbnailUrl\":\"https:\/\/www.notibras.com\/site\/wp-content\/uploads\/2026\/01\/8733b3fc-135f-4bcb-86d0-57d905eaa60e.jpg\",\"articleSection\":[\"Nordeste\"],\"inLanguage\":\"pt-BR\"},{\"@type\":\"WebPage\",\"@id\":\"https:\/\/www.notibras.com\/site\/som-da-saudade-antecipa-carnaval-em-pernambuco\/\",\"url\":\"https:\/\/www.notibras.com\/site\/som-da-saudade-antecipa-carnaval-em-pernambuco\/\",\"name\":\"Som da saudade antecipa carnaval em Pernambuco - Notibras\",\"isPartOf\":{\"@id\":\"https:\/\/www.notibras.com\/site\/#website\"},\"primaryImageOfPage\":{\"@id\":\"https:\/\/www.notibras.com\/site\/som-da-saudade-antecipa-carnaval-em-pernambuco\/#primaryimage\"},\"image\":{\"@id\":\"https:\/\/www.notibras.com\/site\/som-da-saudade-antecipa-carnaval-em-pernambuco\/#primaryimage\"},\"thumbnailUrl\":\"https:\/\/www.notibras.com\/site\/wp-content\/uploads\/2026\/01\/8733b3fc-135f-4bcb-86d0-57d905eaa60e.jpg\",\"datePublished\":\"2026-01-19T10:49:00+00:00\",\"dateModified\":\"2026-01-19T10:51:52+00:00\",\"breadcrumb\":{\"@id\":\"https:\/\/www.notibras.com\/site\/som-da-saudade-antecipa-carnaval-em-pernambuco\/#breadcrumb\"},\"inLanguage\":\"pt-BR\",\"potentialAction\":[{\"@type\":\"ReadAction\",\"target\":[\"https:\/\/www.notibras.com\/site\/som-da-saudade-antecipa-carnaval-em-pernambuco\/\"]}]},{\"@type\":\"ImageObject\",\"inLanguage\":\"pt-BR\",\"@id\":\"https:\/\/www.notibras.com\/site\/som-da-saudade-antecipa-carnaval-em-pernambuco\/#primaryimage\",\"url\":\"https:\/\/www.notibras.com\/site\/wp-content\/uploads\/2026\/01\/8733b3fc-135f-4bcb-86d0-57d905eaa60e.jpg\",\"contentUrl\":\"https:\/\/www.notibras.com\/site\/wp-content\/uploads\/2026\/01\/8733b3fc-135f-4bcb-86d0-57d905eaa60e.jpg\",\"width\":1280,\"height\":960},{\"@type\":\"BreadcrumbList\",\"@id\":\"https:\/\/www.notibras.com\/site\/som-da-saudade-antecipa-carnaval-em-pernambuco\/#breadcrumb\",\"itemListElement\":[{\"@type\":\"ListItem\",\"position\":1,\"name\":\"In\u00edcio\",\"item\":\"https:\/\/www.notibras.com\/site\/\"},{\"@type\":\"ListItem\",\"position\":2,\"name\":\"Som da saudade antecipa carnaval em Pernambuco\"}]},{\"@type\":\"WebSite\",\"@id\":\"https:\/\/www.notibras.com\/site\/#website\",\"url\":\"https:\/\/www.notibras.com\/site\/\",\"name\":\"Notibras\",\"description\":\"Not\u00edcias de Bras\u00edlia, do Brasil e do Mundo\",\"publisher\":{\"@id\":\"https:\/\/www.notibras.com\/site\/#organization\"},\"potentialAction\":[{\"@type\":\"SearchAction\",\"target\":{\"@type\":\"EntryPoint\",\"urlTemplate\":\"https:\/\/www.notibras.com\/site\/?s={search_term_string}\"},\"query-input\":{\"@type\":\"PropertyValueSpecification\",\"valueRequired\":true,\"valueName\":\"search_term_string\"}}],\"inLanguage\":\"pt-BR\"},{\"@type\":\"Organization\",\"@id\":\"https:\/\/www.notibras.com\/site\/#organization\",\"name\":\"Grupo Notibras de Comunica\u00e7\u00e3o\",\"url\":\"https:\/\/www.notibras.com\/site\/\",\"logo\":{\"@type\":\"ImageObject\",\"inLanguage\":\"pt-BR\",\"@id\":\"https:\/\/www.notibras.com\/site\/#\/schema\/logo\/image\/\",\"url\":\"https:\/\/www.notibras.com\/site\/wp-content\/uploads\/2023\/01\/notibras23.png\",\"contentUrl\":\"https:\/\/www.notibras.com\/site\/wp-content\/uploads\/2023\/01\/notibras23.png\",\"width\":350,\"height\":87,\"caption\":\"Grupo Notibras de Comunica\u00e7\u00e3o\"},\"image\":{\"@id\":\"https:\/\/www.notibras.com\/site\/#\/schema\/logo\/image\/\"},\"sameAs\":[\"https:\/\/www.facebook.com\/notibras\/\",\"https:\/\/x.com\/Notibras\",\"https:\/\/www.instagram.com\/notibras\/\"]},{\"@type\":\"Person\",\"@id\":\"https:\/\/www.notibras.com\/site\/#\/schema\/person\/36ab0979449956132d3e5b517ea76ac8\",\"name\":\"Reda\u00e7\u00e3o\",\"image\":{\"@type\":\"ImageObject\",\"inLanguage\":\"pt-BR\",\"@id\":\"https:\/\/secure.gravatar.com\/avatar\/e0a867bdedb85fd243eadf09663511f96fc81e0720a4a42581f334ad4303aa6b?s=96&d=mm&r=g\",\"url\":\"https:\/\/secure.gravatar.com\/avatar\/e0a867bdedb85fd243eadf09663511f96fc81e0720a4a42581f334ad4303aa6b?s=96&d=mm&r=g\",\"contentUrl\":\"https:\/\/secure.gravatar.com\/avatar\/e0a867bdedb85fd243eadf09663511f96fc81e0720a4a42581f334ad4303aa6b?s=96&d=mm&r=g\",\"caption\":\"Reda\u00e7\u00e3o\"}}]}<\/script>\n<!-- \/ Yoast SEO plugin. -->","yoast_head_json":{"title":"Som da saudade antecipa carnaval em Pernambuco - Notibras","robots":{"index":"index","follow":"follow","max-snippet":"max-snippet:-1","max-image-preview":"max-image-preview:large","max-video-preview":"max-video-preview:-1"},"canonical":"https:\/\/www.notibras.com\/site\/som-da-saudade-antecipa-carnaval-em-pernambuco\/","og_locale":"pt_BR","og_type":"article","og_title":"Som da saudade antecipa carnaval em Pernambuco - Notibras","og_description":"A pr\u00e9-temporada do Carnaval de Pernambuco 2026 foi oficialmente aberta neste domingo (18), e n\u00e3o poderia haver cen\u00e1rio mais simb\u00f3lico do que o sal\u00e3o do Clube da AABB, tomado por cores, passos ligeiros e vozes que cantavam n\u00e3o apenas uma m\u00fasica, mas uma hist\u00f3ria inteira. O Bloco da Saudade fez jus ao nome e arrastou [&hellip;]","og_url":"https:\/\/www.notibras.com\/site\/som-da-saudade-antecipa-carnaval-em-pernambuco\/","og_site_name":"Notibras","article_publisher":"https:\/\/www.facebook.com\/notibras\/","article_published_time":"2026-01-19T10:49:00+00:00","article_modified_time":"2026-01-19T10:51:52+00:00","og_image":[{"width":1280,"height":960,"url":"https:\/\/www.notibras.com\/site\/wp-content\/uploads\/2026\/01\/8733b3fc-135f-4bcb-86d0-57d905eaa60e.jpg","type":"image\/jpeg"}],"author":"Reda\u00e7\u00e3o","twitter_card":"summary_large_image","twitter_creator":"@Notibras","twitter_site":"@Notibras","twitter_misc":{"Escrito por":"Reda\u00e7\u00e3o","Est. tempo de leitura":"3 minutos"},"schema":{"@context":"https:\/\/schema.org","@graph":[{"@type":"Article","@id":"https:\/\/www.notibras.com\/site\/som-da-saudade-antecipa-carnaval-em-pernambuco\/#article","isPartOf":{"@id":"https:\/\/www.notibras.com\/site\/som-da-saudade-antecipa-carnaval-em-pernambuco\/"},"author":{"name":"Reda\u00e7\u00e3o","@id":"https:\/\/www.notibras.com\/site\/#\/schema\/person\/36ab0979449956132d3e5b517ea76ac8"},"headline":"Som da saudade antecipa carnaval em Pernambuco","datePublished":"2026-01-19T10:49:00+00:00","dateModified":"2026-01-19T10:51:52+00:00","mainEntityOfPage":{"@id":"https:\/\/www.notibras.com\/site\/som-da-saudade-antecipa-carnaval-em-pernambuco\/"},"wordCount":416,"publisher":{"@id":"https:\/\/www.notibras.com\/site\/#organization"},"image":{"@id":"https:\/\/www.notibras.com\/site\/som-da-saudade-antecipa-carnaval-em-pernambuco\/#primaryimage"},"thumbnailUrl":"https:\/\/www.notibras.com\/site\/wp-content\/uploads\/2026\/01\/8733b3fc-135f-4bcb-86d0-57d905eaa60e.jpg","articleSection":["Nordeste"],"inLanguage":"pt-BR"},{"@type":"WebPage","@id":"https:\/\/www.notibras.com\/site\/som-da-saudade-antecipa-carnaval-em-pernambuco\/","url":"https:\/\/www.notibras.com\/site\/som-da-saudade-antecipa-carnaval-em-pernambuco\/","name":"Som da saudade antecipa carnaval em Pernambuco - Notibras","isPartOf":{"@id":"https:\/\/www.notibras.com\/site\/#website"},"primaryImageOfPage":{"@id":"https:\/\/www.notibras.com\/site\/som-da-saudade-antecipa-carnaval-em-pernambuco\/#primaryimage"},"image":{"@id":"https:\/\/www.notibras.com\/site\/som-da-saudade-antecipa-carnaval-em-pernambuco\/#primaryimage"},"thumbnailUrl":"https:\/\/www.notibras.com\/site\/wp-content\/uploads\/2026\/01\/8733b3fc-135f-4bcb-86d0-57d905eaa60e.jpg","datePublished":"2026-01-19T10:49:00+00:00","dateModified":"2026-01-19T10:51:52+00:00","breadcrumb":{"@id":"https:\/\/www.notibras.com\/site\/som-da-saudade-antecipa-carnaval-em-pernambuco\/#breadcrumb"},"inLanguage":"pt-BR","potentialAction":[{"@type":"ReadAction","target":["https:\/\/www.notibras.com\/site\/som-da-saudade-antecipa-carnaval-em-pernambuco\/"]}]},{"@type":"ImageObject","inLanguage":"pt-BR","@id":"https:\/\/www.notibras.com\/site\/som-da-saudade-antecipa-carnaval-em-pernambuco\/#primaryimage","url":"https:\/\/www.notibras.com\/site\/wp-content\/uploads\/2026\/01\/8733b3fc-135f-4bcb-86d0-57d905eaa60e.jpg","contentUrl":"https:\/\/www.notibras.com\/site\/wp-content\/uploads\/2026\/01\/8733b3fc-135f-4bcb-86d0-57d905eaa60e.jpg","width":1280,"height":960},{"@type":"BreadcrumbList","@id":"https:\/\/www.notibras.com\/site\/som-da-saudade-antecipa-carnaval-em-pernambuco\/#breadcrumb","itemListElement":[{"@type":"ListItem","position":1,"name":"In\u00edcio","item":"https:\/\/www.notibras.com\/site\/"},{"@type":"ListItem","position":2,"name":"Som da saudade antecipa carnaval em Pernambuco"}]},{"@type":"WebSite","@id":"https:\/\/www.notibras.com\/site\/#website","url":"https:\/\/www.notibras.com\/site\/","name":"Notibras","description":"Not\u00edcias de Bras\u00edlia, do Brasil e do Mundo","publisher":{"@id":"https:\/\/www.notibras.com\/site\/#organization"},"potentialAction":[{"@type":"SearchAction","target":{"@type":"EntryPoint","urlTemplate":"https:\/\/www.notibras.com\/site\/?s={search_term_string}"},"query-input":{"@type":"PropertyValueSpecification","valueRequired":true,"valueName":"search_term_string"}}],"inLanguage":"pt-BR"},{"@type":"Organization","@id":"https:\/\/www.notibras.com\/site\/#organization","name":"Grupo Notibras de Comunica\u00e7\u00e3o","url":"https:\/\/www.notibras.com\/site\/","logo":{"@type":"ImageObject","inLanguage":"pt-BR","@id":"https:\/\/www.notibras.com\/site\/#\/schema\/logo\/image\/","url":"https:\/\/www.notibras.com\/site\/wp-content\/uploads\/2023\/01\/notibras23.png","contentUrl":"https:\/\/www.notibras.com\/site\/wp-content\/uploads\/2023\/01\/notibras23.png","width":350,"height":87,"caption":"Grupo Notibras de Comunica\u00e7\u00e3o"},"image":{"@id":"https:\/\/www.notibras.com\/site\/#\/schema\/logo\/image\/"},"sameAs":["https:\/\/www.facebook.com\/notibras\/","https:\/\/x.com\/Notibras","https:\/\/www.instagram.com\/notibras\/"]},{"@type":"Person","@id":"https:\/\/www.notibras.com\/site\/#\/schema\/person\/36ab0979449956132d3e5b517ea76ac8","name":"Reda\u00e7\u00e3o","image":{"@type":"ImageObject","inLanguage":"pt-BR","@id":"https:\/\/secure.gravatar.com\/avatar\/e0a867bdedb85fd243eadf09663511f96fc81e0720a4a42581f334ad4303aa6b?s=96&d=mm&r=g","url":"https:\/\/secure.gravatar.com\/avatar\/e0a867bdedb85fd243eadf09663511f96fc81e0720a4a42581f334ad4303aa6b?s=96&d=mm&r=g","contentUrl":"https:\/\/secure.gravatar.com\/avatar\/e0a867bdedb85fd243eadf09663511f96fc81e0720a4a42581f334ad4303aa6b?s=96&d=mm&r=g","caption":"Reda\u00e7\u00e3o"}}]}},"amp_enabled":true,"_links":{"self":[{"href":"https:\/\/www.notibras.com\/site\/wp-json\/wp\/v2\/posts\/379699","targetHints":{"allow":["GET"]}}],"collection":[{"href":"https:\/\/www.notibras.com\/site\/wp-json\/wp\/v2\/posts"}],"about":[{"href":"https:\/\/www.notibras.com\/site\/wp-json\/wp\/v2\/types\/post"}],"author":[{"embeddable":true,"href":"https:\/\/www.notibras.com\/site\/wp-json\/wp\/v2\/users\/2"}],"replies":[{"embeddable":true,"href":"https:\/\/www.notibras.com\/site\/wp-json\/wp\/v2\/comments?post=379699"}],"version-history":[{"count":2,"href":"https:\/\/www.notibras.com\/site\/wp-json\/wp\/v2\/posts\/379699\/revisions"}],"predecessor-version":[{"id":379702,"href":"https:\/\/www.notibras.com\/site\/wp-json\/wp\/v2\/posts\/379699\/revisions\/379702"}],"wp:featuredmedia":[{"embeddable":true,"href":"https:\/\/www.notibras.com\/site\/wp-json\/wp\/v2\/media\/379700"}],"wp:attachment":[{"href":"https:\/\/www.notibras.com\/site\/wp-json\/wp\/v2\/media?parent=379699"}],"wp:term":[{"taxonomy":"category","embeddable":true,"href":"https:\/\/www.notibras.com\/site\/wp-json\/wp\/v2\/categories?post=379699"},{"taxonomy":"post_tag","embeddable":true,"href":"https:\/\/www.notibras.com\/site\/wp-json\/wp\/v2\/tags?post=379699"}],"curies":[{"name":"wp","href":"https:\/\/api.w.org\/{rel}","templated":true}]}}