{"id":379707,"date":"2026-01-19T09:09:57","date_gmt":"2026-01-19T12:09:57","guid":{"rendered":"https:\/\/www.notibras.com\/site\/?p=379707"},"modified":"2026-01-19T09:09:57","modified_gmt":"2026-01-19T12:09:57","slug":"comeca-corrida-para-vaga-no-ensino-superior","status":"publish","type":"post","link":"https:\/\/www.notibras.com\/site\/comeca-corrida-para-vaga-no-ensino-superior\/","title":{"rendered":"Come\u00e7a corrida para vaga no ensino superior"},"content":{"rendered":"<p>As inscri\u00e7\u00f5es para a edi\u00e7\u00e3o de 2026 do Sistema de Sele\u00e7\u00e3o Unificada (Sisu) come\u00e7ar\u00e3o nesta segunda-feira (19) e poder\u00e3o ser feitas at\u00e9 as 23 horas e 59 minutos de sexta-feira (23), no hor\u00e1rio de Bras\u00edlia.<\/p>\n<p>O Sisu \u00e9 o processo seletivo para ingresso em cursos de gradua\u00e7\u00e3o gratuitos em institui\u00e7\u00f5es p\u00fablicas de educa\u00e7\u00e3o superior em todo o pa\u00eds.<\/p>\n<p>A novidade desta edi\u00e7\u00e3o \u00e9 que o Sisu passar\u00e1 a considerar o resultado das tr\u00eas edi\u00e7\u00f5es mais recentes do Exame Nacional do Ensino M\u00e9dio (Enem) \u2014 2023, 2024 e 2025 \u2500 para acesso \u00e0s vagas ofertadas pelas institui\u00e7\u00f5es p\u00fablicas participantes.<\/p>\n<p>As regras e o cronograma oficial do Sisu 2026 foram publicados pelo Minist\u00e9rio da Educa\u00e7\u00e3o (MEC) no Edital n\u00ba 29\/2025.<\/p>\n<p><strong>Inscri\u00e7\u00f5es<\/strong><br \/>\nOs candidatos devem se inscrever pela internet, exclusivamente por meio do Portal \u00danico de Acesso ao Ensino Superior, na aba do Sisu. A pessoa interessada poder\u00e1 se inscrever em at\u00e9 duas op\u00e7\u00f5es de cursos superiores. O Minist\u00e9rio da Educa\u00e7\u00e3o (MEC) alerta que n\u00e3o h\u00e1 cobran\u00e7a de taxa de inscri\u00e7\u00e3o dos candidatos.<\/p>\n<p>Esta edi\u00e7\u00e3o do Sisu ter\u00e1 somente uma etapa de inscri\u00e7\u00e3o. Dessa forma, os inscritos concorrer\u00e3o, em um \u00fanico processo seletivo, \u00e0s vagas disponibilizadas para todo o ano letivo (primeiro e segundo semestres) pelas universidades p\u00fablicas.<\/p>\n<p>Ao se inscrever, o candidato dever\u00e1, obrigatoriamente, preencher tamb\u00e9m o cadastro socioecon\u00f4mico dispon\u00edvel.<\/p>\n<p><strong>Vagas<\/strong><br \/>\nS\u00e3o mais de 274,8 mil vagas em 7.388 cursos, oferecidos por 136 institui\u00e7\u00f5es, em 587 munic\u00edpios do pa\u00eds.<\/p>\n<p>Com isso, a edi\u00e7\u00e3o de 2026 \u00e9 considerada a maior da hist\u00f3ria do Sisu em quantidade de institui\u00e7\u00f5es participantes, tanto para o primeiro quanto para o segundo semestre de 2026.<\/p>\n<p>Entre as 274 mil vagas disponibilizadas, mais de 73 mil s\u00e3o para cursos de licenciaturas presenciais. Os estudantes que optarem por esses cursos poder\u00e3o se inscrever no P\u00e9-de-Meia Licenciaturas. A iniciativa do Minist\u00e9rio da Educa\u00e7\u00e3o (MEC) garante um incentivo financeiro mensal no valor de R$ 1.050.<\/p>\n<p>O MEC avisa que \u00e9 de responsabilidade do candidato verificar previamente essa informa\u00e7\u00e3o antes de realizar a inscri\u00e7\u00e3o no Sisu 2026, n\u00e3o sendo poss\u00edvel a escolha do semestre de ingresso, o qual ser\u00e1 definido de acordo com a nota do candidato.<\/p>\n<p><strong>A\u00e7\u00f5es afirmativas<\/strong><br \/>\nO Sisu considera diferentes modalidades de concorr\u00eancia, que levam em conta o perfil socioecon\u00f4mico dos candidatos, de acordo com a Lei de Cotas (n\u00ba 12.711\/2012) e a Lei n\u00ba 14.945\/2024, e tamb\u00e9m de acordo com as a\u00e7\u00f5es afirmativas definidas em cada institui\u00e7\u00e3o.<\/p>\n<p>No momento da inscri\u00e7\u00e3o, caso possua o perfil para concorrer a essas vagas, os candidatos pretos, pardos, ind\u00edgenas e quilombolas e pessoas com defici\u00eancia (PCD), bem como daqueles que tenham cursado integralmente o ensino m\u00e9dio ou fundamental em escola p\u00fablica dever\u00e3o, obrigatoriamente, indicar as modalidades de reserva de vagas \u00e0s quais desejam concorrer.<\/p>\n<p>Ser\u00e1 permitida a op\u00e7\u00e3o por apenas uma a\u00e7\u00e3o afirmativa do tipo b\u00f4nus e uma a\u00e7\u00e3o afirmativa do tipo reserva de vagas.<\/p>\n<p>A oferta de vagas reservadas ocorre somente ap\u00f3s a etapa de classifica\u00e7\u00e3o e observa a propor\u00e7\u00e3o de estudantes de escolas p\u00fablicas, de baixa renda, com defici\u00eancia, pretos, pardos, ind\u00edgenas e quilombolas.<\/p>\n<p><strong>Sele\u00e7\u00e3o<\/strong><br \/>\nTodos os candidatos inscritos no Sisu 2026 ser\u00e3o classificados com base no desempenho obtido nas edi\u00e7\u00f5es do Enem dos anos de 2023, 2024 ou 2025.<\/p>\n<p>Caso o candidato tenha participado de uma ou mais edi\u00e7\u00f5es do Enem, o sistema de inscri\u00e7\u00e3o do Sisu selecionar\u00e1 automaticamente a melhor nota m\u00e9dia ponderada das edi\u00e7\u00f5es do Enem, levando em conta a\u00e7\u00f5es afirmativas e a op\u00e7\u00e3o de curso.<\/p>\n<p>Por\u00e9m, \u00e9 preciso que o participante tenha tirado nota superior a zero na reda\u00e7\u00e3o e n\u00e3o tenha sido treineiro (estudante que n\u00e3o terminou o ensino m\u00e9dio e faz o exame para fins de autoavalia\u00e7\u00e3o).<\/p>\n<p>O MEC explica que, em caso de empate no uso das m\u00e9dias ponderadas, ser\u00e1 considerada a edi\u00e7\u00e3o do Enem em que obteve a maior nota em uma das disciplinas que t\u00eam maior peso para o curso escolhido e conforme a ordem de prioridade.<\/p>\n<p><strong>Resultado<\/strong><br \/>\nO resultado da chamada regular ser\u00e1 divulgado no dia 29 de janeiro.<\/p>\n<p>Todos os estudantes selecionados dentro das vagas dispon\u00edveis, tanto na chamada regular quanto por meio da lista de espera, dever\u00e3o realizar a matr\u00edcula na institui\u00e7\u00e3o a partir de 2 de fevereiro.<\/p>\n<p>O candidato que n\u00e3o for selecionado na chamada regular poder\u00e1 manifestar interesse em participar da lista de espera no per\u00edodo de 29 de janeiro a 2 de fevereiro, tamb\u00e9m pelo Portal \u00danico de Acesso ao Ensino Superior na aba do Sisu.<\/p>\n<p>A lista de espera poder\u00e1 ser usada pelas institui\u00e7\u00f5es de educa\u00e7\u00e3o superior participantes, durante todo o ano, para preenchimento das vagas eventualmente n\u00e3o ocupadas na chamada regular.<\/p>\n","protected":false},"excerpt":{"rendered":"<p>As inscri\u00e7\u00f5es para a edi\u00e7\u00e3o de 2026 do Sistema de Sele\u00e7\u00e3o Unificada (Sisu) come\u00e7ar\u00e3o nesta segunda-feira (19) e poder\u00e3o ser feitas at\u00e9 as 23 horas e 59 minutos de sexta-feira (23), no hor\u00e1rio de Bras\u00edlia. O Sisu \u00e9 o processo seletivo para ingresso em cursos de gradua\u00e7\u00e3o gratuitos em institui\u00e7\u00f5es p\u00fablicas de educa\u00e7\u00e3o superior em [&hellip;]<\/p>\n","protected":false},"author":2,"featured_media":379708,"comment_status":"closed","ping_status":"closed","sticky":false,"template":"","format":"standard","meta":{"_acf_changed":false,"footnotes":""},"categories":[155],"tags":[],"class_list":["post-379707","post","type-post","status-publish","format-standard","has-post-thumbnail","hentry","category-leitura-vip"],"acf":[],"yoast_head":"<!-- This site is optimized with the Yoast SEO plugin v27.2 - https:\/\/yoast.com\/product\/yoast-seo-wordpress\/ -->\n<title>Come\u00e7a corrida para vaga no ensino superior - Notibras<\/title>\n<meta name=\"robots\" content=\"index, follow, max-snippet:-1, max-image-preview:large, max-video-preview:-1\" \/>\n<link rel=\"canonical\" href=\"https:\/\/www.notibras.com\/site\/comeca-corrida-para-vaga-no-ensino-superior\/\" \/>\n<meta property=\"og:locale\" content=\"pt_BR\" \/>\n<meta property=\"og:type\" content=\"article\" \/>\n<meta property=\"og:title\" content=\"Come\u00e7a corrida para vaga no ensino superior - Notibras\" \/>\n<meta property=\"og:description\" content=\"As inscri\u00e7\u00f5es para a edi\u00e7\u00e3o de 2026 do Sistema de Sele\u00e7\u00e3o Unificada (Sisu) come\u00e7ar\u00e3o nesta segunda-feira (19) e poder\u00e3o ser feitas at\u00e9 as 23 horas e 59 minutos de sexta-feira (23), no hor\u00e1rio de Bras\u00edlia. O Sisu \u00e9 o processo seletivo para ingresso em cursos de gradua\u00e7\u00e3o gratuitos em institui\u00e7\u00f5es p\u00fablicas de educa\u00e7\u00e3o superior em [&hellip;]\" \/>\n<meta property=\"og:url\" content=\"https:\/\/www.notibras.com\/site\/comeca-corrida-para-vaga-no-ensino-superior\/\" \/>\n<meta property=\"og:site_name\" content=\"Notibras\" \/>\n<meta property=\"article:publisher\" content=\"https:\/\/www.facebook.com\/notibras\/\" \/>\n<meta property=\"article:published_time\" content=\"2026-01-19T12:09:57+00:00\" \/>\n<meta property=\"og:image\" content=\"https:\/\/www.notibras.com\/site\/wp-content\/uploads\/2026\/01\/sisu-2025.webp\" \/>\n\t<meta property=\"og:image:width\" content=\"1170\" \/>\n\t<meta property=\"og:image:height\" content=\"700\" \/>\n\t<meta property=\"og:image:type\" content=\"image\/webp\" \/>\n<meta name=\"author\" content=\"Reda\u00e7\u00e3o\" \/>\n<meta name=\"twitter:card\" content=\"summary_large_image\" \/>\n<meta name=\"twitter:creator\" content=\"@Notibras\" \/>\n<meta name=\"twitter:site\" content=\"@Notibras\" \/>\n<meta name=\"twitter:label1\" content=\"Escrito por\" \/>\n\t<meta name=\"twitter:data1\" content=\"Reda\u00e7\u00e3o\" \/>\n\t<meta name=\"twitter:label2\" content=\"Est. tempo de leitura\" \/>\n\t<meta name=\"twitter:data2\" content=\"5 minutos\" \/>\n<script type=\"application\/ld+json\" class=\"yoast-schema-graph\">{\"@context\":\"https:\/\/schema.org\",\"@graph\":[{\"@type\":\"Article\",\"@id\":\"https:\/\/www.notibras.com\/site\/comeca-corrida-para-vaga-no-ensino-superior\/#article\",\"isPartOf\":{\"@id\":\"https:\/\/www.notibras.com\/site\/comeca-corrida-para-vaga-no-ensino-superior\/\"},\"author\":{\"name\":\"Reda\u00e7\u00e3o\",\"@id\":\"https:\/\/www.notibras.com\/site\/#\/schema\/person\/36ab0979449956132d3e5b517ea76ac8\"},\"headline\":\"Come\u00e7a corrida para vaga no ensino superior\",\"datePublished\":\"2026-01-19T12:09:57+00:00\",\"mainEntityOfPage\":{\"@id\":\"https:\/\/www.notibras.com\/site\/comeca-corrida-para-vaga-no-ensino-superior\/\"},\"wordCount\":829,\"publisher\":{\"@id\":\"https:\/\/www.notibras.com\/site\/#organization\"},\"image\":{\"@id\":\"https:\/\/www.notibras.com\/site\/comeca-corrida-para-vaga-no-ensino-superior\/#primaryimage\"},\"thumbnailUrl\":\"https:\/\/www.notibras.com\/site\/wp-content\/uploads\/2026\/01\/sisu-2025.webp\",\"articleSection\":[\"Leitura Vip\"],\"inLanguage\":\"pt-BR\"},{\"@type\":\"WebPage\",\"@id\":\"https:\/\/www.notibras.com\/site\/comeca-corrida-para-vaga-no-ensino-superior\/\",\"url\":\"https:\/\/www.notibras.com\/site\/comeca-corrida-para-vaga-no-ensino-superior\/\",\"name\":\"Come\u00e7a corrida para vaga no ensino superior - Notibras\",\"isPartOf\":{\"@id\":\"https:\/\/www.notibras.com\/site\/#website\"},\"primaryImageOfPage\":{\"@id\":\"https:\/\/www.notibras.com\/site\/comeca-corrida-para-vaga-no-ensino-superior\/#primaryimage\"},\"image\":{\"@id\":\"https:\/\/www.notibras.com\/site\/comeca-corrida-para-vaga-no-ensino-superior\/#primaryimage\"},\"thumbnailUrl\":\"https:\/\/www.notibras.com\/site\/wp-content\/uploads\/2026\/01\/sisu-2025.webp\",\"datePublished\":\"2026-01-19T12:09:57+00:00\",\"breadcrumb\":{\"@id\":\"https:\/\/www.notibras.com\/site\/comeca-corrida-para-vaga-no-ensino-superior\/#breadcrumb\"},\"inLanguage\":\"pt-BR\",\"potentialAction\":[{\"@type\":\"ReadAction\",\"target\":[\"https:\/\/www.notibras.com\/site\/comeca-corrida-para-vaga-no-ensino-superior\/\"]}]},{\"@type\":\"ImageObject\",\"inLanguage\":\"pt-BR\",\"@id\":\"https:\/\/www.notibras.com\/site\/comeca-corrida-para-vaga-no-ensino-superior\/#primaryimage\",\"url\":\"https:\/\/www.notibras.com\/site\/wp-content\/uploads\/2026\/01\/sisu-2025.webp\",\"contentUrl\":\"https:\/\/www.notibras.com\/site\/wp-content\/uploads\/2026\/01\/sisu-2025.webp\",\"width\":1170,\"height\":700},{\"@type\":\"BreadcrumbList\",\"@id\":\"https:\/\/www.notibras.com\/site\/comeca-corrida-para-vaga-no-ensino-superior\/#breadcrumb\",\"itemListElement\":[{\"@type\":\"ListItem\",\"position\":1,\"name\":\"In\u00edcio\",\"item\":\"https:\/\/www.notibras.com\/site\/\"},{\"@type\":\"ListItem\",\"position\":2,\"name\":\"Come\u00e7a corrida para vaga no ensino superior\"}]},{\"@type\":\"WebSite\",\"@id\":\"https:\/\/www.notibras.com\/site\/#website\",\"url\":\"https:\/\/www.notibras.com\/site\/\",\"name\":\"Notibras\",\"description\":\"Not\u00edcias de Bras\u00edlia, do Brasil e do Mundo\",\"publisher\":{\"@id\":\"https:\/\/www.notibras.com\/site\/#organization\"},\"potentialAction\":[{\"@type\":\"SearchAction\",\"target\":{\"@type\":\"EntryPoint\",\"urlTemplate\":\"https:\/\/www.notibras.com\/site\/?s={search_term_string}\"},\"query-input\":{\"@type\":\"PropertyValueSpecification\",\"valueRequired\":true,\"valueName\":\"search_term_string\"}}],\"inLanguage\":\"pt-BR\"},{\"@type\":\"Organization\",\"@id\":\"https:\/\/www.notibras.com\/site\/#organization\",\"name\":\"Grupo Notibras de Comunica\u00e7\u00e3o\",\"url\":\"https:\/\/www.notibras.com\/site\/\",\"logo\":{\"@type\":\"ImageObject\",\"inLanguage\":\"pt-BR\",\"@id\":\"https:\/\/www.notibras.com\/site\/#\/schema\/logo\/image\/\",\"url\":\"https:\/\/www.notibras.com\/site\/wp-content\/uploads\/2023\/01\/notibras23.png\",\"contentUrl\":\"https:\/\/www.notibras.com\/site\/wp-content\/uploads\/2023\/01\/notibras23.png\",\"width\":350,\"height\":87,\"caption\":\"Grupo Notibras de Comunica\u00e7\u00e3o\"},\"image\":{\"@id\":\"https:\/\/www.notibras.com\/site\/#\/schema\/logo\/image\/\"},\"sameAs\":[\"https:\/\/www.facebook.com\/notibras\/\",\"https:\/\/x.com\/Notibras\",\"https:\/\/www.instagram.com\/notibras\/\"]},{\"@type\":\"Person\",\"@id\":\"https:\/\/www.notibras.com\/site\/#\/schema\/person\/36ab0979449956132d3e5b517ea76ac8\",\"name\":\"Reda\u00e7\u00e3o\",\"image\":{\"@type\":\"ImageObject\",\"inLanguage\":\"pt-BR\",\"@id\":\"https:\/\/secure.gravatar.com\/avatar\/e0a867bdedb85fd243eadf09663511f96fc81e0720a4a42581f334ad4303aa6b?s=96&d=mm&r=g\",\"url\":\"https:\/\/secure.gravatar.com\/avatar\/e0a867bdedb85fd243eadf09663511f96fc81e0720a4a42581f334ad4303aa6b?s=96&d=mm&r=g\",\"contentUrl\":\"https:\/\/secure.gravatar.com\/avatar\/e0a867bdedb85fd243eadf09663511f96fc81e0720a4a42581f334ad4303aa6b?s=96&d=mm&r=g\",\"caption\":\"Reda\u00e7\u00e3o\"}}]}<\/script>\n<!-- \/ Yoast SEO plugin. -->","yoast_head_json":{"title":"Come\u00e7a corrida para vaga no ensino superior - Notibras","robots":{"index":"index","follow":"follow","max-snippet":"max-snippet:-1","max-image-preview":"max-image-preview:large","max-video-preview":"max-video-preview:-1"},"canonical":"https:\/\/www.notibras.com\/site\/comeca-corrida-para-vaga-no-ensino-superior\/","og_locale":"pt_BR","og_type":"article","og_title":"Come\u00e7a corrida para vaga no ensino superior - Notibras","og_description":"As inscri\u00e7\u00f5es para a edi\u00e7\u00e3o de 2026 do Sistema de Sele\u00e7\u00e3o Unificada (Sisu) come\u00e7ar\u00e3o nesta segunda-feira (19) e poder\u00e3o ser feitas at\u00e9 as 23 horas e 59 minutos de sexta-feira (23), no hor\u00e1rio de Bras\u00edlia. O Sisu \u00e9 o processo seletivo para ingresso em cursos de gradua\u00e7\u00e3o gratuitos em institui\u00e7\u00f5es p\u00fablicas de educa\u00e7\u00e3o superior em [&hellip;]","og_url":"https:\/\/www.notibras.com\/site\/comeca-corrida-para-vaga-no-ensino-superior\/","og_site_name":"Notibras","article_publisher":"https:\/\/www.facebook.com\/notibras\/","article_published_time":"2026-01-19T12:09:57+00:00","og_image":[{"width":1170,"height":700,"url":"https:\/\/www.notibras.com\/site\/wp-content\/uploads\/2026\/01\/sisu-2025.webp","type":"image\/webp"}],"author":"Reda\u00e7\u00e3o","twitter_card":"summary_large_image","twitter_creator":"@Notibras","twitter_site":"@Notibras","twitter_misc":{"Escrito por":"Reda\u00e7\u00e3o","Est. tempo de leitura":"5 minutos"},"schema":{"@context":"https:\/\/schema.org","@graph":[{"@type":"Article","@id":"https:\/\/www.notibras.com\/site\/comeca-corrida-para-vaga-no-ensino-superior\/#article","isPartOf":{"@id":"https:\/\/www.notibras.com\/site\/comeca-corrida-para-vaga-no-ensino-superior\/"},"author":{"name":"Reda\u00e7\u00e3o","@id":"https:\/\/www.notibras.com\/site\/#\/schema\/person\/36ab0979449956132d3e5b517ea76ac8"},"headline":"Come\u00e7a corrida para vaga no ensino superior","datePublished":"2026-01-19T12:09:57+00:00","mainEntityOfPage":{"@id":"https:\/\/www.notibras.com\/site\/comeca-corrida-para-vaga-no-ensino-superior\/"},"wordCount":829,"publisher":{"@id":"https:\/\/www.notibras.com\/site\/#organization"},"image":{"@id":"https:\/\/www.notibras.com\/site\/comeca-corrida-para-vaga-no-ensino-superior\/#primaryimage"},"thumbnailUrl":"https:\/\/www.notibras.com\/site\/wp-content\/uploads\/2026\/01\/sisu-2025.webp","articleSection":["Leitura Vip"],"inLanguage":"pt-BR"},{"@type":"WebPage","@id":"https:\/\/www.notibras.com\/site\/comeca-corrida-para-vaga-no-ensino-superior\/","url":"https:\/\/www.notibras.com\/site\/comeca-corrida-para-vaga-no-ensino-superior\/","name":"Come\u00e7a corrida para vaga no ensino superior - Notibras","isPartOf":{"@id":"https:\/\/www.notibras.com\/site\/#website"},"primaryImageOfPage":{"@id":"https:\/\/www.notibras.com\/site\/comeca-corrida-para-vaga-no-ensino-superior\/#primaryimage"},"image":{"@id":"https:\/\/www.notibras.com\/site\/comeca-corrida-para-vaga-no-ensino-superior\/#primaryimage"},"thumbnailUrl":"https:\/\/www.notibras.com\/site\/wp-content\/uploads\/2026\/01\/sisu-2025.webp","datePublished":"2026-01-19T12:09:57+00:00","breadcrumb":{"@id":"https:\/\/www.notibras.com\/site\/comeca-corrida-para-vaga-no-ensino-superior\/#breadcrumb"},"inLanguage":"pt-BR","potentialAction":[{"@type":"ReadAction","target":["https:\/\/www.notibras.com\/site\/comeca-corrida-para-vaga-no-ensino-superior\/"]}]},{"@type":"ImageObject","inLanguage":"pt-BR","@id":"https:\/\/www.notibras.com\/site\/comeca-corrida-para-vaga-no-ensino-superior\/#primaryimage","url":"https:\/\/www.notibras.com\/site\/wp-content\/uploads\/2026\/01\/sisu-2025.webp","contentUrl":"https:\/\/www.notibras.com\/site\/wp-content\/uploads\/2026\/01\/sisu-2025.webp","width":1170,"height":700},{"@type":"BreadcrumbList","@id":"https:\/\/www.notibras.com\/site\/comeca-corrida-para-vaga-no-ensino-superior\/#breadcrumb","itemListElement":[{"@type":"ListItem","position":1,"name":"In\u00edcio","item":"https:\/\/www.notibras.com\/site\/"},{"@type":"ListItem","position":2,"name":"Come\u00e7a corrida para vaga no ensino superior"}]},{"@type":"WebSite","@id":"https:\/\/www.notibras.com\/site\/#website","url":"https:\/\/www.notibras.com\/site\/","name":"Notibras","description":"Not\u00edcias de Bras\u00edlia, do Brasil e do Mundo","publisher":{"@id":"https:\/\/www.notibras.com\/site\/#organization"},"potentialAction":[{"@type":"SearchAction","target":{"@type":"EntryPoint","urlTemplate":"https:\/\/www.notibras.com\/site\/?s={search_term_string}"},"query-input":{"@type":"PropertyValueSpecification","valueRequired":true,"valueName":"search_term_string"}}],"inLanguage":"pt-BR"},{"@type":"Organization","@id":"https:\/\/www.notibras.com\/site\/#organization","name":"Grupo Notibras de Comunica\u00e7\u00e3o","url":"https:\/\/www.notibras.com\/site\/","logo":{"@type":"ImageObject","inLanguage":"pt-BR","@id":"https:\/\/www.notibras.com\/site\/#\/schema\/logo\/image\/","url":"https:\/\/www.notibras.com\/site\/wp-content\/uploads\/2023\/01\/notibras23.png","contentUrl":"https:\/\/www.notibras.com\/site\/wp-content\/uploads\/2023\/01\/notibras23.png","width":350,"height":87,"caption":"Grupo Notibras de Comunica\u00e7\u00e3o"},"image":{"@id":"https:\/\/www.notibras.com\/site\/#\/schema\/logo\/image\/"},"sameAs":["https:\/\/www.facebook.com\/notibras\/","https:\/\/x.com\/Notibras","https:\/\/www.instagram.com\/notibras\/"]},{"@type":"Person","@id":"https:\/\/www.notibras.com\/site\/#\/schema\/person\/36ab0979449956132d3e5b517ea76ac8","name":"Reda\u00e7\u00e3o","image":{"@type":"ImageObject","inLanguage":"pt-BR","@id":"https:\/\/secure.gravatar.com\/avatar\/e0a867bdedb85fd243eadf09663511f96fc81e0720a4a42581f334ad4303aa6b?s=96&d=mm&r=g","url":"https:\/\/secure.gravatar.com\/avatar\/e0a867bdedb85fd243eadf09663511f96fc81e0720a4a42581f334ad4303aa6b?s=96&d=mm&r=g","contentUrl":"https:\/\/secure.gravatar.com\/avatar\/e0a867bdedb85fd243eadf09663511f96fc81e0720a4a42581f334ad4303aa6b?s=96&d=mm&r=g","caption":"Reda\u00e7\u00e3o"}}]}},"amp_enabled":true,"_links":{"self":[{"href":"https:\/\/www.notibras.com\/site\/wp-json\/wp\/v2\/posts\/379707","targetHints":{"allow":["GET"]}}],"collection":[{"href":"https:\/\/www.notibras.com\/site\/wp-json\/wp\/v2\/posts"}],"about":[{"href":"https:\/\/www.notibras.com\/site\/wp-json\/wp\/v2\/types\/post"}],"author":[{"embeddable":true,"href":"https:\/\/www.notibras.com\/site\/wp-json\/wp\/v2\/users\/2"}],"replies":[{"embeddable":true,"href":"https:\/\/www.notibras.com\/site\/wp-json\/wp\/v2\/comments?post=379707"}],"version-history":[{"count":1,"href":"https:\/\/www.notibras.com\/site\/wp-json\/wp\/v2\/posts\/379707\/revisions"}],"predecessor-version":[{"id":379709,"href":"https:\/\/www.notibras.com\/site\/wp-json\/wp\/v2\/posts\/379707\/revisions\/379709"}],"wp:featuredmedia":[{"embeddable":true,"href":"https:\/\/www.notibras.com\/site\/wp-json\/wp\/v2\/media\/379708"}],"wp:attachment":[{"href":"https:\/\/www.notibras.com\/site\/wp-json\/wp\/v2\/media?parent=379707"}],"wp:term":[{"taxonomy":"category","embeddable":true,"href":"https:\/\/www.notibras.com\/site\/wp-json\/wp\/v2\/categories?post=379707"},{"taxonomy":"post_tag","embeddable":true,"href":"https:\/\/www.notibras.com\/site\/wp-json\/wp\/v2\/tags?post=379707"}],"curies":[{"name":"wp","href":"https:\/\/api.w.org\/{rel}","templated":true}]}}