{"id":379715,"date":"2026-01-19T19:25:28","date_gmt":"2026-01-19T22:25:28","guid":{"rendered":"https:\/\/www.notibras.com\/site\/?p=379715"},"modified":"2026-01-19T19:46:41","modified_gmt":"2026-01-19T22:46:41","slug":"policia-prende-tecnicos-suspeitos-de-matar-pacientes-no-hospital-anchieta","status":"publish","type":"post","link":"https:\/\/www.notibras.com\/site\/policia-prende-tecnicos-suspeitos-de-matar-pacientes-no-hospital-anchieta\/","title":{"rendered":"Pol\u00edcia prende t\u00e9cnicos suspeitos de matar pacientes no Hospital Anchieta"},"content":{"rendered":"<p>A pris\u00e3o de tr\u00eas t\u00e9cnicos de enfermagem suspeitos de provocar a morte de pacientes dentro da Unidade de Terapia Intensiva do Hospital Anchieta, em Taguatinga, exp\u00f5e um dos epis\u00f3dios mais graves j\u00e1 registrados na sa\u00fade privada do Distrito Federal. A investiga\u00e7\u00e3o, conduzida pela Pol\u00edcia Civil do DF, trata os casos como homic\u00eddio doloso qualificado, com ind\u00edcios de m\u00e9todo repetido, uso de subst\u00e2ncia letal e extrema frieza na execu\u00e7\u00e3o.<\/p>\n<p>Os presos s\u00e3o Marcos Vin\u00edcius Silva Barbosa de Ara\u00fajo, Amanda Rodrigues de Sousa e Marcela Camilly Alves da Silva. Segundo a PCDF, ao menos tr\u00eas pacientes morreram entre novembro e dezembro de 2025 ap\u00f3s terem recebido aplica\u00e7\u00f5es intravenosas de uma subst\u00e2ncia fora de qualquer protocolo m\u00e9dico, capaz de provocar parada card\u00edaca em poucos minutos e de dif\u00edcil detec\u00e7\u00e3o em exames iniciais. Em um dos casos, o pr\u00f3prio delegado Wisllei Salom\u00e3o afirmou que foi utilizado produto qu\u00edmico de limpeza, aplicado diversas vezes com seringa diretamente na v\u00edtima.<\/p>\n<p>A apura\u00e7\u00e3o integra a Opera\u00e7\u00e3o An\u00fabis, deflagrada pela Coordena\u00e7\u00e3o de Repress\u00e3o a Homic\u00eddios e de Prote\u00e7\u00e3o \u00e0 Pessoa. Na primeira fase, em 11 de janeiro, dois investigados foram presos temporariamente e mandados de busca e apreens\u00e3o foram cumpridos em Taguatinga, Brazl\u00e2ndia e \u00c1guas Lindas. J\u00e1 na segunda fase, em 15 de janeiro, houve nova pris\u00e3o e apreens\u00e3o de aparelhos eletr\u00f4nicos em Ceil\u00e2ndia e Samambaia, ampliando o raio da investiga\u00e7\u00e3o.<\/p>\n<p>O pr\u00f3prio Hospital Anchieta denunciou o caso \u00e0s autoridades ap\u00f3s identificar circunst\u00e2ncias at\u00edpicas em tr\u00eas \u00f3bitos na UTI. Em nota, a institui\u00e7\u00e3o informou que instaurou comit\u00ea interno de investiga\u00e7\u00e3o, identificou evid\u00eancias em menos de vinte dias, comunicou as fam\u00edlias e solicitou a abertura de inqu\u00e9rito policial, al\u00e9m das pris\u00f5es cautelares. O hospital afirma colaborar integralmente com as autoridades e ressalta que o caso tramita em segredo de justi\u00e7a.<\/p>\n<p>As v\u00edtimas identificadas s\u00e3o Miranilde Pereira da Silva, professora aposentada de 75 anos; Marcos Moreira, 33 anos, servidor dos Correios; e Jo\u00e3o Clemente Pereira, 63 anos, servidor da Caesb. Miranilde morreu em 17 de novembro de 2025 ap\u00f3s receber, segundo a pol\u00edcia, ao menos dez aplica\u00e7\u00f5es de desinfetante. Lotada na Regional de Ensino de Ceil\u00e2ndia, ela deixou filhos, netos e uma trajet\u00f3ria marcada pelo compromisso com a educa\u00e7\u00e3o p\u00fablica, como destacou o Sinpro em nota de pesar.<\/p>\n<p>Marcos Moreira deu entrada no hospital com dores abdominais e morreu no dia 1\u00ba de dezembro. Morador de Brazl\u00e2ndia, deixou uma filha de 5 anos. O Sindect-DF lamentou a morte do carteiro, que, segundo a fam\u00edlia, chegou \u00e0 UTI consciente e conversando normalmente com a equipe m\u00e9dica. J\u00e1 Jo\u00e3o Clemente foi internado ap\u00f3s diagn\u00f3stico de co\u00e1gulo no cr\u00e2nio, passou por cirurgia, apresentou melhora cl\u00ednica, mas sofreu quatro paradas card\u00edacas em 18 de novembro. Prestes a se aposentar, deixou esposa, dois filhos e um neto.<\/p>\n<p>Durante os depoimentos, os investigados inicialmente negaram os crimes, alegando cumprir ordens m\u00e9dicas. Confrontados com provas t\u00e9cnicas e registros de plant\u00e3o, confessaram parte das condutas, sem demonstrar arrependimento ou explicar a motiva\u00e7\u00e3o. A pol\u00edcia agora investiga se houve padr\u00e3o de atua\u00e7\u00e3o, poss\u00edvel participa\u00e7\u00e3o de outros envolvidos e falhas institucionais que permitiram os crimes dentro da unidade hospitalar.<\/p>\n<p>O Conselho Regional de Enfermagem do DF (Coren-DF) informou que instaurou procedimento \u00e9tico para apurar a conduta dos profissionais e destacou que, caso confirmadas irregularidades, haver\u00e1 responsabiliza\u00e7\u00e3o conforme o C\u00f3digo de \u00c9tica da categoria.<\/p>\n<p>Como se n\u00e3o bastasse o choque inicial, a PCDF apura agora pelo menos 20 outros atestados de \u00f3bito em hospitais do Distrito Federal. A investiga\u00e7\u00e3o ainda est\u00e1 em curso, mas o caso j\u00e1 escancara um alerta inc\u00f4modo: quando quem deveria cuidar passa a representar risco, n\u00e3o \u00e9 apenas um crime comum \u2014 \u00e9 uma ruptura brutal do pacto b\u00e1sico de confian\u00e7a na sa\u00fade.<\/p>\n","protected":false},"excerpt":{"rendered":"<p>A pris\u00e3o de tr\u00eas t\u00e9cnicos de enfermagem suspeitos de provocar a morte de pacientes dentro da Unidade de Terapia Intensiva do Hospital Anchieta, em Taguatinga, exp\u00f5e um dos epis\u00f3dios mais graves j\u00e1 registrados na sa\u00fade privada do Distrito Federal. A investiga\u00e7\u00e3o, conduzida pela Pol\u00edcia Civil do DF, trata os casos como homic\u00eddio doloso qualificado, com [&hellip;]<\/p>\n","protected":false},"author":21,"featured_media":379716,"comment_status":"closed","ping_status":"closed","sticky":false,"template":"","format":"standard","meta":{"_acf_changed":false,"footnotes":""},"categories":[161],"tags":[],"class_list":["post-379715","post","type-post","status-publish","format-standard","has-post-thumbnail","hentry","category-quadradinho-em-foco"],"acf":[],"yoast_head":"<!-- This site is optimized with the Yoast SEO plugin v27.2 - https:\/\/yoast.com\/product\/yoast-seo-wordpress\/ -->\n<title>Pol\u00edcia prende t\u00e9cnicos suspeitos de matar pacientes no Hospital Anchieta - Notibras<\/title>\n<meta name=\"robots\" content=\"index, follow, max-snippet:-1, max-image-preview:large, max-video-preview:-1\" \/>\n<link rel=\"canonical\" href=\"https:\/\/www.notibras.com\/site\/policia-prende-tecnicos-suspeitos-de-matar-pacientes-no-hospital-anchieta\/\" \/>\n<meta property=\"og:locale\" content=\"pt_BR\" \/>\n<meta property=\"og:type\" content=\"article\" \/>\n<meta property=\"og:title\" content=\"Pol\u00edcia prende t\u00e9cnicos suspeitos de matar pacientes no Hospital Anchieta - Notibras\" \/>\n<meta property=\"og:description\" content=\"A pris\u00e3o de tr\u00eas t\u00e9cnicos de enfermagem suspeitos de provocar a morte de pacientes dentro da Unidade de Terapia Intensiva do Hospital Anchieta, em Taguatinga, exp\u00f5e um dos epis\u00f3dios mais graves j\u00e1 registrados na sa\u00fade privada do Distrito Federal. A investiga\u00e7\u00e3o, conduzida pela Pol\u00edcia Civil do DF, trata os casos como homic\u00eddio doloso qualificado, com [&hellip;]\" \/>\n<meta property=\"og:url\" content=\"https:\/\/www.notibras.com\/site\/policia-prende-tecnicos-suspeitos-de-matar-pacientes-no-hospital-anchieta\/\" \/>\n<meta property=\"og:site_name\" content=\"Notibras\" \/>\n<meta property=\"article:publisher\" content=\"https:\/\/www.facebook.com\/notibras\/\" \/>\n<meta property=\"article:published_time\" content=\"2026-01-19T22:25:28+00:00\" \/>\n<meta property=\"article:modified_time\" content=\"2026-01-19T22:46:41+00:00\" \/>\n<meta property=\"og:image\" content=\"https:\/\/www.notibras.com\/site\/wp-content\/uploads\/2026\/01\/Tecnicos-de-efermagem-Metropoles.webp\" \/>\n\t<meta property=\"og:image:width\" content=\"900\" \/>\n\t<meta property=\"og:image:height\" content=\"600\" \/>\n\t<meta property=\"og:image:type\" content=\"image\/webp\" \/>\n<meta name=\"author\" content=\"Eduardo Mart\u00ednez\" \/>\n<meta name=\"twitter:card\" content=\"summary_large_image\" \/>\n<meta name=\"twitter:creator\" content=\"@Notibras\" \/>\n<meta name=\"twitter:site\" content=\"@Notibras\" \/>\n<meta name=\"twitter:label1\" content=\"Escrito por\" \/>\n\t<meta name=\"twitter:data1\" content=\"Eduardo Mart\u00ednez\" \/>\n\t<meta name=\"twitter:label2\" content=\"Est. tempo de leitura\" \/>\n\t<meta name=\"twitter:data2\" content=\"4 minutos\" \/>\n<script type=\"application\/ld+json\" class=\"yoast-schema-graph\">{\"@context\":\"https:\/\/schema.org\",\"@graph\":[{\"@type\":\"Article\",\"@id\":\"https:\/\/www.notibras.com\/site\/policia-prende-tecnicos-suspeitos-de-matar-pacientes-no-hospital-anchieta\/#article\",\"isPartOf\":{\"@id\":\"https:\/\/www.notibras.com\/site\/policia-prende-tecnicos-suspeitos-de-matar-pacientes-no-hospital-anchieta\/\"},\"author\":{\"name\":\"Eduardo Mart\u00ednez\",\"@id\":\"https:\/\/www.notibras.com\/site\/#\/schema\/person\/5b7fabf2aedc3ada2105f03b22b4d3dd\"},\"headline\":\"Pol\u00edcia prende t\u00e9cnicos suspeitos de matar pacientes no Hospital Anchieta\",\"datePublished\":\"2026-01-19T22:25:28+00:00\",\"dateModified\":\"2026-01-19T22:46:41+00:00\",\"mainEntityOfPage\":{\"@id\":\"https:\/\/www.notibras.com\/site\/policia-prende-tecnicos-suspeitos-de-matar-pacientes-no-hospital-anchieta\/\"},\"wordCount\":694,\"publisher\":{\"@id\":\"https:\/\/www.notibras.com\/site\/#organization\"},\"image\":{\"@id\":\"https:\/\/www.notibras.com\/site\/policia-prende-tecnicos-suspeitos-de-matar-pacientes-no-hospital-anchieta\/#primaryimage\"},\"thumbnailUrl\":\"https:\/\/www.notibras.com\/site\/wp-content\/uploads\/2026\/01\/Tecnicos-de-efermagem-Metropoles.webp\",\"articleSection\":[\"Quadradinho em Foco\"],\"inLanguage\":\"pt-BR\"},{\"@type\":\"WebPage\",\"@id\":\"https:\/\/www.notibras.com\/site\/policia-prende-tecnicos-suspeitos-de-matar-pacientes-no-hospital-anchieta\/\",\"url\":\"https:\/\/www.notibras.com\/site\/policia-prende-tecnicos-suspeitos-de-matar-pacientes-no-hospital-anchieta\/\",\"name\":\"Pol\u00edcia prende t\u00e9cnicos suspeitos de matar pacientes no Hospital Anchieta - Notibras\",\"isPartOf\":{\"@id\":\"https:\/\/www.notibras.com\/site\/#website\"},\"primaryImageOfPage\":{\"@id\":\"https:\/\/www.notibras.com\/site\/policia-prende-tecnicos-suspeitos-de-matar-pacientes-no-hospital-anchieta\/#primaryimage\"},\"image\":{\"@id\":\"https:\/\/www.notibras.com\/site\/policia-prende-tecnicos-suspeitos-de-matar-pacientes-no-hospital-anchieta\/#primaryimage\"},\"thumbnailUrl\":\"https:\/\/www.notibras.com\/site\/wp-content\/uploads\/2026\/01\/Tecnicos-de-efermagem-Metropoles.webp\",\"datePublished\":\"2026-01-19T22:25:28+00:00\",\"dateModified\":\"2026-01-19T22:46:41+00:00\",\"breadcrumb\":{\"@id\":\"https:\/\/www.notibras.com\/site\/policia-prende-tecnicos-suspeitos-de-matar-pacientes-no-hospital-anchieta\/#breadcrumb\"},\"inLanguage\":\"pt-BR\",\"potentialAction\":[{\"@type\":\"ReadAction\",\"target\":[\"https:\/\/www.notibras.com\/site\/policia-prende-tecnicos-suspeitos-de-matar-pacientes-no-hospital-anchieta\/\"]}]},{\"@type\":\"ImageObject\",\"inLanguage\":\"pt-BR\",\"@id\":\"https:\/\/www.notibras.com\/site\/policia-prende-tecnicos-suspeitos-de-matar-pacientes-no-hospital-anchieta\/#primaryimage\",\"url\":\"https:\/\/www.notibras.com\/site\/wp-content\/uploads\/2026\/01\/Tecnicos-de-efermagem-Metropoles.webp\",\"contentUrl\":\"https:\/\/www.notibras.com\/site\/wp-content\/uploads\/2026\/01\/Tecnicos-de-efermagem-Metropoles.webp\",\"width\":900,\"height\":600},{\"@type\":\"BreadcrumbList\",\"@id\":\"https:\/\/www.notibras.com\/site\/policia-prende-tecnicos-suspeitos-de-matar-pacientes-no-hospital-anchieta\/#breadcrumb\",\"itemListElement\":[{\"@type\":\"ListItem\",\"position\":1,\"name\":\"In\u00edcio\",\"item\":\"https:\/\/www.notibras.com\/site\/\"},{\"@type\":\"ListItem\",\"position\":2,\"name\":\"Pol\u00edcia prende t\u00e9cnicos suspeitos de matar pacientes no Hospital Anchieta\"}]},{\"@type\":\"WebSite\",\"@id\":\"https:\/\/www.notibras.com\/site\/#website\",\"url\":\"https:\/\/www.notibras.com\/site\/\",\"name\":\"Notibras\",\"description\":\"Not\u00edcias de Bras\u00edlia, do Brasil e do Mundo\",\"publisher\":{\"@id\":\"https:\/\/www.notibras.com\/site\/#organization\"},\"potentialAction\":[{\"@type\":\"SearchAction\",\"target\":{\"@type\":\"EntryPoint\",\"urlTemplate\":\"https:\/\/www.notibras.com\/site\/?s={search_term_string}\"},\"query-input\":{\"@type\":\"PropertyValueSpecification\",\"valueRequired\":true,\"valueName\":\"search_term_string\"}}],\"inLanguage\":\"pt-BR\"},{\"@type\":\"Organization\",\"@id\":\"https:\/\/www.notibras.com\/site\/#organization\",\"name\":\"Grupo Notibras de Comunica\u00e7\u00e3o\",\"url\":\"https:\/\/www.notibras.com\/site\/\",\"logo\":{\"@type\":\"ImageObject\",\"inLanguage\":\"pt-BR\",\"@id\":\"https:\/\/www.notibras.com\/site\/#\/schema\/logo\/image\/\",\"url\":\"https:\/\/www.notibras.com\/site\/wp-content\/uploads\/2023\/01\/notibras23.png\",\"contentUrl\":\"https:\/\/www.notibras.com\/site\/wp-content\/uploads\/2023\/01\/notibras23.png\",\"width\":350,\"height\":87,\"caption\":\"Grupo Notibras de Comunica\u00e7\u00e3o\"},\"image\":{\"@id\":\"https:\/\/www.notibras.com\/site\/#\/schema\/logo\/image\/\"},\"sameAs\":[\"https:\/\/www.facebook.com\/notibras\/\",\"https:\/\/x.com\/Notibras\",\"https:\/\/www.instagram.com\/notibras\/\"]},{\"@type\":\"Person\",\"@id\":\"https:\/\/www.notibras.com\/site\/#\/schema\/person\/5b7fabf2aedc3ada2105f03b22b4d3dd\",\"name\":\"Eduardo Mart\u00ednez\",\"image\":{\"@type\":\"ImageObject\",\"inLanguage\":\"pt-BR\",\"@id\":\"https:\/\/secure.gravatar.com\/avatar\/7902f906289926289cbcda644b5197c796b893c6ffd7b9a536a42d290f7704a0?s=96&d=mm&r=g\",\"url\":\"https:\/\/secure.gravatar.com\/avatar\/7902f906289926289cbcda644b5197c796b893c6ffd7b9a536a42d290f7704a0?s=96&d=mm&r=g\",\"contentUrl\":\"https:\/\/secure.gravatar.com\/avatar\/7902f906289926289cbcda644b5197c796b893c6ffd7b9a536a42d290f7704a0?s=96&d=mm&r=g\",\"caption\":\"Eduardo Mart\u00ednez\"}}]}<\/script>\n<!-- \/ Yoast SEO plugin. -->","yoast_head_json":{"title":"Pol\u00edcia prende t\u00e9cnicos suspeitos de matar pacientes no Hospital Anchieta - Notibras","robots":{"index":"index","follow":"follow","max-snippet":"max-snippet:-1","max-image-preview":"max-image-preview:large","max-video-preview":"max-video-preview:-1"},"canonical":"https:\/\/www.notibras.com\/site\/policia-prende-tecnicos-suspeitos-de-matar-pacientes-no-hospital-anchieta\/","og_locale":"pt_BR","og_type":"article","og_title":"Pol\u00edcia prende t\u00e9cnicos suspeitos de matar pacientes no Hospital Anchieta - Notibras","og_description":"A pris\u00e3o de tr\u00eas t\u00e9cnicos de enfermagem suspeitos de provocar a morte de pacientes dentro da Unidade de Terapia Intensiva do Hospital Anchieta, em Taguatinga, exp\u00f5e um dos epis\u00f3dios mais graves j\u00e1 registrados na sa\u00fade privada do Distrito Federal. A investiga\u00e7\u00e3o, conduzida pela Pol\u00edcia Civil do DF, trata os casos como homic\u00eddio doloso qualificado, com [&hellip;]","og_url":"https:\/\/www.notibras.com\/site\/policia-prende-tecnicos-suspeitos-de-matar-pacientes-no-hospital-anchieta\/","og_site_name":"Notibras","article_publisher":"https:\/\/www.facebook.com\/notibras\/","article_published_time":"2026-01-19T22:25:28+00:00","article_modified_time":"2026-01-19T22:46:41+00:00","og_image":[{"width":900,"height":600,"url":"https:\/\/www.notibras.com\/site\/wp-content\/uploads\/2026\/01\/Tecnicos-de-efermagem-Metropoles.webp","type":"image\/webp"}],"author":"Eduardo Mart\u00ednez","twitter_card":"summary_large_image","twitter_creator":"@Notibras","twitter_site":"@Notibras","twitter_misc":{"Escrito por":"Eduardo Mart\u00ednez","Est. tempo de leitura":"4 minutos"},"schema":{"@context":"https:\/\/schema.org","@graph":[{"@type":"Article","@id":"https:\/\/www.notibras.com\/site\/policia-prende-tecnicos-suspeitos-de-matar-pacientes-no-hospital-anchieta\/#article","isPartOf":{"@id":"https:\/\/www.notibras.com\/site\/policia-prende-tecnicos-suspeitos-de-matar-pacientes-no-hospital-anchieta\/"},"author":{"name":"Eduardo Mart\u00ednez","@id":"https:\/\/www.notibras.com\/site\/#\/schema\/person\/5b7fabf2aedc3ada2105f03b22b4d3dd"},"headline":"Pol\u00edcia prende t\u00e9cnicos suspeitos de matar pacientes no Hospital Anchieta","datePublished":"2026-01-19T22:25:28+00:00","dateModified":"2026-01-19T22:46:41+00:00","mainEntityOfPage":{"@id":"https:\/\/www.notibras.com\/site\/policia-prende-tecnicos-suspeitos-de-matar-pacientes-no-hospital-anchieta\/"},"wordCount":694,"publisher":{"@id":"https:\/\/www.notibras.com\/site\/#organization"},"image":{"@id":"https:\/\/www.notibras.com\/site\/policia-prende-tecnicos-suspeitos-de-matar-pacientes-no-hospital-anchieta\/#primaryimage"},"thumbnailUrl":"https:\/\/www.notibras.com\/site\/wp-content\/uploads\/2026\/01\/Tecnicos-de-efermagem-Metropoles.webp","articleSection":["Quadradinho em Foco"],"inLanguage":"pt-BR"},{"@type":"WebPage","@id":"https:\/\/www.notibras.com\/site\/policia-prende-tecnicos-suspeitos-de-matar-pacientes-no-hospital-anchieta\/","url":"https:\/\/www.notibras.com\/site\/policia-prende-tecnicos-suspeitos-de-matar-pacientes-no-hospital-anchieta\/","name":"Pol\u00edcia prende t\u00e9cnicos suspeitos de matar pacientes no Hospital Anchieta - Notibras","isPartOf":{"@id":"https:\/\/www.notibras.com\/site\/#website"},"primaryImageOfPage":{"@id":"https:\/\/www.notibras.com\/site\/policia-prende-tecnicos-suspeitos-de-matar-pacientes-no-hospital-anchieta\/#primaryimage"},"image":{"@id":"https:\/\/www.notibras.com\/site\/policia-prende-tecnicos-suspeitos-de-matar-pacientes-no-hospital-anchieta\/#primaryimage"},"thumbnailUrl":"https:\/\/www.notibras.com\/site\/wp-content\/uploads\/2026\/01\/Tecnicos-de-efermagem-Metropoles.webp","datePublished":"2026-01-19T22:25:28+00:00","dateModified":"2026-01-19T22:46:41+00:00","breadcrumb":{"@id":"https:\/\/www.notibras.com\/site\/policia-prende-tecnicos-suspeitos-de-matar-pacientes-no-hospital-anchieta\/#breadcrumb"},"inLanguage":"pt-BR","potentialAction":[{"@type":"ReadAction","target":["https:\/\/www.notibras.com\/site\/policia-prende-tecnicos-suspeitos-de-matar-pacientes-no-hospital-anchieta\/"]}]},{"@type":"ImageObject","inLanguage":"pt-BR","@id":"https:\/\/www.notibras.com\/site\/policia-prende-tecnicos-suspeitos-de-matar-pacientes-no-hospital-anchieta\/#primaryimage","url":"https:\/\/www.notibras.com\/site\/wp-content\/uploads\/2026\/01\/Tecnicos-de-efermagem-Metropoles.webp","contentUrl":"https:\/\/www.notibras.com\/site\/wp-content\/uploads\/2026\/01\/Tecnicos-de-efermagem-Metropoles.webp","width":900,"height":600},{"@type":"BreadcrumbList","@id":"https:\/\/www.notibras.com\/site\/policia-prende-tecnicos-suspeitos-de-matar-pacientes-no-hospital-anchieta\/#breadcrumb","itemListElement":[{"@type":"ListItem","position":1,"name":"In\u00edcio","item":"https:\/\/www.notibras.com\/site\/"},{"@type":"ListItem","position":2,"name":"Pol\u00edcia prende t\u00e9cnicos suspeitos de matar pacientes no Hospital Anchieta"}]},{"@type":"WebSite","@id":"https:\/\/www.notibras.com\/site\/#website","url":"https:\/\/www.notibras.com\/site\/","name":"Notibras","description":"Not\u00edcias de Bras\u00edlia, do Brasil e do Mundo","publisher":{"@id":"https:\/\/www.notibras.com\/site\/#organization"},"potentialAction":[{"@type":"SearchAction","target":{"@type":"EntryPoint","urlTemplate":"https:\/\/www.notibras.com\/site\/?s={search_term_string}"},"query-input":{"@type":"PropertyValueSpecification","valueRequired":true,"valueName":"search_term_string"}}],"inLanguage":"pt-BR"},{"@type":"Organization","@id":"https:\/\/www.notibras.com\/site\/#organization","name":"Grupo Notibras de Comunica\u00e7\u00e3o","url":"https:\/\/www.notibras.com\/site\/","logo":{"@type":"ImageObject","inLanguage":"pt-BR","@id":"https:\/\/www.notibras.com\/site\/#\/schema\/logo\/image\/","url":"https:\/\/www.notibras.com\/site\/wp-content\/uploads\/2023\/01\/notibras23.png","contentUrl":"https:\/\/www.notibras.com\/site\/wp-content\/uploads\/2023\/01\/notibras23.png","width":350,"height":87,"caption":"Grupo Notibras de Comunica\u00e7\u00e3o"},"image":{"@id":"https:\/\/www.notibras.com\/site\/#\/schema\/logo\/image\/"},"sameAs":["https:\/\/www.facebook.com\/notibras\/","https:\/\/x.com\/Notibras","https:\/\/www.instagram.com\/notibras\/"]},{"@type":"Person","@id":"https:\/\/www.notibras.com\/site\/#\/schema\/person\/5b7fabf2aedc3ada2105f03b22b4d3dd","name":"Eduardo Mart\u00ednez","image":{"@type":"ImageObject","inLanguage":"pt-BR","@id":"https:\/\/secure.gravatar.com\/avatar\/7902f906289926289cbcda644b5197c796b893c6ffd7b9a536a42d290f7704a0?s=96&d=mm&r=g","url":"https:\/\/secure.gravatar.com\/avatar\/7902f906289926289cbcda644b5197c796b893c6ffd7b9a536a42d290f7704a0?s=96&d=mm&r=g","contentUrl":"https:\/\/secure.gravatar.com\/avatar\/7902f906289926289cbcda644b5197c796b893c6ffd7b9a536a42d290f7704a0?s=96&d=mm&r=g","caption":"Eduardo Mart\u00ednez"}}]}},"amp_enabled":true,"_links":{"self":[{"href":"https:\/\/www.notibras.com\/site\/wp-json\/wp\/v2\/posts\/379715","targetHints":{"allow":["GET"]}}],"collection":[{"href":"https:\/\/www.notibras.com\/site\/wp-json\/wp\/v2\/posts"}],"about":[{"href":"https:\/\/www.notibras.com\/site\/wp-json\/wp\/v2\/types\/post"}],"author":[{"embeddable":true,"href":"https:\/\/www.notibras.com\/site\/wp-json\/wp\/v2\/users\/21"}],"replies":[{"embeddable":true,"href":"https:\/\/www.notibras.com\/site\/wp-json\/wp\/v2\/comments?post=379715"}],"version-history":[{"count":2,"href":"https:\/\/www.notibras.com\/site\/wp-json\/wp\/v2\/posts\/379715\/revisions"}],"predecessor-version":[{"id":379718,"href":"https:\/\/www.notibras.com\/site\/wp-json\/wp\/v2\/posts\/379715\/revisions\/379718"}],"wp:featuredmedia":[{"embeddable":true,"href":"https:\/\/www.notibras.com\/site\/wp-json\/wp\/v2\/media\/379716"}],"wp:attachment":[{"href":"https:\/\/www.notibras.com\/site\/wp-json\/wp\/v2\/media?parent=379715"}],"wp:term":[{"taxonomy":"category","embeddable":true,"href":"https:\/\/www.notibras.com\/site\/wp-json\/wp\/v2\/categories?post=379715"},{"taxonomy":"post_tag","embeddable":true,"href":"https:\/\/www.notibras.com\/site\/wp-json\/wp\/v2\/tags?post=379715"}],"curies":[{"name":"wp","href":"https:\/\/api.w.org\/{rel}","templated":true}]}}