{"id":379720,"date":"2026-01-19T15:46:32","date_gmt":"2026-01-19T18:46:32","guid":{"rendered":"https:\/\/www.notibras.com\/site\/?p=379720"},"modified":"2026-01-19T19:48:59","modified_gmt":"2026-01-19T22:48:59","slug":"mendonca-manda-golpista-do-inss-para-a-prisao-domiciliar","status":"publish","type":"post","link":"https:\/\/www.notibras.com\/site\/mendonca-manda-golpista-do-inss-para-a-prisao-domiciliar\/","title":{"rendered":"Mendon\u00e7a manda golpista do INSS para a pris\u00e3o domiciliar"},"content":{"rendered":"<p>O ministro Andr\u00e9 Mendon\u00e7a, do Supremo Tribunal Federal (STF), converteu em domiciliar a pris\u00e3o preventiva de Silvio Feitoza, um dos alvos na investiga\u00e7\u00e3o sobre descontos ilegais em aposentadorias do Instituto Nacional do Seguro Social (INSS).<\/p>\n<p>Preso em dezembro, em uma das fases da Opera\u00e7\u00e3o Sem Desconto, Feitoza \u00e9 apontado como esp\u00e9cie de gestor financeiro de um esquema que desviou milh\u00f5es de reais de segurados do INSS, por meio de descontos fraudulentos de mensalidades de associa\u00e7\u00f5es de aposentados e pensionistas.<\/p>\n<p>Desde que foi preso, entretanto, Feitoza apresentou piora no quadro de sa\u00fade e precisou ser levado ao Hospital de Base, em Bras\u00edlia, na semana passada, quando foi submetido a uma cirurgia para desobstru\u00e7\u00e3o de art\u00e9rias coron\u00e1rias. Ele foi diagnosticado com isquemia mioc\u00e1rdia grave.<\/p>\n<p>Na decis\u00e3o Mendon\u00e7a afirmou que Feitoza se encontra \u201cextremamente debilitado por motivo de doen\u00e7a grave\u201d, motivo pelo qual deve permanecer sob cust\u00f3dia em casa, com uso de tornozeleira eletr\u00f4nica e a entrega de passaportes.<\/p>\n<p><strong>Entenda<\/strong><br \/>\nEstimativas do pr\u00f3prio INSS apontam que mais de 4,1 milh\u00f5es de aposentados podem ter sido v\u00edtimas de descontos indevidos em seus benef\u00edcios ao longo dos anos. O \u00f3rg\u00e3o tamb\u00e9m divulgou a estima de que 800 mil aposentados morreram antes de saber das fraudes.<\/p>\n<p>Enquanto a Pol\u00edcia Federal (PF) avan\u00e7a nas investiga\u00e7\u00f5es, o governo decidiu antecipar o ressarcimento \u00e0s v\u00edtimas. At\u00e9 o fim de 2025, mais de R$ 2,1 bilh\u00f5es haviam sido pagos de volta aos aposentados.<\/p>\n<p>Diversas associa\u00e7\u00f5es e entidades s\u00e3o investigadas, em diferentes esquemas de fraude. Um dos principais est\u00e1 relacionado \u00e0 atua\u00e7\u00e3o de Ant\u00f4nio Carlos Camilo Antunes, conhecido como \u201cCareca do INSS\u201d e apontado como principal suspeito de gerir os desvios milion\u00e1rios.<\/p>\n<p>Segundo as investiga\u00e7\u00f5es, Feitoza trabalhava gerindo contas banc\u00e1rias e fazendo pagamentos para Antunes, al\u00e9m de atuar como testa de ferro em negocia\u00e7\u00f5es financeiras, entre outras tratativas. Ele \u00e9 investigado pelos crimes de lavagem de dinheiro e oculta\u00e7\u00e3o de patrim\u00f4nio.<\/p>\n","protected":false},"excerpt":{"rendered":"<p>O ministro Andr\u00e9 Mendon\u00e7a, do Supremo Tribunal Federal (STF), converteu em domiciliar a pris\u00e3o preventiva de Silvio Feitoza, um dos alvos na investiga\u00e7\u00e3o sobre descontos ilegais em aposentadorias do Instituto Nacional do Seguro Social (INSS). Preso em dezembro, em uma das fases da Opera\u00e7\u00e3o Sem Desconto, Feitoza \u00e9 apontado como esp\u00e9cie de gestor financeiro de [&hellip;]<\/p>\n","protected":false},"author":2,"featured_media":379723,"comment_status":"closed","ping_status":"closed","sticky":false,"template":"","format":"standard","meta":{"_acf_changed":false,"footnotes":""},"categories":[16],"tags":[95],"class_list":["post-379720","post","type-post","status-publish","format-standard","has-post-thumbnail","hentry","category-brasil","tag-capa"],"acf":[],"yoast_head":"<!-- This site is optimized with the Yoast SEO plugin v27.2 - https:\/\/yoast.com\/product\/yoast-seo-wordpress\/ -->\n<title>Mendon\u00e7a manda golpista do INSS para a pris\u00e3o domiciliar - Notibras<\/title>\n<meta name=\"robots\" content=\"index, follow, max-snippet:-1, max-image-preview:large, max-video-preview:-1\" \/>\n<link rel=\"canonical\" href=\"https:\/\/www.notibras.com\/site\/mendonca-manda-golpista-do-inss-para-a-prisao-domiciliar\/\" \/>\n<meta property=\"og:locale\" content=\"pt_BR\" \/>\n<meta property=\"og:type\" content=\"article\" \/>\n<meta property=\"og:title\" content=\"Mendon\u00e7a manda golpista do INSS para a pris\u00e3o domiciliar - Notibras\" \/>\n<meta property=\"og:description\" content=\"O ministro Andr\u00e9 Mendon\u00e7a, do Supremo Tribunal Federal (STF), converteu em domiciliar a pris\u00e3o preventiva de Silvio Feitoza, um dos alvos na investiga\u00e7\u00e3o sobre descontos ilegais em aposentadorias do Instituto Nacional do Seguro Social (INSS). Preso em dezembro, em uma das fases da Opera\u00e7\u00e3o Sem Desconto, Feitoza \u00e9 apontado como esp\u00e9cie de gestor financeiro de [&hellip;]\" \/>\n<meta property=\"og:url\" content=\"https:\/\/www.notibras.com\/site\/mendonca-manda-golpista-do-inss-para-a-prisao-domiciliar\/\" \/>\n<meta property=\"og:site_name\" content=\"Notibras\" \/>\n<meta property=\"article:publisher\" content=\"https:\/\/www.facebook.com\/notibras\/\" \/>\n<meta property=\"article:published_time\" content=\"2026-01-19T18:46:32+00:00\" \/>\n<meta property=\"article:modified_time\" content=\"2026-01-19T22:48:59+00:00\" \/>\n<meta property=\"og:image\" content=\"https:\/\/www.notibras.com\/site\/wp-content\/uploads\/2026\/01\/52441529977_f3565b5d7d_o-4.webp\" \/>\n\t<meta property=\"og:image:width\" content=\"1170\" \/>\n\t<meta property=\"og:image:height\" content=\"700\" \/>\n\t<meta property=\"og:image:type\" content=\"image\/webp\" \/>\n<meta name=\"author\" content=\"Reda\u00e7\u00e3o\" \/>\n<meta name=\"twitter:card\" content=\"summary_large_image\" \/>\n<meta name=\"twitter:creator\" content=\"@Notibras\" \/>\n<meta name=\"twitter:site\" content=\"@Notibras\" \/>\n<meta name=\"twitter:label1\" content=\"Escrito por\" \/>\n\t<meta name=\"twitter:data1\" content=\"Reda\u00e7\u00e3o\" \/>\n\t<meta name=\"twitter:label2\" content=\"Est. tempo de leitura\" \/>\n\t<meta name=\"twitter:data2\" content=\"2 minutos\" \/>\n<script type=\"application\/ld+json\" class=\"yoast-schema-graph\">{\"@context\":\"https:\/\/schema.org\",\"@graph\":[{\"@type\":\"Article\",\"@id\":\"https:\/\/www.notibras.com\/site\/mendonca-manda-golpista-do-inss-para-a-prisao-domiciliar\/#article\",\"isPartOf\":{\"@id\":\"https:\/\/www.notibras.com\/site\/mendonca-manda-golpista-do-inss-para-a-prisao-domiciliar\/\"},\"author\":{\"name\":\"Reda\u00e7\u00e3o\",\"@id\":\"https:\/\/www.notibras.com\/site\/#\/schema\/person\/36ab0979449956132d3e5b517ea76ac8\"},\"headline\":\"Mendon\u00e7a manda golpista do INSS para a pris\u00e3o domiciliar\",\"datePublished\":\"2026-01-19T18:46:32+00:00\",\"dateModified\":\"2026-01-19T22:48:59+00:00\",\"mainEntityOfPage\":{\"@id\":\"https:\/\/www.notibras.com\/site\/mendonca-manda-golpista-do-inss-para-a-prisao-domiciliar\/\"},\"wordCount\":354,\"publisher\":{\"@id\":\"https:\/\/www.notibras.com\/site\/#organization\"},\"image\":{\"@id\":\"https:\/\/www.notibras.com\/site\/mendonca-manda-golpista-do-inss-para-a-prisao-domiciliar\/#primaryimage\"},\"thumbnailUrl\":\"https:\/\/www.notibras.com\/site\/wp-content\/uploads\/2026\/01\/52441529977_f3565b5d7d_o-4.webp\",\"keywords\":[\"capa\"],\"articleSection\":[\"Brasil\"],\"inLanguage\":\"pt-BR\"},{\"@type\":\"WebPage\",\"@id\":\"https:\/\/www.notibras.com\/site\/mendonca-manda-golpista-do-inss-para-a-prisao-domiciliar\/\",\"url\":\"https:\/\/www.notibras.com\/site\/mendonca-manda-golpista-do-inss-para-a-prisao-domiciliar\/\",\"name\":\"Mendon\u00e7a manda golpista do INSS para a pris\u00e3o domiciliar - Notibras\",\"isPartOf\":{\"@id\":\"https:\/\/www.notibras.com\/site\/#website\"},\"primaryImageOfPage\":{\"@id\":\"https:\/\/www.notibras.com\/site\/mendonca-manda-golpista-do-inss-para-a-prisao-domiciliar\/#primaryimage\"},\"image\":{\"@id\":\"https:\/\/www.notibras.com\/site\/mendonca-manda-golpista-do-inss-para-a-prisao-domiciliar\/#primaryimage\"},\"thumbnailUrl\":\"https:\/\/www.notibras.com\/site\/wp-content\/uploads\/2026\/01\/52441529977_f3565b5d7d_o-4.webp\",\"datePublished\":\"2026-01-19T18:46:32+00:00\",\"dateModified\":\"2026-01-19T22:48:59+00:00\",\"breadcrumb\":{\"@id\":\"https:\/\/www.notibras.com\/site\/mendonca-manda-golpista-do-inss-para-a-prisao-domiciliar\/#breadcrumb\"},\"inLanguage\":\"pt-BR\",\"potentialAction\":[{\"@type\":\"ReadAction\",\"target\":[\"https:\/\/www.notibras.com\/site\/mendonca-manda-golpista-do-inss-para-a-prisao-domiciliar\/\"]}]},{\"@type\":\"ImageObject\",\"inLanguage\":\"pt-BR\",\"@id\":\"https:\/\/www.notibras.com\/site\/mendonca-manda-golpista-do-inss-para-a-prisao-domiciliar\/#primaryimage\",\"url\":\"https:\/\/www.notibras.com\/site\/wp-content\/uploads\/2026\/01\/52441529977_f3565b5d7d_o-4.webp\",\"contentUrl\":\"https:\/\/www.notibras.com\/site\/wp-content\/uploads\/2026\/01\/52441529977_f3565b5d7d_o-4.webp\",\"width\":1170,\"height\":700},{\"@type\":\"BreadcrumbList\",\"@id\":\"https:\/\/www.notibras.com\/site\/mendonca-manda-golpista-do-inss-para-a-prisao-domiciliar\/#breadcrumb\",\"itemListElement\":[{\"@type\":\"ListItem\",\"position\":1,\"name\":\"In\u00edcio\",\"item\":\"https:\/\/www.notibras.com\/site\/\"},{\"@type\":\"ListItem\",\"position\":2,\"name\":\"Mendon\u00e7a manda golpista do INSS para a pris\u00e3o domiciliar\"}]},{\"@type\":\"WebSite\",\"@id\":\"https:\/\/www.notibras.com\/site\/#website\",\"url\":\"https:\/\/www.notibras.com\/site\/\",\"name\":\"Notibras\",\"description\":\"Not\u00edcias de Bras\u00edlia, do Brasil e do Mundo\",\"publisher\":{\"@id\":\"https:\/\/www.notibras.com\/site\/#organization\"},\"potentialAction\":[{\"@type\":\"SearchAction\",\"target\":{\"@type\":\"EntryPoint\",\"urlTemplate\":\"https:\/\/www.notibras.com\/site\/?s={search_term_string}\"},\"query-input\":{\"@type\":\"PropertyValueSpecification\",\"valueRequired\":true,\"valueName\":\"search_term_string\"}}],\"inLanguage\":\"pt-BR\"},{\"@type\":\"Organization\",\"@id\":\"https:\/\/www.notibras.com\/site\/#organization\",\"name\":\"Grupo Notibras de Comunica\u00e7\u00e3o\",\"url\":\"https:\/\/www.notibras.com\/site\/\",\"logo\":{\"@type\":\"ImageObject\",\"inLanguage\":\"pt-BR\",\"@id\":\"https:\/\/www.notibras.com\/site\/#\/schema\/logo\/image\/\",\"url\":\"https:\/\/www.notibras.com\/site\/wp-content\/uploads\/2023\/01\/notibras23.png\",\"contentUrl\":\"https:\/\/www.notibras.com\/site\/wp-content\/uploads\/2023\/01\/notibras23.png\",\"width\":350,\"height\":87,\"caption\":\"Grupo Notibras de Comunica\u00e7\u00e3o\"},\"image\":{\"@id\":\"https:\/\/www.notibras.com\/site\/#\/schema\/logo\/image\/\"},\"sameAs\":[\"https:\/\/www.facebook.com\/notibras\/\",\"https:\/\/x.com\/Notibras\",\"https:\/\/www.instagram.com\/notibras\/\"]},{\"@type\":\"Person\",\"@id\":\"https:\/\/www.notibras.com\/site\/#\/schema\/person\/36ab0979449956132d3e5b517ea76ac8\",\"name\":\"Reda\u00e7\u00e3o\",\"image\":{\"@type\":\"ImageObject\",\"inLanguage\":\"pt-BR\",\"@id\":\"https:\/\/secure.gravatar.com\/avatar\/e0a867bdedb85fd243eadf09663511f96fc81e0720a4a42581f334ad4303aa6b?s=96&d=mm&r=g\",\"url\":\"https:\/\/secure.gravatar.com\/avatar\/e0a867bdedb85fd243eadf09663511f96fc81e0720a4a42581f334ad4303aa6b?s=96&d=mm&r=g\",\"contentUrl\":\"https:\/\/secure.gravatar.com\/avatar\/e0a867bdedb85fd243eadf09663511f96fc81e0720a4a42581f334ad4303aa6b?s=96&d=mm&r=g\",\"caption\":\"Reda\u00e7\u00e3o\"}}]}<\/script>\n<!-- \/ Yoast SEO plugin. -->","yoast_head_json":{"title":"Mendon\u00e7a manda golpista do INSS para a pris\u00e3o domiciliar - Notibras","robots":{"index":"index","follow":"follow","max-snippet":"max-snippet:-1","max-image-preview":"max-image-preview:large","max-video-preview":"max-video-preview:-1"},"canonical":"https:\/\/www.notibras.com\/site\/mendonca-manda-golpista-do-inss-para-a-prisao-domiciliar\/","og_locale":"pt_BR","og_type":"article","og_title":"Mendon\u00e7a manda golpista do INSS para a pris\u00e3o domiciliar - Notibras","og_description":"O ministro Andr\u00e9 Mendon\u00e7a, do Supremo Tribunal Federal (STF), converteu em domiciliar a pris\u00e3o preventiva de Silvio Feitoza, um dos alvos na investiga\u00e7\u00e3o sobre descontos ilegais em aposentadorias do Instituto Nacional do Seguro Social (INSS). Preso em dezembro, em uma das fases da Opera\u00e7\u00e3o Sem Desconto, Feitoza \u00e9 apontado como esp\u00e9cie de gestor financeiro de [&hellip;]","og_url":"https:\/\/www.notibras.com\/site\/mendonca-manda-golpista-do-inss-para-a-prisao-domiciliar\/","og_site_name":"Notibras","article_publisher":"https:\/\/www.facebook.com\/notibras\/","article_published_time":"2026-01-19T18:46:32+00:00","article_modified_time":"2026-01-19T22:48:59+00:00","og_image":[{"width":1170,"height":700,"url":"https:\/\/www.notibras.com\/site\/wp-content\/uploads\/2026\/01\/52441529977_f3565b5d7d_o-4.webp","type":"image\/webp"}],"author":"Reda\u00e7\u00e3o","twitter_card":"summary_large_image","twitter_creator":"@Notibras","twitter_site":"@Notibras","twitter_misc":{"Escrito por":"Reda\u00e7\u00e3o","Est. tempo de leitura":"2 minutos"},"schema":{"@context":"https:\/\/schema.org","@graph":[{"@type":"Article","@id":"https:\/\/www.notibras.com\/site\/mendonca-manda-golpista-do-inss-para-a-prisao-domiciliar\/#article","isPartOf":{"@id":"https:\/\/www.notibras.com\/site\/mendonca-manda-golpista-do-inss-para-a-prisao-domiciliar\/"},"author":{"name":"Reda\u00e7\u00e3o","@id":"https:\/\/www.notibras.com\/site\/#\/schema\/person\/36ab0979449956132d3e5b517ea76ac8"},"headline":"Mendon\u00e7a manda golpista do INSS para a pris\u00e3o domiciliar","datePublished":"2026-01-19T18:46:32+00:00","dateModified":"2026-01-19T22:48:59+00:00","mainEntityOfPage":{"@id":"https:\/\/www.notibras.com\/site\/mendonca-manda-golpista-do-inss-para-a-prisao-domiciliar\/"},"wordCount":354,"publisher":{"@id":"https:\/\/www.notibras.com\/site\/#organization"},"image":{"@id":"https:\/\/www.notibras.com\/site\/mendonca-manda-golpista-do-inss-para-a-prisao-domiciliar\/#primaryimage"},"thumbnailUrl":"https:\/\/www.notibras.com\/site\/wp-content\/uploads\/2026\/01\/52441529977_f3565b5d7d_o-4.webp","keywords":["capa"],"articleSection":["Brasil"],"inLanguage":"pt-BR"},{"@type":"WebPage","@id":"https:\/\/www.notibras.com\/site\/mendonca-manda-golpista-do-inss-para-a-prisao-domiciliar\/","url":"https:\/\/www.notibras.com\/site\/mendonca-manda-golpista-do-inss-para-a-prisao-domiciliar\/","name":"Mendon\u00e7a manda golpista do INSS para a pris\u00e3o domiciliar - Notibras","isPartOf":{"@id":"https:\/\/www.notibras.com\/site\/#website"},"primaryImageOfPage":{"@id":"https:\/\/www.notibras.com\/site\/mendonca-manda-golpista-do-inss-para-a-prisao-domiciliar\/#primaryimage"},"image":{"@id":"https:\/\/www.notibras.com\/site\/mendonca-manda-golpista-do-inss-para-a-prisao-domiciliar\/#primaryimage"},"thumbnailUrl":"https:\/\/www.notibras.com\/site\/wp-content\/uploads\/2026\/01\/52441529977_f3565b5d7d_o-4.webp","datePublished":"2026-01-19T18:46:32+00:00","dateModified":"2026-01-19T22:48:59+00:00","breadcrumb":{"@id":"https:\/\/www.notibras.com\/site\/mendonca-manda-golpista-do-inss-para-a-prisao-domiciliar\/#breadcrumb"},"inLanguage":"pt-BR","potentialAction":[{"@type":"ReadAction","target":["https:\/\/www.notibras.com\/site\/mendonca-manda-golpista-do-inss-para-a-prisao-domiciliar\/"]}]},{"@type":"ImageObject","inLanguage":"pt-BR","@id":"https:\/\/www.notibras.com\/site\/mendonca-manda-golpista-do-inss-para-a-prisao-domiciliar\/#primaryimage","url":"https:\/\/www.notibras.com\/site\/wp-content\/uploads\/2026\/01\/52441529977_f3565b5d7d_o-4.webp","contentUrl":"https:\/\/www.notibras.com\/site\/wp-content\/uploads\/2026\/01\/52441529977_f3565b5d7d_o-4.webp","width":1170,"height":700},{"@type":"BreadcrumbList","@id":"https:\/\/www.notibras.com\/site\/mendonca-manda-golpista-do-inss-para-a-prisao-domiciliar\/#breadcrumb","itemListElement":[{"@type":"ListItem","position":1,"name":"In\u00edcio","item":"https:\/\/www.notibras.com\/site\/"},{"@type":"ListItem","position":2,"name":"Mendon\u00e7a manda golpista do INSS para a pris\u00e3o domiciliar"}]},{"@type":"WebSite","@id":"https:\/\/www.notibras.com\/site\/#website","url":"https:\/\/www.notibras.com\/site\/","name":"Notibras","description":"Not\u00edcias de Bras\u00edlia, do Brasil e do Mundo","publisher":{"@id":"https:\/\/www.notibras.com\/site\/#organization"},"potentialAction":[{"@type":"SearchAction","target":{"@type":"EntryPoint","urlTemplate":"https:\/\/www.notibras.com\/site\/?s={search_term_string}"},"query-input":{"@type":"PropertyValueSpecification","valueRequired":true,"valueName":"search_term_string"}}],"inLanguage":"pt-BR"},{"@type":"Organization","@id":"https:\/\/www.notibras.com\/site\/#organization","name":"Grupo Notibras de Comunica\u00e7\u00e3o","url":"https:\/\/www.notibras.com\/site\/","logo":{"@type":"ImageObject","inLanguage":"pt-BR","@id":"https:\/\/www.notibras.com\/site\/#\/schema\/logo\/image\/","url":"https:\/\/www.notibras.com\/site\/wp-content\/uploads\/2023\/01\/notibras23.png","contentUrl":"https:\/\/www.notibras.com\/site\/wp-content\/uploads\/2023\/01\/notibras23.png","width":350,"height":87,"caption":"Grupo Notibras de Comunica\u00e7\u00e3o"},"image":{"@id":"https:\/\/www.notibras.com\/site\/#\/schema\/logo\/image\/"},"sameAs":["https:\/\/www.facebook.com\/notibras\/","https:\/\/x.com\/Notibras","https:\/\/www.instagram.com\/notibras\/"]},{"@type":"Person","@id":"https:\/\/www.notibras.com\/site\/#\/schema\/person\/36ab0979449956132d3e5b517ea76ac8","name":"Reda\u00e7\u00e3o","image":{"@type":"ImageObject","inLanguage":"pt-BR","@id":"https:\/\/secure.gravatar.com\/avatar\/e0a867bdedb85fd243eadf09663511f96fc81e0720a4a42581f334ad4303aa6b?s=96&d=mm&r=g","url":"https:\/\/secure.gravatar.com\/avatar\/e0a867bdedb85fd243eadf09663511f96fc81e0720a4a42581f334ad4303aa6b?s=96&d=mm&r=g","contentUrl":"https:\/\/secure.gravatar.com\/avatar\/e0a867bdedb85fd243eadf09663511f96fc81e0720a4a42581f334ad4303aa6b?s=96&d=mm&r=g","caption":"Reda\u00e7\u00e3o"}}]}},"amp_enabled":true,"_links":{"self":[{"href":"https:\/\/www.notibras.com\/site\/wp-json\/wp\/v2\/posts\/379720","targetHints":{"allow":["GET"]}}],"collection":[{"href":"https:\/\/www.notibras.com\/site\/wp-json\/wp\/v2\/posts"}],"about":[{"href":"https:\/\/www.notibras.com\/site\/wp-json\/wp\/v2\/types\/post"}],"author":[{"embeddable":true,"href":"https:\/\/www.notibras.com\/site\/wp-json\/wp\/v2\/users\/2"}],"replies":[{"embeddable":true,"href":"https:\/\/www.notibras.com\/site\/wp-json\/wp\/v2\/comments?post=379720"}],"version-history":[{"count":1,"href":"https:\/\/www.notibras.com\/site\/wp-json\/wp\/v2\/posts\/379720\/revisions"}],"predecessor-version":[{"id":379724,"href":"https:\/\/www.notibras.com\/site\/wp-json\/wp\/v2\/posts\/379720\/revisions\/379724"}],"wp:featuredmedia":[{"embeddable":true,"href":"https:\/\/www.notibras.com\/site\/wp-json\/wp\/v2\/media\/379723"}],"wp:attachment":[{"href":"https:\/\/www.notibras.com\/site\/wp-json\/wp\/v2\/media?parent=379720"}],"wp:term":[{"taxonomy":"category","embeddable":true,"href":"https:\/\/www.notibras.com\/site\/wp-json\/wp\/v2\/categories?post=379720"},{"taxonomy":"post_tag","embeddable":true,"href":"https:\/\/www.notibras.com\/site\/wp-json\/wp\/v2\/tags?post=379720"}],"curies":[{"name":"wp","href":"https:\/\/api.w.org\/{rel}","templated":true}]}}