{"id":379721,"date":"2026-01-20T00:30:49","date_gmt":"2026-01-20T03:30:49","guid":{"rendered":"https:\/\/www.notibras.com\/site\/?p=379721"},"modified":"2026-01-19T22:35:02","modified_gmt":"2026-01-20T01:35:02","slug":"tres-mortes-suspeitas-de-pacientes-em-hospital-particular","status":"publish","type":"post","link":"https:\/\/www.notibras.com\/site\/tres-mortes-suspeitas-de-pacientes-em-hospital-particular\/","title":{"rendered":"TR\u00caS MORTES SUSPEITAS DE PACIENTES EM HOSPITAL PARTICULAR"},"content":{"rendered":"<p>A Pol\u00edcia Civil do Distrito Federal prendeu tr\u00eas t\u00e9cnicos de enfermagem que trabalhavam no Hospital Anchieta, em Taguatinga, por suspeita de terem assassinado tr\u00eas pacientes entre novembro e dezembro de 2025. Os t\u00e9cnicos s\u00e3o acusados de injetar doses altas de um medicamento nos pacientes, utilizando-o como veneno.<\/p>\n<p><strong>AS V\u00cdTIMAS<\/strong><\/p>\n<p>&#8211; Miranilde Pereira da Silva, 75 anos, professora aposentada de Taguatinga<br \/>\n&#8211; Jo\u00e3o Clemente Pereira, 63 anos, servidor p\u00fablico do Riacho Fundo I<br \/>\n&#8211; Marcos Raymundo Fernandes Moreira, 33 anos, servidor p\u00fablico de Brazl\u00e2ndia<\/p>\n<p><strong>AS INVESTIGA\u00c7\u00d5ES<\/strong><\/p>\n<p>As investiga\u00e7\u00f5es come\u00e7aram ap\u00f3s a piora s\u00fabita das v\u00edtimas chamar a aten\u00e7\u00e3o do hospital e dos investigadores. As imagens das c\u00e2meras de seguran\u00e7a da Unidade de Terapia Intensiva mostraram que os medicamentos eram aplicados em momentos de piora das v\u00edtimas.<\/p>\n<p><strong>O SUSPEITO PRINCIPAL<\/strong><\/p>\n<p>O t\u00e9cnico de enfermagem apontado como principal suspeito, Marcos Vin\u00edcius Silva Barbosa de Ara\u00fajo, de 24 anos, usou uma seringa para fazer 13 aplica\u00e7\u00f5es de desinfetante em uma das v\u00edtimas, uma mulher de 75 anos. Ele tamb\u00e9m usou a senha de um m\u00e9dico da institui\u00e7\u00e3o para emitir uma receita fraudulenta do medicamento. As presas s\u00e3o Amanda Rodrigues de Sousa e Marcela Camilly Alves da Silva.<\/p>\n<p><strong>A REA\u00c7\u00c3O DO HOSPITAL<\/strong><\/p>\n<p>O Hospital Anchieta disse que, ao identificar circunst\u00e2ncias at\u00edpicas relacionadas a tr\u00eas \u00f3bitos na Unidade de Terapia Intensiva, instaurou um comit\u00ea interno para investigar os casos e, a partir dos resultados, pediu a abertura de um inqu\u00e9rito policial.<\/p>\n<p><strong>A POSI\u00c7\u00c3O DA FAM\u00cdLIA<\/strong><\/p>\n<p>A fam\u00edlia de Jo\u00e3o Clemente disse que acreditava que a morte havia ocorrido por &#8220;causas naturais&#8221; e que a informa\u00e7\u00e3o sobre a suspeita de um crime s\u00f3 chegou no dia 16 de janeiro.<\/p>\n<p><strong>O QUE DIZ O CONSELHO DE ENFERMAGEM<\/strong><\/p>\n<p>O Conselho Regional de Enfermagem do Distrito Federal (Coren-DF) informou que est\u00e1 acompanhando o caso e adotando as provid\u00eancias cab\u00edveis no \u00e2mbito de sua compet\u00eancia legal.<\/p>\n","protected":false},"excerpt":{"rendered":"<p>A Pol\u00edcia Civil do Distrito Federal prendeu tr\u00eas t\u00e9cnicos de enfermagem que trabalhavam no Hospital Anchieta, em Taguatinga, por suspeita de terem assassinado tr\u00eas pacientes entre novembro e dezembro de 2025. Os t\u00e9cnicos s\u00e3o acusados de injetar doses altas de um medicamento nos pacientes, utilizando-o como veneno. AS V\u00cdTIMAS &#8211; Miranilde Pereira da Silva, 75 [&hellip;]<\/p>\n","protected":false},"author":21,"featured_media":379730,"comment_status":"closed","ping_status":"closed","sticky":false,"template":"","format":"standard","meta":{"_acf_changed":false,"footnotes":""},"categories":[161],"tags":[],"class_list":["post-379721","post","type-post","status-publish","format-standard","has-post-thumbnail","hentry","category-quadradinho-em-foco"],"acf":[],"yoast_head":"<!-- This site is optimized with the Yoast SEO plugin v27.2 - https:\/\/yoast.com\/product\/yoast-seo-wordpress\/ -->\n<title>TR\u00caS MORTES SUSPEITAS DE PACIENTES EM HOSPITAL PARTICULAR - Notibras<\/title>\n<meta name=\"robots\" content=\"index, follow, max-snippet:-1, max-image-preview:large, max-video-preview:-1\" \/>\n<link rel=\"canonical\" href=\"https:\/\/www.notibras.com\/site\/tres-mortes-suspeitas-de-pacientes-em-hospital-particular\/\" \/>\n<meta property=\"og:locale\" content=\"pt_BR\" \/>\n<meta property=\"og:type\" content=\"article\" \/>\n<meta property=\"og:title\" content=\"TR\u00caS MORTES SUSPEITAS DE PACIENTES EM HOSPITAL PARTICULAR - Notibras\" \/>\n<meta property=\"og:description\" content=\"A Pol\u00edcia Civil do Distrito Federal prendeu tr\u00eas t\u00e9cnicos de enfermagem que trabalhavam no Hospital Anchieta, em Taguatinga, por suspeita de terem assassinado tr\u00eas pacientes entre novembro e dezembro de 2025. Os t\u00e9cnicos s\u00e3o acusados de injetar doses altas de um medicamento nos pacientes, utilizando-o como veneno. AS V\u00cdTIMAS &#8211; Miranilde Pereira da Silva, 75 [&hellip;]\" \/>\n<meta property=\"og:url\" content=\"https:\/\/www.notibras.com\/site\/tres-mortes-suspeitas-de-pacientes-em-hospital-particular\/\" \/>\n<meta property=\"og:site_name\" content=\"Notibras\" \/>\n<meta property=\"article:publisher\" content=\"https:\/\/www.facebook.com\/notibras\/\" \/>\n<meta property=\"article:published_time\" content=\"2026-01-20T03:30:49+00:00\" \/>\n<meta property=\"og:image\" content=\"https:\/\/www.notibras.com\/site\/wp-content\/uploads\/2026\/01\/WhatsApp-Image-2026-01-19-at-20.02.45.jpeg\" \/>\n\t<meta property=\"og:image:width\" content=\"888\" \/>\n\t<meta property=\"og:image:height\" content=\"500\" \/>\n\t<meta property=\"og:image:type\" content=\"image\/jpeg\" \/>\n<meta name=\"author\" content=\"Eduardo Mart\u00ednez\" \/>\n<meta name=\"twitter:card\" content=\"summary_large_image\" \/>\n<meta name=\"twitter:creator\" content=\"@Notibras\" \/>\n<meta name=\"twitter:site\" content=\"@Notibras\" \/>\n<meta name=\"twitter:label1\" content=\"Escrito por\" \/>\n\t<meta name=\"twitter:data1\" content=\"Eduardo Mart\u00ednez\" \/>\n\t<meta name=\"twitter:label2\" content=\"Est. tempo de leitura\" \/>\n\t<meta name=\"twitter:data2\" content=\"2 minutos\" \/>\n<script type=\"application\/ld+json\" class=\"yoast-schema-graph\">{\"@context\":\"https:\/\/schema.org\",\"@graph\":[{\"@type\":\"Article\",\"@id\":\"https:\/\/www.notibras.com\/site\/tres-mortes-suspeitas-de-pacientes-em-hospital-particular\/#article\",\"isPartOf\":{\"@id\":\"https:\/\/www.notibras.com\/site\/tres-mortes-suspeitas-de-pacientes-em-hospital-particular\/\"},\"author\":{\"name\":\"Eduardo Mart\u00ednez\",\"@id\":\"https:\/\/www.notibras.com\/site\/#\/schema\/person\/5b7fabf2aedc3ada2105f03b22b4d3dd\"},\"headline\":\"TR\u00caS MORTES SUSPEITAS DE PACIENTES EM HOSPITAL PARTICULAR\",\"datePublished\":\"2026-01-20T03:30:49+00:00\",\"mainEntityOfPage\":{\"@id\":\"https:\/\/www.notibras.com\/site\/tres-mortes-suspeitas-de-pacientes-em-hospital-particular\/\"},\"wordCount\":349,\"publisher\":{\"@id\":\"https:\/\/www.notibras.com\/site\/#organization\"},\"image\":{\"@id\":\"https:\/\/www.notibras.com\/site\/tres-mortes-suspeitas-de-pacientes-em-hospital-particular\/#primaryimage\"},\"thumbnailUrl\":\"https:\/\/www.notibras.com\/site\/wp-content\/uploads\/2026\/01\/WhatsApp-Image-2026-01-19-at-20.02.45.jpeg\",\"articleSection\":[\"Quadradinho em Foco\"],\"inLanguage\":\"pt-BR\"},{\"@type\":\"WebPage\",\"@id\":\"https:\/\/www.notibras.com\/site\/tres-mortes-suspeitas-de-pacientes-em-hospital-particular\/\",\"url\":\"https:\/\/www.notibras.com\/site\/tres-mortes-suspeitas-de-pacientes-em-hospital-particular\/\",\"name\":\"TR\u00caS MORTES SUSPEITAS DE PACIENTES EM HOSPITAL PARTICULAR - Notibras\",\"isPartOf\":{\"@id\":\"https:\/\/www.notibras.com\/site\/#website\"},\"primaryImageOfPage\":{\"@id\":\"https:\/\/www.notibras.com\/site\/tres-mortes-suspeitas-de-pacientes-em-hospital-particular\/#primaryimage\"},\"image\":{\"@id\":\"https:\/\/www.notibras.com\/site\/tres-mortes-suspeitas-de-pacientes-em-hospital-particular\/#primaryimage\"},\"thumbnailUrl\":\"https:\/\/www.notibras.com\/site\/wp-content\/uploads\/2026\/01\/WhatsApp-Image-2026-01-19-at-20.02.45.jpeg\",\"datePublished\":\"2026-01-20T03:30:49+00:00\",\"breadcrumb\":{\"@id\":\"https:\/\/www.notibras.com\/site\/tres-mortes-suspeitas-de-pacientes-em-hospital-particular\/#breadcrumb\"},\"inLanguage\":\"pt-BR\",\"potentialAction\":[{\"@type\":\"ReadAction\",\"target\":[\"https:\/\/www.notibras.com\/site\/tres-mortes-suspeitas-de-pacientes-em-hospital-particular\/\"]}]},{\"@type\":\"ImageObject\",\"inLanguage\":\"pt-BR\",\"@id\":\"https:\/\/www.notibras.com\/site\/tres-mortes-suspeitas-de-pacientes-em-hospital-particular\/#primaryimage\",\"url\":\"https:\/\/www.notibras.com\/site\/wp-content\/uploads\/2026\/01\/WhatsApp-Image-2026-01-19-at-20.02.45.jpeg\",\"contentUrl\":\"https:\/\/www.notibras.com\/site\/wp-content\/uploads\/2026\/01\/WhatsApp-Image-2026-01-19-at-20.02.45.jpeg\",\"width\":888,\"height\":500},{\"@type\":\"BreadcrumbList\",\"@id\":\"https:\/\/www.notibras.com\/site\/tres-mortes-suspeitas-de-pacientes-em-hospital-particular\/#breadcrumb\",\"itemListElement\":[{\"@type\":\"ListItem\",\"position\":1,\"name\":\"In\u00edcio\",\"item\":\"https:\/\/www.notibras.com\/site\/\"},{\"@type\":\"ListItem\",\"position\":2,\"name\":\"TR\u00caS MORTES SUSPEITAS DE PACIENTES EM HOSPITAL PARTICULAR\"}]},{\"@type\":\"WebSite\",\"@id\":\"https:\/\/www.notibras.com\/site\/#website\",\"url\":\"https:\/\/www.notibras.com\/site\/\",\"name\":\"Notibras\",\"description\":\"Not\u00edcias de Bras\u00edlia, do Brasil e do Mundo\",\"publisher\":{\"@id\":\"https:\/\/www.notibras.com\/site\/#organization\"},\"potentialAction\":[{\"@type\":\"SearchAction\",\"target\":{\"@type\":\"EntryPoint\",\"urlTemplate\":\"https:\/\/www.notibras.com\/site\/?s={search_term_string}\"},\"query-input\":{\"@type\":\"PropertyValueSpecification\",\"valueRequired\":true,\"valueName\":\"search_term_string\"}}],\"inLanguage\":\"pt-BR\"},{\"@type\":\"Organization\",\"@id\":\"https:\/\/www.notibras.com\/site\/#organization\",\"name\":\"Grupo Notibras de Comunica\u00e7\u00e3o\",\"url\":\"https:\/\/www.notibras.com\/site\/\",\"logo\":{\"@type\":\"ImageObject\",\"inLanguage\":\"pt-BR\",\"@id\":\"https:\/\/www.notibras.com\/site\/#\/schema\/logo\/image\/\",\"url\":\"https:\/\/www.notibras.com\/site\/wp-content\/uploads\/2023\/01\/notibras23.png\",\"contentUrl\":\"https:\/\/www.notibras.com\/site\/wp-content\/uploads\/2023\/01\/notibras23.png\",\"width\":350,\"height\":87,\"caption\":\"Grupo Notibras de Comunica\u00e7\u00e3o\"},\"image\":{\"@id\":\"https:\/\/www.notibras.com\/site\/#\/schema\/logo\/image\/\"},\"sameAs\":[\"https:\/\/www.facebook.com\/notibras\/\",\"https:\/\/x.com\/Notibras\",\"https:\/\/www.instagram.com\/notibras\/\"]},{\"@type\":\"Person\",\"@id\":\"https:\/\/www.notibras.com\/site\/#\/schema\/person\/5b7fabf2aedc3ada2105f03b22b4d3dd\",\"name\":\"Eduardo Mart\u00ednez\",\"image\":{\"@type\":\"ImageObject\",\"inLanguage\":\"pt-BR\",\"@id\":\"https:\/\/secure.gravatar.com\/avatar\/7902f906289926289cbcda644b5197c796b893c6ffd7b9a536a42d290f7704a0?s=96&d=mm&r=g\",\"url\":\"https:\/\/secure.gravatar.com\/avatar\/7902f906289926289cbcda644b5197c796b893c6ffd7b9a536a42d290f7704a0?s=96&d=mm&r=g\",\"contentUrl\":\"https:\/\/secure.gravatar.com\/avatar\/7902f906289926289cbcda644b5197c796b893c6ffd7b9a536a42d290f7704a0?s=96&d=mm&r=g\",\"caption\":\"Eduardo Mart\u00ednez\"}}]}<\/script>\n<!-- \/ Yoast SEO plugin. -->","yoast_head_json":{"title":"TR\u00caS MORTES SUSPEITAS DE PACIENTES EM HOSPITAL PARTICULAR - Notibras","robots":{"index":"index","follow":"follow","max-snippet":"max-snippet:-1","max-image-preview":"max-image-preview:large","max-video-preview":"max-video-preview:-1"},"canonical":"https:\/\/www.notibras.com\/site\/tres-mortes-suspeitas-de-pacientes-em-hospital-particular\/","og_locale":"pt_BR","og_type":"article","og_title":"TR\u00caS MORTES SUSPEITAS DE PACIENTES EM HOSPITAL PARTICULAR - Notibras","og_description":"A Pol\u00edcia Civil do Distrito Federal prendeu tr\u00eas t\u00e9cnicos de enfermagem que trabalhavam no Hospital Anchieta, em Taguatinga, por suspeita de terem assassinado tr\u00eas pacientes entre novembro e dezembro de 2025. Os t\u00e9cnicos s\u00e3o acusados de injetar doses altas de um medicamento nos pacientes, utilizando-o como veneno. AS V\u00cdTIMAS &#8211; Miranilde Pereira da Silva, 75 [&hellip;]","og_url":"https:\/\/www.notibras.com\/site\/tres-mortes-suspeitas-de-pacientes-em-hospital-particular\/","og_site_name":"Notibras","article_publisher":"https:\/\/www.facebook.com\/notibras\/","article_published_time":"2026-01-20T03:30:49+00:00","og_image":[{"width":888,"height":500,"url":"https:\/\/www.notibras.com\/site\/wp-content\/uploads\/2026\/01\/WhatsApp-Image-2026-01-19-at-20.02.45.jpeg","type":"image\/jpeg"}],"author":"Eduardo Mart\u00ednez","twitter_card":"summary_large_image","twitter_creator":"@Notibras","twitter_site":"@Notibras","twitter_misc":{"Escrito por":"Eduardo Mart\u00ednez","Est. tempo de leitura":"2 minutos"},"schema":{"@context":"https:\/\/schema.org","@graph":[{"@type":"Article","@id":"https:\/\/www.notibras.com\/site\/tres-mortes-suspeitas-de-pacientes-em-hospital-particular\/#article","isPartOf":{"@id":"https:\/\/www.notibras.com\/site\/tres-mortes-suspeitas-de-pacientes-em-hospital-particular\/"},"author":{"name":"Eduardo Mart\u00ednez","@id":"https:\/\/www.notibras.com\/site\/#\/schema\/person\/5b7fabf2aedc3ada2105f03b22b4d3dd"},"headline":"TR\u00caS MORTES SUSPEITAS DE PACIENTES EM HOSPITAL PARTICULAR","datePublished":"2026-01-20T03:30:49+00:00","mainEntityOfPage":{"@id":"https:\/\/www.notibras.com\/site\/tres-mortes-suspeitas-de-pacientes-em-hospital-particular\/"},"wordCount":349,"publisher":{"@id":"https:\/\/www.notibras.com\/site\/#organization"},"image":{"@id":"https:\/\/www.notibras.com\/site\/tres-mortes-suspeitas-de-pacientes-em-hospital-particular\/#primaryimage"},"thumbnailUrl":"https:\/\/www.notibras.com\/site\/wp-content\/uploads\/2026\/01\/WhatsApp-Image-2026-01-19-at-20.02.45.jpeg","articleSection":["Quadradinho em Foco"],"inLanguage":"pt-BR"},{"@type":"WebPage","@id":"https:\/\/www.notibras.com\/site\/tres-mortes-suspeitas-de-pacientes-em-hospital-particular\/","url":"https:\/\/www.notibras.com\/site\/tres-mortes-suspeitas-de-pacientes-em-hospital-particular\/","name":"TR\u00caS MORTES SUSPEITAS DE PACIENTES EM HOSPITAL PARTICULAR - Notibras","isPartOf":{"@id":"https:\/\/www.notibras.com\/site\/#website"},"primaryImageOfPage":{"@id":"https:\/\/www.notibras.com\/site\/tres-mortes-suspeitas-de-pacientes-em-hospital-particular\/#primaryimage"},"image":{"@id":"https:\/\/www.notibras.com\/site\/tres-mortes-suspeitas-de-pacientes-em-hospital-particular\/#primaryimage"},"thumbnailUrl":"https:\/\/www.notibras.com\/site\/wp-content\/uploads\/2026\/01\/WhatsApp-Image-2026-01-19-at-20.02.45.jpeg","datePublished":"2026-01-20T03:30:49+00:00","breadcrumb":{"@id":"https:\/\/www.notibras.com\/site\/tres-mortes-suspeitas-de-pacientes-em-hospital-particular\/#breadcrumb"},"inLanguage":"pt-BR","potentialAction":[{"@type":"ReadAction","target":["https:\/\/www.notibras.com\/site\/tres-mortes-suspeitas-de-pacientes-em-hospital-particular\/"]}]},{"@type":"ImageObject","inLanguage":"pt-BR","@id":"https:\/\/www.notibras.com\/site\/tres-mortes-suspeitas-de-pacientes-em-hospital-particular\/#primaryimage","url":"https:\/\/www.notibras.com\/site\/wp-content\/uploads\/2026\/01\/WhatsApp-Image-2026-01-19-at-20.02.45.jpeg","contentUrl":"https:\/\/www.notibras.com\/site\/wp-content\/uploads\/2026\/01\/WhatsApp-Image-2026-01-19-at-20.02.45.jpeg","width":888,"height":500},{"@type":"BreadcrumbList","@id":"https:\/\/www.notibras.com\/site\/tres-mortes-suspeitas-de-pacientes-em-hospital-particular\/#breadcrumb","itemListElement":[{"@type":"ListItem","position":1,"name":"In\u00edcio","item":"https:\/\/www.notibras.com\/site\/"},{"@type":"ListItem","position":2,"name":"TR\u00caS MORTES SUSPEITAS DE PACIENTES EM HOSPITAL PARTICULAR"}]},{"@type":"WebSite","@id":"https:\/\/www.notibras.com\/site\/#website","url":"https:\/\/www.notibras.com\/site\/","name":"Notibras","description":"Not\u00edcias de Bras\u00edlia, do Brasil e do Mundo","publisher":{"@id":"https:\/\/www.notibras.com\/site\/#organization"},"potentialAction":[{"@type":"SearchAction","target":{"@type":"EntryPoint","urlTemplate":"https:\/\/www.notibras.com\/site\/?s={search_term_string}"},"query-input":{"@type":"PropertyValueSpecification","valueRequired":true,"valueName":"search_term_string"}}],"inLanguage":"pt-BR"},{"@type":"Organization","@id":"https:\/\/www.notibras.com\/site\/#organization","name":"Grupo Notibras de Comunica\u00e7\u00e3o","url":"https:\/\/www.notibras.com\/site\/","logo":{"@type":"ImageObject","inLanguage":"pt-BR","@id":"https:\/\/www.notibras.com\/site\/#\/schema\/logo\/image\/","url":"https:\/\/www.notibras.com\/site\/wp-content\/uploads\/2023\/01\/notibras23.png","contentUrl":"https:\/\/www.notibras.com\/site\/wp-content\/uploads\/2023\/01\/notibras23.png","width":350,"height":87,"caption":"Grupo Notibras de Comunica\u00e7\u00e3o"},"image":{"@id":"https:\/\/www.notibras.com\/site\/#\/schema\/logo\/image\/"},"sameAs":["https:\/\/www.facebook.com\/notibras\/","https:\/\/x.com\/Notibras","https:\/\/www.instagram.com\/notibras\/"]},{"@type":"Person","@id":"https:\/\/www.notibras.com\/site\/#\/schema\/person\/5b7fabf2aedc3ada2105f03b22b4d3dd","name":"Eduardo Mart\u00ednez","image":{"@type":"ImageObject","inLanguage":"pt-BR","@id":"https:\/\/secure.gravatar.com\/avatar\/7902f906289926289cbcda644b5197c796b893c6ffd7b9a536a42d290f7704a0?s=96&d=mm&r=g","url":"https:\/\/secure.gravatar.com\/avatar\/7902f906289926289cbcda644b5197c796b893c6ffd7b9a536a42d290f7704a0?s=96&d=mm&r=g","contentUrl":"https:\/\/secure.gravatar.com\/avatar\/7902f906289926289cbcda644b5197c796b893c6ffd7b9a536a42d290f7704a0?s=96&d=mm&r=g","caption":"Eduardo Mart\u00ednez"}}]}},"amp_enabled":true,"_links":{"self":[{"href":"https:\/\/www.notibras.com\/site\/wp-json\/wp\/v2\/posts\/379721","targetHints":{"allow":["GET"]}}],"collection":[{"href":"https:\/\/www.notibras.com\/site\/wp-json\/wp\/v2\/posts"}],"about":[{"href":"https:\/\/www.notibras.com\/site\/wp-json\/wp\/v2\/types\/post"}],"author":[{"embeddable":true,"href":"https:\/\/www.notibras.com\/site\/wp-json\/wp\/v2\/users\/21"}],"replies":[{"embeddable":true,"href":"https:\/\/www.notibras.com\/site\/wp-json\/wp\/v2\/comments?post=379721"}],"version-history":[{"count":5,"href":"https:\/\/www.notibras.com\/site\/wp-json\/wp\/v2\/posts\/379721\/revisions"}],"predecessor-version":[{"id":379729,"href":"https:\/\/www.notibras.com\/site\/wp-json\/wp\/v2\/posts\/379721\/revisions\/379729"}],"wp:featuredmedia":[{"embeddable":true,"href":"https:\/\/www.notibras.com\/site\/wp-json\/wp\/v2\/media\/379730"}],"wp:attachment":[{"href":"https:\/\/www.notibras.com\/site\/wp-json\/wp\/v2\/media?parent=379721"}],"wp:term":[{"taxonomy":"category","embeddable":true,"href":"https:\/\/www.notibras.com\/site\/wp-json\/wp\/v2\/categories?post=379721"},{"taxonomy":"post_tag","embeddable":true,"href":"https:\/\/www.notibras.com\/site\/wp-json\/wp\/v2\/tags?post=379721"}],"curies":[{"name":"wp","href":"https:\/\/api.w.org\/{rel}","templated":true}]}}