{"id":379731,"date":"2026-01-20T00:15:14","date_gmt":"2026-01-20T03:15:14","guid":{"rendered":"https:\/\/www.notibras.com\/site\/?p=379731"},"modified":"2026-01-19T22:45:40","modified_gmt":"2026-01-20T01:45:40","slug":"entenda-a-diferenca-entre-os-sons-da-sirene-em-ambulancias","status":"publish","type":"post","link":"https:\/\/www.notibras.com\/site\/entenda-a-diferenca-entre-os-sons-da-sirene-em-ambulancias\/","title":{"rendered":"Entenda a diferen\u00e7a entre os sons da sirene em ambul\u00e2ncias"},"content":{"rendered":"<p>Voc\u00ea j\u00e1 parou para pensar por que o barulho das sirenes do <a href=\"https:\/\/www.saude.df.gov.br\/samu-192-df\">Servi\u00e7o de Atendimento M\u00f3vel de Urg\u00eancia do Distrito Federal (Samu-DF)<\/a> muda no meio do tr\u00e2nsito? Mais do que um simples alerta sonoro, cada varia\u00e7\u00e3o tem uma fun\u00e7\u00e3o estrat\u00e9gica, como avisar motoristas e pedestres sobre a aproxima\u00e7\u00e3o da ambul\u00e2ncia e garantir passagem r\u00e1pida e segura.<\/p>\n<p>Em 2025, o Samu-DF ultrapassou a marca de 643 mil atendimentos. Desses, cerca de 80 mil ocorr\u00eancias exigiram ambul\u00e2ncias. Para o condutor do Samu-DF Jos\u00e9 Jenecy dos Santos, os dados evidenciam como a aten\u00e7\u00e3o aos sinais sonoros faz diferen\u00e7a no tempo de resposta e na seguran\u00e7a das opera\u00e7\u00f5es.<\/p>\n<p>\u201cO reconhecimento da sirene \u00e9 importante para garantir a rapidez na assist\u00eancia e no deslocamento, seja para chegar ao paciente, seja para transport\u00e1-lo a uma unidade de sa\u00fade, onde receber\u00e1 o suporte necess\u00e1rio\u201d, explica Jenecy. \u201cPrecisamos de mobilidade e passagem para cumprir nossa miss\u00e3o.\u201d<\/p>\n<p style=\"text-align: center;\"><img loading=\"lazy\" decoding=\"async\" class=\"alignnone wp-image-379733\" src=\"https:\/\/www.notibras.com\/site\/wp-content\/uploads\/2026\/01\/19.1.-Samu.-arte-para-site-2026-300x200.jpeg\" alt=\"\" width=\"549\" height=\"366\" srcset=\"https:\/\/www.notibras.com\/site\/wp-content\/uploads\/2026\/01\/19.1.-Samu.-arte-para-site-2026-300x200.jpeg 300w, https:\/\/www.notibras.com\/site\/wp-content\/uploads\/2026\/01\/19.1.-Samu.-arte-para-site-2026-1024x683.jpeg 1024w, https:\/\/www.notibras.com\/site\/wp-content\/uploads\/2026\/01\/19.1.-Samu.-arte-para-site-2026-768x512.jpeg 768w, https:\/\/www.notibras.com\/site\/wp-content\/uploads\/2026\/01\/19.1.-Samu.-arte-para-site-2026.jpeg 1536w\" sizes=\"auto, (max-width: 549px) 100vw, 549px\" \/><\/p>\n<p><strong>Sinais sonoros<\/strong><\/p>\n<p>As ambul\u00e2ncias do Samu-DF operam com quatro padr\u00f5es distintos de sirene, escolhidos conforme o tipo de via e a din\u00e2mica do tr\u00e1fego. Em trechos mais abertos, como rodovias, o som adotado \u00e9 o wail, prolongado e oscilante. Ele indica deslocamento em maior velocidade e permite que os motoristas percebam a aproxima\u00e7\u00e3o com anteced\u00eancia, reduzindo riscos de freadas bruscas e manobras inesperadas.<\/p>\n<p>Nas cidades, onde o tr\u00e1fego costuma ser mais denso, entra em a\u00e7\u00e3o o yelp, um sinal mais curto e agudo. Esse padr\u00e3o \u00e9 usado para solicitar passagem em congestionamentos, facilitando a identifica\u00e7\u00e3o r\u00e1pida da ambul\u00e2ncia e a abertura imediata de espa\u00e7o entre os ve\u00edculos.<\/p>\n<p>O piercer, tamb\u00e9m chamado de blipper, emite som curto, agudo e mais r\u00e1pido. \u00c9 um alerta mais incisivo, pensado para locais com pouca visibilidade ou espa\u00e7o limitado. Em rotat\u00f3rias, curvas fechadas, vias estreitas e corredores apertados, esse som ajuda o motorista a perceber com precis\u00e3o de onde vem a ambul\u00e2ncia, agilizando a rea\u00e7\u00e3o.<\/p>\n<p>J\u00e1 o f\u00e1-d\u00f3 apresenta um padr\u00e3o simples, alternando duas notas. Menos agressivo, costuma ser aplicado em deslocamentos de baixa velocidade, como \u00e1reas hospitalares ou durante manobras, quando o objetivo \u00e9 sinalizar presen\u00e7a sem gerar impacto excessivo. Tamb\u00e9m auxilia na identifica\u00e7\u00e3o de ambul\u00e2ncias em comboios, mantendo a organiza\u00e7\u00e3o do tr\u00e1fego ao redor.<\/p>\n<p>No dia a dia, esses sons n\u00e3o funcionam de forma isolada. Durante um mesmo deslocamento, a equipe pode alternar os padr\u00f5es conforme o cen\u00e1rio muda. \u201cO conjunto desses sons transforma a sirene em uma ferramenta de comunica\u00e7\u00e3o ativa com o tr\u00e2nsito, contribuindo para a seguran\u00e7a de motoristas, pedestres e das pr\u00f3prias equipes de atendimento\u201d, complementa Jenecy.<\/p>\n","protected":false},"excerpt":{"rendered":"<p>Voc\u00ea j\u00e1 parou para pensar por que o barulho das sirenes do Servi\u00e7o de Atendimento M\u00f3vel de Urg\u00eancia do Distrito Federal (Samu-DF) muda no meio do tr\u00e2nsito? Mais do que um simples alerta sonoro, cada varia\u00e7\u00e3o tem uma fun\u00e7\u00e3o estrat\u00e9gica, como avisar motoristas e pedestres sobre a aproxima\u00e7\u00e3o da ambul\u00e2ncia e garantir passagem r\u00e1pida e [&hellip;]<\/p>\n","protected":false},"author":21,"featured_media":379732,"comment_status":"closed","ping_status":"closed","sticky":false,"template":"","format":"standard","meta":{"_acf_changed":false,"footnotes":""},"categories":[161],"tags":[],"class_list":["post-379731","post","type-post","status-publish","format-standard","has-post-thumbnail","hentry","category-quadradinho-em-foco"],"acf":[],"yoast_head":"<!-- This site is optimized with the Yoast SEO plugin v27.2 - https:\/\/yoast.com\/product\/yoast-seo-wordpress\/ -->\n<title>Entenda a diferen\u00e7a entre os sons da sirene em ambul\u00e2ncias - Notibras<\/title>\n<meta name=\"robots\" content=\"index, follow, max-snippet:-1, max-image-preview:large, max-video-preview:-1\" \/>\n<link rel=\"canonical\" href=\"https:\/\/www.notibras.com\/site\/entenda-a-diferenca-entre-os-sons-da-sirene-em-ambulancias\/\" \/>\n<meta property=\"og:locale\" content=\"pt_BR\" \/>\n<meta property=\"og:type\" content=\"article\" \/>\n<meta property=\"og:title\" content=\"Entenda a diferen\u00e7a entre os sons da sirene em ambul\u00e2ncias - Notibras\" \/>\n<meta property=\"og:description\" content=\"Voc\u00ea j\u00e1 parou para pensar por que o barulho das sirenes do Servi\u00e7o de Atendimento M\u00f3vel de Urg\u00eancia do Distrito Federal (Samu-DF) muda no meio do tr\u00e2nsito? Mais do que um simples alerta sonoro, cada varia\u00e7\u00e3o tem uma fun\u00e7\u00e3o estrat\u00e9gica, como avisar motoristas e pedestres sobre a aproxima\u00e7\u00e3o da ambul\u00e2ncia e garantir passagem r\u00e1pida e [&hellip;]\" \/>\n<meta property=\"og:url\" content=\"https:\/\/www.notibras.com\/site\/entenda-a-diferenca-entre-os-sons-da-sirene-em-ambulancias\/\" \/>\n<meta property=\"og:site_name\" content=\"Notibras\" \/>\n<meta property=\"article:publisher\" content=\"https:\/\/www.facebook.com\/notibras\/\" \/>\n<meta property=\"article:published_time\" content=\"2026-01-20T03:15:14+00:00\" \/>\n<meta property=\"og:image\" content=\"https:\/\/www.notibras.com\/site\/wp-content\/uploads\/2026\/01\/19.1.-Samu.-Jenecy.-Foto-Matheus-Oliveira-Agencia-Saude-DF-scaled.jpg\" \/>\n\t<meta property=\"og:image:width\" content=\"2560\" \/>\n\t<meta property=\"og:image:height\" content=\"1696\" \/>\n\t<meta property=\"og:image:type\" content=\"image\/jpeg\" \/>\n<meta name=\"author\" content=\"Eduardo Mart\u00ednez\" \/>\n<meta name=\"twitter:card\" content=\"summary_large_image\" \/>\n<meta name=\"twitter:creator\" content=\"@Notibras\" \/>\n<meta name=\"twitter:site\" content=\"@Notibras\" \/>\n<meta name=\"twitter:label1\" content=\"Escrito por\" \/>\n\t<meta name=\"twitter:data1\" content=\"Eduardo Mart\u00ednez\" \/>\n\t<meta name=\"twitter:label2\" content=\"Est. tempo de leitura\" \/>\n\t<meta name=\"twitter:data2\" content=\"3 minutos\" \/>\n<script type=\"application\/ld+json\" class=\"yoast-schema-graph\">{\"@context\":\"https:\/\/schema.org\",\"@graph\":[{\"@type\":\"Article\",\"@id\":\"https:\/\/www.notibras.com\/site\/entenda-a-diferenca-entre-os-sons-da-sirene-em-ambulancias\/#article\",\"isPartOf\":{\"@id\":\"https:\/\/www.notibras.com\/site\/entenda-a-diferenca-entre-os-sons-da-sirene-em-ambulancias\/\"},\"author\":{\"name\":\"Eduardo Mart\u00ednez\",\"@id\":\"https:\/\/www.notibras.com\/site\/#\/schema\/person\/5b7fabf2aedc3ada2105f03b22b4d3dd\"},\"headline\":\"Entenda a diferen\u00e7a entre os sons da sirene em ambul\u00e2ncias\",\"datePublished\":\"2026-01-20T03:15:14+00:00\",\"mainEntityOfPage\":{\"@id\":\"https:\/\/www.notibras.com\/site\/entenda-a-diferenca-entre-os-sons-da-sirene-em-ambulancias\/\"},\"wordCount\":476,\"publisher\":{\"@id\":\"https:\/\/www.notibras.com\/site\/#organization\"},\"image\":{\"@id\":\"https:\/\/www.notibras.com\/site\/entenda-a-diferenca-entre-os-sons-da-sirene-em-ambulancias\/#primaryimage\"},\"thumbnailUrl\":\"https:\/\/www.notibras.com\/site\/wp-content\/uploads\/2026\/01\/19.1.-Samu.-Jenecy.-Foto-Matheus-Oliveira-Agencia-Saude-DF-scaled.jpg\",\"articleSection\":[\"Quadradinho em Foco\"],\"inLanguage\":\"pt-BR\"},{\"@type\":\"WebPage\",\"@id\":\"https:\/\/www.notibras.com\/site\/entenda-a-diferenca-entre-os-sons-da-sirene-em-ambulancias\/\",\"url\":\"https:\/\/www.notibras.com\/site\/entenda-a-diferenca-entre-os-sons-da-sirene-em-ambulancias\/\",\"name\":\"Entenda a diferen\u00e7a entre os sons da sirene em ambul\u00e2ncias - Notibras\",\"isPartOf\":{\"@id\":\"https:\/\/www.notibras.com\/site\/#website\"},\"primaryImageOfPage\":{\"@id\":\"https:\/\/www.notibras.com\/site\/entenda-a-diferenca-entre-os-sons-da-sirene-em-ambulancias\/#primaryimage\"},\"image\":{\"@id\":\"https:\/\/www.notibras.com\/site\/entenda-a-diferenca-entre-os-sons-da-sirene-em-ambulancias\/#primaryimage\"},\"thumbnailUrl\":\"https:\/\/www.notibras.com\/site\/wp-content\/uploads\/2026\/01\/19.1.-Samu.-Jenecy.-Foto-Matheus-Oliveira-Agencia-Saude-DF-scaled.jpg\",\"datePublished\":\"2026-01-20T03:15:14+00:00\",\"breadcrumb\":{\"@id\":\"https:\/\/www.notibras.com\/site\/entenda-a-diferenca-entre-os-sons-da-sirene-em-ambulancias\/#breadcrumb\"},\"inLanguage\":\"pt-BR\",\"potentialAction\":[{\"@type\":\"ReadAction\",\"target\":[\"https:\/\/www.notibras.com\/site\/entenda-a-diferenca-entre-os-sons-da-sirene-em-ambulancias\/\"]}]},{\"@type\":\"ImageObject\",\"inLanguage\":\"pt-BR\",\"@id\":\"https:\/\/www.notibras.com\/site\/entenda-a-diferenca-entre-os-sons-da-sirene-em-ambulancias\/#primaryimage\",\"url\":\"https:\/\/www.notibras.com\/site\/wp-content\/uploads\/2026\/01\/19.1.-Samu.-Jenecy.-Foto-Matheus-Oliveira-Agencia-Saude-DF-scaled.jpg\",\"contentUrl\":\"https:\/\/www.notibras.com\/site\/wp-content\/uploads\/2026\/01\/19.1.-Samu.-Jenecy.-Foto-Matheus-Oliveira-Agencia-Saude-DF-scaled.jpg\",\"width\":2560,\"height\":1696},{\"@type\":\"BreadcrumbList\",\"@id\":\"https:\/\/www.notibras.com\/site\/entenda-a-diferenca-entre-os-sons-da-sirene-em-ambulancias\/#breadcrumb\",\"itemListElement\":[{\"@type\":\"ListItem\",\"position\":1,\"name\":\"In\u00edcio\",\"item\":\"https:\/\/www.notibras.com\/site\/\"},{\"@type\":\"ListItem\",\"position\":2,\"name\":\"Entenda a diferen\u00e7a entre os sons da sirene em ambul\u00e2ncias\"}]},{\"@type\":\"WebSite\",\"@id\":\"https:\/\/www.notibras.com\/site\/#website\",\"url\":\"https:\/\/www.notibras.com\/site\/\",\"name\":\"Notibras\",\"description\":\"Not\u00edcias de Bras\u00edlia, do Brasil e do Mundo\",\"publisher\":{\"@id\":\"https:\/\/www.notibras.com\/site\/#organization\"},\"potentialAction\":[{\"@type\":\"SearchAction\",\"target\":{\"@type\":\"EntryPoint\",\"urlTemplate\":\"https:\/\/www.notibras.com\/site\/?s={search_term_string}\"},\"query-input\":{\"@type\":\"PropertyValueSpecification\",\"valueRequired\":true,\"valueName\":\"search_term_string\"}}],\"inLanguage\":\"pt-BR\"},{\"@type\":\"Organization\",\"@id\":\"https:\/\/www.notibras.com\/site\/#organization\",\"name\":\"Grupo Notibras de Comunica\u00e7\u00e3o\",\"url\":\"https:\/\/www.notibras.com\/site\/\",\"logo\":{\"@type\":\"ImageObject\",\"inLanguage\":\"pt-BR\",\"@id\":\"https:\/\/www.notibras.com\/site\/#\/schema\/logo\/image\/\",\"url\":\"https:\/\/www.notibras.com\/site\/wp-content\/uploads\/2023\/01\/notibras23.png\",\"contentUrl\":\"https:\/\/www.notibras.com\/site\/wp-content\/uploads\/2023\/01\/notibras23.png\",\"width\":350,\"height\":87,\"caption\":\"Grupo Notibras de Comunica\u00e7\u00e3o\"},\"image\":{\"@id\":\"https:\/\/www.notibras.com\/site\/#\/schema\/logo\/image\/\"},\"sameAs\":[\"https:\/\/www.facebook.com\/notibras\/\",\"https:\/\/x.com\/Notibras\",\"https:\/\/www.instagram.com\/notibras\/\"]},{\"@type\":\"Person\",\"@id\":\"https:\/\/www.notibras.com\/site\/#\/schema\/person\/5b7fabf2aedc3ada2105f03b22b4d3dd\",\"name\":\"Eduardo Mart\u00ednez\",\"image\":{\"@type\":\"ImageObject\",\"inLanguage\":\"pt-BR\",\"@id\":\"https:\/\/secure.gravatar.com\/avatar\/7902f906289926289cbcda644b5197c796b893c6ffd7b9a536a42d290f7704a0?s=96&d=mm&r=g\",\"url\":\"https:\/\/secure.gravatar.com\/avatar\/7902f906289926289cbcda644b5197c796b893c6ffd7b9a536a42d290f7704a0?s=96&d=mm&r=g\",\"contentUrl\":\"https:\/\/secure.gravatar.com\/avatar\/7902f906289926289cbcda644b5197c796b893c6ffd7b9a536a42d290f7704a0?s=96&d=mm&r=g\",\"caption\":\"Eduardo Mart\u00ednez\"}}]}<\/script>\n<!-- \/ Yoast SEO plugin. -->","yoast_head_json":{"title":"Entenda a diferen\u00e7a entre os sons da sirene em ambul\u00e2ncias - Notibras","robots":{"index":"index","follow":"follow","max-snippet":"max-snippet:-1","max-image-preview":"max-image-preview:large","max-video-preview":"max-video-preview:-1"},"canonical":"https:\/\/www.notibras.com\/site\/entenda-a-diferenca-entre-os-sons-da-sirene-em-ambulancias\/","og_locale":"pt_BR","og_type":"article","og_title":"Entenda a diferen\u00e7a entre os sons da sirene em ambul\u00e2ncias - Notibras","og_description":"Voc\u00ea j\u00e1 parou para pensar por que o barulho das sirenes do Servi\u00e7o de Atendimento M\u00f3vel de Urg\u00eancia do Distrito Federal (Samu-DF) muda no meio do tr\u00e2nsito? Mais do que um simples alerta sonoro, cada varia\u00e7\u00e3o tem uma fun\u00e7\u00e3o estrat\u00e9gica, como avisar motoristas e pedestres sobre a aproxima\u00e7\u00e3o da ambul\u00e2ncia e garantir passagem r\u00e1pida e [&hellip;]","og_url":"https:\/\/www.notibras.com\/site\/entenda-a-diferenca-entre-os-sons-da-sirene-em-ambulancias\/","og_site_name":"Notibras","article_publisher":"https:\/\/www.facebook.com\/notibras\/","article_published_time":"2026-01-20T03:15:14+00:00","og_image":[{"width":2560,"height":1696,"url":"https:\/\/www.notibras.com\/site\/wp-content\/uploads\/2026\/01\/19.1.-Samu.-Jenecy.-Foto-Matheus-Oliveira-Agencia-Saude-DF-scaled.jpg","type":"image\/jpeg"}],"author":"Eduardo Mart\u00ednez","twitter_card":"summary_large_image","twitter_creator":"@Notibras","twitter_site":"@Notibras","twitter_misc":{"Escrito por":"Eduardo Mart\u00ednez","Est. tempo de leitura":"3 minutos"},"schema":{"@context":"https:\/\/schema.org","@graph":[{"@type":"Article","@id":"https:\/\/www.notibras.com\/site\/entenda-a-diferenca-entre-os-sons-da-sirene-em-ambulancias\/#article","isPartOf":{"@id":"https:\/\/www.notibras.com\/site\/entenda-a-diferenca-entre-os-sons-da-sirene-em-ambulancias\/"},"author":{"name":"Eduardo Mart\u00ednez","@id":"https:\/\/www.notibras.com\/site\/#\/schema\/person\/5b7fabf2aedc3ada2105f03b22b4d3dd"},"headline":"Entenda a diferen\u00e7a entre os sons da sirene em ambul\u00e2ncias","datePublished":"2026-01-20T03:15:14+00:00","mainEntityOfPage":{"@id":"https:\/\/www.notibras.com\/site\/entenda-a-diferenca-entre-os-sons-da-sirene-em-ambulancias\/"},"wordCount":476,"publisher":{"@id":"https:\/\/www.notibras.com\/site\/#organization"},"image":{"@id":"https:\/\/www.notibras.com\/site\/entenda-a-diferenca-entre-os-sons-da-sirene-em-ambulancias\/#primaryimage"},"thumbnailUrl":"https:\/\/www.notibras.com\/site\/wp-content\/uploads\/2026\/01\/19.1.-Samu.-Jenecy.-Foto-Matheus-Oliveira-Agencia-Saude-DF-scaled.jpg","articleSection":["Quadradinho em Foco"],"inLanguage":"pt-BR"},{"@type":"WebPage","@id":"https:\/\/www.notibras.com\/site\/entenda-a-diferenca-entre-os-sons-da-sirene-em-ambulancias\/","url":"https:\/\/www.notibras.com\/site\/entenda-a-diferenca-entre-os-sons-da-sirene-em-ambulancias\/","name":"Entenda a diferen\u00e7a entre os sons da sirene em ambul\u00e2ncias - Notibras","isPartOf":{"@id":"https:\/\/www.notibras.com\/site\/#website"},"primaryImageOfPage":{"@id":"https:\/\/www.notibras.com\/site\/entenda-a-diferenca-entre-os-sons-da-sirene-em-ambulancias\/#primaryimage"},"image":{"@id":"https:\/\/www.notibras.com\/site\/entenda-a-diferenca-entre-os-sons-da-sirene-em-ambulancias\/#primaryimage"},"thumbnailUrl":"https:\/\/www.notibras.com\/site\/wp-content\/uploads\/2026\/01\/19.1.-Samu.-Jenecy.-Foto-Matheus-Oliveira-Agencia-Saude-DF-scaled.jpg","datePublished":"2026-01-20T03:15:14+00:00","breadcrumb":{"@id":"https:\/\/www.notibras.com\/site\/entenda-a-diferenca-entre-os-sons-da-sirene-em-ambulancias\/#breadcrumb"},"inLanguage":"pt-BR","potentialAction":[{"@type":"ReadAction","target":["https:\/\/www.notibras.com\/site\/entenda-a-diferenca-entre-os-sons-da-sirene-em-ambulancias\/"]}]},{"@type":"ImageObject","inLanguage":"pt-BR","@id":"https:\/\/www.notibras.com\/site\/entenda-a-diferenca-entre-os-sons-da-sirene-em-ambulancias\/#primaryimage","url":"https:\/\/www.notibras.com\/site\/wp-content\/uploads\/2026\/01\/19.1.-Samu.-Jenecy.-Foto-Matheus-Oliveira-Agencia-Saude-DF-scaled.jpg","contentUrl":"https:\/\/www.notibras.com\/site\/wp-content\/uploads\/2026\/01\/19.1.-Samu.-Jenecy.-Foto-Matheus-Oliveira-Agencia-Saude-DF-scaled.jpg","width":2560,"height":1696},{"@type":"BreadcrumbList","@id":"https:\/\/www.notibras.com\/site\/entenda-a-diferenca-entre-os-sons-da-sirene-em-ambulancias\/#breadcrumb","itemListElement":[{"@type":"ListItem","position":1,"name":"In\u00edcio","item":"https:\/\/www.notibras.com\/site\/"},{"@type":"ListItem","position":2,"name":"Entenda a diferen\u00e7a entre os sons da sirene em ambul\u00e2ncias"}]},{"@type":"WebSite","@id":"https:\/\/www.notibras.com\/site\/#website","url":"https:\/\/www.notibras.com\/site\/","name":"Notibras","description":"Not\u00edcias de Bras\u00edlia, do Brasil e do Mundo","publisher":{"@id":"https:\/\/www.notibras.com\/site\/#organization"},"potentialAction":[{"@type":"SearchAction","target":{"@type":"EntryPoint","urlTemplate":"https:\/\/www.notibras.com\/site\/?s={search_term_string}"},"query-input":{"@type":"PropertyValueSpecification","valueRequired":true,"valueName":"search_term_string"}}],"inLanguage":"pt-BR"},{"@type":"Organization","@id":"https:\/\/www.notibras.com\/site\/#organization","name":"Grupo Notibras de Comunica\u00e7\u00e3o","url":"https:\/\/www.notibras.com\/site\/","logo":{"@type":"ImageObject","inLanguage":"pt-BR","@id":"https:\/\/www.notibras.com\/site\/#\/schema\/logo\/image\/","url":"https:\/\/www.notibras.com\/site\/wp-content\/uploads\/2023\/01\/notibras23.png","contentUrl":"https:\/\/www.notibras.com\/site\/wp-content\/uploads\/2023\/01\/notibras23.png","width":350,"height":87,"caption":"Grupo Notibras de Comunica\u00e7\u00e3o"},"image":{"@id":"https:\/\/www.notibras.com\/site\/#\/schema\/logo\/image\/"},"sameAs":["https:\/\/www.facebook.com\/notibras\/","https:\/\/x.com\/Notibras","https:\/\/www.instagram.com\/notibras\/"]},{"@type":"Person","@id":"https:\/\/www.notibras.com\/site\/#\/schema\/person\/5b7fabf2aedc3ada2105f03b22b4d3dd","name":"Eduardo Mart\u00ednez","image":{"@type":"ImageObject","inLanguage":"pt-BR","@id":"https:\/\/secure.gravatar.com\/avatar\/7902f906289926289cbcda644b5197c796b893c6ffd7b9a536a42d290f7704a0?s=96&d=mm&r=g","url":"https:\/\/secure.gravatar.com\/avatar\/7902f906289926289cbcda644b5197c796b893c6ffd7b9a536a42d290f7704a0?s=96&d=mm&r=g","contentUrl":"https:\/\/secure.gravatar.com\/avatar\/7902f906289926289cbcda644b5197c796b893c6ffd7b9a536a42d290f7704a0?s=96&d=mm&r=g","caption":"Eduardo Mart\u00ednez"}}]}},"amp_enabled":true,"_links":{"self":[{"href":"https:\/\/www.notibras.com\/site\/wp-json\/wp\/v2\/posts\/379731","targetHints":{"allow":["GET"]}}],"collection":[{"href":"https:\/\/www.notibras.com\/site\/wp-json\/wp\/v2\/posts"}],"about":[{"href":"https:\/\/www.notibras.com\/site\/wp-json\/wp\/v2\/types\/post"}],"author":[{"embeddable":true,"href":"https:\/\/www.notibras.com\/site\/wp-json\/wp\/v2\/users\/21"}],"replies":[{"embeddable":true,"href":"https:\/\/www.notibras.com\/site\/wp-json\/wp\/v2\/comments?post=379731"}],"version-history":[{"count":3,"href":"https:\/\/www.notibras.com\/site\/wp-json\/wp\/v2\/posts\/379731\/revisions"}],"predecessor-version":[{"id":379736,"href":"https:\/\/www.notibras.com\/site\/wp-json\/wp\/v2\/posts\/379731\/revisions\/379736"}],"wp:featuredmedia":[{"embeddable":true,"href":"https:\/\/www.notibras.com\/site\/wp-json\/wp\/v2\/media\/379732"}],"wp:attachment":[{"href":"https:\/\/www.notibras.com\/site\/wp-json\/wp\/v2\/media?parent=379731"}],"wp:term":[{"taxonomy":"category","embeddable":true,"href":"https:\/\/www.notibras.com\/site\/wp-json\/wp\/v2\/categories?post=379731"},{"taxonomy":"post_tag","embeddable":true,"href":"https:\/\/www.notibras.com\/site\/wp-json\/wp\/v2\/tags?post=379731"}],"curies":[{"name":"wp","href":"https:\/\/api.w.org\/{rel}","templated":true}]}}