{"id":379737,"date":"2026-01-20T00:45:07","date_gmt":"2026-01-20T03:45:07","guid":{"rendered":"https:\/\/www.notibras.com\/site\/?p=379737"},"modified":"2026-01-20T04:29:12","modified_gmt":"2026-01-20T07:29:12","slug":"escolas-particulares-autuadas-apos-fiscalizacao-de-listas-de-materiais","status":"publish","type":"post","link":"https:\/\/www.notibras.com\/site\/escolas-particulares-autuadas-apos-fiscalizacao-de-listas-de-materiais\/","title":{"rendered":"Escolas particulares autuadas ap\u00f3s fiscaliza\u00e7\u00e3o de listas de materiais"},"content":{"rendered":"<p>O Procon-DF, \u00f3rg\u00e3o vinculado \u00e0 Secretaria Extraordin\u00e1ria do Consumidor, fiscalizou, entre 12 e 16 de janeiro, as listas de materiais de 30 escolas particulares do Distrito Federal e autuou 27 delas. As autua\u00e7\u00f5es ocorreram principalmente pela aus\u00eancia do plano de execu\u00e7\u00e3o previsto na Lei Distrital n\u00ba 4.311\/2009.<\/p>\n<p>O plano de execu\u00e7\u00e3o \u00e9 o documento que detalha o uso de cada material, explicando a finalidade pedag\u00f3gica da atividade e tamb\u00e9m permite que pais e m\u00e3es entreguem o material parcelado, uma vez detalhado por bimestre, trimestre ou semestre. \u00c9 por meio dele que os respons\u00e1veis podem identificar se o material solicitado \u00e9 estritamente de uso pessoal do aluno. \u201cComparando com outras fiscaliza\u00e7\u00f5es, percebemos que irregularidades nos pedidos da lista t\u00eam diminu\u00eddo consideravelmente, mas as escolas ainda falham no plano de execu\u00e7\u00e3o. No DF, os respons\u00e1veis podem entregar o material de forma parcelada ao longo do ano e, pela falta dessas informa\u00e7\u00f5es, muitos ainda desconhecem ou n\u00e3o utilizam desse direito\u201d, explica o diretor de Fiscaliza\u00e7\u00e3o do Procon-DF, Rafael Oliveira.<\/p>\n<p>As escolas autuadas t\u00eam o prazo de 30 dias para regularizar os problemas identificados nas listas de material. Depois deste prazo, caso permane\u00e7am em desacordo com a legisla\u00e7\u00e3o, poder\u00e3o sofrer san\u00e7\u00f5es e multas pelo \u00f3rg\u00e3o de defesa. O Procon-DF reitera a import\u00e2ncia dos pais e respons\u00e1veis sempre conferirem se a lista est\u00e1 de acordo com o que \u00e9 permitido e acionarem o \u00f3rg\u00e3o em casos de reclama\u00e7\u00f5es ou d\u00favidas. O Procon-DF ir\u00e1 prosseguir com as fiscaliza\u00e7\u00f5es nas escolas que forem denunciadas.<\/p>\n<p>Confira abaixo o que diz a legisla\u00e7\u00e3o sobre o que pode e o que n\u00e3o pode na lista de material escolar:<\/p>\n<p>Todo material escolar \u00e9 item de uso individual e exclusivo do aluno e restrito ao processo did\u00e1tico-pedag\u00f3gico. Portanto, o estudante pode solicitar para a escola a devolu\u00e7\u00e3o do material que n\u00e3o foi utilizado durante o ano anterior;<\/p>\n<p>N\u00e3o \u00e9 permitida a cobran\u00e7a de taxa extra ou de fornecimento de material de uso coletivo dos alunos ou da institui\u00e7\u00e3o, como itens de higiene e de expediente. O custo desses materiais deve ser da escola;<\/p>\n<p>No Distrito Federal, a lei permite aos pais a entrega parcelada do material, que deve ser feita com, no m\u00ednimo, oito dias antes do in\u00edcio das atividades;<\/p>\n<p>A lista de material deve ser acompanhada de um plano de execu\u00e7\u00e3o, que deve descrever, de forma detalhada, os quantitativos de cada item de material e a sua utiliza\u00e7\u00e3o pedag\u00f3gica;<\/p>\n<p>A escola \u00e9 proibida por lei de exigir marca, modelo ou indicar local de venda do material, com exce\u00e7\u00e3o da venda do uniforme.<\/p>\n","protected":false},"excerpt":{"rendered":"<p>O Procon-DF, \u00f3rg\u00e3o vinculado \u00e0 Secretaria Extraordin\u00e1ria do Consumidor, fiscalizou, entre 12 e 16 de janeiro, as listas de materiais de 30 escolas particulares do Distrito Federal e autuou 27 delas. As autua\u00e7\u00f5es ocorreram principalmente pela aus\u00eancia do plano de execu\u00e7\u00e3o previsto na Lei Distrital n\u00ba 4.311\/2009. O plano de execu\u00e7\u00e3o \u00e9 o documento que [&hellip;]<\/p>\n","protected":false},"author":21,"featured_media":379738,"comment_status":"closed","ping_status":"closed","sticky":false,"template":"","format":"standard","meta":{"_acf_changed":false,"footnotes":""},"categories":[161],"tags":[],"class_list":["post-379737","post","type-post","status-publish","format-standard","has-post-thumbnail","hentry","category-quadradinho-em-foco"],"acf":[],"yoast_head":"<!-- This site is optimized with the Yoast SEO plugin v27.2 - https:\/\/yoast.com\/product\/yoast-seo-wordpress\/ -->\n<title>Escolas particulares autuadas ap\u00f3s fiscaliza\u00e7\u00e3o de listas de materiais - Notibras<\/title>\n<meta name=\"robots\" content=\"index, follow, max-snippet:-1, max-image-preview:large, max-video-preview:-1\" \/>\n<link rel=\"canonical\" href=\"https:\/\/www.notibras.com\/site\/escolas-particulares-autuadas-apos-fiscalizacao-de-listas-de-materiais\/\" \/>\n<meta property=\"og:locale\" content=\"pt_BR\" \/>\n<meta property=\"og:type\" content=\"article\" \/>\n<meta property=\"og:title\" content=\"Escolas particulares autuadas ap\u00f3s fiscaliza\u00e7\u00e3o de listas de materiais - Notibras\" \/>\n<meta property=\"og:description\" content=\"O Procon-DF, \u00f3rg\u00e3o vinculado \u00e0 Secretaria Extraordin\u00e1ria do Consumidor, fiscalizou, entre 12 e 16 de janeiro, as listas de materiais de 30 escolas particulares do Distrito Federal e autuou 27 delas. As autua\u00e7\u00f5es ocorreram principalmente pela aus\u00eancia do plano de execu\u00e7\u00e3o previsto na Lei Distrital n\u00ba 4.311\/2009. O plano de execu\u00e7\u00e3o \u00e9 o documento que [&hellip;]\" \/>\n<meta property=\"og:url\" content=\"https:\/\/www.notibras.com\/site\/escolas-particulares-autuadas-apos-fiscalizacao-de-listas-de-materiais\/\" \/>\n<meta property=\"og:site_name\" content=\"Notibras\" \/>\n<meta property=\"article:publisher\" content=\"https:\/\/www.facebook.com\/notibras\/\" \/>\n<meta property=\"article:published_time\" content=\"2026-01-20T03:45:07+00:00\" \/>\n<meta property=\"article:modified_time\" content=\"2026-01-20T07:29:12+00:00\" \/>\n<meta property=\"og:image\" content=\"https:\/\/www.notibras.com\/site\/wp-content\/uploads\/2026\/01\/WhatsApp-Image-2026-01-19-at-17.23.19-1.jpeg\" \/>\n\t<meta property=\"og:image:width\" content=\"2560\" \/>\n\t<meta property=\"og:image:height\" content=\"1707\" \/>\n\t<meta property=\"og:image:type\" content=\"image\/jpeg\" \/>\n<meta name=\"author\" content=\"Eduardo Mart\u00ednez\" \/>\n<meta name=\"twitter:card\" content=\"summary_large_image\" \/>\n<meta name=\"twitter:creator\" content=\"@Notibras\" \/>\n<meta name=\"twitter:site\" content=\"@Notibras\" \/>\n<meta name=\"twitter:label1\" content=\"Escrito por\" \/>\n\t<meta name=\"twitter:data1\" content=\"Eduardo Mart\u00ednez\" \/>\n\t<meta name=\"twitter:label2\" content=\"Est. tempo de leitura\" \/>\n\t<meta name=\"twitter:data2\" content=\"3 minutos\" \/>\n<script type=\"application\/ld+json\" class=\"yoast-schema-graph\">{\"@context\":\"https:\/\/schema.org\",\"@graph\":[{\"@type\":\"Article\",\"@id\":\"https:\/\/www.notibras.com\/site\/escolas-particulares-autuadas-apos-fiscalizacao-de-listas-de-materiais\/#article\",\"isPartOf\":{\"@id\":\"https:\/\/www.notibras.com\/site\/escolas-particulares-autuadas-apos-fiscalizacao-de-listas-de-materiais\/\"},\"author\":{\"name\":\"Eduardo Mart\u00ednez\",\"@id\":\"https:\/\/www.notibras.com\/site\/#\/schema\/person\/5b7fabf2aedc3ada2105f03b22b4d3dd\"},\"headline\":\"Escolas particulares autuadas ap\u00f3s fiscaliza\u00e7\u00e3o de listas de materiais\",\"datePublished\":\"2026-01-20T03:45:07+00:00\",\"dateModified\":\"2026-01-20T07:29:12+00:00\",\"mainEntityOfPage\":{\"@id\":\"https:\/\/www.notibras.com\/site\/escolas-particulares-autuadas-apos-fiscalizacao-de-listas-de-materiais\/\"},\"wordCount\":463,\"publisher\":{\"@id\":\"https:\/\/www.notibras.com\/site\/#organization\"},\"image\":{\"@id\":\"https:\/\/www.notibras.com\/site\/escolas-particulares-autuadas-apos-fiscalizacao-de-listas-de-materiais\/#primaryimage\"},\"thumbnailUrl\":\"https:\/\/www.notibras.com\/site\/wp-content\/uploads\/2026\/01\/WhatsApp-Image-2026-01-19-at-17.23.19-1.jpeg\",\"articleSection\":[\"Quadradinho em Foco\"],\"inLanguage\":\"pt-BR\"},{\"@type\":\"WebPage\",\"@id\":\"https:\/\/www.notibras.com\/site\/escolas-particulares-autuadas-apos-fiscalizacao-de-listas-de-materiais\/\",\"url\":\"https:\/\/www.notibras.com\/site\/escolas-particulares-autuadas-apos-fiscalizacao-de-listas-de-materiais\/\",\"name\":\"Escolas particulares autuadas ap\u00f3s fiscaliza\u00e7\u00e3o de listas de materiais - Notibras\",\"isPartOf\":{\"@id\":\"https:\/\/www.notibras.com\/site\/#website\"},\"primaryImageOfPage\":{\"@id\":\"https:\/\/www.notibras.com\/site\/escolas-particulares-autuadas-apos-fiscalizacao-de-listas-de-materiais\/#primaryimage\"},\"image\":{\"@id\":\"https:\/\/www.notibras.com\/site\/escolas-particulares-autuadas-apos-fiscalizacao-de-listas-de-materiais\/#primaryimage\"},\"thumbnailUrl\":\"https:\/\/www.notibras.com\/site\/wp-content\/uploads\/2026\/01\/WhatsApp-Image-2026-01-19-at-17.23.19-1.jpeg\",\"datePublished\":\"2026-01-20T03:45:07+00:00\",\"dateModified\":\"2026-01-20T07:29:12+00:00\",\"breadcrumb\":{\"@id\":\"https:\/\/www.notibras.com\/site\/escolas-particulares-autuadas-apos-fiscalizacao-de-listas-de-materiais\/#breadcrumb\"},\"inLanguage\":\"pt-BR\",\"potentialAction\":[{\"@type\":\"ReadAction\",\"target\":[\"https:\/\/www.notibras.com\/site\/escolas-particulares-autuadas-apos-fiscalizacao-de-listas-de-materiais\/\"]}]},{\"@type\":\"ImageObject\",\"inLanguage\":\"pt-BR\",\"@id\":\"https:\/\/www.notibras.com\/site\/escolas-particulares-autuadas-apos-fiscalizacao-de-listas-de-materiais\/#primaryimage\",\"url\":\"https:\/\/www.notibras.com\/site\/wp-content\/uploads\/2026\/01\/WhatsApp-Image-2026-01-19-at-17.23.19-1.jpeg\",\"contentUrl\":\"https:\/\/www.notibras.com\/site\/wp-content\/uploads\/2026\/01\/WhatsApp-Image-2026-01-19-at-17.23.19-1.jpeg\",\"width\":2560,\"height\":1707},{\"@type\":\"BreadcrumbList\",\"@id\":\"https:\/\/www.notibras.com\/site\/escolas-particulares-autuadas-apos-fiscalizacao-de-listas-de-materiais\/#breadcrumb\",\"itemListElement\":[{\"@type\":\"ListItem\",\"position\":1,\"name\":\"In\u00edcio\",\"item\":\"https:\/\/www.notibras.com\/site\/\"},{\"@type\":\"ListItem\",\"position\":2,\"name\":\"Escolas particulares autuadas ap\u00f3s fiscaliza\u00e7\u00e3o de listas de materiais\"}]},{\"@type\":\"WebSite\",\"@id\":\"https:\/\/www.notibras.com\/site\/#website\",\"url\":\"https:\/\/www.notibras.com\/site\/\",\"name\":\"Notibras\",\"description\":\"Not\u00edcias de Bras\u00edlia, do Brasil e do Mundo\",\"publisher\":{\"@id\":\"https:\/\/www.notibras.com\/site\/#organization\"},\"potentialAction\":[{\"@type\":\"SearchAction\",\"target\":{\"@type\":\"EntryPoint\",\"urlTemplate\":\"https:\/\/www.notibras.com\/site\/?s={search_term_string}\"},\"query-input\":{\"@type\":\"PropertyValueSpecification\",\"valueRequired\":true,\"valueName\":\"search_term_string\"}}],\"inLanguage\":\"pt-BR\"},{\"@type\":\"Organization\",\"@id\":\"https:\/\/www.notibras.com\/site\/#organization\",\"name\":\"Grupo Notibras de Comunica\u00e7\u00e3o\",\"url\":\"https:\/\/www.notibras.com\/site\/\",\"logo\":{\"@type\":\"ImageObject\",\"inLanguage\":\"pt-BR\",\"@id\":\"https:\/\/www.notibras.com\/site\/#\/schema\/logo\/image\/\",\"url\":\"https:\/\/www.notibras.com\/site\/wp-content\/uploads\/2023\/01\/notibras23.png\",\"contentUrl\":\"https:\/\/www.notibras.com\/site\/wp-content\/uploads\/2023\/01\/notibras23.png\",\"width\":350,\"height\":87,\"caption\":\"Grupo Notibras de Comunica\u00e7\u00e3o\"},\"image\":{\"@id\":\"https:\/\/www.notibras.com\/site\/#\/schema\/logo\/image\/\"},\"sameAs\":[\"https:\/\/www.facebook.com\/notibras\/\",\"https:\/\/x.com\/Notibras\",\"https:\/\/www.instagram.com\/notibras\/\"]},{\"@type\":\"Person\",\"@id\":\"https:\/\/www.notibras.com\/site\/#\/schema\/person\/5b7fabf2aedc3ada2105f03b22b4d3dd\",\"name\":\"Eduardo Mart\u00ednez\",\"image\":{\"@type\":\"ImageObject\",\"inLanguage\":\"pt-BR\",\"@id\":\"https:\/\/secure.gravatar.com\/avatar\/7902f906289926289cbcda644b5197c796b893c6ffd7b9a536a42d290f7704a0?s=96&d=mm&r=g\",\"url\":\"https:\/\/secure.gravatar.com\/avatar\/7902f906289926289cbcda644b5197c796b893c6ffd7b9a536a42d290f7704a0?s=96&d=mm&r=g\",\"contentUrl\":\"https:\/\/secure.gravatar.com\/avatar\/7902f906289926289cbcda644b5197c796b893c6ffd7b9a536a42d290f7704a0?s=96&d=mm&r=g\",\"caption\":\"Eduardo Mart\u00ednez\"}}]}<\/script>\n<!-- \/ Yoast SEO plugin. -->","yoast_head_json":{"title":"Escolas particulares autuadas ap\u00f3s fiscaliza\u00e7\u00e3o de listas de materiais - Notibras","robots":{"index":"index","follow":"follow","max-snippet":"max-snippet:-1","max-image-preview":"max-image-preview:large","max-video-preview":"max-video-preview:-1"},"canonical":"https:\/\/www.notibras.com\/site\/escolas-particulares-autuadas-apos-fiscalizacao-de-listas-de-materiais\/","og_locale":"pt_BR","og_type":"article","og_title":"Escolas particulares autuadas ap\u00f3s fiscaliza\u00e7\u00e3o de listas de materiais - Notibras","og_description":"O Procon-DF, \u00f3rg\u00e3o vinculado \u00e0 Secretaria Extraordin\u00e1ria do Consumidor, fiscalizou, entre 12 e 16 de janeiro, as listas de materiais de 30 escolas particulares do Distrito Federal e autuou 27 delas. As autua\u00e7\u00f5es ocorreram principalmente pela aus\u00eancia do plano de execu\u00e7\u00e3o previsto na Lei Distrital n\u00ba 4.311\/2009. O plano de execu\u00e7\u00e3o \u00e9 o documento que [&hellip;]","og_url":"https:\/\/www.notibras.com\/site\/escolas-particulares-autuadas-apos-fiscalizacao-de-listas-de-materiais\/","og_site_name":"Notibras","article_publisher":"https:\/\/www.facebook.com\/notibras\/","article_published_time":"2026-01-20T03:45:07+00:00","article_modified_time":"2026-01-20T07:29:12+00:00","og_image":[{"width":2560,"height":1707,"url":"https:\/\/www.notibras.com\/site\/wp-content\/uploads\/2026\/01\/WhatsApp-Image-2026-01-19-at-17.23.19-1.jpeg","type":"image\/jpeg"}],"author":"Eduardo Mart\u00ednez","twitter_card":"summary_large_image","twitter_creator":"@Notibras","twitter_site":"@Notibras","twitter_misc":{"Escrito por":"Eduardo Mart\u00ednez","Est. tempo de leitura":"3 minutos"},"schema":{"@context":"https:\/\/schema.org","@graph":[{"@type":"Article","@id":"https:\/\/www.notibras.com\/site\/escolas-particulares-autuadas-apos-fiscalizacao-de-listas-de-materiais\/#article","isPartOf":{"@id":"https:\/\/www.notibras.com\/site\/escolas-particulares-autuadas-apos-fiscalizacao-de-listas-de-materiais\/"},"author":{"name":"Eduardo Mart\u00ednez","@id":"https:\/\/www.notibras.com\/site\/#\/schema\/person\/5b7fabf2aedc3ada2105f03b22b4d3dd"},"headline":"Escolas particulares autuadas ap\u00f3s fiscaliza\u00e7\u00e3o de listas de materiais","datePublished":"2026-01-20T03:45:07+00:00","dateModified":"2026-01-20T07:29:12+00:00","mainEntityOfPage":{"@id":"https:\/\/www.notibras.com\/site\/escolas-particulares-autuadas-apos-fiscalizacao-de-listas-de-materiais\/"},"wordCount":463,"publisher":{"@id":"https:\/\/www.notibras.com\/site\/#organization"},"image":{"@id":"https:\/\/www.notibras.com\/site\/escolas-particulares-autuadas-apos-fiscalizacao-de-listas-de-materiais\/#primaryimage"},"thumbnailUrl":"https:\/\/www.notibras.com\/site\/wp-content\/uploads\/2026\/01\/WhatsApp-Image-2026-01-19-at-17.23.19-1.jpeg","articleSection":["Quadradinho em Foco"],"inLanguage":"pt-BR"},{"@type":"WebPage","@id":"https:\/\/www.notibras.com\/site\/escolas-particulares-autuadas-apos-fiscalizacao-de-listas-de-materiais\/","url":"https:\/\/www.notibras.com\/site\/escolas-particulares-autuadas-apos-fiscalizacao-de-listas-de-materiais\/","name":"Escolas particulares autuadas ap\u00f3s fiscaliza\u00e7\u00e3o de listas de materiais - Notibras","isPartOf":{"@id":"https:\/\/www.notibras.com\/site\/#website"},"primaryImageOfPage":{"@id":"https:\/\/www.notibras.com\/site\/escolas-particulares-autuadas-apos-fiscalizacao-de-listas-de-materiais\/#primaryimage"},"image":{"@id":"https:\/\/www.notibras.com\/site\/escolas-particulares-autuadas-apos-fiscalizacao-de-listas-de-materiais\/#primaryimage"},"thumbnailUrl":"https:\/\/www.notibras.com\/site\/wp-content\/uploads\/2026\/01\/WhatsApp-Image-2026-01-19-at-17.23.19-1.jpeg","datePublished":"2026-01-20T03:45:07+00:00","dateModified":"2026-01-20T07:29:12+00:00","breadcrumb":{"@id":"https:\/\/www.notibras.com\/site\/escolas-particulares-autuadas-apos-fiscalizacao-de-listas-de-materiais\/#breadcrumb"},"inLanguage":"pt-BR","potentialAction":[{"@type":"ReadAction","target":["https:\/\/www.notibras.com\/site\/escolas-particulares-autuadas-apos-fiscalizacao-de-listas-de-materiais\/"]}]},{"@type":"ImageObject","inLanguage":"pt-BR","@id":"https:\/\/www.notibras.com\/site\/escolas-particulares-autuadas-apos-fiscalizacao-de-listas-de-materiais\/#primaryimage","url":"https:\/\/www.notibras.com\/site\/wp-content\/uploads\/2026\/01\/WhatsApp-Image-2026-01-19-at-17.23.19-1.jpeg","contentUrl":"https:\/\/www.notibras.com\/site\/wp-content\/uploads\/2026\/01\/WhatsApp-Image-2026-01-19-at-17.23.19-1.jpeg","width":2560,"height":1707},{"@type":"BreadcrumbList","@id":"https:\/\/www.notibras.com\/site\/escolas-particulares-autuadas-apos-fiscalizacao-de-listas-de-materiais\/#breadcrumb","itemListElement":[{"@type":"ListItem","position":1,"name":"In\u00edcio","item":"https:\/\/www.notibras.com\/site\/"},{"@type":"ListItem","position":2,"name":"Escolas particulares autuadas ap\u00f3s fiscaliza\u00e7\u00e3o de listas de materiais"}]},{"@type":"WebSite","@id":"https:\/\/www.notibras.com\/site\/#website","url":"https:\/\/www.notibras.com\/site\/","name":"Notibras","description":"Not\u00edcias de Bras\u00edlia, do Brasil e do Mundo","publisher":{"@id":"https:\/\/www.notibras.com\/site\/#organization"},"potentialAction":[{"@type":"SearchAction","target":{"@type":"EntryPoint","urlTemplate":"https:\/\/www.notibras.com\/site\/?s={search_term_string}"},"query-input":{"@type":"PropertyValueSpecification","valueRequired":true,"valueName":"search_term_string"}}],"inLanguage":"pt-BR"},{"@type":"Organization","@id":"https:\/\/www.notibras.com\/site\/#organization","name":"Grupo Notibras de Comunica\u00e7\u00e3o","url":"https:\/\/www.notibras.com\/site\/","logo":{"@type":"ImageObject","inLanguage":"pt-BR","@id":"https:\/\/www.notibras.com\/site\/#\/schema\/logo\/image\/","url":"https:\/\/www.notibras.com\/site\/wp-content\/uploads\/2023\/01\/notibras23.png","contentUrl":"https:\/\/www.notibras.com\/site\/wp-content\/uploads\/2023\/01\/notibras23.png","width":350,"height":87,"caption":"Grupo Notibras de Comunica\u00e7\u00e3o"},"image":{"@id":"https:\/\/www.notibras.com\/site\/#\/schema\/logo\/image\/"},"sameAs":["https:\/\/www.facebook.com\/notibras\/","https:\/\/x.com\/Notibras","https:\/\/www.instagram.com\/notibras\/"]},{"@type":"Person","@id":"https:\/\/www.notibras.com\/site\/#\/schema\/person\/5b7fabf2aedc3ada2105f03b22b4d3dd","name":"Eduardo Mart\u00ednez","image":{"@type":"ImageObject","inLanguage":"pt-BR","@id":"https:\/\/secure.gravatar.com\/avatar\/7902f906289926289cbcda644b5197c796b893c6ffd7b9a536a42d290f7704a0?s=96&d=mm&r=g","url":"https:\/\/secure.gravatar.com\/avatar\/7902f906289926289cbcda644b5197c796b893c6ffd7b9a536a42d290f7704a0?s=96&d=mm&r=g","contentUrl":"https:\/\/secure.gravatar.com\/avatar\/7902f906289926289cbcda644b5197c796b893c6ffd7b9a536a42d290f7704a0?s=96&d=mm&r=g","caption":"Eduardo Mart\u00ednez"}}]}},"amp_enabled":true,"_links":{"self":[{"href":"https:\/\/www.notibras.com\/site\/wp-json\/wp\/v2\/posts\/379737","targetHints":{"allow":["GET"]}}],"collection":[{"href":"https:\/\/www.notibras.com\/site\/wp-json\/wp\/v2\/posts"}],"about":[{"href":"https:\/\/www.notibras.com\/site\/wp-json\/wp\/v2\/types\/post"}],"author":[{"embeddable":true,"href":"https:\/\/www.notibras.com\/site\/wp-json\/wp\/v2\/users\/21"}],"replies":[{"embeddable":true,"href":"https:\/\/www.notibras.com\/site\/wp-json\/wp\/v2\/comments?post=379737"}],"version-history":[{"count":3,"href":"https:\/\/www.notibras.com\/site\/wp-json\/wp\/v2\/posts\/379737\/revisions"}],"predecessor-version":[{"id":379785,"href":"https:\/\/www.notibras.com\/site\/wp-json\/wp\/v2\/posts\/379737\/revisions\/379785"}],"wp:featuredmedia":[{"embeddable":true,"href":"https:\/\/www.notibras.com\/site\/wp-json\/wp\/v2\/media\/379738"}],"wp:attachment":[{"href":"https:\/\/www.notibras.com\/site\/wp-json\/wp\/v2\/media?parent=379737"}],"wp:term":[{"taxonomy":"category","embeddable":true,"href":"https:\/\/www.notibras.com\/site\/wp-json\/wp\/v2\/categories?post=379737"},{"taxonomy":"post_tag","embeddable":true,"href":"https:\/\/www.notibras.com\/site\/wp-json\/wp\/v2\/tags?post=379737"}],"curies":[{"name":"wp","href":"https:\/\/api.w.org\/{rel}","templated":true}]}}