{"id":379741,"date":"2026-01-20T01:00:03","date_gmt":"2026-01-20T04:00:03","guid":{"rendered":"https:\/\/www.notibras.com\/site\/?p=379741"},"modified":"2026-01-19T23:21:37","modified_gmt":"2026-01-20T02:21:37","slug":"servico-de-hemodinamica-ganhara-reforco","status":"publish","type":"post","link":"https:\/\/www.notibras.com\/site\/servico-de-hemodinamica-ganhara-reforco\/","title":{"rendered":"Servi\u00e7o de hemodin\u00e2mica ganhar\u00e1 refor\u00e7o"},"content":{"rendered":"<p>O Instituto de Gest\u00e3o Estrat\u00e9gica de Sa\u00fade do Distrito Federal (IgesDF) lan\u00e7ou, nesta segunda-feira (19), o Edital n\u00ba 001\/2026 para a aquisi\u00e7\u00e3o de novos equipamentos m\u00e9dicos destinados ao servi\u00e7o de hemodin\u00e2mica do Hospital de Base. O investimento tem como objetivo ampliar a capacidade de atendimento do setor, al\u00e9m de qualificar o monitoramento dos procedimentos realizados, fortalecendo a assist\u00eancia prestada aos pacientes do Sistema \u00danico de Sa\u00fade (SUS).<\/p>\n<p>O edital prev\u00ea a compra de equipamentos essenciais para a rotina da hemodin\u00e2mica, entre eles carros de emerg\u00eancia, monitores multipar\u00e2metros para o centro cir\u00fargico, ventilador pulmonar pressom\u00e9trico e volum\u00e9trico, bomba injetora de contraste, aparelho de anestesia, balan\u00e7a antropom\u00e9trica e pol\u00edgrafo card\u00edaco para eletrofisiologia.<\/p>\n<p>Fundamental no diagn\u00f3stico e no tratamento de doen\u00e7as cardiovasculares, como infartos e obstru\u00e7\u00f5es das art\u00e9rias, a hemodin\u00e2mica permite interven\u00e7\u00f5es r\u00e1pidas e minimamente invasivas. Em um hospital de alta complexidade, como o Hospital de Base, esse servi\u00e7o contribui para a redu\u00e7\u00e3o de riscos, evita cirurgias de maior porte, agiliza o atendimento e aumenta significativamente as chances de recupera\u00e7\u00e3o dos pacientes.<\/p>\n<p><strong>Prazo para envio de propostas<\/strong><\/p>\n<p>Com o objetivo de assegurar ampla concorr\u00eancia e a participa\u00e7\u00e3o de empresas especializadas, o per\u00edodo para envio das propostas ser\u00e1 de dez dias \u00fateis \u2014 desta segunda-feira (19) ao dia 30, at\u00e9 \u00e0s 23h55 (hor\u00e1rio local). As propostas devem ser encaminhadas exclusivamente pelo endere\u00e7o eletr\u00f4nico <a href=\"https:\/\/emendas.propostas@igesdf.org.br\/\">emendas.propostas@igesdf.org.br<\/a>.<\/p>\n<p>De acordo com a analista de compras do IgesDF, Rosemary C\u00e2ndida, os investimentos em moderniza\u00e7\u00e3o refletem o compromisso do Governo do Distrito Federal (GDF) com a qualidade do atendimento \u00e0 popula\u00e7\u00e3o. \u201cO instituto est\u00e1 garantindo que o cidad\u00e3o tenha acesso mais \u00e1gil e preciso aos exames realizados, possibilitando diagn\u00f3sticos e tratamentos cada vez mais eficazes\u201d, enfatiza.<\/p>\n<p>O edital completo e seus anexos est\u00e3o dispon\u00edveis para consulta <a href=\"https:\/\/igesdf.org.br\/ato\/solicitacao-n-001-2026-aquisicao-de-equipamentos-medicos-para-a-hemodinamica\/\">no site do IgesDF<\/a>.<\/p>\n","protected":false},"excerpt":{"rendered":"<p>O Instituto de Gest\u00e3o Estrat\u00e9gica de Sa\u00fade do Distrito Federal (IgesDF) lan\u00e7ou, nesta segunda-feira (19), o Edital n\u00ba 001\/2026 para a aquisi\u00e7\u00e3o de novos equipamentos m\u00e9dicos destinados ao servi\u00e7o de hemodin\u00e2mica do Hospital de Base. O investimento tem como objetivo ampliar a capacidade de atendimento do setor, al\u00e9m de qualificar o monitoramento dos procedimentos realizados, [&hellip;]<\/p>\n","protected":false},"author":21,"featured_media":379742,"comment_status":"closed","ping_status":"closed","sticky":false,"template":"","format":"standard","meta":{"_acf_changed":false,"footnotes":""},"categories":[161],"tags":[],"class_list":["post-379741","post","type-post","status-publish","format-standard","has-post-thumbnail","hentry","category-quadradinho-em-foco"],"acf":[],"yoast_head":"<!-- This site is optimized with the Yoast SEO plugin v27.2 - https:\/\/yoast.com\/product\/yoast-seo-wordpress\/ -->\n<title>Servi\u00e7o de hemodin\u00e2mica ganhar\u00e1 refor\u00e7o - Notibras<\/title>\n<meta name=\"robots\" content=\"index, follow, max-snippet:-1, max-image-preview:large, max-video-preview:-1\" \/>\n<link rel=\"canonical\" href=\"https:\/\/www.notibras.com\/site\/servico-de-hemodinamica-ganhara-reforco\/\" \/>\n<meta property=\"og:locale\" content=\"pt_BR\" \/>\n<meta property=\"og:type\" content=\"article\" \/>\n<meta property=\"og:title\" content=\"Servi\u00e7o de hemodin\u00e2mica ganhar\u00e1 refor\u00e7o - Notibras\" \/>\n<meta property=\"og:description\" content=\"O Instituto de Gest\u00e3o Estrat\u00e9gica de Sa\u00fade do Distrito Federal (IgesDF) lan\u00e7ou, nesta segunda-feira (19), o Edital n\u00ba 001\/2026 para a aquisi\u00e7\u00e3o de novos equipamentos m\u00e9dicos destinados ao servi\u00e7o de hemodin\u00e2mica do Hospital de Base. O investimento tem como objetivo ampliar a capacidade de atendimento do setor, al\u00e9m de qualificar o monitoramento dos procedimentos realizados, [&hellip;]\" \/>\n<meta property=\"og:url\" content=\"https:\/\/www.notibras.com\/site\/servico-de-hemodinamica-ganhara-reforco\/\" \/>\n<meta property=\"og:site_name\" content=\"Notibras\" \/>\n<meta property=\"article:publisher\" content=\"https:\/\/www.facebook.com\/notibras\/\" \/>\n<meta property=\"article:published_time\" content=\"2026-01-20T04:00:03+00:00\" \/>\n<meta property=\"og:image\" content=\"https:\/\/www.notibras.com\/site\/wp-content\/uploads\/2026\/01\/19.1.-Foto-Alberto-Ruy-IgesDF.jpg\" \/>\n\t<meta property=\"og:image:width\" content=\"799\" \/>\n\t<meta property=\"og:image:height\" content=\"533\" \/>\n\t<meta property=\"og:image:type\" content=\"image\/jpeg\" \/>\n<meta name=\"author\" content=\"Eduardo Mart\u00ednez\" \/>\n<meta name=\"twitter:card\" content=\"summary_large_image\" \/>\n<meta name=\"twitter:creator\" content=\"@Notibras\" \/>\n<meta name=\"twitter:site\" content=\"@Notibras\" \/>\n<meta name=\"twitter:label1\" content=\"Escrito por\" \/>\n\t<meta name=\"twitter:data1\" content=\"Eduardo Mart\u00ednez\" \/>\n\t<meta name=\"twitter:label2\" content=\"Est. tempo de leitura\" \/>\n\t<meta name=\"twitter:data2\" content=\"2 minutos\" \/>\n<script type=\"application\/ld+json\" class=\"yoast-schema-graph\">{\"@context\":\"https:\/\/schema.org\",\"@graph\":[{\"@type\":\"Article\",\"@id\":\"https:\/\/www.notibras.com\/site\/servico-de-hemodinamica-ganhara-reforco\/#article\",\"isPartOf\":{\"@id\":\"https:\/\/www.notibras.com\/site\/servico-de-hemodinamica-ganhara-reforco\/\"},\"author\":{\"name\":\"Eduardo Mart\u00ednez\",\"@id\":\"https:\/\/www.notibras.com\/site\/#\/schema\/person\/5b7fabf2aedc3ada2105f03b22b4d3dd\"},\"headline\":\"Servi\u00e7o de hemodin\u00e2mica ganhar\u00e1 refor\u00e7o\",\"datePublished\":\"2026-01-20T04:00:03+00:00\",\"mainEntityOfPage\":{\"@id\":\"https:\/\/www.notibras.com\/site\/servico-de-hemodinamica-ganhara-reforco\/\"},\"wordCount\":340,\"publisher\":{\"@id\":\"https:\/\/www.notibras.com\/site\/#organization\"},\"image\":{\"@id\":\"https:\/\/www.notibras.com\/site\/servico-de-hemodinamica-ganhara-reforco\/#primaryimage\"},\"thumbnailUrl\":\"https:\/\/www.notibras.com\/site\/wp-content\/uploads\/2026\/01\/19.1.-Foto-Alberto-Ruy-IgesDF.jpg\",\"articleSection\":[\"Quadradinho em Foco\"],\"inLanguage\":\"pt-BR\"},{\"@type\":\"WebPage\",\"@id\":\"https:\/\/www.notibras.com\/site\/servico-de-hemodinamica-ganhara-reforco\/\",\"url\":\"https:\/\/www.notibras.com\/site\/servico-de-hemodinamica-ganhara-reforco\/\",\"name\":\"Servi\u00e7o de hemodin\u00e2mica ganhar\u00e1 refor\u00e7o - Notibras\",\"isPartOf\":{\"@id\":\"https:\/\/www.notibras.com\/site\/#website\"},\"primaryImageOfPage\":{\"@id\":\"https:\/\/www.notibras.com\/site\/servico-de-hemodinamica-ganhara-reforco\/#primaryimage\"},\"image\":{\"@id\":\"https:\/\/www.notibras.com\/site\/servico-de-hemodinamica-ganhara-reforco\/#primaryimage\"},\"thumbnailUrl\":\"https:\/\/www.notibras.com\/site\/wp-content\/uploads\/2026\/01\/19.1.-Foto-Alberto-Ruy-IgesDF.jpg\",\"datePublished\":\"2026-01-20T04:00:03+00:00\",\"breadcrumb\":{\"@id\":\"https:\/\/www.notibras.com\/site\/servico-de-hemodinamica-ganhara-reforco\/#breadcrumb\"},\"inLanguage\":\"pt-BR\",\"potentialAction\":[{\"@type\":\"ReadAction\",\"target\":[\"https:\/\/www.notibras.com\/site\/servico-de-hemodinamica-ganhara-reforco\/\"]}]},{\"@type\":\"ImageObject\",\"inLanguage\":\"pt-BR\",\"@id\":\"https:\/\/www.notibras.com\/site\/servico-de-hemodinamica-ganhara-reforco\/#primaryimage\",\"url\":\"https:\/\/www.notibras.com\/site\/wp-content\/uploads\/2026\/01\/19.1.-Foto-Alberto-Ruy-IgesDF.jpg\",\"contentUrl\":\"https:\/\/www.notibras.com\/site\/wp-content\/uploads\/2026\/01\/19.1.-Foto-Alberto-Ruy-IgesDF.jpg\",\"width\":799,\"height\":533},{\"@type\":\"BreadcrumbList\",\"@id\":\"https:\/\/www.notibras.com\/site\/servico-de-hemodinamica-ganhara-reforco\/#breadcrumb\",\"itemListElement\":[{\"@type\":\"ListItem\",\"position\":1,\"name\":\"In\u00edcio\",\"item\":\"https:\/\/www.notibras.com\/site\/\"},{\"@type\":\"ListItem\",\"position\":2,\"name\":\"Servi\u00e7o de hemodin\u00e2mica ganhar\u00e1 refor\u00e7o\"}]},{\"@type\":\"WebSite\",\"@id\":\"https:\/\/www.notibras.com\/site\/#website\",\"url\":\"https:\/\/www.notibras.com\/site\/\",\"name\":\"Notibras\",\"description\":\"Not\u00edcias de Bras\u00edlia, do Brasil e do Mundo\",\"publisher\":{\"@id\":\"https:\/\/www.notibras.com\/site\/#organization\"},\"potentialAction\":[{\"@type\":\"SearchAction\",\"target\":{\"@type\":\"EntryPoint\",\"urlTemplate\":\"https:\/\/www.notibras.com\/site\/?s={search_term_string}\"},\"query-input\":{\"@type\":\"PropertyValueSpecification\",\"valueRequired\":true,\"valueName\":\"search_term_string\"}}],\"inLanguage\":\"pt-BR\"},{\"@type\":\"Organization\",\"@id\":\"https:\/\/www.notibras.com\/site\/#organization\",\"name\":\"Grupo Notibras de Comunica\u00e7\u00e3o\",\"url\":\"https:\/\/www.notibras.com\/site\/\",\"logo\":{\"@type\":\"ImageObject\",\"inLanguage\":\"pt-BR\",\"@id\":\"https:\/\/www.notibras.com\/site\/#\/schema\/logo\/image\/\",\"url\":\"https:\/\/www.notibras.com\/site\/wp-content\/uploads\/2023\/01\/notibras23.png\",\"contentUrl\":\"https:\/\/www.notibras.com\/site\/wp-content\/uploads\/2023\/01\/notibras23.png\",\"width\":350,\"height\":87,\"caption\":\"Grupo Notibras de Comunica\u00e7\u00e3o\"},\"image\":{\"@id\":\"https:\/\/www.notibras.com\/site\/#\/schema\/logo\/image\/\"},\"sameAs\":[\"https:\/\/www.facebook.com\/notibras\/\",\"https:\/\/x.com\/Notibras\",\"https:\/\/www.instagram.com\/notibras\/\"]},{\"@type\":\"Person\",\"@id\":\"https:\/\/www.notibras.com\/site\/#\/schema\/person\/5b7fabf2aedc3ada2105f03b22b4d3dd\",\"name\":\"Eduardo Mart\u00ednez\",\"image\":{\"@type\":\"ImageObject\",\"inLanguage\":\"pt-BR\",\"@id\":\"https:\/\/secure.gravatar.com\/avatar\/7902f906289926289cbcda644b5197c796b893c6ffd7b9a536a42d290f7704a0?s=96&d=mm&r=g\",\"url\":\"https:\/\/secure.gravatar.com\/avatar\/7902f906289926289cbcda644b5197c796b893c6ffd7b9a536a42d290f7704a0?s=96&d=mm&r=g\",\"contentUrl\":\"https:\/\/secure.gravatar.com\/avatar\/7902f906289926289cbcda644b5197c796b893c6ffd7b9a536a42d290f7704a0?s=96&d=mm&r=g\",\"caption\":\"Eduardo Mart\u00ednez\"}}]}<\/script>\n<!-- \/ Yoast SEO plugin. -->","yoast_head_json":{"title":"Servi\u00e7o de hemodin\u00e2mica ganhar\u00e1 refor\u00e7o - Notibras","robots":{"index":"index","follow":"follow","max-snippet":"max-snippet:-1","max-image-preview":"max-image-preview:large","max-video-preview":"max-video-preview:-1"},"canonical":"https:\/\/www.notibras.com\/site\/servico-de-hemodinamica-ganhara-reforco\/","og_locale":"pt_BR","og_type":"article","og_title":"Servi\u00e7o de hemodin\u00e2mica ganhar\u00e1 refor\u00e7o - Notibras","og_description":"O Instituto de Gest\u00e3o Estrat\u00e9gica de Sa\u00fade do Distrito Federal (IgesDF) lan\u00e7ou, nesta segunda-feira (19), o Edital n\u00ba 001\/2026 para a aquisi\u00e7\u00e3o de novos equipamentos m\u00e9dicos destinados ao servi\u00e7o de hemodin\u00e2mica do Hospital de Base. O investimento tem como objetivo ampliar a capacidade de atendimento do setor, al\u00e9m de qualificar o monitoramento dos procedimentos realizados, [&hellip;]","og_url":"https:\/\/www.notibras.com\/site\/servico-de-hemodinamica-ganhara-reforco\/","og_site_name":"Notibras","article_publisher":"https:\/\/www.facebook.com\/notibras\/","article_published_time":"2026-01-20T04:00:03+00:00","og_image":[{"width":799,"height":533,"url":"https:\/\/www.notibras.com\/site\/wp-content\/uploads\/2026\/01\/19.1.-Foto-Alberto-Ruy-IgesDF.jpg","type":"image\/jpeg"}],"author":"Eduardo Mart\u00ednez","twitter_card":"summary_large_image","twitter_creator":"@Notibras","twitter_site":"@Notibras","twitter_misc":{"Escrito por":"Eduardo Mart\u00ednez","Est. tempo de leitura":"2 minutos"},"schema":{"@context":"https:\/\/schema.org","@graph":[{"@type":"Article","@id":"https:\/\/www.notibras.com\/site\/servico-de-hemodinamica-ganhara-reforco\/#article","isPartOf":{"@id":"https:\/\/www.notibras.com\/site\/servico-de-hemodinamica-ganhara-reforco\/"},"author":{"name":"Eduardo Mart\u00ednez","@id":"https:\/\/www.notibras.com\/site\/#\/schema\/person\/5b7fabf2aedc3ada2105f03b22b4d3dd"},"headline":"Servi\u00e7o de hemodin\u00e2mica ganhar\u00e1 refor\u00e7o","datePublished":"2026-01-20T04:00:03+00:00","mainEntityOfPage":{"@id":"https:\/\/www.notibras.com\/site\/servico-de-hemodinamica-ganhara-reforco\/"},"wordCount":340,"publisher":{"@id":"https:\/\/www.notibras.com\/site\/#organization"},"image":{"@id":"https:\/\/www.notibras.com\/site\/servico-de-hemodinamica-ganhara-reforco\/#primaryimage"},"thumbnailUrl":"https:\/\/www.notibras.com\/site\/wp-content\/uploads\/2026\/01\/19.1.-Foto-Alberto-Ruy-IgesDF.jpg","articleSection":["Quadradinho em Foco"],"inLanguage":"pt-BR"},{"@type":"WebPage","@id":"https:\/\/www.notibras.com\/site\/servico-de-hemodinamica-ganhara-reforco\/","url":"https:\/\/www.notibras.com\/site\/servico-de-hemodinamica-ganhara-reforco\/","name":"Servi\u00e7o de hemodin\u00e2mica ganhar\u00e1 refor\u00e7o - Notibras","isPartOf":{"@id":"https:\/\/www.notibras.com\/site\/#website"},"primaryImageOfPage":{"@id":"https:\/\/www.notibras.com\/site\/servico-de-hemodinamica-ganhara-reforco\/#primaryimage"},"image":{"@id":"https:\/\/www.notibras.com\/site\/servico-de-hemodinamica-ganhara-reforco\/#primaryimage"},"thumbnailUrl":"https:\/\/www.notibras.com\/site\/wp-content\/uploads\/2026\/01\/19.1.-Foto-Alberto-Ruy-IgesDF.jpg","datePublished":"2026-01-20T04:00:03+00:00","breadcrumb":{"@id":"https:\/\/www.notibras.com\/site\/servico-de-hemodinamica-ganhara-reforco\/#breadcrumb"},"inLanguage":"pt-BR","potentialAction":[{"@type":"ReadAction","target":["https:\/\/www.notibras.com\/site\/servico-de-hemodinamica-ganhara-reforco\/"]}]},{"@type":"ImageObject","inLanguage":"pt-BR","@id":"https:\/\/www.notibras.com\/site\/servico-de-hemodinamica-ganhara-reforco\/#primaryimage","url":"https:\/\/www.notibras.com\/site\/wp-content\/uploads\/2026\/01\/19.1.-Foto-Alberto-Ruy-IgesDF.jpg","contentUrl":"https:\/\/www.notibras.com\/site\/wp-content\/uploads\/2026\/01\/19.1.-Foto-Alberto-Ruy-IgesDF.jpg","width":799,"height":533},{"@type":"BreadcrumbList","@id":"https:\/\/www.notibras.com\/site\/servico-de-hemodinamica-ganhara-reforco\/#breadcrumb","itemListElement":[{"@type":"ListItem","position":1,"name":"In\u00edcio","item":"https:\/\/www.notibras.com\/site\/"},{"@type":"ListItem","position":2,"name":"Servi\u00e7o de hemodin\u00e2mica ganhar\u00e1 refor\u00e7o"}]},{"@type":"WebSite","@id":"https:\/\/www.notibras.com\/site\/#website","url":"https:\/\/www.notibras.com\/site\/","name":"Notibras","description":"Not\u00edcias de Bras\u00edlia, do Brasil e do Mundo","publisher":{"@id":"https:\/\/www.notibras.com\/site\/#organization"},"potentialAction":[{"@type":"SearchAction","target":{"@type":"EntryPoint","urlTemplate":"https:\/\/www.notibras.com\/site\/?s={search_term_string}"},"query-input":{"@type":"PropertyValueSpecification","valueRequired":true,"valueName":"search_term_string"}}],"inLanguage":"pt-BR"},{"@type":"Organization","@id":"https:\/\/www.notibras.com\/site\/#organization","name":"Grupo Notibras de Comunica\u00e7\u00e3o","url":"https:\/\/www.notibras.com\/site\/","logo":{"@type":"ImageObject","inLanguage":"pt-BR","@id":"https:\/\/www.notibras.com\/site\/#\/schema\/logo\/image\/","url":"https:\/\/www.notibras.com\/site\/wp-content\/uploads\/2023\/01\/notibras23.png","contentUrl":"https:\/\/www.notibras.com\/site\/wp-content\/uploads\/2023\/01\/notibras23.png","width":350,"height":87,"caption":"Grupo Notibras de Comunica\u00e7\u00e3o"},"image":{"@id":"https:\/\/www.notibras.com\/site\/#\/schema\/logo\/image\/"},"sameAs":["https:\/\/www.facebook.com\/notibras\/","https:\/\/x.com\/Notibras","https:\/\/www.instagram.com\/notibras\/"]},{"@type":"Person","@id":"https:\/\/www.notibras.com\/site\/#\/schema\/person\/5b7fabf2aedc3ada2105f03b22b4d3dd","name":"Eduardo Mart\u00ednez","image":{"@type":"ImageObject","inLanguage":"pt-BR","@id":"https:\/\/secure.gravatar.com\/avatar\/7902f906289926289cbcda644b5197c796b893c6ffd7b9a536a42d290f7704a0?s=96&d=mm&r=g","url":"https:\/\/secure.gravatar.com\/avatar\/7902f906289926289cbcda644b5197c796b893c6ffd7b9a536a42d290f7704a0?s=96&d=mm&r=g","contentUrl":"https:\/\/secure.gravatar.com\/avatar\/7902f906289926289cbcda644b5197c796b893c6ffd7b9a536a42d290f7704a0?s=96&d=mm&r=g","caption":"Eduardo Mart\u00ednez"}}]}},"amp_enabled":true,"_links":{"self":[{"href":"https:\/\/www.notibras.com\/site\/wp-json\/wp\/v2\/posts\/379741","targetHints":{"allow":["GET"]}}],"collection":[{"href":"https:\/\/www.notibras.com\/site\/wp-json\/wp\/v2\/posts"}],"about":[{"href":"https:\/\/www.notibras.com\/site\/wp-json\/wp\/v2\/types\/post"}],"author":[{"embeddable":true,"href":"https:\/\/www.notibras.com\/site\/wp-json\/wp\/v2\/users\/21"}],"replies":[{"embeddable":true,"href":"https:\/\/www.notibras.com\/site\/wp-json\/wp\/v2\/comments?post=379741"}],"version-history":[{"count":2,"href":"https:\/\/www.notibras.com\/site\/wp-json\/wp\/v2\/posts\/379741\/revisions"}],"predecessor-version":[{"id":379744,"href":"https:\/\/www.notibras.com\/site\/wp-json\/wp\/v2\/posts\/379741\/revisions\/379744"}],"wp:featuredmedia":[{"embeddable":true,"href":"https:\/\/www.notibras.com\/site\/wp-json\/wp\/v2\/media\/379742"}],"wp:attachment":[{"href":"https:\/\/www.notibras.com\/site\/wp-json\/wp\/v2\/media?parent=379741"}],"wp:term":[{"taxonomy":"category","embeddable":true,"href":"https:\/\/www.notibras.com\/site\/wp-json\/wp\/v2\/categories?post=379741"},{"taxonomy":"post_tag","embeddable":true,"href":"https:\/\/www.notibras.com\/site\/wp-json\/wp\/v2\/tags?post=379741"}],"curies":[{"name":"wp","href":"https:\/\/api.w.org\/{rel}","templated":true}]}}