{"id":379749,"date":"2026-01-20T02:00:25","date_gmt":"2026-01-20T05:00:25","guid":{"rendered":"https:\/\/www.notibras.com\/site\/?p=379749"},"modified":"2026-01-19T23:43:43","modified_gmt":"2026-01-20T02:43:43","slug":"avaliacao-dos-cursos-de-medicina-especialmente-os-particulares-preocupa","status":"publish","type":"post","link":"https:\/\/www.notibras.com\/site\/avaliacao-dos-cursos-de-medicina-especialmente-os-particulares-preocupa\/","title":{"rendered":"Avalia\u00e7\u00e3o dos cursos de medicina, especialmente os particulares, preocupa"},"content":{"rendered":"<p>Nesta segunda-feira, dia 19, li com apreens\u00e3o a divulga\u00e7\u00e3o feita pelo Minist\u00e9rio da Educa\u00e7\u00e3o sobre o resultado do Enamed, o exame nacional de avalia\u00e7\u00e3o da forma\u00e7\u00e3o m\u00e9dica. O que veio a p\u00fablico \u00e9, no m\u00ednimo, assustador.<\/p>\n<p>De cada dez cursos de medicina existentes no pa\u00eds, tr\u00eas foram reprovados e sofrer\u00e3o san\u00e7\u00f5es. Dos 301 cursos avaliados, nada menos que 107 apresentaram desempenho insatisfat\u00f3rio. N\u00e3o estamos falando de n\u00fameros abstratos ou de estat\u00edsticas frias: estamos falando de m\u00e9dicos que est\u00e3o se formando, ou j\u00e1 se formaram, sem dominar plenamente as compet\u00eancias necess\u00e1rias para atender a popula\u00e7\u00e3o.<\/p>\n<p>O problema \u00e9 grave. Muito grave. Afinal, \u00e9 a sa\u00fade e a vida das pessoas que est\u00e3o nas m\u00e3os desses profissionais. Um diagn\u00f3stico errado, um procedimento mal indicado ou uma conduta inadequada podem custar caro demais. Quando a forma\u00e7\u00e3o falha, quem paga o pre\u00e7o \u00e9 a sociedade inteira.<\/p>\n<p>\u00c9 verdade que os cursos mal avaliados sofrer\u00e3o san\u00e7\u00f5es, e isso \u00e9 necess\u00e1rio. Mas \u00e9 insuficiente. A popula\u00e7\u00e3o tamb\u00e9m precisa estar atenta. N\u00e3o d\u00e1 para confiar cegamente apenas no diploma, no jaleco branco ou no status social que a medicina carrega. \u00c9 preciso buscar informa\u00e7\u00e3o, questionar, pedir segunda opini\u00e3o quando poss\u00edvel e compreender que, infelizmente, nem todo profissional saiu da faculdade com a forma\u00e7\u00e3o que deveria.<\/p>\n<p>Os resultados do Enamed escancaram um problema estrutural na expans\u00e3o desordenada dos cursos de medicina no Brasil. Enquanto esse debate n\u00e3o for enfrentado com seriedade, seguiremos convivendo com um risco que n\u00e3o deveria existir: o de ter nossa sa\u00fade entregue a profissionais que n\u00e3o foram adequadamente preparados para cuidar dela.<\/p>\n","protected":false},"excerpt":{"rendered":"<p>Nesta segunda-feira, dia 19, li com apreens\u00e3o a divulga\u00e7\u00e3o feita pelo Minist\u00e9rio da Educa\u00e7\u00e3o sobre o resultado do Enamed, o exame nacional de avalia\u00e7\u00e3o da forma\u00e7\u00e3o m\u00e9dica. O que veio a p\u00fablico \u00e9, no m\u00ednimo, assustador. De cada dez cursos de medicina existentes no pa\u00eds, tr\u00eas foram reprovados e sofrer\u00e3o san\u00e7\u00f5es. Dos 301 cursos avaliados, [&hellip;]<\/p>\n","protected":false},"author":21,"featured_media":379750,"comment_status":"closed","ping_status":"closed","sticky":false,"template":"","format":"standard","meta":{"_acf_changed":false,"footnotes":""},"categories":[235],"tags":[],"class_list":["post-379749","post","type-post","status-publish","format-standard","has-post-thumbnail","hentry","category-dona-irene"],"acf":[],"yoast_head":"<!-- This site is optimized with the Yoast SEO plugin v27.2 - https:\/\/yoast.com\/product\/yoast-seo-wordpress\/ -->\n<title>Avalia\u00e7\u00e3o dos cursos de medicina, especialmente os particulares, preocupa - Notibras<\/title>\n<meta name=\"robots\" content=\"index, follow, max-snippet:-1, max-image-preview:large, max-video-preview:-1\" \/>\n<link rel=\"canonical\" href=\"https:\/\/www.notibras.com\/site\/avaliacao-dos-cursos-de-medicina-especialmente-os-particulares-preocupa\/\" \/>\n<meta property=\"og:locale\" content=\"pt_BR\" \/>\n<meta property=\"og:type\" content=\"article\" \/>\n<meta property=\"og:title\" content=\"Avalia\u00e7\u00e3o dos cursos de medicina, especialmente os particulares, preocupa - Notibras\" \/>\n<meta property=\"og:description\" content=\"Nesta segunda-feira, dia 19, li com apreens\u00e3o a divulga\u00e7\u00e3o feita pelo Minist\u00e9rio da Educa\u00e7\u00e3o sobre o resultado do Enamed, o exame nacional de avalia\u00e7\u00e3o da forma\u00e7\u00e3o m\u00e9dica. O que veio a p\u00fablico \u00e9, no m\u00ednimo, assustador. De cada dez cursos de medicina existentes no pa\u00eds, tr\u00eas foram reprovados e sofrer\u00e3o san\u00e7\u00f5es. Dos 301 cursos avaliados, [&hellip;]\" \/>\n<meta property=\"og:url\" content=\"https:\/\/www.notibras.com\/site\/avaliacao-dos-cursos-de-medicina-especialmente-os-particulares-preocupa\/\" \/>\n<meta property=\"og:site_name\" content=\"Notibras\" \/>\n<meta property=\"article:publisher\" content=\"https:\/\/www.facebook.com\/notibras\/\" \/>\n<meta property=\"article:published_time\" content=\"2026-01-20T05:00:25+00:00\" \/>\n<meta property=\"og:image\" content=\"https:\/\/www.notibras.com\/site\/wp-content\/uploads\/2026\/01\/IMG_0438.jpg\" \/>\n\t<meta property=\"og:image:width\" content=\"1257\" \/>\n\t<meta property=\"og:image:height\" content=\"768\" \/>\n\t<meta property=\"og:image:type\" content=\"image\/jpeg\" \/>\n<meta name=\"author\" content=\"Eduardo Mart\u00ednez\" \/>\n<meta name=\"twitter:card\" content=\"summary_large_image\" \/>\n<meta name=\"twitter:creator\" content=\"@Notibras\" \/>\n<meta name=\"twitter:site\" content=\"@Notibras\" \/>\n<meta name=\"twitter:label1\" content=\"Escrito por\" \/>\n\t<meta name=\"twitter:data1\" content=\"Eduardo Mart\u00ednez\" \/>\n\t<meta name=\"twitter:label2\" content=\"Est. tempo de leitura\" \/>\n\t<meta name=\"twitter:data2\" content=\"2 minutos\" \/>\n<script type=\"application\/ld+json\" class=\"yoast-schema-graph\">{\"@context\":\"https:\/\/schema.org\",\"@graph\":[{\"@type\":\"Article\",\"@id\":\"https:\/\/www.notibras.com\/site\/avaliacao-dos-cursos-de-medicina-especialmente-os-particulares-preocupa\/#article\",\"isPartOf\":{\"@id\":\"https:\/\/www.notibras.com\/site\/avaliacao-dos-cursos-de-medicina-especialmente-os-particulares-preocupa\/\"},\"author\":{\"name\":\"Eduardo Mart\u00ednez\",\"@id\":\"https:\/\/www.notibras.com\/site\/#\/schema\/person\/5b7fabf2aedc3ada2105f03b22b4d3dd\"},\"headline\":\"Avalia\u00e7\u00e3o dos cursos de medicina, especialmente os particulares, preocupa\",\"datePublished\":\"2026-01-20T05:00:25+00:00\",\"mainEntityOfPage\":{\"@id\":\"https:\/\/www.notibras.com\/site\/avaliacao-dos-cursos-de-medicina-especialmente-os-particulares-preocupa\/\"},\"wordCount\":300,\"publisher\":{\"@id\":\"https:\/\/www.notibras.com\/site\/#organization\"},\"image\":{\"@id\":\"https:\/\/www.notibras.com\/site\/avaliacao-dos-cursos-de-medicina-especialmente-os-particulares-preocupa\/#primaryimage\"},\"thumbnailUrl\":\"https:\/\/www.notibras.com\/site\/wp-content\/uploads\/2026\/01\/IMG_0438.jpg\",\"articleSection\":[\"Dona Irene\"],\"inLanguage\":\"pt-BR\"},{\"@type\":\"WebPage\",\"@id\":\"https:\/\/www.notibras.com\/site\/avaliacao-dos-cursos-de-medicina-especialmente-os-particulares-preocupa\/\",\"url\":\"https:\/\/www.notibras.com\/site\/avaliacao-dos-cursos-de-medicina-especialmente-os-particulares-preocupa\/\",\"name\":\"Avalia\u00e7\u00e3o dos cursos de medicina, especialmente os particulares, preocupa - Notibras\",\"isPartOf\":{\"@id\":\"https:\/\/www.notibras.com\/site\/#website\"},\"primaryImageOfPage\":{\"@id\":\"https:\/\/www.notibras.com\/site\/avaliacao-dos-cursos-de-medicina-especialmente-os-particulares-preocupa\/#primaryimage\"},\"image\":{\"@id\":\"https:\/\/www.notibras.com\/site\/avaliacao-dos-cursos-de-medicina-especialmente-os-particulares-preocupa\/#primaryimage\"},\"thumbnailUrl\":\"https:\/\/www.notibras.com\/site\/wp-content\/uploads\/2026\/01\/IMG_0438.jpg\",\"datePublished\":\"2026-01-20T05:00:25+00:00\",\"breadcrumb\":{\"@id\":\"https:\/\/www.notibras.com\/site\/avaliacao-dos-cursos-de-medicina-especialmente-os-particulares-preocupa\/#breadcrumb\"},\"inLanguage\":\"pt-BR\",\"potentialAction\":[{\"@type\":\"ReadAction\",\"target\":[\"https:\/\/www.notibras.com\/site\/avaliacao-dos-cursos-de-medicina-especialmente-os-particulares-preocupa\/\"]}]},{\"@type\":\"ImageObject\",\"inLanguage\":\"pt-BR\",\"@id\":\"https:\/\/www.notibras.com\/site\/avaliacao-dos-cursos-de-medicina-especialmente-os-particulares-preocupa\/#primaryimage\",\"url\":\"https:\/\/www.notibras.com\/site\/wp-content\/uploads\/2026\/01\/IMG_0438.jpg\",\"contentUrl\":\"https:\/\/www.notibras.com\/site\/wp-content\/uploads\/2026\/01\/IMG_0438.jpg\",\"width\":1257,\"height\":768},{\"@type\":\"BreadcrumbList\",\"@id\":\"https:\/\/www.notibras.com\/site\/avaliacao-dos-cursos-de-medicina-especialmente-os-particulares-preocupa\/#breadcrumb\",\"itemListElement\":[{\"@type\":\"ListItem\",\"position\":1,\"name\":\"In\u00edcio\",\"item\":\"https:\/\/www.notibras.com\/site\/\"},{\"@type\":\"ListItem\",\"position\":2,\"name\":\"Avalia\u00e7\u00e3o dos cursos de medicina, especialmente os particulares, preocupa\"}]},{\"@type\":\"WebSite\",\"@id\":\"https:\/\/www.notibras.com\/site\/#website\",\"url\":\"https:\/\/www.notibras.com\/site\/\",\"name\":\"Notibras\",\"description\":\"Not\u00edcias de Bras\u00edlia, do Brasil e do Mundo\",\"publisher\":{\"@id\":\"https:\/\/www.notibras.com\/site\/#organization\"},\"potentialAction\":[{\"@type\":\"SearchAction\",\"target\":{\"@type\":\"EntryPoint\",\"urlTemplate\":\"https:\/\/www.notibras.com\/site\/?s={search_term_string}\"},\"query-input\":{\"@type\":\"PropertyValueSpecification\",\"valueRequired\":true,\"valueName\":\"search_term_string\"}}],\"inLanguage\":\"pt-BR\"},{\"@type\":\"Organization\",\"@id\":\"https:\/\/www.notibras.com\/site\/#organization\",\"name\":\"Grupo Notibras de Comunica\u00e7\u00e3o\",\"url\":\"https:\/\/www.notibras.com\/site\/\",\"logo\":{\"@type\":\"ImageObject\",\"inLanguage\":\"pt-BR\",\"@id\":\"https:\/\/www.notibras.com\/site\/#\/schema\/logo\/image\/\",\"url\":\"https:\/\/www.notibras.com\/site\/wp-content\/uploads\/2023\/01\/notibras23.png\",\"contentUrl\":\"https:\/\/www.notibras.com\/site\/wp-content\/uploads\/2023\/01\/notibras23.png\",\"width\":350,\"height\":87,\"caption\":\"Grupo Notibras de Comunica\u00e7\u00e3o\"},\"image\":{\"@id\":\"https:\/\/www.notibras.com\/site\/#\/schema\/logo\/image\/\"},\"sameAs\":[\"https:\/\/www.facebook.com\/notibras\/\",\"https:\/\/x.com\/Notibras\",\"https:\/\/www.instagram.com\/notibras\/\"]},{\"@type\":\"Person\",\"@id\":\"https:\/\/www.notibras.com\/site\/#\/schema\/person\/5b7fabf2aedc3ada2105f03b22b4d3dd\",\"name\":\"Eduardo Mart\u00ednez\",\"image\":{\"@type\":\"ImageObject\",\"inLanguage\":\"pt-BR\",\"@id\":\"https:\/\/secure.gravatar.com\/avatar\/7902f906289926289cbcda644b5197c796b893c6ffd7b9a536a42d290f7704a0?s=96&d=mm&r=g\",\"url\":\"https:\/\/secure.gravatar.com\/avatar\/7902f906289926289cbcda644b5197c796b893c6ffd7b9a536a42d290f7704a0?s=96&d=mm&r=g\",\"contentUrl\":\"https:\/\/secure.gravatar.com\/avatar\/7902f906289926289cbcda644b5197c796b893c6ffd7b9a536a42d290f7704a0?s=96&d=mm&r=g\",\"caption\":\"Eduardo Mart\u00ednez\"}}]}<\/script>\n<!-- \/ Yoast SEO plugin. -->","yoast_head_json":{"title":"Avalia\u00e7\u00e3o dos cursos de medicina, especialmente os particulares, preocupa - Notibras","robots":{"index":"index","follow":"follow","max-snippet":"max-snippet:-1","max-image-preview":"max-image-preview:large","max-video-preview":"max-video-preview:-1"},"canonical":"https:\/\/www.notibras.com\/site\/avaliacao-dos-cursos-de-medicina-especialmente-os-particulares-preocupa\/","og_locale":"pt_BR","og_type":"article","og_title":"Avalia\u00e7\u00e3o dos cursos de medicina, especialmente os particulares, preocupa - Notibras","og_description":"Nesta segunda-feira, dia 19, li com apreens\u00e3o a divulga\u00e7\u00e3o feita pelo Minist\u00e9rio da Educa\u00e7\u00e3o sobre o resultado do Enamed, o exame nacional de avalia\u00e7\u00e3o da forma\u00e7\u00e3o m\u00e9dica. O que veio a p\u00fablico \u00e9, no m\u00ednimo, assustador. De cada dez cursos de medicina existentes no pa\u00eds, tr\u00eas foram reprovados e sofrer\u00e3o san\u00e7\u00f5es. Dos 301 cursos avaliados, [&hellip;]","og_url":"https:\/\/www.notibras.com\/site\/avaliacao-dos-cursos-de-medicina-especialmente-os-particulares-preocupa\/","og_site_name":"Notibras","article_publisher":"https:\/\/www.facebook.com\/notibras\/","article_published_time":"2026-01-20T05:00:25+00:00","og_image":[{"width":1257,"height":768,"url":"https:\/\/www.notibras.com\/site\/wp-content\/uploads\/2026\/01\/IMG_0438.jpg","type":"image\/jpeg"}],"author":"Eduardo Mart\u00ednez","twitter_card":"summary_large_image","twitter_creator":"@Notibras","twitter_site":"@Notibras","twitter_misc":{"Escrito por":"Eduardo Mart\u00ednez","Est. tempo de leitura":"2 minutos"},"schema":{"@context":"https:\/\/schema.org","@graph":[{"@type":"Article","@id":"https:\/\/www.notibras.com\/site\/avaliacao-dos-cursos-de-medicina-especialmente-os-particulares-preocupa\/#article","isPartOf":{"@id":"https:\/\/www.notibras.com\/site\/avaliacao-dos-cursos-de-medicina-especialmente-os-particulares-preocupa\/"},"author":{"name":"Eduardo Mart\u00ednez","@id":"https:\/\/www.notibras.com\/site\/#\/schema\/person\/5b7fabf2aedc3ada2105f03b22b4d3dd"},"headline":"Avalia\u00e7\u00e3o dos cursos de medicina, especialmente os particulares, preocupa","datePublished":"2026-01-20T05:00:25+00:00","mainEntityOfPage":{"@id":"https:\/\/www.notibras.com\/site\/avaliacao-dos-cursos-de-medicina-especialmente-os-particulares-preocupa\/"},"wordCount":300,"publisher":{"@id":"https:\/\/www.notibras.com\/site\/#organization"},"image":{"@id":"https:\/\/www.notibras.com\/site\/avaliacao-dos-cursos-de-medicina-especialmente-os-particulares-preocupa\/#primaryimage"},"thumbnailUrl":"https:\/\/www.notibras.com\/site\/wp-content\/uploads\/2026\/01\/IMG_0438.jpg","articleSection":["Dona Irene"],"inLanguage":"pt-BR"},{"@type":"WebPage","@id":"https:\/\/www.notibras.com\/site\/avaliacao-dos-cursos-de-medicina-especialmente-os-particulares-preocupa\/","url":"https:\/\/www.notibras.com\/site\/avaliacao-dos-cursos-de-medicina-especialmente-os-particulares-preocupa\/","name":"Avalia\u00e7\u00e3o dos cursos de medicina, especialmente os particulares, preocupa - Notibras","isPartOf":{"@id":"https:\/\/www.notibras.com\/site\/#website"},"primaryImageOfPage":{"@id":"https:\/\/www.notibras.com\/site\/avaliacao-dos-cursos-de-medicina-especialmente-os-particulares-preocupa\/#primaryimage"},"image":{"@id":"https:\/\/www.notibras.com\/site\/avaliacao-dos-cursos-de-medicina-especialmente-os-particulares-preocupa\/#primaryimage"},"thumbnailUrl":"https:\/\/www.notibras.com\/site\/wp-content\/uploads\/2026\/01\/IMG_0438.jpg","datePublished":"2026-01-20T05:00:25+00:00","breadcrumb":{"@id":"https:\/\/www.notibras.com\/site\/avaliacao-dos-cursos-de-medicina-especialmente-os-particulares-preocupa\/#breadcrumb"},"inLanguage":"pt-BR","potentialAction":[{"@type":"ReadAction","target":["https:\/\/www.notibras.com\/site\/avaliacao-dos-cursos-de-medicina-especialmente-os-particulares-preocupa\/"]}]},{"@type":"ImageObject","inLanguage":"pt-BR","@id":"https:\/\/www.notibras.com\/site\/avaliacao-dos-cursos-de-medicina-especialmente-os-particulares-preocupa\/#primaryimage","url":"https:\/\/www.notibras.com\/site\/wp-content\/uploads\/2026\/01\/IMG_0438.jpg","contentUrl":"https:\/\/www.notibras.com\/site\/wp-content\/uploads\/2026\/01\/IMG_0438.jpg","width":1257,"height":768},{"@type":"BreadcrumbList","@id":"https:\/\/www.notibras.com\/site\/avaliacao-dos-cursos-de-medicina-especialmente-os-particulares-preocupa\/#breadcrumb","itemListElement":[{"@type":"ListItem","position":1,"name":"In\u00edcio","item":"https:\/\/www.notibras.com\/site\/"},{"@type":"ListItem","position":2,"name":"Avalia\u00e7\u00e3o dos cursos de medicina, especialmente os particulares, preocupa"}]},{"@type":"WebSite","@id":"https:\/\/www.notibras.com\/site\/#website","url":"https:\/\/www.notibras.com\/site\/","name":"Notibras","description":"Not\u00edcias de Bras\u00edlia, do Brasil e do Mundo","publisher":{"@id":"https:\/\/www.notibras.com\/site\/#organization"},"potentialAction":[{"@type":"SearchAction","target":{"@type":"EntryPoint","urlTemplate":"https:\/\/www.notibras.com\/site\/?s={search_term_string}"},"query-input":{"@type":"PropertyValueSpecification","valueRequired":true,"valueName":"search_term_string"}}],"inLanguage":"pt-BR"},{"@type":"Organization","@id":"https:\/\/www.notibras.com\/site\/#organization","name":"Grupo Notibras de Comunica\u00e7\u00e3o","url":"https:\/\/www.notibras.com\/site\/","logo":{"@type":"ImageObject","inLanguage":"pt-BR","@id":"https:\/\/www.notibras.com\/site\/#\/schema\/logo\/image\/","url":"https:\/\/www.notibras.com\/site\/wp-content\/uploads\/2023\/01\/notibras23.png","contentUrl":"https:\/\/www.notibras.com\/site\/wp-content\/uploads\/2023\/01\/notibras23.png","width":350,"height":87,"caption":"Grupo Notibras de Comunica\u00e7\u00e3o"},"image":{"@id":"https:\/\/www.notibras.com\/site\/#\/schema\/logo\/image\/"},"sameAs":["https:\/\/www.facebook.com\/notibras\/","https:\/\/x.com\/Notibras","https:\/\/www.instagram.com\/notibras\/"]},{"@type":"Person","@id":"https:\/\/www.notibras.com\/site\/#\/schema\/person\/5b7fabf2aedc3ada2105f03b22b4d3dd","name":"Eduardo Mart\u00ednez","image":{"@type":"ImageObject","inLanguage":"pt-BR","@id":"https:\/\/secure.gravatar.com\/avatar\/7902f906289926289cbcda644b5197c796b893c6ffd7b9a536a42d290f7704a0?s=96&d=mm&r=g","url":"https:\/\/secure.gravatar.com\/avatar\/7902f906289926289cbcda644b5197c796b893c6ffd7b9a536a42d290f7704a0?s=96&d=mm&r=g","contentUrl":"https:\/\/secure.gravatar.com\/avatar\/7902f906289926289cbcda644b5197c796b893c6ffd7b9a536a42d290f7704a0?s=96&d=mm&r=g","caption":"Eduardo Mart\u00ednez"}}]}},"amp_enabled":true,"_links":{"self":[{"href":"https:\/\/www.notibras.com\/site\/wp-json\/wp\/v2\/posts\/379749","targetHints":{"allow":["GET"]}}],"collection":[{"href":"https:\/\/www.notibras.com\/site\/wp-json\/wp\/v2\/posts"}],"about":[{"href":"https:\/\/www.notibras.com\/site\/wp-json\/wp\/v2\/types\/post"}],"author":[{"embeddable":true,"href":"https:\/\/www.notibras.com\/site\/wp-json\/wp\/v2\/users\/21"}],"replies":[{"embeddable":true,"href":"https:\/\/www.notibras.com\/site\/wp-json\/wp\/v2\/comments?post=379749"}],"version-history":[{"count":4,"href":"https:\/\/www.notibras.com\/site\/wp-json\/wp\/v2\/posts\/379749\/revisions"}],"predecessor-version":[{"id":379754,"href":"https:\/\/www.notibras.com\/site\/wp-json\/wp\/v2\/posts\/379749\/revisions\/379754"}],"wp:featuredmedia":[{"embeddable":true,"href":"https:\/\/www.notibras.com\/site\/wp-json\/wp\/v2\/media\/379750"}],"wp:attachment":[{"href":"https:\/\/www.notibras.com\/site\/wp-json\/wp\/v2\/media?parent=379749"}],"wp:term":[{"taxonomy":"category","embeddable":true,"href":"https:\/\/www.notibras.com\/site\/wp-json\/wp\/v2\/categories?post=379749"},{"taxonomy":"post_tag","embeddable":true,"href":"https:\/\/www.notibras.com\/site\/wp-json\/wp\/v2\/tags?post=379749"}],"curies":[{"name":"wp","href":"https:\/\/api.w.org\/{rel}","templated":true}]}}