{"id":379755,"date":"2026-01-20T02:15:51","date_gmt":"2026-01-20T05:15:51","guid":{"rendered":"https:\/\/www.notibras.com\/site\/?p=379755"},"modified":"2026-01-20T04:16:18","modified_gmt":"2026-01-20T07:16:18","slug":"nikolas-o-mineirim-que-joga-contra-o-brasileiro","status":"publish","type":"post","link":"https:\/\/www.notibras.com\/site\/nikolas-o-mineirim-que-joga-contra-o-brasileiro\/","title":{"rendered":"Nikolas, o &#8216;mineirim&#8217; que joga contra o brasileiro"},"content":{"rendered":"<p>O deputado federal Nikolas Ferreira (PL-MG) decidiu transformar o mandato em palco. Ele anunciou uma caminhada de Minas Gerais at\u00e9 Bras\u00edlia, que, segundo ele, seria um protesto contra a pris\u00e3o de Jair Bolsonaro e de outros condenados por tentativa de golpe de Estado. Caminhada, protesto, live, stories, reels. Tudo, menos trabalho legislativo de verdade.<\/p>\n<p>Nikolas parece empenhado em n\u00e3o trabalhar. N\u00e3o apresenta projetos concretos para melhorar a vida do povo brasileiro, muito menos para enfrentar os problemas reais de Minas Gerais. O que ele oferece \u00e9 espet\u00e1culo, engajamento, barulho. Um mandato inteiro convertido em performance pol\u00edtica para alimentar seguidores e manter relev\u00e2ncia nas redes sociais. Governar, legislar e propor solu\u00e7\u00f5es ficam sempre para depois, se \u00e9 que ficam.<\/p>\n<p>Para completar o show, o aliado e tamb\u00e9m deputado federal Gustavo Gayer (PL-GO) anunciou que tamb\u00e9m vai participar da caminhada. Os dois j\u00e1 come\u00e7aram a divulgar trechos do percurso nas redes, como se estivessem numa esp\u00e9cie de reality pol\u00edtico itinerante. N\u00e3o \u00e9 protesto no sentido nobre da palavra; \u00e9 conte\u00fado. Conte\u00fado vazio, calculado para gerar cliques, curtidas e mais engajamento.<\/p>\n<p>Gustavo Gayer, ali\u00e1s, tamb\u00e9m \u00e9 conhecido por um passado que deveria impor, no m\u00ednimo, alguma conten\u00e7\u00e3o moral: ele ficou conhecido por um epis\u00f3dio grave de tr\u00e2nsito, ocorrido quando dirigia embriagado, que resultou na morte de tr\u00eas pessoas, fato amplamente registrado e lembrado sempre que seu nome vem \u00e0 tona. Ainda assim, l\u00e1 est\u00e1 ele, lado a lado com Nikolas, posando de paladino da moral e da justi\u00e7a.<\/p>\n<p>No fim das contas, os dois combinam. Combinam na falta de compromisso com o trabalho legislativo, combinam na aposta permanente no espet\u00e1culo e combinam na tentativa de transformar a pol\u00edtica em um eterno palco de autopromo\u00e7\u00e3o. Enquanto isso, o Brasil segue com problemas urgentes esperando por deputados que queiram menos caminhar para a c\u00e2mera e mais trabalhar para o povo.<\/p>\n","protected":false},"excerpt":{"rendered":"<p>O deputado federal Nikolas Ferreira (PL-MG) decidiu transformar o mandato em palco. Ele anunciou uma caminhada de Minas Gerais at\u00e9 Bras\u00edlia, que, segundo ele, seria um protesto contra a pris\u00e3o de Jair Bolsonaro e de outros condenados por tentativa de golpe de Estado. Caminhada, protesto, live, stories, reels. Tudo, menos trabalho legislativo de verdade. Nikolas [&hellip;]<\/p>\n","protected":false},"author":21,"featured_media":379756,"comment_status":"closed","ping_status":"closed","sticky":false,"template":"","format":"standard","meta":{"_acf_changed":false,"footnotes":""},"categories":[235],"tags":[],"class_list":["post-379755","post","type-post","status-publish","format-standard","has-post-thumbnail","hentry","category-dona-irene"],"acf":[],"yoast_head":"<!-- This site is optimized with the Yoast SEO plugin v27.2 - https:\/\/yoast.com\/product\/yoast-seo-wordpress\/ -->\n<title>Nikolas, o &#039;mineirim&#039; que joga contra o brasileiro - Notibras<\/title>\n<meta name=\"robots\" content=\"index, follow, max-snippet:-1, max-image-preview:large, max-video-preview:-1\" \/>\n<link rel=\"canonical\" href=\"https:\/\/www.notibras.com\/site\/nikolas-o-mineirim-que-joga-contra-o-brasileiro\/\" \/>\n<meta property=\"og:locale\" content=\"pt_BR\" \/>\n<meta property=\"og:type\" content=\"article\" \/>\n<meta property=\"og:title\" content=\"Nikolas, o &#039;mineirim&#039; que joga contra o brasileiro - Notibras\" \/>\n<meta property=\"og:description\" content=\"O deputado federal Nikolas Ferreira (PL-MG) decidiu transformar o mandato em palco. Ele anunciou uma caminhada de Minas Gerais at\u00e9 Bras\u00edlia, que, segundo ele, seria um protesto contra a pris\u00e3o de Jair Bolsonaro e de outros condenados por tentativa de golpe de Estado. Caminhada, protesto, live, stories, reels. Tudo, menos trabalho legislativo de verdade. Nikolas [&hellip;]\" \/>\n<meta property=\"og:url\" content=\"https:\/\/www.notibras.com\/site\/nikolas-o-mineirim-que-joga-contra-o-brasileiro\/\" \/>\n<meta property=\"og:site_name\" content=\"Notibras\" \/>\n<meta property=\"article:publisher\" content=\"https:\/\/www.facebook.com\/notibras\/\" \/>\n<meta property=\"article:published_time\" content=\"2026-01-20T05:15:51+00:00\" \/>\n<meta property=\"article:modified_time\" content=\"2026-01-20T07:16:18+00:00\" \/>\n<meta property=\"og:image\" content=\"https:\/\/www.notibras.com\/site\/wp-content\/uploads\/2026\/01\/deputado-nikolas-ferreira-trump-848x477-1-1.webp\" \/>\n\t<meta property=\"og:image:width\" content=\"848\" \/>\n\t<meta property=\"og:image:height\" content=\"477\" \/>\n\t<meta property=\"og:image:type\" content=\"image\/webp\" \/>\n<meta name=\"author\" content=\"Eduardo Mart\u00ednez\" \/>\n<meta name=\"twitter:card\" content=\"summary_large_image\" \/>\n<meta name=\"twitter:creator\" content=\"@Notibras\" \/>\n<meta name=\"twitter:site\" content=\"@Notibras\" \/>\n<meta name=\"twitter:label1\" content=\"Escrito por\" \/>\n\t<meta name=\"twitter:data1\" content=\"Eduardo Mart\u00ednez\" \/>\n\t<meta name=\"twitter:label2\" content=\"Est. tempo de leitura\" \/>\n\t<meta name=\"twitter:data2\" content=\"2 minutos\" \/>\n<script type=\"application\/ld+json\" class=\"yoast-schema-graph\">{\"@context\":\"https:\/\/schema.org\",\"@graph\":[{\"@type\":\"Article\",\"@id\":\"https:\/\/www.notibras.com\/site\/nikolas-o-mineirim-que-joga-contra-o-brasileiro\/#article\",\"isPartOf\":{\"@id\":\"https:\/\/www.notibras.com\/site\/nikolas-o-mineirim-que-joga-contra-o-brasileiro\/\"},\"author\":{\"name\":\"Eduardo Mart\u00ednez\",\"@id\":\"https:\/\/www.notibras.com\/site\/#\/schema\/person\/5b7fabf2aedc3ada2105f03b22b4d3dd\"},\"headline\":\"Nikolas, o &#8216;mineirim&#8217; que joga contra o brasileiro\",\"datePublished\":\"2026-01-20T05:15:51+00:00\",\"dateModified\":\"2026-01-20T07:16:18+00:00\",\"mainEntityOfPage\":{\"@id\":\"https:\/\/www.notibras.com\/site\/nikolas-o-mineirim-que-joga-contra-o-brasileiro\/\"},\"wordCount\":335,\"publisher\":{\"@id\":\"https:\/\/www.notibras.com\/site\/#organization\"},\"image\":{\"@id\":\"https:\/\/www.notibras.com\/site\/nikolas-o-mineirim-que-joga-contra-o-brasileiro\/#primaryimage\"},\"thumbnailUrl\":\"https:\/\/www.notibras.com\/site\/wp-content\/uploads\/2026\/01\/deputado-nikolas-ferreira-trump-848x477-1-1.webp\",\"articleSection\":[\"Dona Irene\"],\"inLanguage\":\"pt-BR\"},{\"@type\":\"WebPage\",\"@id\":\"https:\/\/www.notibras.com\/site\/nikolas-o-mineirim-que-joga-contra-o-brasileiro\/\",\"url\":\"https:\/\/www.notibras.com\/site\/nikolas-o-mineirim-que-joga-contra-o-brasileiro\/\",\"name\":\"Nikolas, o 'mineirim' que joga contra o brasileiro - Notibras\",\"isPartOf\":{\"@id\":\"https:\/\/www.notibras.com\/site\/#website\"},\"primaryImageOfPage\":{\"@id\":\"https:\/\/www.notibras.com\/site\/nikolas-o-mineirim-que-joga-contra-o-brasileiro\/#primaryimage\"},\"image\":{\"@id\":\"https:\/\/www.notibras.com\/site\/nikolas-o-mineirim-que-joga-contra-o-brasileiro\/#primaryimage\"},\"thumbnailUrl\":\"https:\/\/www.notibras.com\/site\/wp-content\/uploads\/2026\/01\/deputado-nikolas-ferreira-trump-848x477-1-1.webp\",\"datePublished\":\"2026-01-20T05:15:51+00:00\",\"dateModified\":\"2026-01-20T07:16:18+00:00\",\"breadcrumb\":{\"@id\":\"https:\/\/www.notibras.com\/site\/nikolas-o-mineirim-que-joga-contra-o-brasileiro\/#breadcrumb\"},\"inLanguage\":\"pt-BR\",\"potentialAction\":[{\"@type\":\"ReadAction\",\"target\":[\"https:\/\/www.notibras.com\/site\/nikolas-o-mineirim-que-joga-contra-o-brasileiro\/\"]}]},{\"@type\":\"ImageObject\",\"inLanguage\":\"pt-BR\",\"@id\":\"https:\/\/www.notibras.com\/site\/nikolas-o-mineirim-que-joga-contra-o-brasileiro\/#primaryimage\",\"url\":\"https:\/\/www.notibras.com\/site\/wp-content\/uploads\/2026\/01\/deputado-nikolas-ferreira-trump-848x477-1-1.webp\",\"contentUrl\":\"https:\/\/www.notibras.com\/site\/wp-content\/uploads\/2026\/01\/deputado-nikolas-ferreira-trump-848x477-1-1.webp\",\"width\":848,\"height\":477},{\"@type\":\"BreadcrumbList\",\"@id\":\"https:\/\/www.notibras.com\/site\/nikolas-o-mineirim-que-joga-contra-o-brasileiro\/#breadcrumb\",\"itemListElement\":[{\"@type\":\"ListItem\",\"position\":1,\"name\":\"In\u00edcio\",\"item\":\"https:\/\/www.notibras.com\/site\/\"},{\"@type\":\"ListItem\",\"position\":2,\"name\":\"Nikolas, o &#8216;mineirim&#8217; que joga contra o brasileiro\"}]},{\"@type\":\"WebSite\",\"@id\":\"https:\/\/www.notibras.com\/site\/#website\",\"url\":\"https:\/\/www.notibras.com\/site\/\",\"name\":\"Notibras\",\"description\":\"Not\u00edcias de Bras\u00edlia, do Brasil e do Mundo\",\"publisher\":{\"@id\":\"https:\/\/www.notibras.com\/site\/#organization\"},\"potentialAction\":[{\"@type\":\"SearchAction\",\"target\":{\"@type\":\"EntryPoint\",\"urlTemplate\":\"https:\/\/www.notibras.com\/site\/?s={search_term_string}\"},\"query-input\":{\"@type\":\"PropertyValueSpecification\",\"valueRequired\":true,\"valueName\":\"search_term_string\"}}],\"inLanguage\":\"pt-BR\"},{\"@type\":\"Organization\",\"@id\":\"https:\/\/www.notibras.com\/site\/#organization\",\"name\":\"Grupo Notibras de Comunica\u00e7\u00e3o\",\"url\":\"https:\/\/www.notibras.com\/site\/\",\"logo\":{\"@type\":\"ImageObject\",\"inLanguage\":\"pt-BR\",\"@id\":\"https:\/\/www.notibras.com\/site\/#\/schema\/logo\/image\/\",\"url\":\"https:\/\/www.notibras.com\/site\/wp-content\/uploads\/2023\/01\/notibras23.png\",\"contentUrl\":\"https:\/\/www.notibras.com\/site\/wp-content\/uploads\/2023\/01\/notibras23.png\",\"width\":350,\"height\":87,\"caption\":\"Grupo Notibras de Comunica\u00e7\u00e3o\"},\"image\":{\"@id\":\"https:\/\/www.notibras.com\/site\/#\/schema\/logo\/image\/\"},\"sameAs\":[\"https:\/\/www.facebook.com\/notibras\/\",\"https:\/\/x.com\/Notibras\",\"https:\/\/www.instagram.com\/notibras\/\"]},{\"@type\":\"Person\",\"@id\":\"https:\/\/www.notibras.com\/site\/#\/schema\/person\/5b7fabf2aedc3ada2105f03b22b4d3dd\",\"name\":\"Eduardo Mart\u00ednez\",\"image\":{\"@type\":\"ImageObject\",\"inLanguage\":\"pt-BR\",\"@id\":\"https:\/\/secure.gravatar.com\/avatar\/7902f906289926289cbcda644b5197c796b893c6ffd7b9a536a42d290f7704a0?s=96&d=mm&r=g\",\"url\":\"https:\/\/secure.gravatar.com\/avatar\/7902f906289926289cbcda644b5197c796b893c6ffd7b9a536a42d290f7704a0?s=96&d=mm&r=g\",\"contentUrl\":\"https:\/\/secure.gravatar.com\/avatar\/7902f906289926289cbcda644b5197c796b893c6ffd7b9a536a42d290f7704a0?s=96&d=mm&r=g\",\"caption\":\"Eduardo Mart\u00ednez\"}}]}<\/script>\n<!-- \/ Yoast SEO plugin. -->","yoast_head_json":{"title":"Nikolas, o 'mineirim' que joga contra o brasileiro - Notibras","robots":{"index":"index","follow":"follow","max-snippet":"max-snippet:-1","max-image-preview":"max-image-preview:large","max-video-preview":"max-video-preview:-1"},"canonical":"https:\/\/www.notibras.com\/site\/nikolas-o-mineirim-que-joga-contra-o-brasileiro\/","og_locale":"pt_BR","og_type":"article","og_title":"Nikolas, o 'mineirim' que joga contra o brasileiro - Notibras","og_description":"O deputado federal Nikolas Ferreira (PL-MG) decidiu transformar o mandato em palco. Ele anunciou uma caminhada de Minas Gerais at\u00e9 Bras\u00edlia, que, segundo ele, seria um protesto contra a pris\u00e3o de Jair Bolsonaro e de outros condenados por tentativa de golpe de Estado. Caminhada, protesto, live, stories, reels. Tudo, menos trabalho legislativo de verdade. Nikolas [&hellip;]","og_url":"https:\/\/www.notibras.com\/site\/nikolas-o-mineirim-que-joga-contra-o-brasileiro\/","og_site_name":"Notibras","article_publisher":"https:\/\/www.facebook.com\/notibras\/","article_published_time":"2026-01-20T05:15:51+00:00","article_modified_time":"2026-01-20T07:16:18+00:00","og_image":[{"width":848,"height":477,"url":"https:\/\/www.notibras.com\/site\/wp-content\/uploads\/2026\/01\/deputado-nikolas-ferreira-trump-848x477-1-1.webp","type":"image\/webp"}],"author":"Eduardo Mart\u00ednez","twitter_card":"summary_large_image","twitter_creator":"@Notibras","twitter_site":"@Notibras","twitter_misc":{"Escrito por":"Eduardo Mart\u00ednez","Est. tempo de leitura":"2 minutos"},"schema":{"@context":"https:\/\/schema.org","@graph":[{"@type":"Article","@id":"https:\/\/www.notibras.com\/site\/nikolas-o-mineirim-que-joga-contra-o-brasileiro\/#article","isPartOf":{"@id":"https:\/\/www.notibras.com\/site\/nikolas-o-mineirim-que-joga-contra-o-brasileiro\/"},"author":{"name":"Eduardo Mart\u00ednez","@id":"https:\/\/www.notibras.com\/site\/#\/schema\/person\/5b7fabf2aedc3ada2105f03b22b4d3dd"},"headline":"Nikolas, o &#8216;mineirim&#8217; que joga contra o brasileiro","datePublished":"2026-01-20T05:15:51+00:00","dateModified":"2026-01-20T07:16:18+00:00","mainEntityOfPage":{"@id":"https:\/\/www.notibras.com\/site\/nikolas-o-mineirim-que-joga-contra-o-brasileiro\/"},"wordCount":335,"publisher":{"@id":"https:\/\/www.notibras.com\/site\/#organization"},"image":{"@id":"https:\/\/www.notibras.com\/site\/nikolas-o-mineirim-que-joga-contra-o-brasileiro\/#primaryimage"},"thumbnailUrl":"https:\/\/www.notibras.com\/site\/wp-content\/uploads\/2026\/01\/deputado-nikolas-ferreira-trump-848x477-1-1.webp","articleSection":["Dona Irene"],"inLanguage":"pt-BR"},{"@type":"WebPage","@id":"https:\/\/www.notibras.com\/site\/nikolas-o-mineirim-que-joga-contra-o-brasileiro\/","url":"https:\/\/www.notibras.com\/site\/nikolas-o-mineirim-que-joga-contra-o-brasileiro\/","name":"Nikolas, o 'mineirim' que joga contra o brasileiro - Notibras","isPartOf":{"@id":"https:\/\/www.notibras.com\/site\/#website"},"primaryImageOfPage":{"@id":"https:\/\/www.notibras.com\/site\/nikolas-o-mineirim-que-joga-contra-o-brasileiro\/#primaryimage"},"image":{"@id":"https:\/\/www.notibras.com\/site\/nikolas-o-mineirim-que-joga-contra-o-brasileiro\/#primaryimage"},"thumbnailUrl":"https:\/\/www.notibras.com\/site\/wp-content\/uploads\/2026\/01\/deputado-nikolas-ferreira-trump-848x477-1-1.webp","datePublished":"2026-01-20T05:15:51+00:00","dateModified":"2026-01-20T07:16:18+00:00","breadcrumb":{"@id":"https:\/\/www.notibras.com\/site\/nikolas-o-mineirim-que-joga-contra-o-brasileiro\/#breadcrumb"},"inLanguage":"pt-BR","potentialAction":[{"@type":"ReadAction","target":["https:\/\/www.notibras.com\/site\/nikolas-o-mineirim-que-joga-contra-o-brasileiro\/"]}]},{"@type":"ImageObject","inLanguage":"pt-BR","@id":"https:\/\/www.notibras.com\/site\/nikolas-o-mineirim-que-joga-contra-o-brasileiro\/#primaryimage","url":"https:\/\/www.notibras.com\/site\/wp-content\/uploads\/2026\/01\/deputado-nikolas-ferreira-trump-848x477-1-1.webp","contentUrl":"https:\/\/www.notibras.com\/site\/wp-content\/uploads\/2026\/01\/deputado-nikolas-ferreira-trump-848x477-1-1.webp","width":848,"height":477},{"@type":"BreadcrumbList","@id":"https:\/\/www.notibras.com\/site\/nikolas-o-mineirim-que-joga-contra-o-brasileiro\/#breadcrumb","itemListElement":[{"@type":"ListItem","position":1,"name":"In\u00edcio","item":"https:\/\/www.notibras.com\/site\/"},{"@type":"ListItem","position":2,"name":"Nikolas, o &#8216;mineirim&#8217; que joga contra o brasileiro"}]},{"@type":"WebSite","@id":"https:\/\/www.notibras.com\/site\/#website","url":"https:\/\/www.notibras.com\/site\/","name":"Notibras","description":"Not\u00edcias de Bras\u00edlia, do Brasil e do Mundo","publisher":{"@id":"https:\/\/www.notibras.com\/site\/#organization"},"potentialAction":[{"@type":"SearchAction","target":{"@type":"EntryPoint","urlTemplate":"https:\/\/www.notibras.com\/site\/?s={search_term_string}"},"query-input":{"@type":"PropertyValueSpecification","valueRequired":true,"valueName":"search_term_string"}}],"inLanguage":"pt-BR"},{"@type":"Organization","@id":"https:\/\/www.notibras.com\/site\/#organization","name":"Grupo Notibras de Comunica\u00e7\u00e3o","url":"https:\/\/www.notibras.com\/site\/","logo":{"@type":"ImageObject","inLanguage":"pt-BR","@id":"https:\/\/www.notibras.com\/site\/#\/schema\/logo\/image\/","url":"https:\/\/www.notibras.com\/site\/wp-content\/uploads\/2023\/01\/notibras23.png","contentUrl":"https:\/\/www.notibras.com\/site\/wp-content\/uploads\/2023\/01\/notibras23.png","width":350,"height":87,"caption":"Grupo Notibras de Comunica\u00e7\u00e3o"},"image":{"@id":"https:\/\/www.notibras.com\/site\/#\/schema\/logo\/image\/"},"sameAs":["https:\/\/www.facebook.com\/notibras\/","https:\/\/x.com\/Notibras","https:\/\/www.instagram.com\/notibras\/"]},{"@type":"Person","@id":"https:\/\/www.notibras.com\/site\/#\/schema\/person\/5b7fabf2aedc3ada2105f03b22b4d3dd","name":"Eduardo Mart\u00ednez","image":{"@type":"ImageObject","inLanguage":"pt-BR","@id":"https:\/\/secure.gravatar.com\/avatar\/7902f906289926289cbcda644b5197c796b893c6ffd7b9a536a42d290f7704a0?s=96&d=mm&r=g","url":"https:\/\/secure.gravatar.com\/avatar\/7902f906289926289cbcda644b5197c796b893c6ffd7b9a536a42d290f7704a0?s=96&d=mm&r=g","contentUrl":"https:\/\/secure.gravatar.com\/avatar\/7902f906289926289cbcda644b5197c796b893c6ffd7b9a536a42d290f7704a0?s=96&d=mm&r=g","caption":"Eduardo Mart\u00ednez"}}]}},"amp_enabled":true,"_links":{"self":[{"href":"https:\/\/www.notibras.com\/site\/wp-json\/wp\/v2\/posts\/379755","targetHints":{"allow":["GET"]}}],"collection":[{"href":"https:\/\/www.notibras.com\/site\/wp-json\/wp\/v2\/posts"}],"about":[{"href":"https:\/\/www.notibras.com\/site\/wp-json\/wp\/v2\/types\/post"}],"author":[{"embeddable":true,"href":"https:\/\/www.notibras.com\/site\/wp-json\/wp\/v2\/users\/21"}],"replies":[{"embeddable":true,"href":"https:\/\/www.notibras.com\/site\/wp-json\/wp\/v2\/comments?post=379755"}],"version-history":[{"count":6,"href":"https:\/\/www.notibras.com\/site\/wp-json\/wp\/v2\/posts\/379755\/revisions"}],"predecessor-version":[{"id":379783,"href":"https:\/\/www.notibras.com\/site\/wp-json\/wp\/v2\/posts\/379755\/revisions\/379783"}],"wp:featuredmedia":[{"embeddable":true,"href":"https:\/\/www.notibras.com\/site\/wp-json\/wp\/v2\/media\/379756"}],"wp:attachment":[{"href":"https:\/\/www.notibras.com\/site\/wp-json\/wp\/v2\/media?parent=379755"}],"wp:term":[{"taxonomy":"category","embeddable":true,"href":"https:\/\/www.notibras.com\/site\/wp-json\/wp\/v2\/categories?post=379755"},{"taxonomy":"post_tag","embeddable":true,"href":"https:\/\/www.notibras.com\/site\/wp-json\/wp\/v2\/tags?post=379755"}],"curies":[{"name":"wp","href":"https:\/\/api.w.org\/{rel}","templated":true}]}}