{"id":379761,"date":"2026-01-20T02:00:31","date_gmt":"2026-01-20T05:00:31","guid":{"rendered":"https:\/\/www.notibras.com\/site\/?p=379761"},"modified":"2026-01-20T01:14:19","modified_gmt":"2026-01-20T04:14:19","slug":"o-homem-que-saiu-de-casa-ainda-menino","status":"publish","type":"post","link":"https:\/\/www.notibras.com\/site\/o-homem-que-saiu-de-casa-ainda-menino\/","title":{"rendered":"O homem que saiu de casa ainda menino"},"content":{"rendered":"<p>Valdir, desde muito cedo, precisou encarar as agruras da vida longe da barra da saia da m\u00e3e, que precisou entreg\u00e1-lo aos cuidados de Laura, a cunhada, com a promessa de faz\u00ea-lo homem antes que ca\u00edsse no mundo. O menino teve que aprender a reter as l\u00e1grimas e acompanhar os passos da tia, que parecia querer deixar aquele peda\u00e7o de mis\u00e9ria para tr\u00e1s.<\/p>\n<p>A mulher, que tamb\u00e9m era madrinha da crian\u00e7a, adiou a miss\u00e3o por mais de ano, at\u00e9 que a consci\u00eancia lhe pesou mais do que poderia suportar. Que pegasse logo o afilhado e o levasse para o Rio de Janeiro, ent\u00e3o capital, onde as chances de sobreviv\u00eancia eram mais favor\u00e1veis \u00e0s da cidade natal, Caxias, no Maranh\u00e3o.<\/p>\n<p>A viagem foi longa o suficiente para que Valdir se acostumasse com os malabarismos das ondas do mar. Quando o enjoo lhe beirava a goela, o moleque tratava de engoli-lo de volta. N\u00e3o era seu costume desperdi\u00e7ar o que faltava no prato dos seus.<\/p>\n<p>Ao chegar \u00e0 Cidade Maravilhosa, nos idos de 1948, Valdir se assustou com aquela quantidade infinita de seres humanos. Gente pra dar com pau, gente saindo pelo ladr\u00e3o, gente que n\u00e3o acabava mais.<\/p>\n<p>\u2014 Madrinha, aqui tem comida pra toda essa gente?<\/p>\n<p>\u2014 Que cada um se vire por sua conta e risco, Valdir.<\/p>\n<p>Tia Laura n\u00e3o era m\u00e1, mas a dureza da vida a ensinou que paisagem n\u00e3o foi feita para pobre apreciar. Isso era coisa da gente da alta, que vivia em Copacabana. O destino dos dois era outro e, sem perda de tempo, rumaram para Bangu.<\/p>\n<p>Valdir, assim que aprendeu a se virar sozinho, tratou de arrumar algum para ajudar nas despesas da casa. Catava o que a xepa deixava para tr\u00e1s, separava o que n\u00e3o era de todo ruim, vendia como se fosse coisa boa. Se tivesse lim\u00e3o, fazia limonada e vendia nas peladas de domingo. Queria dar uns chutes, mas precisava garantir os trocados.<\/p>\n<p>Quando soube que iriam construir a nova capital no meio do nada, n\u00e3o deu trela, at\u00e9 que Dorival, que morava na mesma rua, foi ter uma conversa com ele em uma sexta-feira de julho de 1958, logo ap\u00f3s Garrincha bagun\u00e7ar com os beques na Su\u00e9cia,<\/p>\n<p>\u2014 Vamos, homem, que vai ser bom pra voc\u00ea.<\/p>\n<p>\u2014 Vou nada, Dorival. E tia Laura?<\/p>\n<p>\u2014 Ela vai entender.<\/p>\n<p>\u2014 Hum!<\/p>\n<p>A conversa encompridou tanto, que a madrinha do Valdir apareceu e, n\u00e3o tardou, se inteirou da hist\u00f3ria.<\/p>\n<p>\u2014 O que a senhora acha, madrinha?<\/p>\n<p>\u2014 Se eu fosse voc\u00ea, eu ia.<\/p>\n<p>\u2014 Vou nada!<\/p>\n<p>\u2014 Vai. Se for ruim, voc\u00ea volta pra c\u00e1.<\/p>\n<p>Duas semanas depois, l\u00e1 estavam os dois amigos em um \u00f4nibus a caminho do nada no meio do Cerrado. Tirando as horas de sono, conversaram animadamente durante praticamente toda a viagem at\u00e9 que o sil\u00eancio se instalou no instante que chegaram \u00e0quele mundar\u00e9u de terra vermelha.<\/p>\n<p>Ficaram ali parados por quase uma hora quando, de repente, chegaram alguns caminh\u00f5es, de onde desceram homens carregando pranchetas e cadernos. Eram os respons\u00e1veis pelas contrata\u00e7\u00f5es dos pe\u00f5es de obra. N\u00e3o tardou, Valdir e Dorival estavam empregados.<\/p>\n<p>Quando 1959 se fez presente, Dorival confidenciou ao amigo que n\u00e3o suportava mais ficar naquela terra. Iria voltar no dia seguinte.<\/p>\n<p>\u2014 Voc\u00ea vem comigo?<\/p>\n<p>\u2014 N\u00e3o tem como, Dorival.<\/p>\n<p>\u2014 Por qu\u00ea, homem?<\/p>\n<p>\u2014 Conheci uma mo\u00e7a.<\/p>\n<p>\u2014 Mo\u00e7a?<\/p>\n<p>\u2014 \u00c9<\/p>\n<p>\u2014 Que hist\u00f3ria \u00e9 essa, Valdir? E de onde \u00e9 essa mo\u00e7a, que eu nunca vi?<\/p>\n<p>\u2014 Ela n\u00e3o \u00e9 daqui.<\/p>\n<p>\u2014 Pois \u00e9 de onde?<\/p>\n<p>\u2014 De Caxias.<\/p>\n<p>\u2014 Da sua terra?<\/p>\n<p>\u2014 \u00c9.<\/p>\n<p>\u2014 Ah, agora que entendi tudo. Aquelas cartas todas que voc\u00ea escreve e recebe \u00e9 tudo pra ela?<\/p>\n<p>Valdir assentiu com a cabe\u00e7a e sorriu.<\/p>\n<p>\u2014 E prometi traz\u00ea-la pra c\u00e1 no fim do ano. Vou me casar, Dorival. Vou me casar!<\/p>\n<p>Dorival puxou o amigo pelo bra\u00e7o e o abra\u00e7ou.<\/p>\n<p>\u2014 Meus parab\u00e9ns, Valdir! Voc\u00ea merece, meu amigo!<\/p>\n<p>No dia seguinte, Dorival pegou o caminho de volta, enquanto Valdir continuou trabalhando na constru\u00e7\u00e3o da nova capital do pa\u00eds. Ele cumpriu a promessa e foi buscar a noiva. Ficou por l\u00e1 o tempo necess\u00e1rio para se casar e, assim que arrumou condu\u00e7\u00e3o, retornou com a esposa, Martinha, a tempo de ser testemunha da inaugura\u00e7\u00e3o de Bras\u00edlia.<\/p>\n<p><strong>\u2026\u2026\u2026\u2026\u2026\u2026\u2026\u2026<\/strong><\/p>\n<p><strong>Eduardo Mart\u00ednez \u00e9 autor do livro \u201957 Contos e Cr\u00f4nicas por um Autor Muito Velho\u2019 (Vencedor do Pr\u00eamio Liter\u00e1rio Clarice Lispector \u2013 2025 na categoria livro de contos).<\/strong><\/p>\n<p><strong>Compre aqui<\/strong><\/p>\n<p><a href=\"https:\/\/www.joanineditora.com.br\/57-contos-e-cronicas-por-um-autor-muito-velho\"><strong>https:\/\/www.joanineditora.com.br\/57-contos-e-cronicas-por-um-autor-muito-velho<\/strong><\/a><\/p>\n","protected":false},"excerpt":{"rendered":"<p>Valdir, desde muito cedo, precisou encarar as agruras da vida longe da barra da saia da m\u00e3e, que precisou entreg\u00e1-lo aos cuidados de Laura, a cunhada, com a promessa de faz\u00ea-lo homem antes que ca\u00edsse no mundo. O menino teve que aprender a reter as l\u00e1grimas e acompanhar os passos da tia, que parecia querer [&hellip;]<\/p>\n","protected":false},"author":21,"featured_media":379764,"comment_status":"closed","ping_status":"closed","sticky":false,"template":"","format":"standard","meta":{"_acf_changed":false,"footnotes":""},"categories":[161],"tags":[],"class_list":["post-379761","post","type-post","status-publish","format-standard","has-post-thumbnail","hentry","category-quadradinho-em-foco"],"acf":[],"yoast_head":"<!-- This site is optimized with the Yoast SEO plugin v27.2 - https:\/\/yoast.com\/product\/yoast-seo-wordpress\/ -->\n<title>O homem que saiu de casa ainda menino - Notibras<\/title>\n<meta name=\"robots\" content=\"index, follow, max-snippet:-1, max-image-preview:large, max-video-preview:-1\" \/>\n<link rel=\"canonical\" href=\"https:\/\/www.notibras.com\/site\/o-homem-que-saiu-de-casa-ainda-menino\/\" \/>\n<meta property=\"og:locale\" content=\"pt_BR\" \/>\n<meta property=\"og:type\" content=\"article\" \/>\n<meta property=\"og:title\" content=\"O homem que saiu de casa ainda menino - Notibras\" \/>\n<meta property=\"og:description\" content=\"Valdir, desde muito cedo, precisou encarar as agruras da vida longe da barra da saia da m\u00e3e, que precisou entreg\u00e1-lo aos cuidados de Laura, a cunhada, com a promessa de faz\u00ea-lo homem antes que ca\u00edsse no mundo. O menino teve que aprender a reter as l\u00e1grimas e acompanhar os passos da tia, que parecia querer [&hellip;]\" \/>\n<meta property=\"og:url\" content=\"https:\/\/www.notibras.com\/site\/o-homem-que-saiu-de-casa-ainda-menino\/\" \/>\n<meta property=\"og:site_name\" content=\"Notibras\" \/>\n<meta property=\"article:publisher\" content=\"https:\/\/www.facebook.com\/notibras\/\" \/>\n<meta property=\"article:published_time\" content=\"2026-01-20T05:00:31+00:00\" \/>\n<meta property=\"og:image\" content=\"https:\/\/www.notibras.com\/site\/wp-content\/uploads\/2026\/01\/IMG_0439.jpg\" \/>\n\t<meta property=\"og:image:width\" content=\"944\" \/>\n\t<meta property=\"og:image:height\" content=\"783\" \/>\n\t<meta property=\"og:image:type\" content=\"image\/jpeg\" \/>\n<meta name=\"author\" content=\"Eduardo Mart\u00ednez\" \/>\n<meta name=\"twitter:card\" content=\"summary_large_image\" \/>\n<meta name=\"twitter:creator\" content=\"@Notibras\" \/>\n<meta name=\"twitter:site\" content=\"@Notibras\" \/>\n<meta name=\"twitter:label1\" content=\"Escrito por\" \/>\n\t<meta name=\"twitter:data1\" content=\"Eduardo Mart\u00ednez\" \/>\n\t<meta name=\"twitter:label2\" content=\"Est. tempo de leitura\" \/>\n\t<meta name=\"twitter:data2\" content=\"5 minutos\" \/>\n<script type=\"application\/ld+json\" class=\"yoast-schema-graph\">{\"@context\":\"https:\/\/schema.org\",\"@graph\":[{\"@type\":\"Article\",\"@id\":\"https:\/\/www.notibras.com\/site\/o-homem-que-saiu-de-casa-ainda-menino\/#article\",\"isPartOf\":{\"@id\":\"https:\/\/www.notibras.com\/site\/o-homem-que-saiu-de-casa-ainda-menino\/\"},\"author\":{\"name\":\"Eduardo Mart\u00ednez\",\"@id\":\"https:\/\/www.notibras.com\/site\/#\/schema\/person\/5b7fabf2aedc3ada2105f03b22b4d3dd\"},\"headline\":\"O homem que saiu de casa ainda menino\",\"datePublished\":\"2026-01-20T05:00:31+00:00\",\"mainEntityOfPage\":{\"@id\":\"https:\/\/www.notibras.com\/site\/o-homem-que-saiu-de-casa-ainda-menino\/\"},\"wordCount\":771,\"publisher\":{\"@id\":\"https:\/\/www.notibras.com\/site\/#organization\"},\"image\":{\"@id\":\"https:\/\/www.notibras.com\/site\/o-homem-que-saiu-de-casa-ainda-menino\/#primaryimage\"},\"thumbnailUrl\":\"https:\/\/www.notibras.com\/site\/wp-content\/uploads\/2026\/01\/IMG_0439.jpg\",\"articleSection\":[\"Quadradinho em Foco\"],\"inLanguage\":\"pt-BR\"},{\"@type\":\"WebPage\",\"@id\":\"https:\/\/www.notibras.com\/site\/o-homem-que-saiu-de-casa-ainda-menino\/\",\"url\":\"https:\/\/www.notibras.com\/site\/o-homem-que-saiu-de-casa-ainda-menino\/\",\"name\":\"O homem que saiu de casa ainda menino - Notibras\",\"isPartOf\":{\"@id\":\"https:\/\/www.notibras.com\/site\/#website\"},\"primaryImageOfPage\":{\"@id\":\"https:\/\/www.notibras.com\/site\/o-homem-que-saiu-de-casa-ainda-menino\/#primaryimage\"},\"image\":{\"@id\":\"https:\/\/www.notibras.com\/site\/o-homem-que-saiu-de-casa-ainda-menino\/#primaryimage\"},\"thumbnailUrl\":\"https:\/\/www.notibras.com\/site\/wp-content\/uploads\/2026\/01\/IMG_0439.jpg\",\"datePublished\":\"2026-01-20T05:00:31+00:00\",\"breadcrumb\":{\"@id\":\"https:\/\/www.notibras.com\/site\/o-homem-que-saiu-de-casa-ainda-menino\/#breadcrumb\"},\"inLanguage\":\"pt-BR\",\"potentialAction\":[{\"@type\":\"ReadAction\",\"target\":[\"https:\/\/www.notibras.com\/site\/o-homem-que-saiu-de-casa-ainda-menino\/\"]}]},{\"@type\":\"ImageObject\",\"inLanguage\":\"pt-BR\",\"@id\":\"https:\/\/www.notibras.com\/site\/o-homem-que-saiu-de-casa-ainda-menino\/#primaryimage\",\"url\":\"https:\/\/www.notibras.com\/site\/wp-content\/uploads\/2026\/01\/IMG_0439.jpg\",\"contentUrl\":\"https:\/\/www.notibras.com\/site\/wp-content\/uploads\/2026\/01\/IMG_0439.jpg\",\"width\":944,\"height\":783},{\"@type\":\"BreadcrumbList\",\"@id\":\"https:\/\/www.notibras.com\/site\/o-homem-que-saiu-de-casa-ainda-menino\/#breadcrumb\",\"itemListElement\":[{\"@type\":\"ListItem\",\"position\":1,\"name\":\"In\u00edcio\",\"item\":\"https:\/\/www.notibras.com\/site\/\"},{\"@type\":\"ListItem\",\"position\":2,\"name\":\"O homem que saiu de casa ainda menino\"}]},{\"@type\":\"WebSite\",\"@id\":\"https:\/\/www.notibras.com\/site\/#website\",\"url\":\"https:\/\/www.notibras.com\/site\/\",\"name\":\"Notibras\",\"description\":\"Not\u00edcias de Bras\u00edlia, do Brasil e do Mundo\",\"publisher\":{\"@id\":\"https:\/\/www.notibras.com\/site\/#organization\"},\"potentialAction\":[{\"@type\":\"SearchAction\",\"target\":{\"@type\":\"EntryPoint\",\"urlTemplate\":\"https:\/\/www.notibras.com\/site\/?s={search_term_string}\"},\"query-input\":{\"@type\":\"PropertyValueSpecification\",\"valueRequired\":true,\"valueName\":\"search_term_string\"}}],\"inLanguage\":\"pt-BR\"},{\"@type\":\"Organization\",\"@id\":\"https:\/\/www.notibras.com\/site\/#organization\",\"name\":\"Grupo Notibras de Comunica\u00e7\u00e3o\",\"url\":\"https:\/\/www.notibras.com\/site\/\",\"logo\":{\"@type\":\"ImageObject\",\"inLanguage\":\"pt-BR\",\"@id\":\"https:\/\/www.notibras.com\/site\/#\/schema\/logo\/image\/\",\"url\":\"https:\/\/www.notibras.com\/site\/wp-content\/uploads\/2023\/01\/notibras23.png\",\"contentUrl\":\"https:\/\/www.notibras.com\/site\/wp-content\/uploads\/2023\/01\/notibras23.png\",\"width\":350,\"height\":87,\"caption\":\"Grupo Notibras de Comunica\u00e7\u00e3o\"},\"image\":{\"@id\":\"https:\/\/www.notibras.com\/site\/#\/schema\/logo\/image\/\"},\"sameAs\":[\"https:\/\/www.facebook.com\/notibras\/\",\"https:\/\/x.com\/Notibras\",\"https:\/\/www.instagram.com\/notibras\/\"]},{\"@type\":\"Person\",\"@id\":\"https:\/\/www.notibras.com\/site\/#\/schema\/person\/5b7fabf2aedc3ada2105f03b22b4d3dd\",\"name\":\"Eduardo Mart\u00ednez\",\"image\":{\"@type\":\"ImageObject\",\"inLanguage\":\"pt-BR\",\"@id\":\"https:\/\/secure.gravatar.com\/avatar\/7902f906289926289cbcda644b5197c796b893c6ffd7b9a536a42d290f7704a0?s=96&d=mm&r=g\",\"url\":\"https:\/\/secure.gravatar.com\/avatar\/7902f906289926289cbcda644b5197c796b893c6ffd7b9a536a42d290f7704a0?s=96&d=mm&r=g\",\"contentUrl\":\"https:\/\/secure.gravatar.com\/avatar\/7902f906289926289cbcda644b5197c796b893c6ffd7b9a536a42d290f7704a0?s=96&d=mm&r=g\",\"caption\":\"Eduardo Mart\u00ednez\"}}]}<\/script>\n<!-- \/ Yoast SEO plugin. -->","yoast_head_json":{"title":"O homem que saiu de casa ainda menino - Notibras","robots":{"index":"index","follow":"follow","max-snippet":"max-snippet:-1","max-image-preview":"max-image-preview:large","max-video-preview":"max-video-preview:-1"},"canonical":"https:\/\/www.notibras.com\/site\/o-homem-que-saiu-de-casa-ainda-menino\/","og_locale":"pt_BR","og_type":"article","og_title":"O homem que saiu de casa ainda menino - Notibras","og_description":"Valdir, desde muito cedo, precisou encarar as agruras da vida longe da barra da saia da m\u00e3e, que precisou entreg\u00e1-lo aos cuidados de Laura, a cunhada, com a promessa de faz\u00ea-lo homem antes que ca\u00edsse no mundo. O menino teve que aprender a reter as l\u00e1grimas e acompanhar os passos da tia, que parecia querer [&hellip;]","og_url":"https:\/\/www.notibras.com\/site\/o-homem-que-saiu-de-casa-ainda-menino\/","og_site_name":"Notibras","article_publisher":"https:\/\/www.facebook.com\/notibras\/","article_published_time":"2026-01-20T05:00:31+00:00","og_image":[{"width":944,"height":783,"url":"https:\/\/www.notibras.com\/site\/wp-content\/uploads\/2026\/01\/IMG_0439.jpg","type":"image\/jpeg"}],"author":"Eduardo Mart\u00ednez","twitter_card":"summary_large_image","twitter_creator":"@Notibras","twitter_site":"@Notibras","twitter_misc":{"Escrito por":"Eduardo Mart\u00ednez","Est. tempo de leitura":"5 minutos"},"schema":{"@context":"https:\/\/schema.org","@graph":[{"@type":"Article","@id":"https:\/\/www.notibras.com\/site\/o-homem-que-saiu-de-casa-ainda-menino\/#article","isPartOf":{"@id":"https:\/\/www.notibras.com\/site\/o-homem-que-saiu-de-casa-ainda-menino\/"},"author":{"name":"Eduardo Mart\u00ednez","@id":"https:\/\/www.notibras.com\/site\/#\/schema\/person\/5b7fabf2aedc3ada2105f03b22b4d3dd"},"headline":"O homem que saiu de casa ainda menino","datePublished":"2026-01-20T05:00:31+00:00","mainEntityOfPage":{"@id":"https:\/\/www.notibras.com\/site\/o-homem-que-saiu-de-casa-ainda-menino\/"},"wordCount":771,"publisher":{"@id":"https:\/\/www.notibras.com\/site\/#organization"},"image":{"@id":"https:\/\/www.notibras.com\/site\/o-homem-que-saiu-de-casa-ainda-menino\/#primaryimage"},"thumbnailUrl":"https:\/\/www.notibras.com\/site\/wp-content\/uploads\/2026\/01\/IMG_0439.jpg","articleSection":["Quadradinho em Foco"],"inLanguage":"pt-BR"},{"@type":"WebPage","@id":"https:\/\/www.notibras.com\/site\/o-homem-que-saiu-de-casa-ainda-menino\/","url":"https:\/\/www.notibras.com\/site\/o-homem-que-saiu-de-casa-ainda-menino\/","name":"O homem que saiu de casa ainda menino - Notibras","isPartOf":{"@id":"https:\/\/www.notibras.com\/site\/#website"},"primaryImageOfPage":{"@id":"https:\/\/www.notibras.com\/site\/o-homem-que-saiu-de-casa-ainda-menino\/#primaryimage"},"image":{"@id":"https:\/\/www.notibras.com\/site\/o-homem-que-saiu-de-casa-ainda-menino\/#primaryimage"},"thumbnailUrl":"https:\/\/www.notibras.com\/site\/wp-content\/uploads\/2026\/01\/IMG_0439.jpg","datePublished":"2026-01-20T05:00:31+00:00","breadcrumb":{"@id":"https:\/\/www.notibras.com\/site\/o-homem-que-saiu-de-casa-ainda-menino\/#breadcrumb"},"inLanguage":"pt-BR","potentialAction":[{"@type":"ReadAction","target":["https:\/\/www.notibras.com\/site\/o-homem-que-saiu-de-casa-ainda-menino\/"]}]},{"@type":"ImageObject","inLanguage":"pt-BR","@id":"https:\/\/www.notibras.com\/site\/o-homem-que-saiu-de-casa-ainda-menino\/#primaryimage","url":"https:\/\/www.notibras.com\/site\/wp-content\/uploads\/2026\/01\/IMG_0439.jpg","contentUrl":"https:\/\/www.notibras.com\/site\/wp-content\/uploads\/2026\/01\/IMG_0439.jpg","width":944,"height":783},{"@type":"BreadcrumbList","@id":"https:\/\/www.notibras.com\/site\/o-homem-que-saiu-de-casa-ainda-menino\/#breadcrumb","itemListElement":[{"@type":"ListItem","position":1,"name":"In\u00edcio","item":"https:\/\/www.notibras.com\/site\/"},{"@type":"ListItem","position":2,"name":"O homem que saiu de casa ainda menino"}]},{"@type":"WebSite","@id":"https:\/\/www.notibras.com\/site\/#website","url":"https:\/\/www.notibras.com\/site\/","name":"Notibras","description":"Not\u00edcias de Bras\u00edlia, do Brasil e do Mundo","publisher":{"@id":"https:\/\/www.notibras.com\/site\/#organization"},"potentialAction":[{"@type":"SearchAction","target":{"@type":"EntryPoint","urlTemplate":"https:\/\/www.notibras.com\/site\/?s={search_term_string}"},"query-input":{"@type":"PropertyValueSpecification","valueRequired":true,"valueName":"search_term_string"}}],"inLanguage":"pt-BR"},{"@type":"Organization","@id":"https:\/\/www.notibras.com\/site\/#organization","name":"Grupo Notibras de Comunica\u00e7\u00e3o","url":"https:\/\/www.notibras.com\/site\/","logo":{"@type":"ImageObject","inLanguage":"pt-BR","@id":"https:\/\/www.notibras.com\/site\/#\/schema\/logo\/image\/","url":"https:\/\/www.notibras.com\/site\/wp-content\/uploads\/2023\/01\/notibras23.png","contentUrl":"https:\/\/www.notibras.com\/site\/wp-content\/uploads\/2023\/01\/notibras23.png","width":350,"height":87,"caption":"Grupo Notibras de Comunica\u00e7\u00e3o"},"image":{"@id":"https:\/\/www.notibras.com\/site\/#\/schema\/logo\/image\/"},"sameAs":["https:\/\/www.facebook.com\/notibras\/","https:\/\/x.com\/Notibras","https:\/\/www.instagram.com\/notibras\/"]},{"@type":"Person","@id":"https:\/\/www.notibras.com\/site\/#\/schema\/person\/5b7fabf2aedc3ada2105f03b22b4d3dd","name":"Eduardo Mart\u00ednez","image":{"@type":"ImageObject","inLanguage":"pt-BR","@id":"https:\/\/secure.gravatar.com\/avatar\/7902f906289926289cbcda644b5197c796b893c6ffd7b9a536a42d290f7704a0?s=96&d=mm&r=g","url":"https:\/\/secure.gravatar.com\/avatar\/7902f906289926289cbcda644b5197c796b893c6ffd7b9a536a42d290f7704a0?s=96&d=mm&r=g","contentUrl":"https:\/\/secure.gravatar.com\/avatar\/7902f906289926289cbcda644b5197c796b893c6ffd7b9a536a42d290f7704a0?s=96&d=mm&r=g","caption":"Eduardo Mart\u00ednez"}}]}},"amp_enabled":true,"_links":{"self":[{"href":"https:\/\/www.notibras.com\/site\/wp-json\/wp\/v2\/posts\/379761","targetHints":{"allow":["GET"]}}],"collection":[{"href":"https:\/\/www.notibras.com\/site\/wp-json\/wp\/v2\/posts"}],"about":[{"href":"https:\/\/www.notibras.com\/site\/wp-json\/wp\/v2\/types\/post"}],"author":[{"embeddable":true,"href":"https:\/\/www.notibras.com\/site\/wp-json\/wp\/v2\/users\/21"}],"replies":[{"embeddable":true,"href":"https:\/\/www.notibras.com\/site\/wp-json\/wp\/v2\/comments?post=379761"}],"version-history":[{"count":3,"href":"https:\/\/www.notibras.com\/site\/wp-json\/wp\/v2\/posts\/379761\/revisions"}],"predecessor-version":[{"id":379765,"href":"https:\/\/www.notibras.com\/site\/wp-json\/wp\/v2\/posts\/379761\/revisions\/379765"}],"wp:featuredmedia":[{"embeddable":true,"href":"https:\/\/www.notibras.com\/site\/wp-json\/wp\/v2\/media\/379764"}],"wp:attachment":[{"href":"https:\/\/www.notibras.com\/site\/wp-json\/wp\/v2\/media?parent=379761"}],"wp:term":[{"taxonomy":"category","embeddable":true,"href":"https:\/\/www.notibras.com\/site\/wp-json\/wp\/v2\/categories?post=379761"},{"taxonomy":"post_tag","embeddable":true,"href":"https:\/\/www.notibras.com\/site\/wp-json\/wp\/v2\/tags?post=379761"}],"curies":[{"name":"wp","href":"https:\/\/api.w.org\/{rel}","templated":true}]}}