{"id":379766,"date":"2026-01-21T01:15:15","date_gmt":"2026-01-21T04:15:15","guid":{"rendered":"https:\/\/www.notibras.com\/site\/?p=379766"},"modified":"2026-01-20T01:45:32","modified_gmt":"2026-01-20T04:45:32","slug":"versos-esculpidos-na-pedra","status":"publish","type":"post","link":"https:\/\/www.notibras.com\/site\/versos-esculpidos-na-pedra\/","title":{"rendered":"Versos esculpidos na pedra"},"content":{"rendered":"<p>&#8220;Pensar em Jo\u00e3o Cabral de Melo Neto \u00e9 quase um axioma matem\u00e1tico, \u00e9 a palavra exata no lugar exato: rigor e perfei\u00e7\u00e3o&#8221;<br \/>\n(Caetano Veloso em conversa com Chico Buarque sobre &#8220;Morte e Vida Severina&#8221;, de JCMN)<\/p>\n<p>Jo\u00e3o Cabral de Melo Neto nasceu escultor de palavras; palavras de pedra. A pedra \u00e9 presen\u00e7a constante ao longo de toda obra do g\u00eanio. A pedra\/palavra, o verso, a m\u00e9trica a ser buscada como os dias a serem vividos com os galos das madrugadas.<\/p>\n<p>Ele nasceu no Recife, em 1920. Morreu no Rio de Janeiro, em 1999, com cegueira progressiva e deprimido. Por\u00e9m, ao longo de oito d\u00e9cadas de vida, o &#8220;poeta-engenheiro&#8221; trilhou um dos mais belos e produtivos caminhos da literatura mundial. Sim, mundial.<\/p>\n<p>Era chamado de poeta-engenheiro, tendo em vista o c\u00e1lculo, a lapida\u00e7\u00e3o, a obsess\u00e3o pela palavra certa no lugar certo e a objetividade de seu trabalho em versos, em prosa e na diplomacia brasileiro em diversos pa\u00edses pelo mundo.<\/p>\n<p>Jo\u00e3o Cabral continua pouco lido pelo grande p\u00fablico, embora consagrado pela Academia Brasileira de Letras e ser o primeiro brasileiro a vencer o Pr\u00eamio Cam\u00f5es, a maior distin\u00e7\u00e3o liter\u00e1ria em l\u00edngua portuguesa.<\/p>\n<p>&#8220;Ningu\u00e9m lapidou as palavras, os sentidos e a pureza dos versos como Jo\u00e3o Cabral; o que o tornou um caso \u00fanico mesmo em sua gera\u00e7\u00e3o de 45 formada por extraordin\u00e1rios intelectuais da palavra&#8221;, escreveu sobre ele nada menos que o grande Ant\u00f4nio C\u00e2ndido, escritor, intelectual e professor em\u00e9rito da USP na \u00e1rea da Literatura.<\/p>\n<p><strong>PRODU\u00c7\u00c3O IN\u00c9DITA<\/strong><\/p>\n<p>JCMN escreveu em quantidade e qualidade. E em ritmo acelerado. Deixou uma obra ainda por ser pesquisada e revisitada em estudos acad\u00eamicos. O acervo do autor, na Casa Rui Barbosa, reserva cerca de 40 poemas ainda in\u00e9ditos e mais de 20 textos em prosa, al\u00e9m de entrevistas e material de extensa pesquisa hist\u00f3rico-documental a respeito das navega\u00e7\u00f5es espanholas e portuguesas que conduziram os europeus ao continente americano.<\/p>\n<p>Sua obra \u00e9 intensa, rica e inestim\u00e1vel. Considerado o &#8220;maior poeta da l\u00edngua brasileira perfeita&#8221;, como o classificou Vin\u00edcius de Moraes, outro poeta de fino e lapidado trato.<\/p>\n<p>Herm\u00e9tico, anti-l\u00edrico, demasiado racional, apaixonado pela perfei\u00e7\u00e3o s\u00e3o apenas alguns meros e subjetivos coment\u00e1rios da cr\u00edtica especializada sobre ele. Todos distantes da verdadeira realidade do g\u00eanio do Recife.<\/p>\n<p>A verdade \u00e9 que Jo\u00e3o Cabral de Melo Neto distanciou-se da literatura produzida por seus contempor\u00e2neos. Poeta por excel\u00eancia, rejeitou a sentimentalidade, a irracionalidade ou o verso subjetivo, adotando uma postura de reflex\u00e3o cr\u00edtica (e tamb\u00e9m auto reflexiva e autocr\u00edtica) marcada pelo rigor formal. Sua poesia \u00e9 um exerc\u00edcio de linguagem, calcado no intenso trabalho com as palavras e em permanente estado de tens\u00e3o.<\/p>\n<p>Na obra de Jo\u00e3o Cabral, tudo \u00e9 resultado de partos perfeitos, a exemplo de: Pedra do Sono (1942); O C\u00e3o sem Plumas (1950); Morte e Vida Severina (1955); A Educa\u00e7\u00e3o pela Pedra (1966);<\/p>\n<p>Entre as frases geniais dele, marcou-me o pensamento direto, no alvo que juntei entre tantos outros dele:<\/p>\n<p>&#8220;Escrever \u00e9 estar no extremo de si mesmo [&#8230;] Um galo sozinho n\u00e3o tece uma manh\u00e3 [&#8230;] Esta cova em que est\u00e1s, com palmos medidas, \u00e9 a terra que querias ver dividida [&#8230;] O amor comeu meu nome, minha identidade, meu retrato&#8221;.<br \/>\n(Gilberto Motta).<\/p>\n<p>Dentre os poemas de Jo\u00e3o Cabral de Melo Neto, escolho para an\u00e1lise, aqui:<\/p>\n<p><strong>OS VAZIOS DO HOMEM<\/strong><\/p>\n<p>Os vazios do homem n\u00e3o sentem ao nada<br \/>\ndo vazio qualquer: do do casaco vazio,<br \/>\ndo da saca vazia (que n\u00e3o ficam de p\u00e9<br \/>\nquando vazios, ou o homem com vazios);<br \/>\nos vazios do homem sentem a um cheio<br \/>\nde uma coisa que inchasse j\u00e1 inchada;<br \/>\nou ao que deve sentir, quando cheia,<br \/>\numa saca: todavia n\u00e3o, qualquer saca.<br \/>\nOs vazios do homem, esse vazio cheio,<br \/>\nn\u00e3o sentem ao que uma saca de tijolos,<br \/>\numa saca de rebites; nem t\u00eam o pulso<br \/>\nque bate numa de sementes, de ovos.<\/p>\n<p>2.<br \/>\nOs vazios do homem, ainda que sintam<br \/>\na uma plenitude (gora mas presen\u00e7a)<br \/>\ncont\u00eam nadas, cont\u00eam apenas vazios:<br \/>\no que a esponja, vazia quando plena;<br \/>\nincham do que a esponja, de ar vazio,<br \/>\ne dela copiam certamente a estrutura:<br \/>\ntoda em grutas ou em gotas de vazio,<br \/>\npostas em cachos de bolha, de n\u00e3o-uva.<br \/>\nEsse cheio vazio sente ao que uma saca<br \/>\nmas cheia de esponjas cheias de vazio;<br \/>\nos vazios do homem ou o vazio inchado:<br \/>\nou vazio que inchou por estar vazio.<\/p>\n<p>In: MELO NETO, Jo\u00e3o Cabral de. Obra completa: volume \u00fanico. Org. Marly de Oliveira. Rio de Janeiro: Nova Aguilar, 1994. p.359-360. (Biblioteca luso-brasileira. S\u00e9rie brasileira).<\/p>\n<p><strong>INDAGA\u00c7\u00d5ES<\/strong><\/p>\n<p>A leitura do poema &#8220;Os vazios do homem&#8221; me trouxe indaga\u00e7\u00f5es tais como:<\/p>\n<p>1- O texto relaciona o espa\u00e7o geogr\u00e1fico com as caracter\u00edsticas sociais, f\u00edsicas e culturais que descreve?<\/p>\n<p>2- Busca inspira\u00e7\u00e3o no real? Aborda o cotidiano dos grupos humanos?<\/p>\n<p>3- Est\u00e1 atento ao espa\u00e7o em que se desenvolve a escrita?<\/p>\n<p>4- Pode se reconhecer neste poema a verve do &#8220;poeta engenheiro&#8221;?<\/p>\n<p>5 &#8211; A constru\u00e7\u00e3o &#8220;racional e equilibrada&#8221; do poema &#8220;Os vazios do homem&#8221; tem a ver com o uso do ponto final por apenas tr\u00eas vezes? Esses pontos finais marcam tese, ant\u00edtese e s\u00edntese?<\/p>\n<p>6- A constru\u00e7\u00e3o &#8220;racional e equilibrada&#8221; pauta-se no uso do substantivo e da locu\u00e7\u00e3o adjetiva (preposi\u00e7\u00e3o + substantivo)?<\/p>\n<p><strong>PERSONIFICA\u00c7\u00c3O E USO DO SUBSTANTIVO<\/strong><\/p>\n<p>O poema em quest\u00e3o discute a natureza espec\u00edfica do vazio humano em contraste com o vazio de objetos inanimados, como um casaco ou uma saca vazia.<\/p>\n<p>Os vazios do homem quer sejam f\u00edsicos ou metaf\u00f3ricos s\u00e3o personificados.<\/p>\n<p>F\u00edsicos como um casaco vazio, por exemplo, e metaf\u00f3ricos como um vazio existencial. No poema os vazios sentem, isto \u00e9, s\u00e3o dotados de qualidades humanas, como os sentimentos. Logo, s\u00e3o personificados e a eles \u00e9 conferida uma grande import\u00e2ncia. O substantivo &#8220;vazios&#8221; est\u00e1 no plural, justamente para abarcar a sua polissemia.<\/p>\n<p>A personifica\u00e7\u00e3o no poema apoia-se no uso do substantivo &#8211; classe gramatical que d\u00e1 nome a seres, objetos, lugares, sentimentos, a\u00e7\u00f5es, qualidades, etc., sendo fundamental para nomear tudo o que existe (real ou imagin\u00e1rio). Vejamos a sequ\u00eancia de substantivos precedidos ou n\u00e3o por um determinante (artigo definido, artigo indefinido, pronome indefinido, pronome demonstrativo):<\/p>\n<p>1- *vazios* *nada* *casaco* *saca* *o *homem**; *os* vazios* *um* cheio* *uma* *coisa* *uma saca* n\u00e3o qualquer *saca* . *Os vazios* *esse vazio *uma saca* de tijolos, *uma saca* *o pulso*<\/p>\n<p>2- *Os vazios* *uma plenitude* (gora mas *presen\u00e7a* ) *nadas* , *vazios* :<\/p>\n<p>*a esponja* , **a esponja* , de ar vazio, *a* *estrutura**grutas* *gotas* *cachos* de bolha, de *n\u00e3o-uva* *Esse cheio* vazio *uma saca* mas cheia de esponjas cheias de vazio; *os vazios* do homem ou *o* *vazio*.<\/p>\n<p>Os tipos de substantivos mais usados no poema s\u00e3o do tipo: comum, concreto (nomeia seres de exist\u00eancia pr\u00f3pria, ex: saca), simples (um s\u00f3 radical, ex: vazios). Primitivo: N\u00e3o se deriva de outra palavra (ex: cachos). Usa o substantivo composto: n\u00e3o- uva- um neologismo e refere a esse cheio vazio \u2013 que substantiva o adjetivo vazio por meio da met\u00e1fora. Esse adjetivo substantivado \u00e9 classificado como abstrato o que o real\u00e7a, por oposi\u00e7\u00e3o ao uso frequente de substantivos.<\/p>\n<p>Em conclus\u00e3o, defendo que &#8220;o poeta engenheiro&#8221; usa a l\u00f3gica na utiliza\u00e7\u00e3o das palavras que arquiteta na constru\u00e7\u00e3o do poema &#8221; Os vazios do homem&#8221;.<br \/>\n(Edna Domenica).<\/p>\n<p><strong>&#8230;&#8230;&#8230;&#8230;&#8230;&#8230;&#8230;&#8230;&#8230;&#8230;<\/strong><\/p>\n<p><strong>Edna Domenica \u00e9 cronista, poeta e pesquisadora da arte liter\u00e1ria. Dedica-se ao PRCDC \u2013 &#8220;Programa de Recupera\u00e7\u00e3o Cognitiva e Dessensibiliza\u00e7\u00e3o de Cromofobia&#8221; (que tem parceria com a Igreja &#8220;Fora da fic\u00e7\u00e3o n\u00e3o h\u00e1 salva\u00e7\u00e3o&#8221;). Trata-se de um projeto de leituras dos autores: Jo\u00e3o Cabral de Melo Neto, Graciliano Ramos, Ariano Suassuna, Chico Buarque de Holanda, Guimar\u00e3es Rosa, Mia Couto, Concei\u00e7\u00e3o Evaristo. Para os casos mais graves de fobia ao vermelho: Marx e Engels.<\/strong><\/p>\n<p><strong>Gilberto Motta \u00e9 escritor, jornalista, professor\/pesquisador que busca esculpir a dureza da pedra, o verso \u00e1cido, cortante, como Jo\u00e3o Cabral o fez e eternizou. Vive na Guarda do Emba\u00fa, litoral de SC.<\/strong><\/p>\n","protected":false},"excerpt":{"rendered":"<p>&#8220;Pensar em Jo\u00e3o Cabral de Melo Neto \u00e9 quase um axioma matem\u00e1tico, \u00e9 a palavra exata no lugar exato: rigor e perfei\u00e7\u00e3o&#8221; (Caetano Veloso em conversa com Chico Buarque sobre &#8220;Morte e Vida Severina&#8221;, de JCMN) Jo\u00e3o Cabral de Melo Neto nasceu escultor de palavras; palavras de pedra. A pedra \u00e9 presen\u00e7a constante ao longo [&hellip;]<\/p>\n","protected":false},"author":21,"featured_media":379767,"comment_status":"closed","ping_status":"closed","sticky":false,"template":"","format":"standard","meta":{"_acf_changed":false,"footnotes":""},"categories":[234],"tags":[],"class_list":["post-379766","post","type-post","status-publish","format-standard","has-post-thumbnail","hentry","category-cafe-literario"],"acf":[],"yoast_head":"<!-- This site is optimized with the Yoast SEO plugin v27.2 - https:\/\/yoast.com\/product\/yoast-seo-wordpress\/ -->\n<title>Versos esculpidos na pedra - Notibras<\/title>\n<meta name=\"robots\" content=\"index, follow, max-snippet:-1, max-image-preview:large, max-video-preview:-1\" \/>\n<link rel=\"canonical\" href=\"https:\/\/www.notibras.com\/site\/versos-esculpidos-na-pedra\/\" \/>\n<meta property=\"og:locale\" content=\"pt_BR\" \/>\n<meta property=\"og:type\" content=\"article\" \/>\n<meta property=\"og:title\" content=\"Versos esculpidos na pedra - Notibras\" \/>\n<meta property=\"og:description\" content=\"&#8220;Pensar em Jo\u00e3o Cabral de Melo Neto \u00e9 quase um axioma matem\u00e1tico, \u00e9 a palavra exata no lugar exato: rigor e perfei\u00e7\u00e3o&#8221; (Caetano Veloso em conversa com Chico Buarque sobre &#8220;Morte e Vida Severina&#8221;, de JCMN) Jo\u00e3o Cabral de Melo Neto nasceu escultor de palavras; palavras de pedra. A pedra \u00e9 presen\u00e7a constante ao longo [&hellip;]\" \/>\n<meta property=\"og:url\" content=\"https:\/\/www.notibras.com\/site\/versos-esculpidos-na-pedra\/\" \/>\n<meta property=\"og:site_name\" content=\"Notibras\" \/>\n<meta property=\"article:publisher\" content=\"https:\/\/www.facebook.com\/notibras\/\" \/>\n<meta property=\"article:published_time\" content=\"2026-01-21T04:15:15+00:00\" \/>\n<meta property=\"og:image\" content=\"https:\/\/www.notibras.com\/site\/wp-content\/uploads\/2026\/01\/joao-cabral-640w.webp\" \/>\n\t<meta property=\"og:image:width\" content=\"640\" \/>\n\t<meta property=\"og:image:height\" content=\"480\" \/>\n\t<meta property=\"og:image:type\" content=\"image\/webp\" \/>\n<meta name=\"author\" content=\"Eduardo Mart\u00ednez\" \/>\n<meta name=\"twitter:card\" content=\"summary_large_image\" \/>\n<meta name=\"twitter:creator\" content=\"@Notibras\" \/>\n<meta name=\"twitter:site\" content=\"@Notibras\" \/>\n<meta name=\"twitter:label1\" content=\"Escrito por\" \/>\n\t<meta name=\"twitter:data1\" content=\"Eduardo Mart\u00ednez\" \/>\n\t<meta name=\"twitter:label2\" content=\"Est. tempo de leitura\" \/>\n\t<meta name=\"twitter:data2\" content=\"8 minutos\" \/>\n<script type=\"application\/ld+json\" class=\"yoast-schema-graph\">{\"@context\":\"https:\/\/schema.org\",\"@graph\":[{\"@type\":\"Article\",\"@id\":\"https:\/\/www.notibras.com\/site\/versos-esculpidos-na-pedra\/#article\",\"isPartOf\":{\"@id\":\"https:\/\/www.notibras.com\/site\/versos-esculpidos-na-pedra\/\"},\"author\":{\"name\":\"Eduardo Mart\u00ednez\",\"@id\":\"https:\/\/www.notibras.com\/site\/#\/schema\/person\/5b7fabf2aedc3ada2105f03b22b4d3dd\"},\"headline\":\"Versos esculpidos na pedra\",\"datePublished\":\"2026-01-21T04:15:15+00:00\",\"mainEntityOfPage\":{\"@id\":\"https:\/\/www.notibras.com\/site\/versos-esculpidos-na-pedra\/\"},\"wordCount\":1390,\"publisher\":{\"@id\":\"https:\/\/www.notibras.com\/site\/#organization\"},\"image\":{\"@id\":\"https:\/\/www.notibras.com\/site\/versos-esculpidos-na-pedra\/#primaryimage\"},\"thumbnailUrl\":\"https:\/\/www.notibras.com\/site\/wp-content\/uploads\/2026\/01\/joao-cabral-640w.webp\",\"articleSection\":[\"Caf\u00e9 Liter\u00e1rio\"],\"inLanguage\":\"pt-BR\"},{\"@type\":\"WebPage\",\"@id\":\"https:\/\/www.notibras.com\/site\/versos-esculpidos-na-pedra\/\",\"url\":\"https:\/\/www.notibras.com\/site\/versos-esculpidos-na-pedra\/\",\"name\":\"Versos esculpidos na pedra - Notibras\",\"isPartOf\":{\"@id\":\"https:\/\/www.notibras.com\/site\/#website\"},\"primaryImageOfPage\":{\"@id\":\"https:\/\/www.notibras.com\/site\/versos-esculpidos-na-pedra\/#primaryimage\"},\"image\":{\"@id\":\"https:\/\/www.notibras.com\/site\/versos-esculpidos-na-pedra\/#primaryimage\"},\"thumbnailUrl\":\"https:\/\/www.notibras.com\/site\/wp-content\/uploads\/2026\/01\/joao-cabral-640w.webp\",\"datePublished\":\"2026-01-21T04:15:15+00:00\",\"breadcrumb\":{\"@id\":\"https:\/\/www.notibras.com\/site\/versos-esculpidos-na-pedra\/#breadcrumb\"},\"inLanguage\":\"pt-BR\",\"potentialAction\":[{\"@type\":\"ReadAction\",\"target\":[\"https:\/\/www.notibras.com\/site\/versos-esculpidos-na-pedra\/\"]}]},{\"@type\":\"ImageObject\",\"inLanguage\":\"pt-BR\",\"@id\":\"https:\/\/www.notibras.com\/site\/versos-esculpidos-na-pedra\/#primaryimage\",\"url\":\"https:\/\/www.notibras.com\/site\/wp-content\/uploads\/2026\/01\/joao-cabral-640w.webp\",\"contentUrl\":\"https:\/\/www.notibras.com\/site\/wp-content\/uploads\/2026\/01\/joao-cabral-640w.webp\",\"width\":640,\"height\":480},{\"@type\":\"BreadcrumbList\",\"@id\":\"https:\/\/www.notibras.com\/site\/versos-esculpidos-na-pedra\/#breadcrumb\",\"itemListElement\":[{\"@type\":\"ListItem\",\"position\":1,\"name\":\"In\u00edcio\",\"item\":\"https:\/\/www.notibras.com\/site\/\"},{\"@type\":\"ListItem\",\"position\":2,\"name\":\"Versos esculpidos na pedra\"}]},{\"@type\":\"WebSite\",\"@id\":\"https:\/\/www.notibras.com\/site\/#website\",\"url\":\"https:\/\/www.notibras.com\/site\/\",\"name\":\"Notibras\",\"description\":\"Not\u00edcias de Bras\u00edlia, do Brasil e do Mundo\",\"publisher\":{\"@id\":\"https:\/\/www.notibras.com\/site\/#organization\"},\"potentialAction\":[{\"@type\":\"SearchAction\",\"target\":{\"@type\":\"EntryPoint\",\"urlTemplate\":\"https:\/\/www.notibras.com\/site\/?s={search_term_string}\"},\"query-input\":{\"@type\":\"PropertyValueSpecification\",\"valueRequired\":true,\"valueName\":\"search_term_string\"}}],\"inLanguage\":\"pt-BR\"},{\"@type\":\"Organization\",\"@id\":\"https:\/\/www.notibras.com\/site\/#organization\",\"name\":\"Grupo Notibras de Comunica\u00e7\u00e3o\",\"url\":\"https:\/\/www.notibras.com\/site\/\",\"logo\":{\"@type\":\"ImageObject\",\"inLanguage\":\"pt-BR\",\"@id\":\"https:\/\/www.notibras.com\/site\/#\/schema\/logo\/image\/\",\"url\":\"https:\/\/www.notibras.com\/site\/wp-content\/uploads\/2023\/01\/notibras23.png\",\"contentUrl\":\"https:\/\/www.notibras.com\/site\/wp-content\/uploads\/2023\/01\/notibras23.png\",\"width\":350,\"height\":87,\"caption\":\"Grupo Notibras de Comunica\u00e7\u00e3o\"},\"image\":{\"@id\":\"https:\/\/www.notibras.com\/site\/#\/schema\/logo\/image\/\"},\"sameAs\":[\"https:\/\/www.facebook.com\/notibras\/\",\"https:\/\/x.com\/Notibras\",\"https:\/\/www.instagram.com\/notibras\/\"]},{\"@type\":\"Person\",\"@id\":\"https:\/\/www.notibras.com\/site\/#\/schema\/person\/5b7fabf2aedc3ada2105f03b22b4d3dd\",\"name\":\"Eduardo Mart\u00ednez\",\"image\":{\"@type\":\"ImageObject\",\"inLanguage\":\"pt-BR\",\"@id\":\"https:\/\/secure.gravatar.com\/avatar\/7902f906289926289cbcda644b5197c796b893c6ffd7b9a536a42d290f7704a0?s=96&d=mm&r=g\",\"url\":\"https:\/\/secure.gravatar.com\/avatar\/7902f906289926289cbcda644b5197c796b893c6ffd7b9a536a42d290f7704a0?s=96&d=mm&r=g\",\"contentUrl\":\"https:\/\/secure.gravatar.com\/avatar\/7902f906289926289cbcda644b5197c796b893c6ffd7b9a536a42d290f7704a0?s=96&d=mm&r=g\",\"caption\":\"Eduardo Mart\u00ednez\"}}]}<\/script>\n<!-- \/ Yoast SEO plugin. -->","yoast_head_json":{"title":"Versos esculpidos na pedra - Notibras","robots":{"index":"index","follow":"follow","max-snippet":"max-snippet:-1","max-image-preview":"max-image-preview:large","max-video-preview":"max-video-preview:-1"},"canonical":"https:\/\/www.notibras.com\/site\/versos-esculpidos-na-pedra\/","og_locale":"pt_BR","og_type":"article","og_title":"Versos esculpidos na pedra - Notibras","og_description":"&#8220;Pensar em Jo\u00e3o Cabral de Melo Neto \u00e9 quase um axioma matem\u00e1tico, \u00e9 a palavra exata no lugar exato: rigor e perfei\u00e7\u00e3o&#8221; (Caetano Veloso em conversa com Chico Buarque sobre &#8220;Morte e Vida Severina&#8221;, de JCMN) Jo\u00e3o Cabral de Melo Neto nasceu escultor de palavras; palavras de pedra. A pedra \u00e9 presen\u00e7a constante ao longo [&hellip;]","og_url":"https:\/\/www.notibras.com\/site\/versos-esculpidos-na-pedra\/","og_site_name":"Notibras","article_publisher":"https:\/\/www.facebook.com\/notibras\/","article_published_time":"2026-01-21T04:15:15+00:00","og_image":[{"width":640,"height":480,"url":"https:\/\/www.notibras.com\/site\/wp-content\/uploads\/2026\/01\/joao-cabral-640w.webp","type":"image\/webp"}],"author":"Eduardo Mart\u00ednez","twitter_card":"summary_large_image","twitter_creator":"@Notibras","twitter_site":"@Notibras","twitter_misc":{"Escrito por":"Eduardo Mart\u00ednez","Est. tempo de leitura":"8 minutos"},"schema":{"@context":"https:\/\/schema.org","@graph":[{"@type":"Article","@id":"https:\/\/www.notibras.com\/site\/versos-esculpidos-na-pedra\/#article","isPartOf":{"@id":"https:\/\/www.notibras.com\/site\/versos-esculpidos-na-pedra\/"},"author":{"name":"Eduardo Mart\u00ednez","@id":"https:\/\/www.notibras.com\/site\/#\/schema\/person\/5b7fabf2aedc3ada2105f03b22b4d3dd"},"headline":"Versos esculpidos na pedra","datePublished":"2026-01-21T04:15:15+00:00","mainEntityOfPage":{"@id":"https:\/\/www.notibras.com\/site\/versos-esculpidos-na-pedra\/"},"wordCount":1390,"publisher":{"@id":"https:\/\/www.notibras.com\/site\/#organization"},"image":{"@id":"https:\/\/www.notibras.com\/site\/versos-esculpidos-na-pedra\/#primaryimage"},"thumbnailUrl":"https:\/\/www.notibras.com\/site\/wp-content\/uploads\/2026\/01\/joao-cabral-640w.webp","articleSection":["Caf\u00e9 Liter\u00e1rio"],"inLanguage":"pt-BR"},{"@type":"WebPage","@id":"https:\/\/www.notibras.com\/site\/versos-esculpidos-na-pedra\/","url":"https:\/\/www.notibras.com\/site\/versos-esculpidos-na-pedra\/","name":"Versos esculpidos na pedra - Notibras","isPartOf":{"@id":"https:\/\/www.notibras.com\/site\/#website"},"primaryImageOfPage":{"@id":"https:\/\/www.notibras.com\/site\/versos-esculpidos-na-pedra\/#primaryimage"},"image":{"@id":"https:\/\/www.notibras.com\/site\/versos-esculpidos-na-pedra\/#primaryimage"},"thumbnailUrl":"https:\/\/www.notibras.com\/site\/wp-content\/uploads\/2026\/01\/joao-cabral-640w.webp","datePublished":"2026-01-21T04:15:15+00:00","breadcrumb":{"@id":"https:\/\/www.notibras.com\/site\/versos-esculpidos-na-pedra\/#breadcrumb"},"inLanguage":"pt-BR","potentialAction":[{"@type":"ReadAction","target":["https:\/\/www.notibras.com\/site\/versos-esculpidos-na-pedra\/"]}]},{"@type":"ImageObject","inLanguage":"pt-BR","@id":"https:\/\/www.notibras.com\/site\/versos-esculpidos-na-pedra\/#primaryimage","url":"https:\/\/www.notibras.com\/site\/wp-content\/uploads\/2026\/01\/joao-cabral-640w.webp","contentUrl":"https:\/\/www.notibras.com\/site\/wp-content\/uploads\/2026\/01\/joao-cabral-640w.webp","width":640,"height":480},{"@type":"BreadcrumbList","@id":"https:\/\/www.notibras.com\/site\/versos-esculpidos-na-pedra\/#breadcrumb","itemListElement":[{"@type":"ListItem","position":1,"name":"In\u00edcio","item":"https:\/\/www.notibras.com\/site\/"},{"@type":"ListItem","position":2,"name":"Versos esculpidos na pedra"}]},{"@type":"WebSite","@id":"https:\/\/www.notibras.com\/site\/#website","url":"https:\/\/www.notibras.com\/site\/","name":"Notibras","description":"Not\u00edcias de Bras\u00edlia, do Brasil e do Mundo","publisher":{"@id":"https:\/\/www.notibras.com\/site\/#organization"},"potentialAction":[{"@type":"SearchAction","target":{"@type":"EntryPoint","urlTemplate":"https:\/\/www.notibras.com\/site\/?s={search_term_string}"},"query-input":{"@type":"PropertyValueSpecification","valueRequired":true,"valueName":"search_term_string"}}],"inLanguage":"pt-BR"},{"@type":"Organization","@id":"https:\/\/www.notibras.com\/site\/#organization","name":"Grupo Notibras de Comunica\u00e7\u00e3o","url":"https:\/\/www.notibras.com\/site\/","logo":{"@type":"ImageObject","inLanguage":"pt-BR","@id":"https:\/\/www.notibras.com\/site\/#\/schema\/logo\/image\/","url":"https:\/\/www.notibras.com\/site\/wp-content\/uploads\/2023\/01\/notibras23.png","contentUrl":"https:\/\/www.notibras.com\/site\/wp-content\/uploads\/2023\/01\/notibras23.png","width":350,"height":87,"caption":"Grupo Notibras de Comunica\u00e7\u00e3o"},"image":{"@id":"https:\/\/www.notibras.com\/site\/#\/schema\/logo\/image\/"},"sameAs":["https:\/\/www.facebook.com\/notibras\/","https:\/\/x.com\/Notibras","https:\/\/www.instagram.com\/notibras\/"]},{"@type":"Person","@id":"https:\/\/www.notibras.com\/site\/#\/schema\/person\/5b7fabf2aedc3ada2105f03b22b4d3dd","name":"Eduardo Mart\u00ednez","image":{"@type":"ImageObject","inLanguage":"pt-BR","@id":"https:\/\/secure.gravatar.com\/avatar\/7902f906289926289cbcda644b5197c796b893c6ffd7b9a536a42d290f7704a0?s=96&d=mm&r=g","url":"https:\/\/secure.gravatar.com\/avatar\/7902f906289926289cbcda644b5197c796b893c6ffd7b9a536a42d290f7704a0?s=96&d=mm&r=g","contentUrl":"https:\/\/secure.gravatar.com\/avatar\/7902f906289926289cbcda644b5197c796b893c6ffd7b9a536a42d290f7704a0?s=96&d=mm&r=g","caption":"Eduardo Mart\u00ednez"}}]}},"amp_enabled":true,"_links":{"self":[{"href":"https:\/\/www.notibras.com\/site\/wp-json\/wp\/v2\/posts\/379766","targetHints":{"allow":["GET"]}}],"collection":[{"href":"https:\/\/www.notibras.com\/site\/wp-json\/wp\/v2\/posts"}],"about":[{"href":"https:\/\/www.notibras.com\/site\/wp-json\/wp\/v2\/types\/post"}],"author":[{"embeddable":true,"href":"https:\/\/www.notibras.com\/site\/wp-json\/wp\/v2\/users\/21"}],"replies":[{"embeddable":true,"href":"https:\/\/www.notibras.com\/site\/wp-json\/wp\/v2\/comments?post=379766"}],"version-history":[{"count":2,"href":"https:\/\/www.notibras.com\/site\/wp-json\/wp\/v2\/posts\/379766\/revisions"}],"predecessor-version":[{"id":379769,"href":"https:\/\/www.notibras.com\/site\/wp-json\/wp\/v2\/posts\/379766\/revisions\/379769"}],"wp:featuredmedia":[{"embeddable":true,"href":"https:\/\/www.notibras.com\/site\/wp-json\/wp\/v2\/media\/379767"}],"wp:attachment":[{"href":"https:\/\/www.notibras.com\/site\/wp-json\/wp\/v2\/media?parent=379766"}],"wp:term":[{"taxonomy":"category","embeddable":true,"href":"https:\/\/www.notibras.com\/site\/wp-json\/wp\/v2\/categories?post=379766"},{"taxonomy":"post_tag","embeddable":true,"href":"https:\/\/www.notibras.com\/site\/wp-json\/wp\/v2\/tags?post=379766"}],"curies":[{"name":"wp","href":"https:\/\/api.w.org\/{rel}","templated":true}]}}