{"id":379786,"date":"2026-01-20T07:37:43","date_gmt":"2026-01-20T10:37:43","guid":{"rendered":"https:\/\/www.notibras.com\/site\/?p=379786"},"modified":"2026-01-20T07:37:43","modified_gmt":"2026-01-20T10:37:43","slug":"papeis-podres-na-lavoura-nem-sempre-fertilizam-quebradeira","status":"publish","type":"post","link":"https:\/\/www.notibras.com\/site\/papeis-podres-na-lavoura-nem-sempre-fertilizam-quebradeira\/","title":{"rendered":"Pap\u00e9is podres na lavoura nem sempre fertilizam quebradeira"},"content":{"rendered":"<p>Conta-se em Minas Gerais \u2014 e Minas gosta de contar hist\u00f3rias como quem mede o tempo pela sombra do cafezal \u2014 um epis\u00f3dio que atravessou d\u00e9cadas sem perder atualidade. No in\u00edcio dos anos 1960, um deputado poderoso, dono de vastas lavouras de caf\u00e9, viu sua fortuna amea\u00e7ada por uma longa estiagem. Procurou um banco em busca de cr\u00e9dito para renovar a planta\u00e7\u00e3o. Teve o pedido negado. Nem mesmo a proximidade com Juscelino Kubitschek, ent\u00e3o presidente da Rep\u00fablica, foi suficiente para dobrar a prud\u00eancia dos banqueiros.<\/p>\n<p>Ferido no orgulho e no bolso, o parlamentar decidiu jogar fora do tabuleiro. Mandou imprimir milh\u00f5es de panfletos anunciando que a institui\u00e7\u00e3o financeira estava \u00e0 beira da fal\u00eancia. O m\u00e9todo foi t\u00e3o ousado quanto eficaz: os pap\u00e9is foram lan\u00e7ados de um avi\u00e3o, em voo rasante, sobre dezenas de cidades. A not\u00edcia era falsa, mas o efeito foi verdadeiro. Em p\u00e2nico, correntistas correram \u00e0s ag\u00eancias para sacar seus dep\u00f3sitos. Em pouco tempo, o banco quebrou \u2014 n\u00e3o por m\u00e1 gest\u00e3o, mas por falta de liquidez. Foi consumido como lavoura atacada por praga de gafanhotos: r\u00e1pida, barulhenta e devastadora.<\/p>\n<p>O tempo passou, o s\u00e9culo virou, mas o m\u00e9todo sobreviveu. Mudaram-se os nomes, sofisticaram-se os meios, e a mentira ganhou verniz importado: fake news. Poucos se d\u00e3o ao trabalho de traduzir a express\u00e3o pelo que ela \u00e9 \u2014 mentira \u2014 ou, no m\u00ednimo, uma verdade torta, dessas em que quem conta um conto aumenta um ponto. O enredo se repete, agora em escala digital, com a mesma l\u00f3gica predat\u00f3ria.<\/p>\n<p>\u00c9 nesse contexto que se insere o caso BRB\u2013Master. Em um emaranhado de interesses que pouco tem de t\u00e9cnico e muito de pol\u00edtico, precipita\u00e7\u00e3o vira sin\u00f4nimo de insolv\u00eancia; ajuste \u00e9 tratado como liquida\u00e7\u00e3o; ru\u00eddo \u00e9 vendido como prova. A Faria Lima entra em p\u00e2nico seletivo, Bras\u00edlia sente o abalo, e a Esplanada dos Minist\u00e9rios come\u00e7a a esvaziar seus gabinetes antes do hor\u00e1rio. Oficiais alegam cuidados com a fam\u00edlia, interesses particulares, compromissos inadi\u00e1veis. Extraoficialmente, o calend\u00e1rio explica melhor: elei\u00e7\u00f5es.<\/p>\n<p>Elei\u00e7\u00f5es s\u00e3o a palavra-chave que d\u00e1 sentido ao barulho. Na guerra das urnas, vale quase tudo. E poucas armas s\u00e3o t\u00e3o eficientes quanto a insinua\u00e7\u00e3o do roubo. Dizer \u201croubaram\u201d costuma ser mais eficaz do que provar qualquer coisa. O suposto \u201cladr\u00e3o\u201d n\u00e3o precisa ser condenado nos tribunais; basta ser derrotado nas urnas. O julgamento \u00e9 sum\u00e1rio, a senten\u00e7a vem pelo voto, e a absolvi\u00e7\u00e3o raramente encontra espa\u00e7o depois.<\/p>\n<p>H\u00e1 algo de estranho no ar, e n\u00e3o \u00e9 apenas o cheiro de papel velho reciclado em manchete nova. Quando narrativas s\u00e3o lan\u00e7adas como panfletos em voo rasante, pouco importa se s\u00e3o verdadeiras ou falsas \u2014 o que conta \u00e9 o estrago que produzem ao tocar o ch\u00e3o. E quem deixa Bras\u00edlia apressadamente, de volta \u00e0 sua cidade de origem, n\u00e3o pode faz\u00ea-lo fingindo ignor\u00e2ncia. As digitais ficam. Est\u00e3o na caixa-preta desse imbr\u00f3glio, registradas n\u00e3o em tinta, mas em decis\u00f5es, omiss\u00f5es e conveni\u00eancias.<\/p>\n<p>Pap\u00e9is podres, como se sabe no campo, nem sempre fertilizam a terra. \u00c0s vezes, apenas anunciam a quebradeira \u2014 da lavoura, do banco ou da pr\u00f3pria pol\u00edtica.<\/p>\n<p>Mantida a linha de racioc\u00ednio inspirado no que se considera parte do folclore mineiro, os fatos mais recentes funcionam como um balde de \u00e1gua fria sobre a fogueira que alguns insistem em manter acesa. Na segunda, 19, o Banco BRB tratou de afastar, de forma objetiva, qualquer risco de interven\u00e7\u00e3o e reafirmou possuir sufici\u00eancia patrimonial para atravessar o per\u00edodo de apura\u00e7\u00f5es envolvendo o Banco Master. N\u00e3o h\u00e1 colapso \u00e0 vista, nem cen\u00e1rio de terra arrasada, ao contr\u00e1rio do que sugerem narrativas apressadas, quando n\u00e3o mal-intencionadas.<\/p>\n<p>Em nota, o banco controlado pelo Governo do Distrito Federal deixa claro que estuda a venda de ativos recuperados do banco privado como estrat\u00e9gia de refor\u00e7o de sua posi\u00e7\u00e3o financeira. Trata-se de procedimento conhecido, previsto na boa t\u00e9cnica banc\u00e1ria, e que nada tem de excepcional ou emergencial. N\u00e3o h\u00e1 corrida contra o tempo, tampouco decis\u00e3o tomada sob p\u00e2nico. H\u00e1 m\u00e9todo, prud\u00eancia e respeito aos ritos institucionais.<\/p>\n<p>O BRB tamb\u00e9m esclarece que qualquer eventual medida de recomposi\u00e7\u00e3o de capital s\u00f3 ser\u00e1 analisada ap\u00f3s a conclus\u00e3o das auditorias independentes e das avalia\u00e7\u00f5es conduzidas pelo Banco Central. Ou seja, n\u00e3o se decide no grito, nem sob manchetes alarmistas. Decide-se com base em n\u00fameros auditados, laudos t\u00e9cnicos e responsabilidade institucional. Ou seja, exatamente o oposto do ambiente de histeria que alguns tentam fabricar.<\/p>\n<p>Caso, ao final desse processo, seja identificada a necessidade de recomposi\u00e7\u00e3o de capital, o banco afirma dispor de plano estruturado para tanto. E faz quest\u00e3o de sublinhar um ponto sens\u00edvel ao debate p\u00fablico: eventual aporte do acionista controlador n\u00e3o implicaria retirada de recursos do or\u00e7amento destinado \u00e0s pol\u00edticas p\u00fablicas. O cofre social n\u00e3o seria aberto para cobrir fantasmas financeiros.<\/p>\n<p>Na mesma linha de conten\u00e7\u00e3o de danos, o Minist\u00e9rio da Fazenda negou formalmente que o ministro Fernando Haddad tenha tratado com o GDF ou com a dire\u00e7\u00e3o do BRB sobre aporte imediato de capital sob risco de interven\u00e7\u00e3o. A nota veio em resposta direta a vers\u00f5es fabricadas por cabe\u00e7as-ocas de plant\u00e3o, que tentaram atribuir ao ministro cobran\u00e7as e prazos inexistentes, como se a narrativa, repetida \u00e0 exaust\u00e3o, pudesse virar fato consumado.<\/p>\n<p>O banco tamb\u00e9m informa que os valores de eventuais preju\u00edzos ainda est\u00e3o em apura\u00e7\u00e3o, conduzida por auditoria independente e acompanhada pelo Banco Central. Todas as opera\u00e7\u00f5es relacionadas ao caso est\u00e3o sob investiga\u00e7\u00e3o forense, realizada por escrit\u00f3rio especializado e com ci\u00eancia das autoridades competentes. Nada est\u00e1 sendo varrido para debaixo do tapete; ao contr\u00e1rio, tudo est\u00e1 sendo iluminado com a lanterna t\u00e9cnica que o caso exige.<\/p>\n<p>Enquanto isso, o BRB segue operando normalmente. Ag\u00eancias abertas, sistemas funcionando, compromissos honrados. Qualquer n\u00famero divulgado fora dos canais oficiais, ressalta a institui\u00e7\u00e3o, n\u00e3o passa de especula\u00e7\u00e3o do tipo que se alimenta mais de interesse pol\u00edtico do que de realidade cont\u00e1bil.<\/p>\n<p>No fim das contas, o que se v\u00ea \u00e9 menos uma crise banc\u00e1ria e mais uma tentativa de semear desconfian\u00e7a em terreno eleitoralmente f\u00e9rtil. Como no velho caso mineiro, os panfletos mudaram de forma, mas continuam sendo lan\u00e7ados do alto, na esperan\u00e7a de provocar correria c\u00e1 embaixo. A diferen\u00e7a \u00e9 que, desta vez, os dados, os comunicados oficiais e o acompanhamento institucional funcionam como cerca alta, capaz de conter a praga antes que ela alcance a lavoura.<\/p>\n<p>Em s\u00edntese, est\u00e3o apostando em runas tentando atingir a urna alheia. A quest\u00e3o dos manipuladores da verdade \u00e9 aceitar que Bras\u00edlia n\u00e3o \u00e9 um ap\u00eandice escandinavo.<\/p>\n<p>&#8230;&#8230;&#8230;&#8230;&#8230;&#8230;&#8230;.<\/p>\n<p><strong>Jos\u00e9 Seabra \u00e9 CEO fundador de Notibras<\/strong><\/p>\n","protected":false},"excerpt":{"rendered":"<p>Conta-se em Minas Gerais \u2014 e Minas gosta de contar hist\u00f3rias como quem mede o tempo pela sombra do cafezal \u2014 um epis\u00f3dio que atravessou d\u00e9cadas sem perder atualidade. No in\u00edcio dos anos 1960, um deputado poderoso, dono de vastas lavouras de caf\u00e9, viu sua fortuna amea\u00e7ada por uma longa estiagem. Procurou um banco em [&hellip;]<\/p>\n","protected":false},"author":2,"featured_media":261628,"comment_status":"closed","ping_status":"closed","sticky":false,"template":"","format":"standard","meta":{"_acf_changed":false,"footnotes":""},"categories":[161],"tags":[95],"class_list":["post-379786","post","type-post","status-publish","format-standard","has-post-thumbnail","hentry","category-quadradinho-em-foco","tag-capa"],"acf":[],"yoast_head":"<!-- This site is optimized with the Yoast SEO plugin v27.2 - https:\/\/yoast.com\/product\/yoast-seo-wordpress\/ -->\n<title>Pap\u00e9is podres na lavoura nem sempre fertilizam quebradeira - Notibras<\/title>\n<meta name=\"robots\" content=\"index, follow, max-snippet:-1, max-image-preview:large, max-video-preview:-1\" \/>\n<link rel=\"canonical\" href=\"https:\/\/www.notibras.com\/site\/papeis-podres-na-lavoura-nem-sempre-fertilizam-quebradeira\/\" \/>\n<meta property=\"og:locale\" content=\"pt_BR\" \/>\n<meta property=\"og:type\" content=\"article\" \/>\n<meta property=\"og:title\" content=\"Pap\u00e9is podres na lavoura nem sempre fertilizam quebradeira - Notibras\" \/>\n<meta property=\"og:description\" content=\"Conta-se em Minas Gerais \u2014 e Minas gosta de contar hist\u00f3rias como quem mede o tempo pela sombra do cafezal \u2014 um epis\u00f3dio que atravessou d\u00e9cadas sem perder atualidade. No in\u00edcio dos anos 1960, um deputado poderoso, dono de vastas lavouras de caf\u00e9, viu sua fortuna amea\u00e7ada por uma longa estiagem. Procurou um banco em [&hellip;]\" \/>\n<meta property=\"og:url\" content=\"https:\/\/www.notibras.com\/site\/papeis-podres-na-lavoura-nem-sempre-fertilizam-quebradeira\/\" \/>\n<meta property=\"og:site_name\" content=\"Notibras\" \/>\n<meta property=\"article:publisher\" content=\"https:\/\/www.facebook.com\/notibras\/\" \/>\n<meta property=\"article:published_time\" content=\"2026-01-20T10:37:43+00:00\" \/>\n<meta property=\"og:image\" content=\"https:\/\/www.notibras.com\/site\/wp-content\/uploads\/2021\/07\/200-reais-poupanca.jpg\" \/>\n\t<meta property=\"og:image:width\" content=\"1170\" \/>\n\t<meta property=\"og:image:height\" content=\"700\" \/>\n\t<meta property=\"og:image:type\" content=\"image\/jpeg\" \/>\n<meta name=\"author\" content=\"Reda\u00e7\u00e3o\" \/>\n<meta name=\"twitter:card\" content=\"summary_large_image\" \/>\n<meta name=\"twitter:creator\" content=\"@Notibras\" \/>\n<meta name=\"twitter:site\" content=\"@Notibras\" \/>\n<meta name=\"twitter:label1\" content=\"Escrito por\" \/>\n\t<meta name=\"twitter:data1\" content=\"Reda\u00e7\u00e3o\" \/>\n\t<meta name=\"twitter:label2\" content=\"Est. tempo de leitura\" \/>\n\t<meta name=\"twitter:data2\" content=\"7 minutos\" \/>\n<script type=\"application\/ld+json\" class=\"yoast-schema-graph\">{\"@context\":\"https:\/\/schema.org\",\"@graph\":[{\"@type\":\"Article\",\"@id\":\"https:\/\/www.notibras.com\/site\/papeis-podres-na-lavoura-nem-sempre-fertilizam-quebradeira\/#article\",\"isPartOf\":{\"@id\":\"https:\/\/www.notibras.com\/site\/papeis-podres-na-lavoura-nem-sempre-fertilizam-quebradeira\/\"},\"author\":{\"name\":\"Reda\u00e7\u00e3o\",\"@id\":\"https:\/\/www.notibras.com\/site\/#\/schema\/person\/36ab0979449956132d3e5b517ea76ac8\"},\"headline\":\"Pap\u00e9is podres na lavoura nem sempre fertilizam quebradeira\",\"datePublished\":\"2026-01-20T10:37:43+00:00\",\"mainEntityOfPage\":{\"@id\":\"https:\/\/www.notibras.com\/site\/papeis-podres-na-lavoura-nem-sempre-fertilizam-quebradeira\/\"},\"wordCount\":1204,\"publisher\":{\"@id\":\"https:\/\/www.notibras.com\/site\/#organization\"},\"image\":{\"@id\":\"https:\/\/www.notibras.com\/site\/papeis-podres-na-lavoura-nem-sempre-fertilizam-quebradeira\/#primaryimage\"},\"thumbnailUrl\":\"https:\/\/www.notibras.com\/site\/wp-content\/uploads\/2021\/07\/200-reais-poupanca.jpg\",\"keywords\":[\"capa\"],\"articleSection\":[\"Quadradinho em Foco\"],\"inLanguage\":\"pt-BR\"},{\"@type\":\"WebPage\",\"@id\":\"https:\/\/www.notibras.com\/site\/papeis-podres-na-lavoura-nem-sempre-fertilizam-quebradeira\/\",\"url\":\"https:\/\/www.notibras.com\/site\/papeis-podres-na-lavoura-nem-sempre-fertilizam-quebradeira\/\",\"name\":\"Pap\u00e9is podres na lavoura nem sempre fertilizam quebradeira - Notibras\",\"isPartOf\":{\"@id\":\"https:\/\/www.notibras.com\/site\/#website\"},\"primaryImageOfPage\":{\"@id\":\"https:\/\/www.notibras.com\/site\/papeis-podres-na-lavoura-nem-sempre-fertilizam-quebradeira\/#primaryimage\"},\"image\":{\"@id\":\"https:\/\/www.notibras.com\/site\/papeis-podres-na-lavoura-nem-sempre-fertilizam-quebradeira\/#primaryimage\"},\"thumbnailUrl\":\"https:\/\/www.notibras.com\/site\/wp-content\/uploads\/2021\/07\/200-reais-poupanca.jpg\",\"datePublished\":\"2026-01-20T10:37:43+00:00\",\"breadcrumb\":{\"@id\":\"https:\/\/www.notibras.com\/site\/papeis-podres-na-lavoura-nem-sempre-fertilizam-quebradeira\/#breadcrumb\"},\"inLanguage\":\"pt-BR\",\"potentialAction\":[{\"@type\":\"ReadAction\",\"target\":[\"https:\/\/www.notibras.com\/site\/papeis-podres-na-lavoura-nem-sempre-fertilizam-quebradeira\/\"]}]},{\"@type\":\"ImageObject\",\"inLanguage\":\"pt-BR\",\"@id\":\"https:\/\/www.notibras.com\/site\/papeis-podres-na-lavoura-nem-sempre-fertilizam-quebradeira\/#primaryimage\",\"url\":\"https:\/\/www.notibras.com\/site\/wp-content\/uploads\/2021\/07\/200-reais-poupanca.jpg\",\"contentUrl\":\"https:\/\/www.notibras.com\/site\/wp-content\/uploads\/2021\/07\/200-reais-poupanca.jpg\",\"width\":1170,\"height\":700},{\"@type\":\"BreadcrumbList\",\"@id\":\"https:\/\/www.notibras.com\/site\/papeis-podres-na-lavoura-nem-sempre-fertilizam-quebradeira\/#breadcrumb\",\"itemListElement\":[{\"@type\":\"ListItem\",\"position\":1,\"name\":\"In\u00edcio\",\"item\":\"https:\/\/www.notibras.com\/site\/\"},{\"@type\":\"ListItem\",\"position\":2,\"name\":\"Pap\u00e9is podres na lavoura nem sempre fertilizam quebradeira\"}]},{\"@type\":\"WebSite\",\"@id\":\"https:\/\/www.notibras.com\/site\/#website\",\"url\":\"https:\/\/www.notibras.com\/site\/\",\"name\":\"Notibras\",\"description\":\"Not\u00edcias de Bras\u00edlia, do Brasil e do Mundo\",\"publisher\":{\"@id\":\"https:\/\/www.notibras.com\/site\/#organization\"},\"potentialAction\":[{\"@type\":\"SearchAction\",\"target\":{\"@type\":\"EntryPoint\",\"urlTemplate\":\"https:\/\/www.notibras.com\/site\/?s={search_term_string}\"},\"query-input\":{\"@type\":\"PropertyValueSpecification\",\"valueRequired\":true,\"valueName\":\"search_term_string\"}}],\"inLanguage\":\"pt-BR\"},{\"@type\":\"Organization\",\"@id\":\"https:\/\/www.notibras.com\/site\/#organization\",\"name\":\"Grupo Notibras de Comunica\u00e7\u00e3o\",\"url\":\"https:\/\/www.notibras.com\/site\/\",\"logo\":{\"@type\":\"ImageObject\",\"inLanguage\":\"pt-BR\",\"@id\":\"https:\/\/www.notibras.com\/site\/#\/schema\/logo\/image\/\",\"url\":\"https:\/\/www.notibras.com\/site\/wp-content\/uploads\/2023\/01\/notibras23.png\",\"contentUrl\":\"https:\/\/www.notibras.com\/site\/wp-content\/uploads\/2023\/01\/notibras23.png\",\"width\":350,\"height\":87,\"caption\":\"Grupo Notibras de Comunica\u00e7\u00e3o\"},\"image\":{\"@id\":\"https:\/\/www.notibras.com\/site\/#\/schema\/logo\/image\/\"},\"sameAs\":[\"https:\/\/www.facebook.com\/notibras\/\",\"https:\/\/x.com\/Notibras\",\"https:\/\/www.instagram.com\/notibras\/\"]},{\"@type\":\"Person\",\"@id\":\"https:\/\/www.notibras.com\/site\/#\/schema\/person\/36ab0979449956132d3e5b517ea76ac8\",\"name\":\"Reda\u00e7\u00e3o\",\"image\":{\"@type\":\"ImageObject\",\"inLanguage\":\"pt-BR\",\"@id\":\"https:\/\/secure.gravatar.com\/avatar\/e0a867bdedb85fd243eadf09663511f96fc81e0720a4a42581f334ad4303aa6b?s=96&d=mm&r=g\",\"url\":\"https:\/\/secure.gravatar.com\/avatar\/e0a867bdedb85fd243eadf09663511f96fc81e0720a4a42581f334ad4303aa6b?s=96&d=mm&r=g\",\"contentUrl\":\"https:\/\/secure.gravatar.com\/avatar\/e0a867bdedb85fd243eadf09663511f96fc81e0720a4a42581f334ad4303aa6b?s=96&d=mm&r=g\",\"caption\":\"Reda\u00e7\u00e3o\"}}]}<\/script>\n<!-- \/ Yoast SEO plugin. -->","yoast_head_json":{"title":"Pap\u00e9is podres na lavoura nem sempre fertilizam quebradeira - Notibras","robots":{"index":"index","follow":"follow","max-snippet":"max-snippet:-1","max-image-preview":"max-image-preview:large","max-video-preview":"max-video-preview:-1"},"canonical":"https:\/\/www.notibras.com\/site\/papeis-podres-na-lavoura-nem-sempre-fertilizam-quebradeira\/","og_locale":"pt_BR","og_type":"article","og_title":"Pap\u00e9is podres na lavoura nem sempre fertilizam quebradeira - Notibras","og_description":"Conta-se em Minas Gerais \u2014 e Minas gosta de contar hist\u00f3rias como quem mede o tempo pela sombra do cafezal \u2014 um epis\u00f3dio que atravessou d\u00e9cadas sem perder atualidade. No in\u00edcio dos anos 1960, um deputado poderoso, dono de vastas lavouras de caf\u00e9, viu sua fortuna amea\u00e7ada por uma longa estiagem. Procurou um banco em [&hellip;]","og_url":"https:\/\/www.notibras.com\/site\/papeis-podres-na-lavoura-nem-sempre-fertilizam-quebradeira\/","og_site_name":"Notibras","article_publisher":"https:\/\/www.facebook.com\/notibras\/","article_published_time":"2026-01-20T10:37:43+00:00","og_image":[{"width":1170,"height":700,"url":"https:\/\/www.notibras.com\/site\/wp-content\/uploads\/2021\/07\/200-reais-poupanca.jpg","type":"image\/jpeg"}],"author":"Reda\u00e7\u00e3o","twitter_card":"summary_large_image","twitter_creator":"@Notibras","twitter_site":"@Notibras","twitter_misc":{"Escrito por":"Reda\u00e7\u00e3o","Est. tempo de leitura":"7 minutos"},"schema":{"@context":"https:\/\/schema.org","@graph":[{"@type":"Article","@id":"https:\/\/www.notibras.com\/site\/papeis-podres-na-lavoura-nem-sempre-fertilizam-quebradeira\/#article","isPartOf":{"@id":"https:\/\/www.notibras.com\/site\/papeis-podres-na-lavoura-nem-sempre-fertilizam-quebradeira\/"},"author":{"name":"Reda\u00e7\u00e3o","@id":"https:\/\/www.notibras.com\/site\/#\/schema\/person\/36ab0979449956132d3e5b517ea76ac8"},"headline":"Pap\u00e9is podres na lavoura nem sempre fertilizam quebradeira","datePublished":"2026-01-20T10:37:43+00:00","mainEntityOfPage":{"@id":"https:\/\/www.notibras.com\/site\/papeis-podres-na-lavoura-nem-sempre-fertilizam-quebradeira\/"},"wordCount":1204,"publisher":{"@id":"https:\/\/www.notibras.com\/site\/#organization"},"image":{"@id":"https:\/\/www.notibras.com\/site\/papeis-podres-na-lavoura-nem-sempre-fertilizam-quebradeira\/#primaryimage"},"thumbnailUrl":"https:\/\/www.notibras.com\/site\/wp-content\/uploads\/2021\/07\/200-reais-poupanca.jpg","keywords":["capa"],"articleSection":["Quadradinho em Foco"],"inLanguage":"pt-BR"},{"@type":"WebPage","@id":"https:\/\/www.notibras.com\/site\/papeis-podres-na-lavoura-nem-sempre-fertilizam-quebradeira\/","url":"https:\/\/www.notibras.com\/site\/papeis-podres-na-lavoura-nem-sempre-fertilizam-quebradeira\/","name":"Pap\u00e9is podres na lavoura nem sempre fertilizam quebradeira - Notibras","isPartOf":{"@id":"https:\/\/www.notibras.com\/site\/#website"},"primaryImageOfPage":{"@id":"https:\/\/www.notibras.com\/site\/papeis-podres-na-lavoura-nem-sempre-fertilizam-quebradeira\/#primaryimage"},"image":{"@id":"https:\/\/www.notibras.com\/site\/papeis-podres-na-lavoura-nem-sempre-fertilizam-quebradeira\/#primaryimage"},"thumbnailUrl":"https:\/\/www.notibras.com\/site\/wp-content\/uploads\/2021\/07\/200-reais-poupanca.jpg","datePublished":"2026-01-20T10:37:43+00:00","breadcrumb":{"@id":"https:\/\/www.notibras.com\/site\/papeis-podres-na-lavoura-nem-sempre-fertilizam-quebradeira\/#breadcrumb"},"inLanguage":"pt-BR","potentialAction":[{"@type":"ReadAction","target":["https:\/\/www.notibras.com\/site\/papeis-podres-na-lavoura-nem-sempre-fertilizam-quebradeira\/"]}]},{"@type":"ImageObject","inLanguage":"pt-BR","@id":"https:\/\/www.notibras.com\/site\/papeis-podres-na-lavoura-nem-sempre-fertilizam-quebradeira\/#primaryimage","url":"https:\/\/www.notibras.com\/site\/wp-content\/uploads\/2021\/07\/200-reais-poupanca.jpg","contentUrl":"https:\/\/www.notibras.com\/site\/wp-content\/uploads\/2021\/07\/200-reais-poupanca.jpg","width":1170,"height":700},{"@type":"BreadcrumbList","@id":"https:\/\/www.notibras.com\/site\/papeis-podres-na-lavoura-nem-sempre-fertilizam-quebradeira\/#breadcrumb","itemListElement":[{"@type":"ListItem","position":1,"name":"In\u00edcio","item":"https:\/\/www.notibras.com\/site\/"},{"@type":"ListItem","position":2,"name":"Pap\u00e9is podres na lavoura nem sempre fertilizam quebradeira"}]},{"@type":"WebSite","@id":"https:\/\/www.notibras.com\/site\/#website","url":"https:\/\/www.notibras.com\/site\/","name":"Notibras","description":"Not\u00edcias de Bras\u00edlia, do Brasil e do Mundo","publisher":{"@id":"https:\/\/www.notibras.com\/site\/#organization"},"potentialAction":[{"@type":"SearchAction","target":{"@type":"EntryPoint","urlTemplate":"https:\/\/www.notibras.com\/site\/?s={search_term_string}"},"query-input":{"@type":"PropertyValueSpecification","valueRequired":true,"valueName":"search_term_string"}}],"inLanguage":"pt-BR"},{"@type":"Organization","@id":"https:\/\/www.notibras.com\/site\/#organization","name":"Grupo Notibras de Comunica\u00e7\u00e3o","url":"https:\/\/www.notibras.com\/site\/","logo":{"@type":"ImageObject","inLanguage":"pt-BR","@id":"https:\/\/www.notibras.com\/site\/#\/schema\/logo\/image\/","url":"https:\/\/www.notibras.com\/site\/wp-content\/uploads\/2023\/01\/notibras23.png","contentUrl":"https:\/\/www.notibras.com\/site\/wp-content\/uploads\/2023\/01\/notibras23.png","width":350,"height":87,"caption":"Grupo Notibras de Comunica\u00e7\u00e3o"},"image":{"@id":"https:\/\/www.notibras.com\/site\/#\/schema\/logo\/image\/"},"sameAs":["https:\/\/www.facebook.com\/notibras\/","https:\/\/x.com\/Notibras","https:\/\/www.instagram.com\/notibras\/"]},{"@type":"Person","@id":"https:\/\/www.notibras.com\/site\/#\/schema\/person\/36ab0979449956132d3e5b517ea76ac8","name":"Reda\u00e7\u00e3o","image":{"@type":"ImageObject","inLanguage":"pt-BR","@id":"https:\/\/secure.gravatar.com\/avatar\/e0a867bdedb85fd243eadf09663511f96fc81e0720a4a42581f334ad4303aa6b?s=96&d=mm&r=g","url":"https:\/\/secure.gravatar.com\/avatar\/e0a867bdedb85fd243eadf09663511f96fc81e0720a4a42581f334ad4303aa6b?s=96&d=mm&r=g","contentUrl":"https:\/\/secure.gravatar.com\/avatar\/e0a867bdedb85fd243eadf09663511f96fc81e0720a4a42581f334ad4303aa6b?s=96&d=mm&r=g","caption":"Reda\u00e7\u00e3o"}}]}},"amp_enabled":true,"_links":{"self":[{"href":"https:\/\/www.notibras.com\/site\/wp-json\/wp\/v2\/posts\/379786","targetHints":{"allow":["GET"]}}],"collection":[{"href":"https:\/\/www.notibras.com\/site\/wp-json\/wp\/v2\/posts"}],"about":[{"href":"https:\/\/www.notibras.com\/site\/wp-json\/wp\/v2\/types\/post"}],"author":[{"embeddable":true,"href":"https:\/\/www.notibras.com\/site\/wp-json\/wp\/v2\/users\/2"}],"replies":[{"embeddable":true,"href":"https:\/\/www.notibras.com\/site\/wp-json\/wp\/v2\/comments?post=379786"}],"version-history":[{"count":1,"href":"https:\/\/www.notibras.com\/site\/wp-json\/wp\/v2\/posts\/379786\/revisions"}],"predecessor-version":[{"id":379787,"href":"https:\/\/www.notibras.com\/site\/wp-json\/wp\/v2\/posts\/379786\/revisions\/379787"}],"wp:featuredmedia":[{"embeddable":true,"href":"https:\/\/www.notibras.com\/site\/wp-json\/wp\/v2\/media\/261628"}],"wp:attachment":[{"href":"https:\/\/www.notibras.com\/site\/wp-json\/wp\/v2\/media?parent=379786"}],"wp:term":[{"taxonomy":"category","embeddable":true,"href":"https:\/\/www.notibras.com\/site\/wp-json\/wp\/v2\/categories?post=379786"},{"taxonomy":"post_tag","embeddable":true,"href":"https:\/\/www.notibras.com\/site\/wp-json\/wp\/v2\/tags?post=379786"}],"curies":[{"name":"wp","href":"https:\/\/api.w.org\/{rel}","templated":true}]}}