{"id":379788,"date":"2026-01-20T08:08:51","date_gmt":"2026-01-20T11:08:51","guid":{"rendered":"https:\/\/www.notibras.com\/site\/?p=379788"},"modified":"2026-01-20T08:09:24","modified_gmt":"2026-01-20T11:09:24","slug":"triste-e-saber-que-cidadao-que-soluca-cai-da-cama-e-nega-o-golpe-e-mito","status":"publish","type":"post","link":"https:\/\/www.notibras.com\/site\/triste-e-saber-que-cidadao-que-soluca-cai-da-cama-e-nega-o-golpe-e-mito\/","title":{"rendered":"Triste \u00e9 saber que cidad\u00e3o que solu\u00e7a, cai da cama e nega o golpe \u00e9 mito"},"content":{"rendered":"<p>Na vida de cada um por si e Deus por todos, o ideal \u00e9 encontrar alegria nas pequenas coisas do dia a dia e valorizar cada momento como se fosse o \u00faltimo. Como a jornada \u00e9 curta e n\u00e3o permite ensaios, que tal n\u00e3o ter medo dela. O primeiro passo \u00e9 lembrar Albert Einstein \u00e9 viver como se os milagres n\u00e3o existissem. O segundo \u00e9 viv\u00ea-la como se tudo fosse milagre. \u00c0s vezes, temos a necessidade de tamb\u00e9m recorrer ao mestre Sigmund Freud para jamais esquecer que, embora sejamos feitos de carne, temos de viver como se f\u00f4ssemos de ferro.<\/p>\n<p>Se conseguirmos alguma longevidade, no meio do caminho perceberemos que uma vida sem desafios realmente n\u00e3o vale a pena ser vivida. Vou al\u00e9m e, parafraseando o f\u00edsico franc\u00eas Ren\u00e9 Descartes, digo que viver sem filosofar \u00e9 o mesmo que ter os olhos fechados sem nunca os haver tentado abrir. Poetas, fil\u00f3sofos e pensadores \u00e0 parte, eu nunca estive \u00e0 toa na vida. Nem mesmo quando a banda passou \u201ccantando coisas de amor\u201d. Antes que me desencantasse com o doce que se acabou, sa\u00ed pelo mundo achando que ele fora feito somente para mim.<\/p>\n<p>Foi a\u00ed que descobri o tempo como o mais s\u00e1bio de todos os conselheiros. Em seguida, percebi que as palavras se eternizam e constroem pontes na imagina\u00e7\u00e3o e que a picardia n\u00e3o falha sempre que trocamos o \u00f3dio, as desaven\u00e7as e os exageros do extremismo por um novo amor. Por fim, entendi que s\u00e3o os verdadeiros amigos que tornam as risadas mais altas, as conversas mais gostosas e a vida mais feliz. Eles talvez n\u00e3o saibam de tantas coisas que eu sei, mas certamente sabem o que fariam se estivessem em meu lugar. No fim e ao cabo, s\u00e3o eles que sabem tudo a nosso respeito e, mesmo assim, continuam gostando da gente.<\/p>\n<p>Nessa caminhada pelo mundo, me reimaginei em uma fantasiosa e louca viagem ao redor do planeta supostamente comandado por um capit\u00e3o de bravata. Na subida aos c\u00e9us, a primeira coisa em que pensei foi na escolha dos amigos de cara lavada e de alma exposta. S\u00e3o os mais leais. Embarquei e, ap\u00f3s o primeiro enjoo, me informaram que o tempo perdido jamais ser\u00e1 encontrado novamente. Acordei para a vida serena e sem medos, sempre seguindo um dos mais importantes aconselhamentos de Clarice Lispector: \u201cN\u00e3o tenho tempo para mais nada, pois ser feliz me consome muito\u201d.<\/p>\n<p>Com a convic\u00e7\u00e3o de que \u201cmeu passado \u00e9 tudo o que deixei de ser\u201d, optei por me transformar em um pretenso contador de hist\u00f3rias. Por meio delas, busquei ref\u00fagio na poesia e nos pensamentos filos\u00f3ficos. Baseado neles, me deparei com pessoas que solu\u00e7am, solu\u00e7am, solu\u00e7am, morrer\u00e3o solu\u00e7ando, mas nunca param de mentir para si mesmas. Sem aceitar o sucesso alheio, s\u00e3o capazes de afirmar que globos de ouro s\u00e3o facilmente comprados com recursos da Lei Rouanet. Se fosse realmente f\u00e1cil, eles poderiam ter comprado meia d\u00fazia. Tentaram, mas ganharam, com louvor, a cama de alvenaria pela atua\u00e7\u00e3o no \u201cfilme\u201d golpistas fracassados.<\/p>\n<p>Que Deus derrame chuva de ben\u00e7\u00e3os sobre suas cabe\u00e7as ocas. Para eles, a vida sem medo n\u00e3o passa de um filme inacabado de terror. N\u00e3o custa repetir que, melhor do que apoiadores aventureiros e id\u00f3latras interesseiros, s\u00e3o os companheiros s\u00e9rios, aqueles que lutam para que a fantasia n\u00e3o se transforme em imerecida pretens\u00e3o. De que adianta nos imaginarmos de ferro se a realidade bate \u00e0 nossa porta diariamente mostrando que somos apenas arremedos de l\u00edderes. Sem querer politizar, mas j\u00e1 politizando a narrativa, \u00e9 surreal ver que, num min\u00fasculo quarto, com uma cama da qual cai sistematicamente, h\u00e1 um cidad\u00e3o que governou um pa\u00eds continental por quatro anos e nada fez de proveitoso. Ainda mais surreal \u00e9 ouvir brasileiros jurando que uma pessoa que nega o golpe \u00e9 mito.<\/p>\n<p>&#8230;&#8230;&#8230;<\/p>\n<p><strong>Mathuzal\u00e9m J\u00fanior \u00e9 jornalista profissional desde 1978<\/strong><\/p>\n","protected":false},"excerpt":{"rendered":"<p>Na vida de cada um por si e Deus por todos, o ideal \u00e9 encontrar alegria nas pequenas coisas do dia a dia e valorizar cada momento como se fosse o \u00faltimo. Como a jornada \u00e9 curta e n\u00e3o permite ensaios, que tal n\u00e3o ter medo dela. O primeiro passo \u00e9 lembrar Albert Einstein \u00e9 [&hellip;]<\/p>\n","protected":false},"author":2,"featured_media":28582,"comment_status":"closed","ping_status":"closed","sticky":false,"template":"","format":"standard","meta":{"_acf_changed":false,"footnotes":""},"categories":[16],"tags":[],"class_list":["post-379788","post","type-post","status-publish","format-standard","has-post-thumbnail","hentry","category-brasil"],"acf":[],"yoast_head":"<!-- This site is optimized with the Yoast SEO plugin v27.2 - https:\/\/yoast.com\/product\/yoast-seo-wordpress\/ -->\n<title>Triste \u00e9 saber que cidad\u00e3o que solu\u00e7a, cai da cama e nega o golpe \u00e9 mito - Notibras<\/title>\n<meta name=\"robots\" content=\"index, follow, max-snippet:-1, max-image-preview:large, max-video-preview:-1\" \/>\n<link rel=\"canonical\" href=\"https:\/\/www.notibras.com\/site\/triste-e-saber-que-cidadao-que-soluca-cai-da-cama-e-nega-o-golpe-e-mito\/\" \/>\n<meta property=\"og:locale\" content=\"pt_BR\" \/>\n<meta property=\"og:type\" content=\"article\" \/>\n<meta property=\"og:title\" content=\"Triste \u00e9 saber que cidad\u00e3o que solu\u00e7a, cai da cama e nega o golpe \u00e9 mito - Notibras\" \/>\n<meta property=\"og:description\" content=\"Na vida de cada um por si e Deus por todos, o ideal \u00e9 encontrar alegria nas pequenas coisas do dia a dia e valorizar cada momento como se fosse o \u00faltimo. Como a jornada \u00e9 curta e n\u00e3o permite ensaios, que tal n\u00e3o ter medo dela. O primeiro passo \u00e9 lembrar Albert Einstein \u00e9 [&hellip;]\" \/>\n<meta property=\"og:url\" content=\"https:\/\/www.notibras.com\/site\/triste-e-saber-que-cidadao-que-soluca-cai-da-cama-e-nega-o-golpe-e-mito\/\" \/>\n<meta property=\"og:site_name\" content=\"Notibras\" \/>\n<meta property=\"article:publisher\" content=\"https:\/\/www.facebook.com\/notibras\/\" \/>\n<meta property=\"article:published_time\" content=\"2026-01-20T11:08:51+00:00\" \/>\n<meta property=\"article:modified_time\" content=\"2026-01-20T11:09:24+00:00\" \/>\n<meta property=\"og:image\" content=\"https:\/\/www.notibras.com\/site\/wp-content\/uploads\/2014\/11\/chama-de-uma-vela-vermelha_19-123464.jpg\" \/>\n\t<meta property=\"og:image:width\" content=\"626\" \/>\n\t<meta property=\"og:image:height\" content=\"414\" \/>\n\t<meta property=\"og:image:type\" content=\"image\/jpeg\" \/>\n<meta name=\"author\" content=\"Reda\u00e7\u00e3o\" \/>\n<meta name=\"twitter:card\" content=\"summary_large_image\" \/>\n<meta name=\"twitter:creator\" content=\"@Notibras\" \/>\n<meta name=\"twitter:site\" content=\"@Notibras\" \/>\n<meta name=\"twitter:label1\" content=\"Escrito por\" \/>\n\t<meta name=\"twitter:data1\" content=\"Reda\u00e7\u00e3o\" \/>\n\t<meta name=\"twitter:label2\" content=\"Est. tempo de leitura\" \/>\n\t<meta name=\"twitter:data2\" content=\"4 minutos\" \/>\n<script type=\"application\/ld+json\" class=\"yoast-schema-graph\">{\"@context\":\"https:\/\/schema.org\",\"@graph\":[{\"@type\":\"Article\",\"@id\":\"https:\/\/www.notibras.com\/site\/triste-e-saber-que-cidadao-que-soluca-cai-da-cama-e-nega-o-golpe-e-mito\/#article\",\"isPartOf\":{\"@id\":\"https:\/\/www.notibras.com\/site\/triste-e-saber-que-cidadao-que-soluca-cai-da-cama-e-nega-o-golpe-e-mito\/\"},\"author\":{\"name\":\"Reda\u00e7\u00e3o\",\"@id\":\"https:\/\/www.notibras.com\/site\/#\/schema\/person\/36ab0979449956132d3e5b517ea76ac8\"},\"headline\":\"Triste \u00e9 saber que cidad\u00e3o que solu\u00e7a, cai da cama e nega o golpe \u00e9 mito\",\"datePublished\":\"2026-01-20T11:08:51+00:00\",\"dateModified\":\"2026-01-20T11:09:24+00:00\",\"mainEntityOfPage\":{\"@id\":\"https:\/\/www.notibras.com\/site\/triste-e-saber-que-cidadao-que-soluca-cai-da-cama-e-nega-o-golpe-e-mito\/\"},\"wordCount\":691,\"publisher\":{\"@id\":\"https:\/\/www.notibras.com\/site\/#organization\"},\"image\":{\"@id\":\"https:\/\/www.notibras.com\/site\/triste-e-saber-que-cidadao-que-soluca-cai-da-cama-e-nega-o-golpe-e-mito\/#primaryimage\"},\"thumbnailUrl\":\"https:\/\/www.notibras.com\/site\/wp-content\/uploads\/2014\/11\/chama-de-uma-vela-vermelha_19-123464.jpg\",\"articleSection\":[\"Brasil\"],\"inLanguage\":\"pt-BR\"},{\"@type\":\"WebPage\",\"@id\":\"https:\/\/www.notibras.com\/site\/triste-e-saber-que-cidadao-que-soluca-cai-da-cama-e-nega-o-golpe-e-mito\/\",\"url\":\"https:\/\/www.notibras.com\/site\/triste-e-saber-que-cidadao-que-soluca-cai-da-cama-e-nega-o-golpe-e-mito\/\",\"name\":\"Triste \u00e9 saber que cidad\u00e3o que solu\u00e7a, cai da cama e nega o golpe \u00e9 mito - Notibras\",\"isPartOf\":{\"@id\":\"https:\/\/www.notibras.com\/site\/#website\"},\"primaryImageOfPage\":{\"@id\":\"https:\/\/www.notibras.com\/site\/triste-e-saber-que-cidadao-que-soluca-cai-da-cama-e-nega-o-golpe-e-mito\/#primaryimage\"},\"image\":{\"@id\":\"https:\/\/www.notibras.com\/site\/triste-e-saber-que-cidadao-que-soluca-cai-da-cama-e-nega-o-golpe-e-mito\/#primaryimage\"},\"thumbnailUrl\":\"https:\/\/www.notibras.com\/site\/wp-content\/uploads\/2014\/11\/chama-de-uma-vela-vermelha_19-123464.jpg\",\"datePublished\":\"2026-01-20T11:08:51+00:00\",\"dateModified\":\"2026-01-20T11:09:24+00:00\",\"breadcrumb\":{\"@id\":\"https:\/\/www.notibras.com\/site\/triste-e-saber-que-cidadao-que-soluca-cai-da-cama-e-nega-o-golpe-e-mito\/#breadcrumb\"},\"inLanguage\":\"pt-BR\",\"potentialAction\":[{\"@type\":\"ReadAction\",\"target\":[\"https:\/\/www.notibras.com\/site\/triste-e-saber-que-cidadao-que-soluca-cai-da-cama-e-nega-o-golpe-e-mito\/\"]}]},{\"@type\":\"ImageObject\",\"inLanguage\":\"pt-BR\",\"@id\":\"https:\/\/www.notibras.com\/site\/triste-e-saber-que-cidadao-que-soluca-cai-da-cama-e-nega-o-golpe-e-mito\/#primaryimage\",\"url\":\"https:\/\/www.notibras.com\/site\/wp-content\/uploads\/2014\/11\/chama-de-uma-vela-vermelha_19-123464.jpg\",\"contentUrl\":\"https:\/\/www.notibras.com\/site\/wp-content\/uploads\/2014\/11\/chama-de-uma-vela-vermelha_19-123464.jpg\",\"width\":626,\"height\":414},{\"@type\":\"BreadcrumbList\",\"@id\":\"https:\/\/www.notibras.com\/site\/triste-e-saber-que-cidadao-que-soluca-cai-da-cama-e-nega-o-golpe-e-mito\/#breadcrumb\",\"itemListElement\":[{\"@type\":\"ListItem\",\"position\":1,\"name\":\"In\u00edcio\",\"item\":\"https:\/\/www.notibras.com\/site\/\"},{\"@type\":\"ListItem\",\"position\":2,\"name\":\"Triste \u00e9 saber que cidad\u00e3o que solu\u00e7a, cai da cama e nega o golpe \u00e9 mito\"}]},{\"@type\":\"WebSite\",\"@id\":\"https:\/\/www.notibras.com\/site\/#website\",\"url\":\"https:\/\/www.notibras.com\/site\/\",\"name\":\"Notibras\",\"description\":\"Not\u00edcias de Bras\u00edlia, do Brasil e do Mundo\",\"publisher\":{\"@id\":\"https:\/\/www.notibras.com\/site\/#organization\"},\"potentialAction\":[{\"@type\":\"SearchAction\",\"target\":{\"@type\":\"EntryPoint\",\"urlTemplate\":\"https:\/\/www.notibras.com\/site\/?s={search_term_string}\"},\"query-input\":{\"@type\":\"PropertyValueSpecification\",\"valueRequired\":true,\"valueName\":\"search_term_string\"}}],\"inLanguage\":\"pt-BR\"},{\"@type\":\"Organization\",\"@id\":\"https:\/\/www.notibras.com\/site\/#organization\",\"name\":\"Grupo Notibras de Comunica\u00e7\u00e3o\",\"url\":\"https:\/\/www.notibras.com\/site\/\",\"logo\":{\"@type\":\"ImageObject\",\"inLanguage\":\"pt-BR\",\"@id\":\"https:\/\/www.notibras.com\/site\/#\/schema\/logo\/image\/\",\"url\":\"https:\/\/www.notibras.com\/site\/wp-content\/uploads\/2023\/01\/notibras23.png\",\"contentUrl\":\"https:\/\/www.notibras.com\/site\/wp-content\/uploads\/2023\/01\/notibras23.png\",\"width\":350,\"height\":87,\"caption\":\"Grupo Notibras de Comunica\u00e7\u00e3o\"},\"image\":{\"@id\":\"https:\/\/www.notibras.com\/site\/#\/schema\/logo\/image\/\"},\"sameAs\":[\"https:\/\/www.facebook.com\/notibras\/\",\"https:\/\/x.com\/Notibras\",\"https:\/\/www.instagram.com\/notibras\/\"]},{\"@type\":\"Person\",\"@id\":\"https:\/\/www.notibras.com\/site\/#\/schema\/person\/36ab0979449956132d3e5b517ea76ac8\",\"name\":\"Reda\u00e7\u00e3o\",\"image\":{\"@type\":\"ImageObject\",\"inLanguage\":\"pt-BR\",\"@id\":\"https:\/\/secure.gravatar.com\/avatar\/e0a867bdedb85fd243eadf09663511f96fc81e0720a4a42581f334ad4303aa6b?s=96&d=mm&r=g\",\"url\":\"https:\/\/secure.gravatar.com\/avatar\/e0a867bdedb85fd243eadf09663511f96fc81e0720a4a42581f334ad4303aa6b?s=96&d=mm&r=g\",\"contentUrl\":\"https:\/\/secure.gravatar.com\/avatar\/e0a867bdedb85fd243eadf09663511f96fc81e0720a4a42581f334ad4303aa6b?s=96&d=mm&r=g\",\"caption\":\"Reda\u00e7\u00e3o\"}}]}<\/script>\n<!-- \/ Yoast SEO plugin. -->","yoast_head_json":{"title":"Triste \u00e9 saber que cidad\u00e3o que solu\u00e7a, cai da cama e nega o golpe \u00e9 mito - Notibras","robots":{"index":"index","follow":"follow","max-snippet":"max-snippet:-1","max-image-preview":"max-image-preview:large","max-video-preview":"max-video-preview:-1"},"canonical":"https:\/\/www.notibras.com\/site\/triste-e-saber-que-cidadao-que-soluca-cai-da-cama-e-nega-o-golpe-e-mito\/","og_locale":"pt_BR","og_type":"article","og_title":"Triste \u00e9 saber que cidad\u00e3o que solu\u00e7a, cai da cama e nega o golpe \u00e9 mito - Notibras","og_description":"Na vida de cada um por si e Deus por todos, o ideal \u00e9 encontrar alegria nas pequenas coisas do dia a dia e valorizar cada momento como se fosse o \u00faltimo. Como a jornada \u00e9 curta e n\u00e3o permite ensaios, que tal n\u00e3o ter medo dela. O primeiro passo \u00e9 lembrar Albert Einstein \u00e9 [&hellip;]","og_url":"https:\/\/www.notibras.com\/site\/triste-e-saber-que-cidadao-que-soluca-cai-da-cama-e-nega-o-golpe-e-mito\/","og_site_name":"Notibras","article_publisher":"https:\/\/www.facebook.com\/notibras\/","article_published_time":"2026-01-20T11:08:51+00:00","article_modified_time":"2026-01-20T11:09:24+00:00","og_image":[{"width":626,"height":414,"url":"https:\/\/www.notibras.com\/site\/wp-content\/uploads\/2014\/11\/chama-de-uma-vela-vermelha_19-123464.jpg","type":"image\/jpeg"}],"author":"Reda\u00e7\u00e3o","twitter_card":"summary_large_image","twitter_creator":"@Notibras","twitter_site":"@Notibras","twitter_misc":{"Escrito por":"Reda\u00e7\u00e3o","Est. tempo de leitura":"4 minutos"},"schema":{"@context":"https:\/\/schema.org","@graph":[{"@type":"Article","@id":"https:\/\/www.notibras.com\/site\/triste-e-saber-que-cidadao-que-soluca-cai-da-cama-e-nega-o-golpe-e-mito\/#article","isPartOf":{"@id":"https:\/\/www.notibras.com\/site\/triste-e-saber-que-cidadao-que-soluca-cai-da-cama-e-nega-o-golpe-e-mito\/"},"author":{"name":"Reda\u00e7\u00e3o","@id":"https:\/\/www.notibras.com\/site\/#\/schema\/person\/36ab0979449956132d3e5b517ea76ac8"},"headline":"Triste \u00e9 saber que cidad\u00e3o que solu\u00e7a, cai da cama e nega o golpe \u00e9 mito","datePublished":"2026-01-20T11:08:51+00:00","dateModified":"2026-01-20T11:09:24+00:00","mainEntityOfPage":{"@id":"https:\/\/www.notibras.com\/site\/triste-e-saber-que-cidadao-que-soluca-cai-da-cama-e-nega-o-golpe-e-mito\/"},"wordCount":691,"publisher":{"@id":"https:\/\/www.notibras.com\/site\/#organization"},"image":{"@id":"https:\/\/www.notibras.com\/site\/triste-e-saber-que-cidadao-que-soluca-cai-da-cama-e-nega-o-golpe-e-mito\/#primaryimage"},"thumbnailUrl":"https:\/\/www.notibras.com\/site\/wp-content\/uploads\/2014\/11\/chama-de-uma-vela-vermelha_19-123464.jpg","articleSection":["Brasil"],"inLanguage":"pt-BR"},{"@type":"WebPage","@id":"https:\/\/www.notibras.com\/site\/triste-e-saber-que-cidadao-que-soluca-cai-da-cama-e-nega-o-golpe-e-mito\/","url":"https:\/\/www.notibras.com\/site\/triste-e-saber-que-cidadao-que-soluca-cai-da-cama-e-nega-o-golpe-e-mito\/","name":"Triste \u00e9 saber que cidad\u00e3o que solu\u00e7a, cai da cama e nega o golpe \u00e9 mito - Notibras","isPartOf":{"@id":"https:\/\/www.notibras.com\/site\/#website"},"primaryImageOfPage":{"@id":"https:\/\/www.notibras.com\/site\/triste-e-saber-que-cidadao-que-soluca-cai-da-cama-e-nega-o-golpe-e-mito\/#primaryimage"},"image":{"@id":"https:\/\/www.notibras.com\/site\/triste-e-saber-que-cidadao-que-soluca-cai-da-cama-e-nega-o-golpe-e-mito\/#primaryimage"},"thumbnailUrl":"https:\/\/www.notibras.com\/site\/wp-content\/uploads\/2014\/11\/chama-de-uma-vela-vermelha_19-123464.jpg","datePublished":"2026-01-20T11:08:51+00:00","dateModified":"2026-01-20T11:09:24+00:00","breadcrumb":{"@id":"https:\/\/www.notibras.com\/site\/triste-e-saber-que-cidadao-que-soluca-cai-da-cama-e-nega-o-golpe-e-mito\/#breadcrumb"},"inLanguage":"pt-BR","potentialAction":[{"@type":"ReadAction","target":["https:\/\/www.notibras.com\/site\/triste-e-saber-que-cidadao-que-soluca-cai-da-cama-e-nega-o-golpe-e-mito\/"]}]},{"@type":"ImageObject","inLanguage":"pt-BR","@id":"https:\/\/www.notibras.com\/site\/triste-e-saber-que-cidadao-que-soluca-cai-da-cama-e-nega-o-golpe-e-mito\/#primaryimage","url":"https:\/\/www.notibras.com\/site\/wp-content\/uploads\/2014\/11\/chama-de-uma-vela-vermelha_19-123464.jpg","contentUrl":"https:\/\/www.notibras.com\/site\/wp-content\/uploads\/2014\/11\/chama-de-uma-vela-vermelha_19-123464.jpg","width":626,"height":414},{"@type":"BreadcrumbList","@id":"https:\/\/www.notibras.com\/site\/triste-e-saber-que-cidadao-que-soluca-cai-da-cama-e-nega-o-golpe-e-mito\/#breadcrumb","itemListElement":[{"@type":"ListItem","position":1,"name":"In\u00edcio","item":"https:\/\/www.notibras.com\/site\/"},{"@type":"ListItem","position":2,"name":"Triste \u00e9 saber que cidad\u00e3o que solu\u00e7a, cai da cama e nega o golpe \u00e9 mito"}]},{"@type":"WebSite","@id":"https:\/\/www.notibras.com\/site\/#website","url":"https:\/\/www.notibras.com\/site\/","name":"Notibras","description":"Not\u00edcias de Bras\u00edlia, do Brasil e do Mundo","publisher":{"@id":"https:\/\/www.notibras.com\/site\/#organization"},"potentialAction":[{"@type":"SearchAction","target":{"@type":"EntryPoint","urlTemplate":"https:\/\/www.notibras.com\/site\/?s={search_term_string}"},"query-input":{"@type":"PropertyValueSpecification","valueRequired":true,"valueName":"search_term_string"}}],"inLanguage":"pt-BR"},{"@type":"Organization","@id":"https:\/\/www.notibras.com\/site\/#organization","name":"Grupo Notibras de Comunica\u00e7\u00e3o","url":"https:\/\/www.notibras.com\/site\/","logo":{"@type":"ImageObject","inLanguage":"pt-BR","@id":"https:\/\/www.notibras.com\/site\/#\/schema\/logo\/image\/","url":"https:\/\/www.notibras.com\/site\/wp-content\/uploads\/2023\/01\/notibras23.png","contentUrl":"https:\/\/www.notibras.com\/site\/wp-content\/uploads\/2023\/01\/notibras23.png","width":350,"height":87,"caption":"Grupo Notibras de Comunica\u00e7\u00e3o"},"image":{"@id":"https:\/\/www.notibras.com\/site\/#\/schema\/logo\/image\/"},"sameAs":["https:\/\/www.facebook.com\/notibras\/","https:\/\/x.com\/Notibras","https:\/\/www.instagram.com\/notibras\/"]},{"@type":"Person","@id":"https:\/\/www.notibras.com\/site\/#\/schema\/person\/36ab0979449956132d3e5b517ea76ac8","name":"Reda\u00e7\u00e3o","image":{"@type":"ImageObject","inLanguage":"pt-BR","@id":"https:\/\/secure.gravatar.com\/avatar\/e0a867bdedb85fd243eadf09663511f96fc81e0720a4a42581f334ad4303aa6b?s=96&d=mm&r=g","url":"https:\/\/secure.gravatar.com\/avatar\/e0a867bdedb85fd243eadf09663511f96fc81e0720a4a42581f334ad4303aa6b?s=96&d=mm&r=g","contentUrl":"https:\/\/secure.gravatar.com\/avatar\/e0a867bdedb85fd243eadf09663511f96fc81e0720a4a42581f334ad4303aa6b?s=96&d=mm&r=g","caption":"Reda\u00e7\u00e3o"}}]}},"amp_enabled":true,"_links":{"self":[{"href":"https:\/\/www.notibras.com\/site\/wp-json\/wp\/v2\/posts\/379788","targetHints":{"allow":["GET"]}}],"collection":[{"href":"https:\/\/www.notibras.com\/site\/wp-json\/wp\/v2\/posts"}],"about":[{"href":"https:\/\/www.notibras.com\/site\/wp-json\/wp\/v2\/types\/post"}],"author":[{"embeddable":true,"href":"https:\/\/www.notibras.com\/site\/wp-json\/wp\/v2\/users\/2"}],"replies":[{"embeddable":true,"href":"https:\/\/www.notibras.com\/site\/wp-json\/wp\/v2\/comments?post=379788"}],"version-history":[{"count":1,"href":"https:\/\/www.notibras.com\/site\/wp-json\/wp\/v2\/posts\/379788\/revisions"}],"predecessor-version":[{"id":379789,"href":"https:\/\/www.notibras.com\/site\/wp-json\/wp\/v2\/posts\/379788\/revisions\/379789"}],"wp:featuredmedia":[{"embeddable":true,"href":"https:\/\/www.notibras.com\/site\/wp-json\/wp\/v2\/media\/28582"}],"wp:attachment":[{"href":"https:\/\/www.notibras.com\/site\/wp-json\/wp\/v2\/media?parent=379788"}],"wp:term":[{"taxonomy":"category","embeddable":true,"href":"https:\/\/www.notibras.com\/site\/wp-json\/wp\/v2\/categories?post=379788"},{"taxonomy":"post_tag","embeddable":true,"href":"https:\/\/www.notibras.com\/site\/wp-json\/wp\/v2\/tags?post=379788"}],"curies":[{"name":"wp","href":"https:\/\/api.w.org\/{rel}","templated":true}]}}