{"id":379795,"date":"2026-01-20T00:00:45","date_gmt":"2026-01-20T03:00:45","guid":{"rendered":"https:\/\/www.notibras.com\/site\/?p=379795"},"modified":"2026-01-20T08:22:14","modified_gmt":"2026-01-20T11:22:14","slug":"exportacao-de-cafe-cai-mas-bate-recorde-em-receita","status":"publish","type":"post","link":"https:\/\/www.notibras.com\/site\/exportacao-de-cafe-cai-mas-bate-recorde-em-receita\/","title":{"rendered":"Exporta\u00e7\u00e3o de caf\u00e9 cai, mas bate recorde em receita"},"content":{"rendered":"<p>O Brasil vendeu ao exterior, em 2025, 40,04 milh\u00f5es de sacas de 60 quilos (kg) de caf\u00e9, uma queda de 20,8% em rela\u00e7\u00e3o a 2024. No entanto, a receita da exporta\u00e7\u00e3o do produto no ano passado bateu recorde: US$ 15,586 bilh\u00f5es, um aumento de 24,1% na compara\u00e7\u00e3o com o ano anterior. Os dados, divulgados nesta segunda-feira (19), s\u00e3o do Conselho dos Exportadores de Caf\u00e9 do Brasil (Cecaf\u00e9).<\/p>\n<p>A receita das vendas ao exterior registrada em 2025 \u00e9 a maior desde 1990, quando a Cecaf\u00e9 iniciou o levantamento. As exporta\u00e7\u00f5es brasileiras tiveram como destino 121 pa\u00edses.<\/p>\n<p>De acordo com o presidente do Cecaf\u00e9, M\u00e1rcio Ferreira, o recorde \u00e9 resultado do aumento do valor do produto em 2025 e de investimentos do setor em qualidade.<\/p>\n<p>\u201cTivemos m\u00e9dias mensais de pre\u00e7o maiores em 2025 e nossos cafeicultores, bem organizados, mant\u00eam seus investimentos em tecnologia, inova\u00e7\u00e3o e qualidade, o que eleva o patamar dos caf\u00e9s do Brasil e, consequentemente, o seu valor. N\u00e3o \u00e0 toa, somos a \u00fanica origem do mundo que consegue exportar para mais de 120 pa\u00edses, respondendo por mais de um ter\u00e7o do market share global\u201d, disse.<\/p>\n<p><strong>Tarifa\u00e7o<\/strong><br \/>\nDe acordo com Ferreira, a diminui\u00e7\u00e3o no n\u00famero de sacas exportadas j\u00e1 era aguardada em 2025 em raz\u00e3o do clima e dos embarques recordes registrados um ano antes, o que reduziu os estoques. \u201cExportamos um volume hist\u00f3rico em 2024, reduzindo o montante de caf\u00e9 armazenado no pa\u00eds, e a safra do ano passado foi impactada pelo clima, combina\u00e7\u00e3o que culminou na limita\u00e7\u00e3o da disponibilidade do produto\u201d, explicou.<\/p>\n<p>Tamb\u00e9m influenciaram o resultado, segundo ele, as tarifas de 50% impostas pelos Estados Unidos sobre o produto brasileiro.<\/p>\n<p>\u201cNos quase quatro meses de vig\u00eancia do tarifa\u00e7o sobre todos os tipos de caf\u00e9 do Brasil, entre o come\u00e7o de agosto e o fim de novembro \u2013 vale lembrar que o sol\u00favel ainda segue taxado \u2013, nossos embarques aos norte-americanos despencaram 55%, majoritariamente afetados por essas taxas\u201d, destacou.<\/p>\n<p><strong>Principais destinos<\/strong><br \/>\nCom a aquisi\u00e7\u00e3o de 5,4 milh\u00f5es de sacas, a Alemanha assumiu a lideran\u00e7a entre os maiores importadores dos caf\u00e9s do Brasil no ano passado, apesar de o volume implicar queda de 28,8% das vendas ao pa\u00eds, na compara\u00e7\u00e3o com 2024. Esse montante representou 13,5% de todos os embarques brasileiros do produto em 2025.<\/p>\n<p>Os Estados Unidos, usualmente l\u00edderes dessa classifica\u00e7\u00e3o, desceram \u00e0 segunda posi\u00e7\u00e3o no ano passado, como reflexo do decl\u00ednio observado no per\u00edodo de vig\u00eancia do tarifa\u00e7o. Os estadunidenses importaram 5,3 milh\u00f5es de sacas em 2025 \u2013 13,4% do total, com queda de 33,9% frente aos 12 meses de 2024.<\/p>\n<p><strong>Tipos de caf\u00e9<\/strong><br \/>\nNos 12 meses do ano passado, o caf\u00e9 ar\u00e1bica foi a esp\u00e9cie mais exportada pelo Brasil, com 32,3 milh\u00f5es de sacas vendidas ao exterior. Esse volume equivale a 80,7% do total.<\/p>\n<p>A esp\u00e9cie can\u00e9fora (conilon e robusta) vem na sequ\u00eancia, com o embarque de 3,9 milh\u00f5es de sacas (10% do total), seguida pelo setor de caf\u00e9 sol\u00favel, com 3,6 milh\u00f5es de sacas (9,2%), e pelo segmento de caf\u00e9 torrado e torrado e mo\u00eddo, com 58.474 sacas (0,1%).<\/p>\n","protected":false},"excerpt":{"rendered":"<p>O Brasil vendeu ao exterior, em 2025, 40,04 milh\u00f5es de sacas de 60 quilos (kg) de caf\u00e9, uma queda de 20,8% em rela\u00e7\u00e3o a 2024. No entanto, a receita da exporta\u00e7\u00e3o do produto no ano passado bateu recorde: US$ 15,586 bilh\u00f5es, um aumento de 24,1% na compara\u00e7\u00e3o com o ano anterior. Os dados, divulgados nesta [&hellip;]<\/p>\n","protected":false},"author":2,"featured_media":379796,"comment_status":"closed","ping_status":"closed","sticky":false,"template":"","format":"standard","meta":{"_acf_changed":false,"footnotes":""},"categories":[16],"tags":[],"class_list":["post-379795","post","type-post","status-publish","format-standard","has-post-thumbnail","hentry","category-brasil"],"acf":[],"yoast_head":"<!-- This site is optimized with the Yoast SEO plugin v27.2 - https:\/\/yoast.com\/product\/yoast-seo-wordpress\/ -->\n<title>Exporta\u00e7\u00e3o de caf\u00e9 cai, mas bate recorde em receita - Notibras<\/title>\n<meta name=\"robots\" content=\"index, follow, max-snippet:-1, max-image-preview:large, max-video-preview:-1\" \/>\n<link rel=\"canonical\" href=\"https:\/\/www.notibras.com\/site\/exportacao-de-cafe-cai-mas-bate-recorde-em-receita\/\" \/>\n<meta property=\"og:locale\" content=\"pt_BR\" \/>\n<meta property=\"og:type\" content=\"article\" \/>\n<meta property=\"og:title\" content=\"Exporta\u00e7\u00e3o de caf\u00e9 cai, mas bate recorde em receita - Notibras\" \/>\n<meta property=\"og:description\" content=\"O Brasil vendeu ao exterior, em 2025, 40,04 milh\u00f5es de sacas de 60 quilos (kg) de caf\u00e9, uma queda de 20,8% em rela\u00e7\u00e3o a 2024. No entanto, a receita da exporta\u00e7\u00e3o do produto no ano passado bateu recorde: US$ 15,586 bilh\u00f5es, um aumento de 24,1% na compara\u00e7\u00e3o com o ano anterior. Os dados, divulgados nesta [&hellip;]\" \/>\n<meta property=\"og:url\" content=\"https:\/\/www.notibras.com\/site\/exportacao-de-cafe-cai-mas-bate-recorde-em-receita\/\" \/>\n<meta property=\"og:site_name\" content=\"Notibras\" \/>\n<meta property=\"article:publisher\" content=\"https:\/\/www.facebook.com\/notibras\/\" \/>\n<meta property=\"article:published_time\" content=\"2026-01-20T03:00:45+00:00\" \/>\n<meta property=\"article:modified_time\" content=\"2026-01-20T11:22:14+00:00\" \/>\n<meta property=\"og:image\" content=\"https:\/\/www.notibras.com\/site\/wp-content\/uploads\/2026\/01\/cafe.mca_abr_17061917250-1.webp\" \/>\n\t<meta property=\"og:image:width\" content=\"1170\" \/>\n\t<meta property=\"og:image:height\" content=\"700\" \/>\n\t<meta property=\"og:image:type\" content=\"image\/webp\" \/>\n<meta name=\"author\" content=\"Reda\u00e7\u00e3o\" \/>\n<meta name=\"twitter:card\" content=\"summary_large_image\" \/>\n<meta name=\"twitter:creator\" content=\"@Notibras\" \/>\n<meta name=\"twitter:site\" content=\"@Notibras\" \/>\n<meta name=\"twitter:label1\" content=\"Escrito por\" \/>\n\t<meta name=\"twitter:data1\" content=\"Reda\u00e7\u00e3o\" \/>\n\t<meta name=\"twitter:label2\" content=\"Est. tempo de leitura\" \/>\n\t<meta name=\"twitter:data2\" content=\"4 minutos\" \/>\n<script type=\"application\/ld+json\" class=\"yoast-schema-graph\">{\"@context\":\"https:\/\/schema.org\",\"@graph\":[{\"@type\":\"Article\",\"@id\":\"https:\/\/www.notibras.com\/site\/exportacao-de-cafe-cai-mas-bate-recorde-em-receita\/#article\",\"isPartOf\":{\"@id\":\"https:\/\/www.notibras.com\/site\/exportacao-de-cafe-cai-mas-bate-recorde-em-receita\/\"},\"author\":{\"name\":\"Reda\u00e7\u00e3o\",\"@id\":\"https:\/\/www.notibras.com\/site\/#\/schema\/person\/36ab0979449956132d3e5b517ea76ac8\"},\"headline\":\"Exporta\u00e7\u00e3o de caf\u00e9 cai, mas bate recorde em receita\",\"datePublished\":\"2026-01-20T03:00:45+00:00\",\"dateModified\":\"2026-01-20T11:22:14+00:00\",\"mainEntityOfPage\":{\"@id\":\"https:\/\/www.notibras.com\/site\/exportacao-de-cafe-cai-mas-bate-recorde-em-receita\/\"},\"wordCount\":522,\"publisher\":{\"@id\":\"https:\/\/www.notibras.com\/site\/#organization\"},\"image\":{\"@id\":\"https:\/\/www.notibras.com\/site\/exportacao-de-cafe-cai-mas-bate-recorde-em-receita\/#primaryimage\"},\"thumbnailUrl\":\"https:\/\/www.notibras.com\/site\/wp-content\/uploads\/2026\/01\/cafe.mca_abr_17061917250-1.webp\",\"articleSection\":[\"Brasil\"],\"inLanguage\":\"pt-BR\"},{\"@type\":\"WebPage\",\"@id\":\"https:\/\/www.notibras.com\/site\/exportacao-de-cafe-cai-mas-bate-recorde-em-receita\/\",\"url\":\"https:\/\/www.notibras.com\/site\/exportacao-de-cafe-cai-mas-bate-recorde-em-receita\/\",\"name\":\"Exporta\u00e7\u00e3o de caf\u00e9 cai, mas bate recorde em receita - Notibras\",\"isPartOf\":{\"@id\":\"https:\/\/www.notibras.com\/site\/#website\"},\"primaryImageOfPage\":{\"@id\":\"https:\/\/www.notibras.com\/site\/exportacao-de-cafe-cai-mas-bate-recorde-em-receita\/#primaryimage\"},\"image\":{\"@id\":\"https:\/\/www.notibras.com\/site\/exportacao-de-cafe-cai-mas-bate-recorde-em-receita\/#primaryimage\"},\"thumbnailUrl\":\"https:\/\/www.notibras.com\/site\/wp-content\/uploads\/2026\/01\/cafe.mca_abr_17061917250-1.webp\",\"datePublished\":\"2026-01-20T03:00:45+00:00\",\"dateModified\":\"2026-01-20T11:22:14+00:00\",\"breadcrumb\":{\"@id\":\"https:\/\/www.notibras.com\/site\/exportacao-de-cafe-cai-mas-bate-recorde-em-receita\/#breadcrumb\"},\"inLanguage\":\"pt-BR\",\"potentialAction\":[{\"@type\":\"ReadAction\",\"target\":[\"https:\/\/www.notibras.com\/site\/exportacao-de-cafe-cai-mas-bate-recorde-em-receita\/\"]}]},{\"@type\":\"ImageObject\",\"inLanguage\":\"pt-BR\",\"@id\":\"https:\/\/www.notibras.com\/site\/exportacao-de-cafe-cai-mas-bate-recorde-em-receita\/#primaryimage\",\"url\":\"https:\/\/www.notibras.com\/site\/wp-content\/uploads\/2026\/01\/cafe.mca_abr_17061917250-1.webp\",\"contentUrl\":\"https:\/\/www.notibras.com\/site\/wp-content\/uploads\/2026\/01\/cafe.mca_abr_17061917250-1.webp\",\"width\":1170,\"height\":700},{\"@type\":\"BreadcrumbList\",\"@id\":\"https:\/\/www.notibras.com\/site\/exportacao-de-cafe-cai-mas-bate-recorde-em-receita\/#breadcrumb\",\"itemListElement\":[{\"@type\":\"ListItem\",\"position\":1,\"name\":\"In\u00edcio\",\"item\":\"https:\/\/www.notibras.com\/site\/\"},{\"@type\":\"ListItem\",\"position\":2,\"name\":\"Exporta\u00e7\u00e3o de caf\u00e9 cai, mas bate recorde em receita\"}]},{\"@type\":\"WebSite\",\"@id\":\"https:\/\/www.notibras.com\/site\/#website\",\"url\":\"https:\/\/www.notibras.com\/site\/\",\"name\":\"Notibras\",\"description\":\"Not\u00edcias de Bras\u00edlia, do Brasil e do Mundo\",\"publisher\":{\"@id\":\"https:\/\/www.notibras.com\/site\/#organization\"},\"potentialAction\":[{\"@type\":\"SearchAction\",\"target\":{\"@type\":\"EntryPoint\",\"urlTemplate\":\"https:\/\/www.notibras.com\/site\/?s={search_term_string}\"},\"query-input\":{\"@type\":\"PropertyValueSpecification\",\"valueRequired\":true,\"valueName\":\"search_term_string\"}}],\"inLanguage\":\"pt-BR\"},{\"@type\":\"Organization\",\"@id\":\"https:\/\/www.notibras.com\/site\/#organization\",\"name\":\"Grupo Notibras de Comunica\u00e7\u00e3o\",\"url\":\"https:\/\/www.notibras.com\/site\/\",\"logo\":{\"@type\":\"ImageObject\",\"inLanguage\":\"pt-BR\",\"@id\":\"https:\/\/www.notibras.com\/site\/#\/schema\/logo\/image\/\",\"url\":\"https:\/\/www.notibras.com\/site\/wp-content\/uploads\/2023\/01\/notibras23.png\",\"contentUrl\":\"https:\/\/www.notibras.com\/site\/wp-content\/uploads\/2023\/01\/notibras23.png\",\"width\":350,\"height\":87,\"caption\":\"Grupo Notibras de Comunica\u00e7\u00e3o\"},\"image\":{\"@id\":\"https:\/\/www.notibras.com\/site\/#\/schema\/logo\/image\/\"},\"sameAs\":[\"https:\/\/www.facebook.com\/notibras\/\",\"https:\/\/x.com\/Notibras\",\"https:\/\/www.instagram.com\/notibras\/\"]},{\"@type\":\"Person\",\"@id\":\"https:\/\/www.notibras.com\/site\/#\/schema\/person\/36ab0979449956132d3e5b517ea76ac8\",\"name\":\"Reda\u00e7\u00e3o\",\"image\":{\"@type\":\"ImageObject\",\"inLanguage\":\"pt-BR\",\"@id\":\"https:\/\/secure.gravatar.com\/avatar\/e0a867bdedb85fd243eadf09663511f96fc81e0720a4a42581f334ad4303aa6b?s=96&d=mm&r=g\",\"url\":\"https:\/\/secure.gravatar.com\/avatar\/e0a867bdedb85fd243eadf09663511f96fc81e0720a4a42581f334ad4303aa6b?s=96&d=mm&r=g\",\"contentUrl\":\"https:\/\/secure.gravatar.com\/avatar\/e0a867bdedb85fd243eadf09663511f96fc81e0720a4a42581f334ad4303aa6b?s=96&d=mm&r=g\",\"caption\":\"Reda\u00e7\u00e3o\"}}]}<\/script>\n<!-- \/ Yoast SEO plugin. -->","yoast_head_json":{"title":"Exporta\u00e7\u00e3o de caf\u00e9 cai, mas bate recorde em receita - Notibras","robots":{"index":"index","follow":"follow","max-snippet":"max-snippet:-1","max-image-preview":"max-image-preview:large","max-video-preview":"max-video-preview:-1"},"canonical":"https:\/\/www.notibras.com\/site\/exportacao-de-cafe-cai-mas-bate-recorde-em-receita\/","og_locale":"pt_BR","og_type":"article","og_title":"Exporta\u00e7\u00e3o de caf\u00e9 cai, mas bate recorde em receita - Notibras","og_description":"O Brasil vendeu ao exterior, em 2025, 40,04 milh\u00f5es de sacas de 60 quilos (kg) de caf\u00e9, uma queda de 20,8% em rela\u00e7\u00e3o a 2024. No entanto, a receita da exporta\u00e7\u00e3o do produto no ano passado bateu recorde: US$ 15,586 bilh\u00f5es, um aumento de 24,1% na compara\u00e7\u00e3o com o ano anterior. Os dados, divulgados nesta [&hellip;]","og_url":"https:\/\/www.notibras.com\/site\/exportacao-de-cafe-cai-mas-bate-recorde-em-receita\/","og_site_name":"Notibras","article_publisher":"https:\/\/www.facebook.com\/notibras\/","article_published_time":"2026-01-20T03:00:45+00:00","article_modified_time":"2026-01-20T11:22:14+00:00","og_image":[{"width":1170,"height":700,"url":"https:\/\/www.notibras.com\/site\/wp-content\/uploads\/2026\/01\/cafe.mca_abr_17061917250-1.webp","type":"image\/webp"}],"author":"Reda\u00e7\u00e3o","twitter_card":"summary_large_image","twitter_creator":"@Notibras","twitter_site":"@Notibras","twitter_misc":{"Escrito por":"Reda\u00e7\u00e3o","Est. tempo de leitura":"4 minutos"},"schema":{"@context":"https:\/\/schema.org","@graph":[{"@type":"Article","@id":"https:\/\/www.notibras.com\/site\/exportacao-de-cafe-cai-mas-bate-recorde-em-receita\/#article","isPartOf":{"@id":"https:\/\/www.notibras.com\/site\/exportacao-de-cafe-cai-mas-bate-recorde-em-receita\/"},"author":{"name":"Reda\u00e7\u00e3o","@id":"https:\/\/www.notibras.com\/site\/#\/schema\/person\/36ab0979449956132d3e5b517ea76ac8"},"headline":"Exporta\u00e7\u00e3o de caf\u00e9 cai, mas bate recorde em receita","datePublished":"2026-01-20T03:00:45+00:00","dateModified":"2026-01-20T11:22:14+00:00","mainEntityOfPage":{"@id":"https:\/\/www.notibras.com\/site\/exportacao-de-cafe-cai-mas-bate-recorde-em-receita\/"},"wordCount":522,"publisher":{"@id":"https:\/\/www.notibras.com\/site\/#organization"},"image":{"@id":"https:\/\/www.notibras.com\/site\/exportacao-de-cafe-cai-mas-bate-recorde-em-receita\/#primaryimage"},"thumbnailUrl":"https:\/\/www.notibras.com\/site\/wp-content\/uploads\/2026\/01\/cafe.mca_abr_17061917250-1.webp","articleSection":["Brasil"],"inLanguage":"pt-BR"},{"@type":"WebPage","@id":"https:\/\/www.notibras.com\/site\/exportacao-de-cafe-cai-mas-bate-recorde-em-receita\/","url":"https:\/\/www.notibras.com\/site\/exportacao-de-cafe-cai-mas-bate-recorde-em-receita\/","name":"Exporta\u00e7\u00e3o de caf\u00e9 cai, mas bate recorde em receita - Notibras","isPartOf":{"@id":"https:\/\/www.notibras.com\/site\/#website"},"primaryImageOfPage":{"@id":"https:\/\/www.notibras.com\/site\/exportacao-de-cafe-cai-mas-bate-recorde-em-receita\/#primaryimage"},"image":{"@id":"https:\/\/www.notibras.com\/site\/exportacao-de-cafe-cai-mas-bate-recorde-em-receita\/#primaryimage"},"thumbnailUrl":"https:\/\/www.notibras.com\/site\/wp-content\/uploads\/2026\/01\/cafe.mca_abr_17061917250-1.webp","datePublished":"2026-01-20T03:00:45+00:00","dateModified":"2026-01-20T11:22:14+00:00","breadcrumb":{"@id":"https:\/\/www.notibras.com\/site\/exportacao-de-cafe-cai-mas-bate-recorde-em-receita\/#breadcrumb"},"inLanguage":"pt-BR","potentialAction":[{"@type":"ReadAction","target":["https:\/\/www.notibras.com\/site\/exportacao-de-cafe-cai-mas-bate-recorde-em-receita\/"]}]},{"@type":"ImageObject","inLanguage":"pt-BR","@id":"https:\/\/www.notibras.com\/site\/exportacao-de-cafe-cai-mas-bate-recorde-em-receita\/#primaryimage","url":"https:\/\/www.notibras.com\/site\/wp-content\/uploads\/2026\/01\/cafe.mca_abr_17061917250-1.webp","contentUrl":"https:\/\/www.notibras.com\/site\/wp-content\/uploads\/2026\/01\/cafe.mca_abr_17061917250-1.webp","width":1170,"height":700},{"@type":"BreadcrumbList","@id":"https:\/\/www.notibras.com\/site\/exportacao-de-cafe-cai-mas-bate-recorde-em-receita\/#breadcrumb","itemListElement":[{"@type":"ListItem","position":1,"name":"In\u00edcio","item":"https:\/\/www.notibras.com\/site\/"},{"@type":"ListItem","position":2,"name":"Exporta\u00e7\u00e3o de caf\u00e9 cai, mas bate recorde em receita"}]},{"@type":"WebSite","@id":"https:\/\/www.notibras.com\/site\/#website","url":"https:\/\/www.notibras.com\/site\/","name":"Notibras","description":"Not\u00edcias de Bras\u00edlia, do Brasil e do Mundo","publisher":{"@id":"https:\/\/www.notibras.com\/site\/#organization"},"potentialAction":[{"@type":"SearchAction","target":{"@type":"EntryPoint","urlTemplate":"https:\/\/www.notibras.com\/site\/?s={search_term_string}"},"query-input":{"@type":"PropertyValueSpecification","valueRequired":true,"valueName":"search_term_string"}}],"inLanguage":"pt-BR"},{"@type":"Organization","@id":"https:\/\/www.notibras.com\/site\/#organization","name":"Grupo Notibras de Comunica\u00e7\u00e3o","url":"https:\/\/www.notibras.com\/site\/","logo":{"@type":"ImageObject","inLanguage":"pt-BR","@id":"https:\/\/www.notibras.com\/site\/#\/schema\/logo\/image\/","url":"https:\/\/www.notibras.com\/site\/wp-content\/uploads\/2023\/01\/notibras23.png","contentUrl":"https:\/\/www.notibras.com\/site\/wp-content\/uploads\/2023\/01\/notibras23.png","width":350,"height":87,"caption":"Grupo Notibras de Comunica\u00e7\u00e3o"},"image":{"@id":"https:\/\/www.notibras.com\/site\/#\/schema\/logo\/image\/"},"sameAs":["https:\/\/www.facebook.com\/notibras\/","https:\/\/x.com\/Notibras","https:\/\/www.instagram.com\/notibras\/"]},{"@type":"Person","@id":"https:\/\/www.notibras.com\/site\/#\/schema\/person\/36ab0979449956132d3e5b517ea76ac8","name":"Reda\u00e7\u00e3o","image":{"@type":"ImageObject","inLanguage":"pt-BR","@id":"https:\/\/secure.gravatar.com\/avatar\/e0a867bdedb85fd243eadf09663511f96fc81e0720a4a42581f334ad4303aa6b?s=96&d=mm&r=g","url":"https:\/\/secure.gravatar.com\/avatar\/e0a867bdedb85fd243eadf09663511f96fc81e0720a4a42581f334ad4303aa6b?s=96&d=mm&r=g","contentUrl":"https:\/\/secure.gravatar.com\/avatar\/e0a867bdedb85fd243eadf09663511f96fc81e0720a4a42581f334ad4303aa6b?s=96&d=mm&r=g","caption":"Reda\u00e7\u00e3o"}}]}},"amp_enabled":true,"_links":{"self":[{"href":"https:\/\/www.notibras.com\/site\/wp-json\/wp\/v2\/posts\/379795","targetHints":{"allow":["GET"]}}],"collection":[{"href":"https:\/\/www.notibras.com\/site\/wp-json\/wp\/v2\/posts"}],"about":[{"href":"https:\/\/www.notibras.com\/site\/wp-json\/wp\/v2\/types\/post"}],"author":[{"embeddable":true,"href":"https:\/\/www.notibras.com\/site\/wp-json\/wp\/v2\/users\/2"}],"replies":[{"embeddable":true,"href":"https:\/\/www.notibras.com\/site\/wp-json\/wp\/v2\/comments?post=379795"}],"version-history":[{"count":1,"href":"https:\/\/www.notibras.com\/site\/wp-json\/wp\/v2\/posts\/379795\/revisions"}],"predecessor-version":[{"id":379797,"href":"https:\/\/www.notibras.com\/site\/wp-json\/wp\/v2\/posts\/379795\/revisions\/379797"}],"wp:featuredmedia":[{"embeddable":true,"href":"https:\/\/www.notibras.com\/site\/wp-json\/wp\/v2\/media\/379796"}],"wp:attachment":[{"href":"https:\/\/www.notibras.com\/site\/wp-json\/wp\/v2\/media?parent=379795"}],"wp:term":[{"taxonomy":"category","embeddable":true,"href":"https:\/\/www.notibras.com\/site\/wp-json\/wp\/v2\/categories?post=379795"},{"taxonomy":"post_tag","embeddable":true,"href":"https:\/\/www.notibras.com\/site\/wp-json\/wp\/v2\/tags?post=379795"}],"curies":[{"name":"wp","href":"https:\/\/api.w.org\/{rel}","templated":true}]}}