{"id":379798,"date":"2026-01-20T00:00:46","date_gmt":"2026-01-20T03:00:46","guid":{"rendered":"https:\/\/www.notibras.com\/site\/?p=379798"},"modified":"2026-01-20T08:28:05","modified_gmt":"2026-01-20T11:28:05","slug":"novas-embarcacoes-triplicarao-capacidade-de-transporte","status":"publish","type":"post","link":"https:\/\/www.notibras.com\/site\/novas-embarcacoes-triplicarao-capacidade-de-transporte\/","title":{"rendered":"Novas embarca\u00e7\u00f5es triplicar\u00e3o capacidade de transporte"},"content":{"rendered":"<p>A Petrobras e a subsidi\u00e1ria de log\u00edstica Transpetro investir\u00e3o R$ 2,9 bilh\u00f5es em cinco navios gaseiros, 18 barca\u00e7as e 18 empurradores. Com as embarca\u00e7\u00f5es, de acordo com a Petrobras, a frota de gaseiros da Transpetro ir\u00e1 subir de seis para 14, triplicando a atual capacidade de transporte de G\u00e1s Liquefeito de Petr\u00f3leo (GLP) e derivados.<\/p>\n<p>O objetivo \u00e9, segundo a empresa, reduzir a depend\u00eancia de afretamentos, proporcionando maior flexibilidade e efici\u00eancia \u00e0s opera\u00e7\u00f5es log\u00edsticas de movimenta\u00e7\u00e3o de GLP e de outros produtos. Os novos gaseiros ser\u00e3o at\u00e9 20% mais eficientes no consumo de energia, reduzir\u00e3o as emiss\u00f5es de gases de efeito estufa em 30% e poder\u00e3o operar em portos eletrificados.<\/p>\n<p>J\u00e1 as barca\u00e7as e os empurradores marcam, segundo a companhia, a entrada da Transpetro na navega\u00e7\u00e3o interior, ou seja, em \u00e1guas abrigadas ou parcialmente abrigadas, como rios, lagos, canais, ba\u00edas e lagoas. Com as embarca\u00e7\u00f5es, a Transpetro passar\u00e1 a dispor de uma frota pr\u00f3pria para abastecimento em polos estrat\u00e9gicos como Bel\u00e9m (PA), Rio de Janeiro (RJ), Santos (SP), Paranagu\u00e1 (PR) e Rio Grande (RS).<\/p>\n<p><strong>Programa Mar Aberto<\/strong><br \/>\nAs embarca\u00e7\u00f5es fazem parte do Programa Mar Aberto, iniciativa voltada \u00e0 renova\u00e7\u00e3o e amplia\u00e7\u00e3o da frota do Sistema Petrobras. Os contratos para a constru\u00e7\u00e3o ser\u00e3o assinados nesta ter\u00e7a-feira (20), em cerim\u00f4nia em Rio Grande (RS), que contar\u00e1 com a presen\u00e7a do presidente Luiz In\u00e1cio Lula da Silva.<\/p>\n<p>O programa Mar Aberto contar\u00e1 com aportes estimados em US$ 6 bilh\u00f5es no per\u00edodo de 2026 a 2030, cerca de R$ 32 bilh\u00f5es. A iniciativa prev\u00ea a constru\u00e7\u00e3o de 20 navios de cabotagem, al\u00e9m de 18 barca\u00e7as e 18 empurradores, bem como a o afretamento de 40 novas embarca\u00e7\u00f5es de apoio destinadas \u00e0 renova\u00e7\u00e3o da frota de suporte \u00e0s atividades de explora\u00e7\u00e3o e produ\u00e7\u00e3o (E&amp;P).<\/p>\n<p>As embarca\u00e7\u00f5es cujos contratos ser\u00e3o firmados nesta ter\u00e7a ser\u00e3o operadas pela Transpetro e constru\u00eddas em estaleiros de tr\u00eas estados. No Rio Grande do Sul, o Estaleiro Rio Grande ser\u00e1 respons\u00e1vel pela obra dos gaseiros. No Amazonas, o estaleiro Bertolini Constru\u00e7\u00e3o Naval da Amaz\u00f4nia, construir\u00e1 as 18 barca\u00e7as. Em Santa Catarina, o estaleiro Ind\u00fastria Naval Catarinense, vai construir os 18 empurradores.<\/p>\n","protected":false},"excerpt":{"rendered":"<p>A Petrobras e a subsidi\u00e1ria de log\u00edstica Transpetro investir\u00e3o R$ 2,9 bilh\u00f5es em cinco navios gaseiros, 18 barca\u00e7as e 18 empurradores. Com as embarca\u00e7\u00f5es, de acordo com a Petrobras, a frota de gaseiros da Transpetro ir\u00e1 subir de seis para 14, triplicando a atual capacidade de transporte de G\u00e1s Liquefeito de Petr\u00f3leo (GLP) e derivados. [&hellip;]<\/p>\n","protected":false},"author":2,"featured_media":379799,"comment_status":"closed","ping_status":"closed","sticky":false,"template":"","format":"standard","meta":{"_acf_changed":false,"footnotes":""},"categories":[16],"tags":[],"class_list":["post-379798","post","type-post","status-publish","format-standard","has-post-thumbnail","hentry","category-brasil"],"acf":[],"yoast_head":"<!-- This site is optimized with the Yoast SEO plugin v27.2 - https:\/\/yoast.com\/product\/yoast-seo-wordpress\/ -->\n<title>Novas embarca\u00e7\u00f5es triplicar\u00e3o capacidade de transporte - Notibras<\/title>\n<meta name=\"robots\" content=\"index, follow, max-snippet:-1, max-image-preview:large, max-video-preview:-1\" \/>\n<link rel=\"canonical\" href=\"https:\/\/www.notibras.com\/site\/novas-embarcacoes-triplicarao-capacidade-de-transporte\/\" \/>\n<meta property=\"og:locale\" content=\"pt_BR\" \/>\n<meta property=\"og:type\" content=\"article\" \/>\n<meta property=\"og:title\" content=\"Novas embarca\u00e7\u00f5es triplicar\u00e3o capacidade de transporte - Notibras\" \/>\n<meta property=\"og:description\" content=\"A Petrobras e a subsidi\u00e1ria de log\u00edstica Transpetro investir\u00e3o R$ 2,9 bilh\u00f5es em cinco navios gaseiros, 18 barca\u00e7as e 18 empurradores. Com as embarca\u00e7\u00f5es, de acordo com a Petrobras, a frota de gaseiros da Transpetro ir\u00e1 subir de seis para 14, triplicando a atual capacidade de transporte de G\u00e1s Liquefeito de Petr\u00f3leo (GLP) e derivados. [&hellip;]\" \/>\n<meta property=\"og:url\" content=\"https:\/\/www.notibras.com\/site\/novas-embarcacoes-triplicarao-capacidade-de-transporte\/\" \/>\n<meta property=\"og:site_name\" content=\"Notibras\" \/>\n<meta property=\"article:publisher\" content=\"https:\/\/www.facebook.com\/notibras\/\" \/>\n<meta property=\"article:published_time\" content=\"2026-01-20T03:00:46+00:00\" \/>\n<meta property=\"article:modified_time\" content=\"2026-01-20T11:28:05+00:00\" \/>\n<meta property=\"og:image\" content=\"https:\/\/www.notibras.com\/site\/wp-content\/uploads\/2026\/01\/1165-11_0058.webp\" \/>\n\t<meta property=\"og:image:width\" content=\"1170\" \/>\n\t<meta property=\"og:image:height\" content=\"700\" \/>\n\t<meta property=\"og:image:type\" content=\"image\/webp\" \/>\n<meta name=\"author\" content=\"Reda\u00e7\u00e3o\" \/>\n<meta name=\"twitter:card\" content=\"summary_large_image\" \/>\n<meta name=\"twitter:creator\" content=\"@Notibras\" \/>\n<meta name=\"twitter:site\" content=\"@Notibras\" \/>\n<meta name=\"twitter:label1\" content=\"Escrito por\" \/>\n\t<meta name=\"twitter:data1\" content=\"Reda\u00e7\u00e3o\" \/>\n\t<meta name=\"twitter:label2\" content=\"Est. tempo de leitura\" \/>\n\t<meta name=\"twitter:data2\" content=\"3 minutos\" \/>\n<script type=\"application\/ld+json\" class=\"yoast-schema-graph\">{\"@context\":\"https:\/\/schema.org\",\"@graph\":[{\"@type\":\"Article\",\"@id\":\"https:\/\/www.notibras.com\/site\/novas-embarcacoes-triplicarao-capacidade-de-transporte\/#article\",\"isPartOf\":{\"@id\":\"https:\/\/www.notibras.com\/site\/novas-embarcacoes-triplicarao-capacidade-de-transporte\/\"},\"author\":{\"name\":\"Reda\u00e7\u00e3o\",\"@id\":\"https:\/\/www.notibras.com\/site\/#\/schema\/person\/36ab0979449956132d3e5b517ea76ac8\"},\"headline\":\"Novas embarca\u00e7\u00f5es triplicar\u00e3o capacidade de transporte\",\"datePublished\":\"2026-01-20T03:00:46+00:00\",\"dateModified\":\"2026-01-20T11:28:05+00:00\",\"mainEntityOfPage\":{\"@id\":\"https:\/\/www.notibras.com\/site\/novas-embarcacoes-triplicarao-capacidade-de-transporte\/\"},\"wordCount\":393,\"publisher\":{\"@id\":\"https:\/\/www.notibras.com\/site\/#organization\"},\"image\":{\"@id\":\"https:\/\/www.notibras.com\/site\/novas-embarcacoes-triplicarao-capacidade-de-transporte\/#primaryimage\"},\"thumbnailUrl\":\"https:\/\/www.notibras.com\/site\/wp-content\/uploads\/2026\/01\/1165-11_0058.webp\",\"articleSection\":[\"Brasil\"],\"inLanguage\":\"pt-BR\"},{\"@type\":\"WebPage\",\"@id\":\"https:\/\/www.notibras.com\/site\/novas-embarcacoes-triplicarao-capacidade-de-transporte\/\",\"url\":\"https:\/\/www.notibras.com\/site\/novas-embarcacoes-triplicarao-capacidade-de-transporte\/\",\"name\":\"Novas embarca\u00e7\u00f5es triplicar\u00e3o capacidade de transporte - Notibras\",\"isPartOf\":{\"@id\":\"https:\/\/www.notibras.com\/site\/#website\"},\"primaryImageOfPage\":{\"@id\":\"https:\/\/www.notibras.com\/site\/novas-embarcacoes-triplicarao-capacidade-de-transporte\/#primaryimage\"},\"image\":{\"@id\":\"https:\/\/www.notibras.com\/site\/novas-embarcacoes-triplicarao-capacidade-de-transporte\/#primaryimage\"},\"thumbnailUrl\":\"https:\/\/www.notibras.com\/site\/wp-content\/uploads\/2026\/01\/1165-11_0058.webp\",\"datePublished\":\"2026-01-20T03:00:46+00:00\",\"dateModified\":\"2026-01-20T11:28:05+00:00\",\"breadcrumb\":{\"@id\":\"https:\/\/www.notibras.com\/site\/novas-embarcacoes-triplicarao-capacidade-de-transporte\/#breadcrumb\"},\"inLanguage\":\"pt-BR\",\"potentialAction\":[{\"@type\":\"ReadAction\",\"target\":[\"https:\/\/www.notibras.com\/site\/novas-embarcacoes-triplicarao-capacidade-de-transporte\/\"]}]},{\"@type\":\"ImageObject\",\"inLanguage\":\"pt-BR\",\"@id\":\"https:\/\/www.notibras.com\/site\/novas-embarcacoes-triplicarao-capacidade-de-transporte\/#primaryimage\",\"url\":\"https:\/\/www.notibras.com\/site\/wp-content\/uploads\/2026\/01\/1165-11_0058.webp\",\"contentUrl\":\"https:\/\/www.notibras.com\/site\/wp-content\/uploads\/2026\/01\/1165-11_0058.webp\",\"width\":1170,\"height\":700},{\"@type\":\"BreadcrumbList\",\"@id\":\"https:\/\/www.notibras.com\/site\/novas-embarcacoes-triplicarao-capacidade-de-transporte\/#breadcrumb\",\"itemListElement\":[{\"@type\":\"ListItem\",\"position\":1,\"name\":\"In\u00edcio\",\"item\":\"https:\/\/www.notibras.com\/site\/\"},{\"@type\":\"ListItem\",\"position\":2,\"name\":\"Novas embarca\u00e7\u00f5es triplicar\u00e3o capacidade de transporte\"}]},{\"@type\":\"WebSite\",\"@id\":\"https:\/\/www.notibras.com\/site\/#website\",\"url\":\"https:\/\/www.notibras.com\/site\/\",\"name\":\"Notibras\",\"description\":\"Not\u00edcias de Bras\u00edlia, do Brasil e do Mundo\",\"publisher\":{\"@id\":\"https:\/\/www.notibras.com\/site\/#organization\"},\"potentialAction\":[{\"@type\":\"SearchAction\",\"target\":{\"@type\":\"EntryPoint\",\"urlTemplate\":\"https:\/\/www.notibras.com\/site\/?s={search_term_string}\"},\"query-input\":{\"@type\":\"PropertyValueSpecification\",\"valueRequired\":true,\"valueName\":\"search_term_string\"}}],\"inLanguage\":\"pt-BR\"},{\"@type\":\"Organization\",\"@id\":\"https:\/\/www.notibras.com\/site\/#organization\",\"name\":\"Grupo Notibras de Comunica\u00e7\u00e3o\",\"url\":\"https:\/\/www.notibras.com\/site\/\",\"logo\":{\"@type\":\"ImageObject\",\"inLanguage\":\"pt-BR\",\"@id\":\"https:\/\/www.notibras.com\/site\/#\/schema\/logo\/image\/\",\"url\":\"https:\/\/www.notibras.com\/site\/wp-content\/uploads\/2023\/01\/notibras23.png\",\"contentUrl\":\"https:\/\/www.notibras.com\/site\/wp-content\/uploads\/2023\/01\/notibras23.png\",\"width\":350,\"height\":87,\"caption\":\"Grupo Notibras de Comunica\u00e7\u00e3o\"},\"image\":{\"@id\":\"https:\/\/www.notibras.com\/site\/#\/schema\/logo\/image\/\"},\"sameAs\":[\"https:\/\/www.facebook.com\/notibras\/\",\"https:\/\/x.com\/Notibras\",\"https:\/\/www.instagram.com\/notibras\/\"]},{\"@type\":\"Person\",\"@id\":\"https:\/\/www.notibras.com\/site\/#\/schema\/person\/36ab0979449956132d3e5b517ea76ac8\",\"name\":\"Reda\u00e7\u00e3o\",\"image\":{\"@type\":\"ImageObject\",\"inLanguage\":\"pt-BR\",\"@id\":\"https:\/\/secure.gravatar.com\/avatar\/e0a867bdedb85fd243eadf09663511f96fc81e0720a4a42581f334ad4303aa6b?s=96&d=mm&r=g\",\"url\":\"https:\/\/secure.gravatar.com\/avatar\/e0a867bdedb85fd243eadf09663511f96fc81e0720a4a42581f334ad4303aa6b?s=96&d=mm&r=g\",\"contentUrl\":\"https:\/\/secure.gravatar.com\/avatar\/e0a867bdedb85fd243eadf09663511f96fc81e0720a4a42581f334ad4303aa6b?s=96&d=mm&r=g\",\"caption\":\"Reda\u00e7\u00e3o\"}}]}<\/script>\n<!-- \/ Yoast SEO plugin. -->","yoast_head_json":{"title":"Novas embarca\u00e7\u00f5es triplicar\u00e3o capacidade de transporte - Notibras","robots":{"index":"index","follow":"follow","max-snippet":"max-snippet:-1","max-image-preview":"max-image-preview:large","max-video-preview":"max-video-preview:-1"},"canonical":"https:\/\/www.notibras.com\/site\/novas-embarcacoes-triplicarao-capacidade-de-transporte\/","og_locale":"pt_BR","og_type":"article","og_title":"Novas embarca\u00e7\u00f5es triplicar\u00e3o capacidade de transporte - Notibras","og_description":"A Petrobras e a subsidi\u00e1ria de log\u00edstica Transpetro investir\u00e3o R$ 2,9 bilh\u00f5es em cinco navios gaseiros, 18 barca\u00e7as e 18 empurradores. Com as embarca\u00e7\u00f5es, de acordo com a Petrobras, a frota de gaseiros da Transpetro ir\u00e1 subir de seis para 14, triplicando a atual capacidade de transporte de G\u00e1s Liquefeito de Petr\u00f3leo (GLP) e derivados. [&hellip;]","og_url":"https:\/\/www.notibras.com\/site\/novas-embarcacoes-triplicarao-capacidade-de-transporte\/","og_site_name":"Notibras","article_publisher":"https:\/\/www.facebook.com\/notibras\/","article_published_time":"2026-01-20T03:00:46+00:00","article_modified_time":"2026-01-20T11:28:05+00:00","og_image":[{"width":1170,"height":700,"url":"https:\/\/www.notibras.com\/site\/wp-content\/uploads\/2026\/01\/1165-11_0058.webp","type":"image\/webp"}],"author":"Reda\u00e7\u00e3o","twitter_card":"summary_large_image","twitter_creator":"@Notibras","twitter_site":"@Notibras","twitter_misc":{"Escrito por":"Reda\u00e7\u00e3o","Est. tempo de leitura":"3 minutos"},"schema":{"@context":"https:\/\/schema.org","@graph":[{"@type":"Article","@id":"https:\/\/www.notibras.com\/site\/novas-embarcacoes-triplicarao-capacidade-de-transporte\/#article","isPartOf":{"@id":"https:\/\/www.notibras.com\/site\/novas-embarcacoes-triplicarao-capacidade-de-transporte\/"},"author":{"name":"Reda\u00e7\u00e3o","@id":"https:\/\/www.notibras.com\/site\/#\/schema\/person\/36ab0979449956132d3e5b517ea76ac8"},"headline":"Novas embarca\u00e7\u00f5es triplicar\u00e3o capacidade de transporte","datePublished":"2026-01-20T03:00:46+00:00","dateModified":"2026-01-20T11:28:05+00:00","mainEntityOfPage":{"@id":"https:\/\/www.notibras.com\/site\/novas-embarcacoes-triplicarao-capacidade-de-transporte\/"},"wordCount":393,"publisher":{"@id":"https:\/\/www.notibras.com\/site\/#organization"},"image":{"@id":"https:\/\/www.notibras.com\/site\/novas-embarcacoes-triplicarao-capacidade-de-transporte\/#primaryimage"},"thumbnailUrl":"https:\/\/www.notibras.com\/site\/wp-content\/uploads\/2026\/01\/1165-11_0058.webp","articleSection":["Brasil"],"inLanguage":"pt-BR"},{"@type":"WebPage","@id":"https:\/\/www.notibras.com\/site\/novas-embarcacoes-triplicarao-capacidade-de-transporte\/","url":"https:\/\/www.notibras.com\/site\/novas-embarcacoes-triplicarao-capacidade-de-transporte\/","name":"Novas embarca\u00e7\u00f5es triplicar\u00e3o capacidade de transporte - Notibras","isPartOf":{"@id":"https:\/\/www.notibras.com\/site\/#website"},"primaryImageOfPage":{"@id":"https:\/\/www.notibras.com\/site\/novas-embarcacoes-triplicarao-capacidade-de-transporte\/#primaryimage"},"image":{"@id":"https:\/\/www.notibras.com\/site\/novas-embarcacoes-triplicarao-capacidade-de-transporte\/#primaryimage"},"thumbnailUrl":"https:\/\/www.notibras.com\/site\/wp-content\/uploads\/2026\/01\/1165-11_0058.webp","datePublished":"2026-01-20T03:00:46+00:00","dateModified":"2026-01-20T11:28:05+00:00","breadcrumb":{"@id":"https:\/\/www.notibras.com\/site\/novas-embarcacoes-triplicarao-capacidade-de-transporte\/#breadcrumb"},"inLanguage":"pt-BR","potentialAction":[{"@type":"ReadAction","target":["https:\/\/www.notibras.com\/site\/novas-embarcacoes-triplicarao-capacidade-de-transporte\/"]}]},{"@type":"ImageObject","inLanguage":"pt-BR","@id":"https:\/\/www.notibras.com\/site\/novas-embarcacoes-triplicarao-capacidade-de-transporte\/#primaryimage","url":"https:\/\/www.notibras.com\/site\/wp-content\/uploads\/2026\/01\/1165-11_0058.webp","contentUrl":"https:\/\/www.notibras.com\/site\/wp-content\/uploads\/2026\/01\/1165-11_0058.webp","width":1170,"height":700},{"@type":"BreadcrumbList","@id":"https:\/\/www.notibras.com\/site\/novas-embarcacoes-triplicarao-capacidade-de-transporte\/#breadcrumb","itemListElement":[{"@type":"ListItem","position":1,"name":"In\u00edcio","item":"https:\/\/www.notibras.com\/site\/"},{"@type":"ListItem","position":2,"name":"Novas embarca\u00e7\u00f5es triplicar\u00e3o capacidade de transporte"}]},{"@type":"WebSite","@id":"https:\/\/www.notibras.com\/site\/#website","url":"https:\/\/www.notibras.com\/site\/","name":"Notibras","description":"Not\u00edcias de Bras\u00edlia, do Brasil e do Mundo","publisher":{"@id":"https:\/\/www.notibras.com\/site\/#organization"},"potentialAction":[{"@type":"SearchAction","target":{"@type":"EntryPoint","urlTemplate":"https:\/\/www.notibras.com\/site\/?s={search_term_string}"},"query-input":{"@type":"PropertyValueSpecification","valueRequired":true,"valueName":"search_term_string"}}],"inLanguage":"pt-BR"},{"@type":"Organization","@id":"https:\/\/www.notibras.com\/site\/#organization","name":"Grupo Notibras de Comunica\u00e7\u00e3o","url":"https:\/\/www.notibras.com\/site\/","logo":{"@type":"ImageObject","inLanguage":"pt-BR","@id":"https:\/\/www.notibras.com\/site\/#\/schema\/logo\/image\/","url":"https:\/\/www.notibras.com\/site\/wp-content\/uploads\/2023\/01\/notibras23.png","contentUrl":"https:\/\/www.notibras.com\/site\/wp-content\/uploads\/2023\/01\/notibras23.png","width":350,"height":87,"caption":"Grupo Notibras de Comunica\u00e7\u00e3o"},"image":{"@id":"https:\/\/www.notibras.com\/site\/#\/schema\/logo\/image\/"},"sameAs":["https:\/\/www.facebook.com\/notibras\/","https:\/\/x.com\/Notibras","https:\/\/www.instagram.com\/notibras\/"]},{"@type":"Person","@id":"https:\/\/www.notibras.com\/site\/#\/schema\/person\/36ab0979449956132d3e5b517ea76ac8","name":"Reda\u00e7\u00e3o","image":{"@type":"ImageObject","inLanguage":"pt-BR","@id":"https:\/\/secure.gravatar.com\/avatar\/e0a867bdedb85fd243eadf09663511f96fc81e0720a4a42581f334ad4303aa6b?s=96&d=mm&r=g","url":"https:\/\/secure.gravatar.com\/avatar\/e0a867bdedb85fd243eadf09663511f96fc81e0720a4a42581f334ad4303aa6b?s=96&d=mm&r=g","contentUrl":"https:\/\/secure.gravatar.com\/avatar\/e0a867bdedb85fd243eadf09663511f96fc81e0720a4a42581f334ad4303aa6b?s=96&d=mm&r=g","caption":"Reda\u00e7\u00e3o"}}]}},"amp_enabled":true,"_links":{"self":[{"href":"https:\/\/www.notibras.com\/site\/wp-json\/wp\/v2\/posts\/379798","targetHints":{"allow":["GET"]}}],"collection":[{"href":"https:\/\/www.notibras.com\/site\/wp-json\/wp\/v2\/posts"}],"about":[{"href":"https:\/\/www.notibras.com\/site\/wp-json\/wp\/v2\/types\/post"}],"author":[{"embeddable":true,"href":"https:\/\/www.notibras.com\/site\/wp-json\/wp\/v2\/users\/2"}],"replies":[{"embeddable":true,"href":"https:\/\/www.notibras.com\/site\/wp-json\/wp\/v2\/comments?post=379798"}],"version-history":[{"count":1,"href":"https:\/\/www.notibras.com\/site\/wp-json\/wp\/v2\/posts\/379798\/revisions"}],"predecessor-version":[{"id":379800,"href":"https:\/\/www.notibras.com\/site\/wp-json\/wp\/v2\/posts\/379798\/revisions\/379800"}],"wp:featuredmedia":[{"embeddable":true,"href":"https:\/\/www.notibras.com\/site\/wp-json\/wp\/v2\/media\/379799"}],"wp:attachment":[{"href":"https:\/\/www.notibras.com\/site\/wp-json\/wp\/v2\/media?parent=379798"}],"wp:term":[{"taxonomy":"category","embeddable":true,"href":"https:\/\/www.notibras.com\/site\/wp-json\/wp\/v2\/categories?post=379798"},{"taxonomy":"post_tag","embeddable":true,"href":"https:\/\/www.notibras.com\/site\/wp-json\/wp\/v2\/tags?post=379798"}],"curies":[{"name":"wp","href":"https:\/\/api.w.org\/{rel}","templated":true}]}}