{"id":379801,"date":"2026-01-20T00:00:30","date_gmt":"2026-01-20T03:00:30","guid":{"rendered":"https:\/\/www.notibras.com\/site\/?p=379801"},"modified":"2026-01-20T08:34:11","modified_gmt":"2026-01-20T11:34:11","slug":"faturamento-da-industria-sobe-mas-emprego-cai-pelo-terceiro-mes","status":"publish","type":"post","link":"https:\/\/www.notibras.com\/site\/faturamento-da-industria-sobe-mas-emprego-cai-pelo-terceiro-mes\/","title":{"rendered":"Faturamento da ind\u00fastria sobe, mas emprego cai pelo terceiro m\u00eas"},"content":{"rendered":"<p>O faturamento real da ind\u00fastria de transforma\u00e7\u00e3o voltou a crescer em novembro de 2025, mas o mercado de trabalho do setor segue em desacelera\u00e7\u00e3o. Dados dos Indicadores Industriais, divulgados nesta segunda-feira (19) pela Confedera\u00e7\u00e3o Nacional da Ind\u00fastria (CNI), mostram que o emprego industrial caiu pelo terceiro m\u00eas consecutivo, mesmo com a recupera\u00e7\u00e3o pontual da atividade.<\/p>\n<p>Segundo a CNI, a perda de ritmo do emprego se intensificou a partir de setembro, refletindo os efeitos do aperto monet\u00e1rio e do enfraquecimento gradual da atividade industrial ao longo do segundo semestre.<\/p>\n<p><strong>Principais n\u00fameros<\/strong><br \/>\nFaturamento real: alta de 1,2% em rela\u00e7\u00e3o a outubro;<br \/>\nEmprego industrial: queda de 0,2%, terceira retra\u00e7\u00e3o consecutiva;<br \/>\nEmprego desde setembro: recuo acumulado de 0,6%;<br \/>\nEmprego no ano: alta de 1,7% entre janeiro e novembro de 2025.<\/p>\n<p>De acordo com Marcelo Azevedo, gerente de An\u00e1lise Econ\u00f4mica da CNI, o emprego reagiu \u00e0 melhora da atividade iniciada em 2023 e que teve seu auge em 2024, mas come\u00e7ou a perder for\u00e7a com o aumento da taxa Selic, iniciado ainda no ano passado.<\/p>\n<p>\u201cSomente ap\u00f3s meses de resultados mais fracos da atividade industrial, o emprego passou a ser afetado\u201d, explica Azevedo, ressaltando que demiss\u00f5es e recontrata\u00e7\u00f5es s\u00e3o custosas para a ind\u00fastria, que depende de m\u00e3o de obra qualificada.<\/p>\n<p>Outros indicadores ligados ao mercado de trabalho tiveram melhora em novembro, ap\u00f3s uma sequ\u00eancia de resultados negativos, mas seguem acumulando perdas no ano.<\/p>\n<p><strong>Massa salarial real<\/strong><br \/>\nAlta de 1,5% em novembro, ap\u00f3s quatro quedas seguidas;<br \/>\nQueda de 2,3% no acumulado do ano.<br \/>\nRendimento m\u00e9dio real:<\/p>\n<p>Aumento de 1,6% no m\u00eas;<br \/>\nRecuo de 4% de janeiro a novembro.<\/p>\n<p><strong>Perda de f\u00f4lego<\/strong><br \/>\nApesar do crescimento do faturamento em novembro, a atividade industrial segue mostrando sinais de desacelera\u00e7\u00e3o no acumulado do ano.<\/p>\n<p>Faturamento acumulado em 2025:<br \/>\nAlta de apenas 0,3%<br \/>\nHoras trabalhadas na produ\u00e7\u00e3o:<\/p>\n<p>Queda de 0,7% em novembro;<br \/>\nAlta de 0,9% no acumulado do ano.<\/p>\n<p>Utiliza\u00e7\u00e3o da Capacidade Instalada (UCI):<br \/>\nRecuo de 0,6 ponto percentual em novembro, para 77,5%;<br \/>\n2,4 pontos percentuais abaixo do n\u00edvel de novembro de 2024.<\/p>\n<p>Segundo a CNI, a redu\u00e7\u00e3o gradual do crescimento do faturamento ao longo de 2025 refor\u00e7a a expectativa de perda de ritmo da ind\u00fastria, especialmente na segunda metade do ano, em um ambiente marcado por juros elevados e menor dinamismo da demanda.<\/p>\n","protected":false},"excerpt":{"rendered":"<p>O faturamento real da ind\u00fastria de transforma\u00e7\u00e3o voltou a crescer em novembro de 2025, mas o mercado de trabalho do setor segue em desacelera\u00e7\u00e3o. Dados dos Indicadores Industriais, divulgados nesta segunda-feira (19) pela Confedera\u00e7\u00e3o Nacional da Ind\u00fastria (CNI), mostram que o emprego industrial caiu pelo terceiro m\u00eas consecutivo, mesmo com a recupera\u00e7\u00e3o pontual da atividade. [&hellip;]<\/p>\n","protected":false},"author":2,"featured_media":379802,"comment_status":"closed","ping_status":"closed","sticky":false,"template":"","format":"standard","meta":{"_acf_changed":false,"footnotes":""},"categories":[16],"tags":[],"class_list":["post-379801","post","type-post","status-publish","format-standard","has-post-thumbnail","hentry","category-brasil"],"acf":[],"yoast_head":"<!-- This site is optimized with the Yoast SEO plugin v27.2 - https:\/\/yoast.com\/product\/yoast-seo-wordpress\/ -->\n<title>Faturamento da ind\u00fastria sobe, mas emprego cai pelo terceiro m\u00eas - Notibras<\/title>\n<meta name=\"robots\" content=\"index, follow, max-snippet:-1, max-image-preview:large, max-video-preview:-1\" \/>\n<link rel=\"canonical\" href=\"https:\/\/www.notibras.com\/site\/faturamento-da-industria-sobe-mas-emprego-cai-pelo-terceiro-mes\/\" \/>\n<meta property=\"og:locale\" content=\"pt_BR\" \/>\n<meta property=\"og:type\" content=\"article\" \/>\n<meta property=\"og:title\" content=\"Faturamento da ind\u00fastria sobe, mas emprego cai pelo terceiro m\u00eas - Notibras\" \/>\n<meta property=\"og:description\" content=\"O faturamento real da ind\u00fastria de transforma\u00e7\u00e3o voltou a crescer em novembro de 2025, mas o mercado de trabalho do setor segue em desacelera\u00e7\u00e3o. Dados dos Indicadores Industriais, divulgados nesta segunda-feira (19) pela Confedera\u00e7\u00e3o Nacional da Ind\u00fastria (CNI), mostram que o emprego industrial caiu pelo terceiro m\u00eas consecutivo, mesmo com a recupera\u00e7\u00e3o pontual da atividade. [&hellip;]\" \/>\n<meta property=\"og:url\" content=\"https:\/\/www.notibras.com\/site\/faturamento-da-industria-sobe-mas-emprego-cai-pelo-terceiro-mes\/\" \/>\n<meta property=\"og:site_name\" content=\"Notibras\" \/>\n<meta property=\"article:publisher\" content=\"https:\/\/www.facebook.com\/notibras\/\" \/>\n<meta property=\"article:published_time\" content=\"2026-01-20T03:00:30+00:00\" \/>\n<meta property=\"article:modified_time\" content=\"2026-01-20T11:34:11+00:00\" \/>\n<meta property=\"og:image\" content=\"https:\/\/www.notibras.com\/site\/wp-content\/uploads\/2026\/01\/17342982700_9f14892dc8_o.webp\" \/>\n\t<meta property=\"og:image:width\" content=\"1170\" \/>\n\t<meta property=\"og:image:height\" content=\"700\" \/>\n\t<meta property=\"og:image:type\" content=\"image\/webp\" \/>\n<meta name=\"author\" content=\"Reda\u00e7\u00e3o\" \/>\n<meta name=\"twitter:card\" content=\"summary_large_image\" \/>\n<meta name=\"twitter:creator\" content=\"@Notibras\" \/>\n<meta name=\"twitter:site\" content=\"@Notibras\" \/>\n<meta name=\"twitter:label1\" content=\"Escrito por\" \/>\n\t<meta name=\"twitter:data1\" content=\"Reda\u00e7\u00e3o\" \/>\n\t<meta name=\"twitter:label2\" content=\"Est. tempo de leitura\" \/>\n\t<meta name=\"twitter:data2\" content=\"3 minutos\" \/>\n<script type=\"application\/ld+json\" class=\"yoast-schema-graph\">{\"@context\":\"https:\/\/schema.org\",\"@graph\":[{\"@type\":\"Article\",\"@id\":\"https:\/\/www.notibras.com\/site\/faturamento-da-industria-sobe-mas-emprego-cai-pelo-terceiro-mes\/#article\",\"isPartOf\":{\"@id\":\"https:\/\/www.notibras.com\/site\/faturamento-da-industria-sobe-mas-emprego-cai-pelo-terceiro-mes\/\"},\"author\":{\"name\":\"Reda\u00e7\u00e3o\",\"@id\":\"https:\/\/www.notibras.com\/site\/#\/schema\/person\/36ab0979449956132d3e5b517ea76ac8\"},\"headline\":\"Faturamento da ind\u00fastria sobe, mas emprego cai pelo terceiro m\u00eas\",\"datePublished\":\"2026-01-20T03:00:30+00:00\",\"dateModified\":\"2026-01-20T11:34:11+00:00\",\"mainEntityOfPage\":{\"@id\":\"https:\/\/www.notibras.com\/site\/faturamento-da-industria-sobe-mas-emprego-cai-pelo-terceiro-mes\/\"},\"wordCount\":396,\"publisher\":{\"@id\":\"https:\/\/www.notibras.com\/site\/#organization\"},\"image\":{\"@id\":\"https:\/\/www.notibras.com\/site\/faturamento-da-industria-sobe-mas-emprego-cai-pelo-terceiro-mes\/#primaryimage\"},\"thumbnailUrl\":\"https:\/\/www.notibras.com\/site\/wp-content\/uploads\/2026\/01\/17342982700_9f14892dc8_o.webp\",\"articleSection\":[\"Brasil\"],\"inLanguage\":\"pt-BR\"},{\"@type\":\"WebPage\",\"@id\":\"https:\/\/www.notibras.com\/site\/faturamento-da-industria-sobe-mas-emprego-cai-pelo-terceiro-mes\/\",\"url\":\"https:\/\/www.notibras.com\/site\/faturamento-da-industria-sobe-mas-emprego-cai-pelo-terceiro-mes\/\",\"name\":\"Faturamento da ind\u00fastria sobe, mas emprego cai pelo terceiro m\u00eas - Notibras\",\"isPartOf\":{\"@id\":\"https:\/\/www.notibras.com\/site\/#website\"},\"primaryImageOfPage\":{\"@id\":\"https:\/\/www.notibras.com\/site\/faturamento-da-industria-sobe-mas-emprego-cai-pelo-terceiro-mes\/#primaryimage\"},\"image\":{\"@id\":\"https:\/\/www.notibras.com\/site\/faturamento-da-industria-sobe-mas-emprego-cai-pelo-terceiro-mes\/#primaryimage\"},\"thumbnailUrl\":\"https:\/\/www.notibras.com\/site\/wp-content\/uploads\/2026\/01\/17342982700_9f14892dc8_o.webp\",\"datePublished\":\"2026-01-20T03:00:30+00:00\",\"dateModified\":\"2026-01-20T11:34:11+00:00\",\"breadcrumb\":{\"@id\":\"https:\/\/www.notibras.com\/site\/faturamento-da-industria-sobe-mas-emprego-cai-pelo-terceiro-mes\/#breadcrumb\"},\"inLanguage\":\"pt-BR\",\"potentialAction\":[{\"@type\":\"ReadAction\",\"target\":[\"https:\/\/www.notibras.com\/site\/faturamento-da-industria-sobe-mas-emprego-cai-pelo-terceiro-mes\/\"]}]},{\"@type\":\"ImageObject\",\"inLanguage\":\"pt-BR\",\"@id\":\"https:\/\/www.notibras.com\/site\/faturamento-da-industria-sobe-mas-emprego-cai-pelo-terceiro-mes\/#primaryimage\",\"url\":\"https:\/\/www.notibras.com\/site\/wp-content\/uploads\/2026\/01\/17342982700_9f14892dc8_o.webp\",\"contentUrl\":\"https:\/\/www.notibras.com\/site\/wp-content\/uploads\/2026\/01\/17342982700_9f14892dc8_o.webp\",\"width\":1170,\"height\":700},{\"@type\":\"BreadcrumbList\",\"@id\":\"https:\/\/www.notibras.com\/site\/faturamento-da-industria-sobe-mas-emprego-cai-pelo-terceiro-mes\/#breadcrumb\",\"itemListElement\":[{\"@type\":\"ListItem\",\"position\":1,\"name\":\"In\u00edcio\",\"item\":\"https:\/\/www.notibras.com\/site\/\"},{\"@type\":\"ListItem\",\"position\":2,\"name\":\"Faturamento da ind\u00fastria sobe, mas emprego cai pelo terceiro m\u00eas\"}]},{\"@type\":\"WebSite\",\"@id\":\"https:\/\/www.notibras.com\/site\/#website\",\"url\":\"https:\/\/www.notibras.com\/site\/\",\"name\":\"Notibras\",\"description\":\"Not\u00edcias de Bras\u00edlia, do Brasil e do Mundo\",\"publisher\":{\"@id\":\"https:\/\/www.notibras.com\/site\/#organization\"},\"potentialAction\":[{\"@type\":\"SearchAction\",\"target\":{\"@type\":\"EntryPoint\",\"urlTemplate\":\"https:\/\/www.notibras.com\/site\/?s={search_term_string}\"},\"query-input\":{\"@type\":\"PropertyValueSpecification\",\"valueRequired\":true,\"valueName\":\"search_term_string\"}}],\"inLanguage\":\"pt-BR\"},{\"@type\":\"Organization\",\"@id\":\"https:\/\/www.notibras.com\/site\/#organization\",\"name\":\"Grupo Notibras de Comunica\u00e7\u00e3o\",\"url\":\"https:\/\/www.notibras.com\/site\/\",\"logo\":{\"@type\":\"ImageObject\",\"inLanguage\":\"pt-BR\",\"@id\":\"https:\/\/www.notibras.com\/site\/#\/schema\/logo\/image\/\",\"url\":\"https:\/\/www.notibras.com\/site\/wp-content\/uploads\/2023\/01\/notibras23.png\",\"contentUrl\":\"https:\/\/www.notibras.com\/site\/wp-content\/uploads\/2023\/01\/notibras23.png\",\"width\":350,\"height\":87,\"caption\":\"Grupo Notibras de Comunica\u00e7\u00e3o\"},\"image\":{\"@id\":\"https:\/\/www.notibras.com\/site\/#\/schema\/logo\/image\/\"},\"sameAs\":[\"https:\/\/www.facebook.com\/notibras\/\",\"https:\/\/x.com\/Notibras\",\"https:\/\/www.instagram.com\/notibras\/\"]},{\"@type\":\"Person\",\"@id\":\"https:\/\/www.notibras.com\/site\/#\/schema\/person\/36ab0979449956132d3e5b517ea76ac8\",\"name\":\"Reda\u00e7\u00e3o\",\"image\":{\"@type\":\"ImageObject\",\"inLanguage\":\"pt-BR\",\"@id\":\"https:\/\/secure.gravatar.com\/avatar\/e0a867bdedb85fd243eadf09663511f96fc81e0720a4a42581f334ad4303aa6b?s=96&d=mm&r=g\",\"url\":\"https:\/\/secure.gravatar.com\/avatar\/e0a867bdedb85fd243eadf09663511f96fc81e0720a4a42581f334ad4303aa6b?s=96&d=mm&r=g\",\"contentUrl\":\"https:\/\/secure.gravatar.com\/avatar\/e0a867bdedb85fd243eadf09663511f96fc81e0720a4a42581f334ad4303aa6b?s=96&d=mm&r=g\",\"caption\":\"Reda\u00e7\u00e3o\"}}]}<\/script>\n<!-- \/ Yoast SEO plugin. -->","yoast_head_json":{"title":"Faturamento da ind\u00fastria sobe, mas emprego cai pelo terceiro m\u00eas - Notibras","robots":{"index":"index","follow":"follow","max-snippet":"max-snippet:-1","max-image-preview":"max-image-preview:large","max-video-preview":"max-video-preview:-1"},"canonical":"https:\/\/www.notibras.com\/site\/faturamento-da-industria-sobe-mas-emprego-cai-pelo-terceiro-mes\/","og_locale":"pt_BR","og_type":"article","og_title":"Faturamento da ind\u00fastria sobe, mas emprego cai pelo terceiro m\u00eas - Notibras","og_description":"O faturamento real da ind\u00fastria de transforma\u00e7\u00e3o voltou a crescer em novembro de 2025, mas o mercado de trabalho do setor segue em desacelera\u00e7\u00e3o. Dados dos Indicadores Industriais, divulgados nesta segunda-feira (19) pela Confedera\u00e7\u00e3o Nacional da Ind\u00fastria (CNI), mostram que o emprego industrial caiu pelo terceiro m\u00eas consecutivo, mesmo com a recupera\u00e7\u00e3o pontual da atividade. [&hellip;]","og_url":"https:\/\/www.notibras.com\/site\/faturamento-da-industria-sobe-mas-emprego-cai-pelo-terceiro-mes\/","og_site_name":"Notibras","article_publisher":"https:\/\/www.facebook.com\/notibras\/","article_published_time":"2026-01-20T03:00:30+00:00","article_modified_time":"2026-01-20T11:34:11+00:00","og_image":[{"width":1170,"height":700,"url":"https:\/\/www.notibras.com\/site\/wp-content\/uploads\/2026\/01\/17342982700_9f14892dc8_o.webp","type":"image\/webp"}],"author":"Reda\u00e7\u00e3o","twitter_card":"summary_large_image","twitter_creator":"@Notibras","twitter_site":"@Notibras","twitter_misc":{"Escrito por":"Reda\u00e7\u00e3o","Est. tempo de leitura":"3 minutos"},"schema":{"@context":"https:\/\/schema.org","@graph":[{"@type":"Article","@id":"https:\/\/www.notibras.com\/site\/faturamento-da-industria-sobe-mas-emprego-cai-pelo-terceiro-mes\/#article","isPartOf":{"@id":"https:\/\/www.notibras.com\/site\/faturamento-da-industria-sobe-mas-emprego-cai-pelo-terceiro-mes\/"},"author":{"name":"Reda\u00e7\u00e3o","@id":"https:\/\/www.notibras.com\/site\/#\/schema\/person\/36ab0979449956132d3e5b517ea76ac8"},"headline":"Faturamento da ind\u00fastria sobe, mas emprego cai pelo terceiro m\u00eas","datePublished":"2026-01-20T03:00:30+00:00","dateModified":"2026-01-20T11:34:11+00:00","mainEntityOfPage":{"@id":"https:\/\/www.notibras.com\/site\/faturamento-da-industria-sobe-mas-emprego-cai-pelo-terceiro-mes\/"},"wordCount":396,"publisher":{"@id":"https:\/\/www.notibras.com\/site\/#organization"},"image":{"@id":"https:\/\/www.notibras.com\/site\/faturamento-da-industria-sobe-mas-emprego-cai-pelo-terceiro-mes\/#primaryimage"},"thumbnailUrl":"https:\/\/www.notibras.com\/site\/wp-content\/uploads\/2026\/01\/17342982700_9f14892dc8_o.webp","articleSection":["Brasil"],"inLanguage":"pt-BR"},{"@type":"WebPage","@id":"https:\/\/www.notibras.com\/site\/faturamento-da-industria-sobe-mas-emprego-cai-pelo-terceiro-mes\/","url":"https:\/\/www.notibras.com\/site\/faturamento-da-industria-sobe-mas-emprego-cai-pelo-terceiro-mes\/","name":"Faturamento da ind\u00fastria sobe, mas emprego cai pelo terceiro m\u00eas - Notibras","isPartOf":{"@id":"https:\/\/www.notibras.com\/site\/#website"},"primaryImageOfPage":{"@id":"https:\/\/www.notibras.com\/site\/faturamento-da-industria-sobe-mas-emprego-cai-pelo-terceiro-mes\/#primaryimage"},"image":{"@id":"https:\/\/www.notibras.com\/site\/faturamento-da-industria-sobe-mas-emprego-cai-pelo-terceiro-mes\/#primaryimage"},"thumbnailUrl":"https:\/\/www.notibras.com\/site\/wp-content\/uploads\/2026\/01\/17342982700_9f14892dc8_o.webp","datePublished":"2026-01-20T03:00:30+00:00","dateModified":"2026-01-20T11:34:11+00:00","breadcrumb":{"@id":"https:\/\/www.notibras.com\/site\/faturamento-da-industria-sobe-mas-emprego-cai-pelo-terceiro-mes\/#breadcrumb"},"inLanguage":"pt-BR","potentialAction":[{"@type":"ReadAction","target":["https:\/\/www.notibras.com\/site\/faturamento-da-industria-sobe-mas-emprego-cai-pelo-terceiro-mes\/"]}]},{"@type":"ImageObject","inLanguage":"pt-BR","@id":"https:\/\/www.notibras.com\/site\/faturamento-da-industria-sobe-mas-emprego-cai-pelo-terceiro-mes\/#primaryimage","url":"https:\/\/www.notibras.com\/site\/wp-content\/uploads\/2026\/01\/17342982700_9f14892dc8_o.webp","contentUrl":"https:\/\/www.notibras.com\/site\/wp-content\/uploads\/2026\/01\/17342982700_9f14892dc8_o.webp","width":1170,"height":700},{"@type":"BreadcrumbList","@id":"https:\/\/www.notibras.com\/site\/faturamento-da-industria-sobe-mas-emprego-cai-pelo-terceiro-mes\/#breadcrumb","itemListElement":[{"@type":"ListItem","position":1,"name":"In\u00edcio","item":"https:\/\/www.notibras.com\/site\/"},{"@type":"ListItem","position":2,"name":"Faturamento da ind\u00fastria sobe, mas emprego cai pelo terceiro m\u00eas"}]},{"@type":"WebSite","@id":"https:\/\/www.notibras.com\/site\/#website","url":"https:\/\/www.notibras.com\/site\/","name":"Notibras","description":"Not\u00edcias de Bras\u00edlia, do Brasil e do Mundo","publisher":{"@id":"https:\/\/www.notibras.com\/site\/#organization"},"potentialAction":[{"@type":"SearchAction","target":{"@type":"EntryPoint","urlTemplate":"https:\/\/www.notibras.com\/site\/?s={search_term_string}"},"query-input":{"@type":"PropertyValueSpecification","valueRequired":true,"valueName":"search_term_string"}}],"inLanguage":"pt-BR"},{"@type":"Organization","@id":"https:\/\/www.notibras.com\/site\/#organization","name":"Grupo Notibras de Comunica\u00e7\u00e3o","url":"https:\/\/www.notibras.com\/site\/","logo":{"@type":"ImageObject","inLanguage":"pt-BR","@id":"https:\/\/www.notibras.com\/site\/#\/schema\/logo\/image\/","url":"https:\/\/www.notibras.com\/site\/wp-content\/uploads\/2023\/01\/notibras23.png","contentUrl":"https:\/\/www.notibras.com\/site\/wp-content\/uploads\/2023\/01\/notibras23.png","width":350,"height":87,"caption":"Grupo Notibras de Comunica\u00e7\u00e3o"},"image":{"@id":"https:\/\/www.notibras.com\/site\/#\/schema\/logo\/image\/"},"sameAs":["https:\/\/www.facebook.com\/notibras\/","https:\/\/x.com\/Notibras","https:\/\/www.instagram.com\/notibras\/"]},{"@type":"Person","@id":"https:\/\/www.notibras.com\/site\/#\/schema\/person\/36ab0979449956132d3e5b517ea76ac8","name":"Reda\u00e7\u00e3o","image":{"@type":"ImageObject","inLanguage":"pt-BR","@id":"https:\/\/secure.gravatar.com\/avatar\/e0a867bdedb85fd243eadf09663511f96fc81e0720a4a42581f334ad4303aa6b?s=96&d=mm&r=g","url":"https:\/\/secure.gravatar.com\/avatar\/e0a867bdedb85fd243eadf09663511f96fc81e0720a4a42581f334ad4303aa6b?s=96&d=mm&r=g","contentUrl":"https:\/\/secure.gravatar.com\/avatar\/e0a867bdedb85fd243eadf09663511f96fc81e0720a4a42581f334ad4303aa6b?s=96&d=mm&r=g","caption":"Reda\u00e7\u00e3o"}}]}},"amp_enabled":true,"_links":{"self":[{"href":"https:\/\/www.notibras.com\/site\/wp-json\/wp\/v2\/posts\/379801","targetHints":{"allow":["GET"]}}],"collection":[{"href":"https:\/\/www.notibras.com\/site\/wp-json\/wp\/v2\/posts"}],"about":[{"href":"https:\/\/www.notibras.com\/site\/wp-json\/wp\/v2\/types\/post"}],"author":[{"embeddable":true,"href":"https:\/\/www.notibras.com\/site\/wp-json\/wp\/v2\/users\/2"}],"replies":[{"embeddable":true,"href":"https:\/\/www.notibras.com\/site\/wp-json\/wp\/v2\/comments?post=379801"}],"version-history":[{"count":1,"href":"https:\/\/www.notibras.com\/site\/wp-json\/wp\/v2\/posts\/379801\/revisions"}],"predecessor-version":[{"id":379803,"href":"https:\/\/www.notibras.com\/site\/wp-json\/wp\/v2\/posts\/379801\/revisions\/379803"}],"wp:featuredmedia":[{"embeddable":true,"href":"https:\/\/www.notibras.com\/site\/wp-json\/wp\/v2\/media\/379802"}],"wp:attachment":[{"href":"https:\/\/www.notibras.com\/site\/wp-json\/wp\/v2\/media?parent=379801"}],"wp:term":[{"taxonomy":"category","embeddable":true,"href":"https:\/\/www.notibras.com\/site\/wp-json\/wp\/v2\/categories?post=379801"},{"taxonomy":"post_tag","embeddable":true,"href":"https:\/\/www.notibras.com\/site\/wp-json\/wp\/v2\/tags?post=379801"}],"curies":[{"name":"wp","href":"https:\/\/api.w.org\/{rel}","templated":true}]}}