{"id":379804,"date":"2026-01-20T00:00:13","date_gmt":"2026-01-20T03:00:13","guid":{"rendered":"https:\/\/www.notibras.com\/site\/?p=379804"},"modified":"2026-01-20T08:44:14","modified_gmt":"2026-01-20T11:44:14","slug":"fmi-reduz-para-16-previsao-de-crescimento-do-brasil-em-2026","status":"publish","type":"post","link":"https:\/\/www.notibras.com\/site\/fmi-reduz-para-16-previsao-de-crescimento-do-brasil-em-2026\/","title":{"rendered":"FMI reduz para 1,6% previs\u00e3o de crescimento do Brasil em 2026"},"content":{"rendered":"<p>O Fundo Monet\u00e1rio Internacional (FMI) reduziu a proje\u00e7\u00e3o de crescimento da economia brasileira em 2026, em um movimento que contrasta com a revis\u00e3o para cima do desempenho da economia global. Segundo o organismo, o principal fator por tr\u00e1s do corte \u00e9 a manuten\u00e7\u00e3o de uma pol\u00edtica monet\u00e1ria restritiva no pa\u00eds, adotada para conter a infla\u00e7\u00e3o.<\/p>\n<p>De acordo com a atualiza\u00e7\u00e3o do relat\u00f3rio Perspectiva Econ\u00f4mica Global, divulgada nesta segunda-feira (19), o Brasil foi um dos poucos grandes pa\u00edses a registrar revis\u00e3o negativa nas estimativas para 2026.<\/p>\n<p>Brasil: principais n\u00fameros revisados pelo FMI<\/p>\n<p>2026: crescimento de 1,6%, queda de 0,3 ponto percentual em rela\u00e7\u00e3o \u00e0 proje\u00e7\u00e3o anterior (1,9%);<br \/>\n2025: proje\u00e7\u00e3o elevada de 2,4% para 2,5%;<br \/>\n2027: estimativa aumentada de 2,2% para 2,3%.<\/p>\n<p>As estimativas anteriores foram divulgadas em outubro. Segundo o FMI, o desempenho mais fraco em 2026 reflete os efeitos defasados do aperto monet\u00e1rio. A taxa b\u00e1sica de juros (Selic) est\u00e1 em 15% ao ano, o maior n\u00edvel em quase duas d\u00e9cadas, e vem sendo mantida nesse n\u00edvel desde agosto de 2025.<\/p>\n<p>\u201cAs perspectivas mais fracas para o Brasil est\u00e3o ligadas, principalmente, \u00e0 pol\u00edtica monet\u00e1ria restritiva adotada para conter a infla\u00e7\u00e3o elevada no ano passado\u201d, explica o Fundo.<\/p>\n<p>Apesar da leve melhora esperada para 2025 e 2027, o FMI avalia que o pa\u00eds ainda sente os impactos dos juros elevados, o que limita a expans\u00e3o da atividade econ\u00f4mica no curto prazo.<\/p>\n<p><strong>Intelig\u00eancia artificial<\/strong><br \/>\nEnquanto o Brasil teve sua proje\u00e7\u00e3o reduzida, o cen\u00e1rio global foi revisado para cima, sustentado principalmente pelo avan\u00e7o dos investimentos em tecnologia e intelig\u00eancia artificial (IA).<\/p>\n<p>Crescimento global em 2026:<\/p>\n<p>3,3%, alta de 0,2 ponto percentual<br \/>\n2025: tamb\u00e9m 3,3%, alta de 0,1 ponto percentual<br \/>\n2027: 3,2%, sem altera\u00e7\u00e3o<\/p>\n<p>O economista-chefe do FMI, Pierre-Olivier Gourinchas, destacou a resili\u00eancia da economia mundial, mesmo ap\u00f3s as tens\u00f5es comerciais e tarif\u00e1rias registradas em 2025.<\/p>\n<p>\u201cA economia global est\u00e1 se livrando dos dist\u00farbios comerciais e tarif\u00e1rios e se saindo melhor do que esper\u00e1vamos\u201d, disse.<\/p>\n<p><strong>Am\u00e9rica Latina<\/strong><br \/>\nO desempenho brasileiro tamb\u00e9m ficou abaixo da m\u00e9dia regional. Para a Am\u00e9rica Latina e o Caribe, o FMI projeta crescimento de 2,2% em 2026 e 2,7% em 2027, acima do ritmo esperado para o Brasil.<\/p>\n<p>J\u00e1 as economias emergentes e em desenvolvimento devem crescer 4,2% em 2026, refor\u00e7ando o car\u00e1ter isolado da revis\u00e3o negativa brasileira no relat\u00f3rio.<\/p>\n<p><strong>Alerta<\/strong><br \/>\nApesar do otimismo global, o FMI alerta que o crescimento mundial est\u00e1 concentrado em poucos pa\u00edses e setores, sobretudo os ligados \u00e0 intelig\u00eancia artificial. Caso as expectativas de ganhos de produtividade n\u00e3o se confirmem, o fundo avalia que pode haver corre\u00e7\u00f5es nos mercados financeiros.<\/p>\n<p>Para o Brasil, a avalia\u00e7\u00e3o \u00e9 de cautela. Mesmo com sinais de melhora nos pr\u00f3ximos anos, o custo elevado do cr\u00e9dito segue como o principal freio ao crescimento econ\u00f4mico, segundo o FMI.<\/p>\n","protected":false},"excerpt":{"rendered":"<p>O Fundo Monet\u00e1rio Internacional (FMI) reduziu a proje\u00e7\u00e3o de crescimento da economia brasileira em 2026, em um movimento que contrasta com a revis\u00e3o para cima do desempenho da economia global. Segundo o organismo, o principal fator por tr\u00e1s do corte \u00e9 a manuten\u00e7\u00e3o de uma pol\u00edtica monet\u00e1ria restritiva no pa\u00eds, adotada para conter a infla\u00e7\u00e3o. [&hellip;]<\/p>\n","protected":false},"author":2,"featured_media":378069,"comment_status":"closed","ping_status":"closed","sticky":false,"template":"","format":"standard","meta":{"_acf_changed":false,"footnotes":""},"categories":[16],"tags":[],"class_list":["post-379804","post","type-post","status-publish","format-standard","has-post-thumbnail","hentry","category-brasil"],"acf":[],"yoast_head":"<!-- This site is optimized with the Yoast SEO plugin v27.2 - https:\/\/yoast.com\/product\/yoast-seo-wordpress\/ -->\n<title>FMI reduz para 1,6% previs\u00e3o de crescimento do Brasil em 2026 - Notibras<\/title>\n<meta name=\"robots\" content=\"index, follow, max-snippet:-1, max-image-preview:large, max-video-preview:-1\" \/>\n<link rel=\"canonical\" href=\"https:\/\/www.notibras.com\/site\/fmi-reduz-para-16-previsao-de-crescimento-do-brasil-em-2026\/\" \/>\n<meta property=\"og:locale\" content=\"pt_BR\" \/>\n<meta property=\"og:type\" content=\"article\" \/>\n<meta property=\"og:title\" content=\"FMI reduz para 1,6% previs\u00e3o de crescimento do Brasil em 2026 - Notibras\" \/>\n<meta property=\"og:description\" content=\"O Fundo Monet\u00e1rio Internacional (FMI) reduziu a proje\u00e7\u00e3o de crescimento da economia brasileira em 2026, em um movimento que contrasta com a revis\u00e3o para cima do desempenho da economia global. Segundo o organismo, o principal fator por tr\u00e1s do corte \u00e9 a manuten\u00e7\u00e3o de uma pol\u00edtica monet\u00e1ria restritiva no pa\u00eds, adotada para conter a infla\u00e7\u00e3o. [&hellip;]\" \/>\n<meta property=\"og:url\" content=\"https:\/\/www.notibras.com\/site\/fmi-reduz-para-16-previsao-de-crescimento-do-brasil-em-2026\/\" \/>\n<meta property=\"og:site_name\" content=\"Notibras\" \/>\n<meta property=\"article:publisher\" content=\"https:\/\/www.facebook.com\/notibras\/\" \/>\n<meta property=\"article:published_time\" content=\"2026-01-20T03:00:13+00:00\" \/>\n<meta property=\"article:modified_time\" content=\"2026-01-20T11:44:14+00:00\" \/>\n<meta property=\"og:image\" content=\"https:\/\/www.notibras.com\/site\/wp-content\/uploads\/2026\/01\/economia_1609210412_0.webp\" \/>\n\t<meta property=\"og:image:width\" content=\"1170\" \/>\n\t<meta property=\"og:image:height\" content=\"700\" \/>\n\t<meta property=\"og:image:type\" content=\"image\/webp\" \/>\n<meta name=\"author\" content=\"Reda\u00e7\u00e3o\" \/>\n<meta name=\"twitter:card\" content=\"summary_large_image\" \/>\n<meta name=\"twitter:creator\" content=\"@Notibras\" \/>\n<meta name=\"twitter:site\" content=\"@Notibras\" \/>\n<meta name=\"twitter:label1\" content=\"Escrito por\" \/>\n\t<meta name=\"twitter:data1\" content=\"Reda\u00e7\u00e3o\" \/>\n\t<meta name=\"twitter:label2\" content=\"Est. tempo de leitura\" \/>\n\t<meta name=\"twitter:data2\" content=\"3 minutos\" \/>\n<script type=\"application\/ld+json\" class=\"yoast-schema-graph\">{\"@context\":\"https:\/\/schema.org\",\"@graph\":[{\"@type\":\"Article\",\"@id\":\"https:\/\/www.notibras.com\/site\/fmi-reduz-para-16-previsao-de-crescimento-do-brasil-em-2026\/#article\",\"isPartOf\":{\"@id\":\"https:\/\/www.notibras.com\/site\/fmi-reduz-para-16-previsao-de-crescimento-do-brasil-em-2026\/\"},\"author\":{\"name\":\"Reda\u00e7\u00e3o\",\"@id\":\"https:\/\/www.notibras.com\/site\/#\/schema\/person\/36ab0979449956132d3e5b517ea76ac8\"},\"headline\":\"FMI reduz para 1,6% previs\u00e3o de crescimento do Brasil em 2026\",\"datePublished\":\"2026-01-20T03:00:13+00:00\",\"dateModified\":\"2026-01-20T11:44:14+00:00\",\"mainEntityOfPage\":{\"@id\":\"https:\/\/www.notibras.com\/site\/fmi-reduz-para-16-previsao-de-crescimento-do-brasil-em-2026\/\"},\"wordCount\":489,\"publisher\":{\"@id\":\"https:\/\/www.notibras.com\/site\/#organization\"},\"image\":{\"@id\":\"https:\/\/www.notibras.com\/site\/fmi-reduz-para-16-previsao-de-crescimento-do-brasil-em-2026\/#primaryimage\"},\"thumbnailUrl\":\"https:\/\/www.notibras.com\/site\/wp-content\/uploads\/2026\/01\/economia_1609210412_0.webp\",\"articleSection\":[\"Brasil\"],\"inLanguage\":\"pt-BR\"},{\"@type\":\"WebPage\",\"@id\":\"https:\/\/www.notibras.com\/site\/fmi-reduz-para-16-previsao-de-crescimento-do-brasil-em-2026\/\",\"url\":\"https:\/\/www.notibras.com\/site\/fmi-reduz-para-16-previsao-de-crescimento-do-brasil-em-2026\/\",\"name\":\"FMI reduz para 1,6% previs\u00e3o de crescimento do Brasil em 2026 - Notibras\",\"isPartOf\":{\"@id\":\"https:\/\/www.notibras.com\/site\/#website\"},\"primaryImageOfPage\":{\"@id\":\"https:\/\/www.notibras.com\/site\/fmi-reduz-para-16-previsao-de-crescimento-do-brasil-em-2026\/#primaryimage\"},\"image\":{\"@id\":\"https:\/\/www.notibras.com\/site\/fmi-reduz-para-16-previsao-de-crescimento-do-brasil-em-2026\/#primaryimage\"},\"thumbnailUrl\":\"https:\/\/www.notibras.com\/site\/wp-content\/uploads\/2026\/01\/economia_1609210412_0.webp\",\"datePublished\":\"2026-01-20T03:00:13+00:00\",\"dateModified\":\"2026-01-20T11:44:14+00:00\",\"breadcrumb\":{\"@id\":\"https:\/\/www.notibras.com\/site\/fmi-reduz-para-16-previsao-de-crescimento-do-brasil-em-2026\/#breadcrumb\"},\"inLanguage\":\"pt-BR\",\"potentialAction\":[{\"@type\":\"ReadAction\",\"target\":[\"https:\/\/www.notibras.com\/site\/fmi-reduz-para-16-previsao-de-crescimento-do-brasil-em-2026\/\"]}]},{\"@type\":\"ImageObject\",\"inLanguage\":\"pt-BR\",\"@id\":\"https:\/\/www.notibras.com\/site\/fmi-reduz-para-16-previsao-de-crescimento-do-brasil-em-2026\/#primaryimage\",\"url\":\"https:\/\/www.notibras.com\/site\/wp-content\/uploads\/2026\/01\/economia_1609210412_0.webp\",\"contentUrl\":\"https:\/\/www.notibras.com\/site\/wp-content\/uploads\/2026\/01\/economia_1609210412_0.webp\",\"width\":1170,\"height\":700},{\"@type\":\"BreadcrumbList\",\"@id\":\"https:\/\/www.notibras.com\/site\/fmi-reduz-para-16-previsao-de-crescimento-do-brasil-em-2026\/#breadcrumb\",\"itemListElement\":[{\"@type\":\"ListItem\",\"position\":1,\"name\":\"In\u00edcio\",\"item\":\"https:\/\/www.notibras.com\/site\/\"},{\"@type\":\"ListItem\",\"position\":2,\"name\":\"FMI reduz para 1,6% previs\u00e3o de crescimento do Brasil em 2026\"}]},{\"@type\":\"WebSite\",\"@id\":\"https:\/\/www.notibras.com\/site\/#website\",\"url\":\"https:\/\/www.notibras.com\/site\/\",\"name\":\"Notibras\",\"description\":\"Not\u00edcias de Bras\u00edlia, do Brasil e do Mundo\",\"publisher\":{\"@id\":\"https:\/\/www.notibras.com\/site\/#organization\"},\"potentialAction\":[{\"@type\":\"SearchAction\",\"target\":{\"@type\":\"EntryPoint\",\"urlTemplate\":\"https:\/\/www.notibras.com\/site\/?s={search_term_string}\"},\"query-input\":{\"@type\":\"PropertyValueSpecification\",\"valueRequired\":true,\"valueName\":\"search_term_string\"}}],\"inLanguage\":\"pt-BR\"},{\"@type\":\"Organization\",\"@id\":\"https:\/\/www.notibras.com\/site\/#organization\",\"name\":\"Grupo Notibras de Comunica\u00e7\u00e3o\",\"url\":\"https:\/\/www.notibras.com\/site\/\",\"logo\":{\"@type\":\"ImageObject\",\"inLanguage\":\"pt-BR\",\"@id\":\"https:\/\/www.notibras.com\/site\/#\/schema\/logo\/image\/\",\"url\":\"https:\/\/www.notibras.com\/site\/wp-content\/uploads\/2023\/01\/notibras23.png\",\"contentUrl\":\"https:\/\/www.notibras.com\/site\/wp-content\/uploads\/2023\/01\/notibras23.png\",\"width\":350,\"height\":87,\"caption\":\"Grupo Notibras de Comunica\u00e7\u00e3o\"},\"image\":{\"@id\":\"https:\/\/www.notibras.com\/site\/#\/schema\/logo\/image\/\"},\"sameAs\":[\"https:\/\/www.facebook.com\/notibras\/\",\"https:\/\/x.com\/Notibras\",\"https:\/\/www.instagram.com\/notibras\/\"]},{\"@type\":\"Person\",\"@id\":\"https:\/\/www.notibras.com\/site\/#\/schema\/person\/36ab0979449956132d3e5b517ea76ac8\",\"name\":\"Reda\u00e7\u00e3o\",\"image\":{\"@type\":\"ImageObject\",\"inLanguage\":\"pt-BR\",\"@id\":\"https:\/\/secure.gravatar.com\/avatar\/e0a867bdedb85fd243eadf09663511f96fc81e0720a4a42581f334ad4303aa6b?s=96&d=mm&r=g\",\"url\":\"https:\/\/secure.gravatar.com\/avatar\/e0a867bdedb85fd243eadf09663511f96fc81e0720a4a42581f334ad4303aa6b?s=96&d=mm&r=g\",\"contentUrl\":\"https:\/\/secure.gravatar.com\/avatar\/e0a867bdedb85fd243eadf09663511f96fc81e0720a4a42581f334ad4303aa6b?s=96&d=mm&r=g\",\"caption\":\"Reda\u00e7\u00e3o\"}}]}<\/script>\n<!-- \/ Yoast SEO plugin. -->","yoast_head_json":{"title":"FMI reduz para 1,6% previs\u00e3o de crescimento do Brasil em 2026 - Notibras","robots":{"index":"index","follow":"follow","max-snippet":"max-snippet:-1","max-image-preview":"max-image-preview:large","max-video-preview":"max-video-preview:-1"},"canonical":"https:\/\/www.notibras.com\/site\/fmi-reduz-para-16-previsao-de-crescimento-do-brasil-em-2026\/","og_locale":"pt_BR","og_type":"article","og_title":"FMI reduz para 1,6% previs\u00e3o de crescimento do Brasil em 2026 - Notibras","og_description":"O Fundo Monet\u00e1rio Internacional (FMI) reduziu a proje\u00e7\u00e3o de crescimento da economia brasileira em 2026, em um movimento que contrasta com a revis\u00e3o para cima do desempenho da economia global. Segundo o organismo, o principal fator por tr\u00e1s do corte \u00e9 a manuten\u00e7\u00e3o de uma pol\u00edtica monet\u00e1ria restritiva no pa\u00eds, adotada para conter a infla\u00e7\u00e3o. [&hellip;]","og_url":"https:\/\/www.notibras.com\/site\/fmi-reduz-para-16-previsao-de-crescimento-do-brasil-em-2026\/","og_site_name":"Notibras","article_publisher":"https:\/\/www.facebook.com\/notibras\/","article_published_time":"2026-01-20T03:00:13+00:00","article_modified_time":"2026-01-20T11:44:14+00:00","og_image":[{"width":1170,"height":700,"url":"https:\/\/www.notibras.com\/site\/wp-content\/uploads\/2026\/01\/economia_1609210412_0.webp","type":"image\/webp"}],"author":"Reda\u00e7\u00e3o","twitter_card":"summary_large_image","twitter_creator":"@Notibras","twitter_site":"@Notibras","twitter_misc":{"Escrito por":"Reda\u00e7\u00e3o","Est. tempo de leitura":"3 minutos"},"schema":{"@context":"https:\/\/schema.org","@graph":[{"@type":"Article","@id":"https:\/\/www.notibras.com\/site\/fmi-reduz-para-16-previsao-de-crescimento-do-brasil-em-2026\/#article","isPartOf":{"@id":"https:\/\/www.notibras.com\/site\/fmi-reduz-para-16-previsao-de-crescimento-do-brasil-em-2026\/"},"author":{"name":"Reda\u00e7\u00e3o","@id":"https:\/\/www.notibras.com\/site\/#\/schema\/person\/36ab0979449956132d3e5b517ea76ac8"},"headline":"FMI reduz para 1,6% previs\u00e3o de crescimento do Brasil em 2026","datePublished":"2026-01-20T03:00:13+00:00","dateModified":"2026-01-20T11:44:14+00:00","mainEntityOfPage":{"@id":"https:\/\/www.notibras.com\/site\/fmi-reduz-para-16-previsao-de-crescimento-do-brasil-em-2026\/"},"wordCount":489,"publisher":{"@id":"https:\/\/www.notibras.com\/site\/#organization"},"image":{"@id":"https:\/\/www.notibras.com\/site\/fmi-reduz-para-16-previsao-de-crescimento-do-brasil-em-2026\/#primaryimage"},"thumbnailUrl":"https:\/\/www.notibras.com\/site\/wp-content\/uploads\/2026\/01\/economia_1609210412_0.webp","articleSection":["Brasil"],"inLanguage":"pt-BR"},{"@type":"WebPage","@id":"https:\/\/www.notibras.com\/site\/fmi-reduz-para-16-previsao-de-crescimento-do-brasil-em-2026\/","url":"https:\/\/www.notibras.com\/site\/fmi-reduz-para-16-previsao-de-crescimento-do-brasil-em-2026\/","name":"FMI reduz para 1,6% previs\u00e3o de crescimento do Brasil em 2026 - Notibras","isPartOf":{"@id":"https:\/\/www.notibras.com\/site\/#website"},"primaryImageOfPage":{"@id":"https:\/\/www.notibras.com\/site\/fmi-reduz-para-16-previsao-de-crescimento-do-brasil-em-2026\/#primaryimage"},"image":{"@id":"https:\/\/www.notibras.com\/site\/fmi-reduz-para-16-previsao-de-crescimento-do-brasil-em-2026\/#primaryimage"},"thumbnailUrl":"https:\/\/www.notibras.com\/site\/wp-content\/uploads\/2026\/01\/economia_1609210412_0.webp","datePublished":"2026-01-20T03:00:13+00:00","dateModified":"2026-01-20T11:44:14+00:00","breadcrumb":{"@id":"https:\/\/www.notibras.com\/site\/fmi-reduz-para-16-previsao-de-crescimento-do-brasil-em-2026\/#breadcrumb"},"inLanguage":"pt-BR","potentialAction":[{"@type":"ReadAction","target":["https:\/\/www.notibras.com\/site\/fmi-reduz-para-16-previsao-de-crescimento-do-brasil-em-2026\/"]}]},{"@type":"ImageObject","inLanguage":"pt-BR","@id":"https:\/\/www.notibras.com\/site\/fmi-reduz-para-16-previsao-de-crescimento-do-brasil-em-2026\/#primaryimage","url":"https:\/\/www.notibras.com\/site\/wp-content\/uploads\/2026\/01\/economia_1609210412_0.webp","contentUrl":"https:\/\/www.notibras.com\/site\/wp-content\/uploads\/2026\/01\/economia_1609210412_0.webp","width":1170,"height":700},{"@type":"BreadcrumbList","@id":"https:\/\/www.notibras.com\/site\/fmi-reduz-para-16-previsao-de-crescimento-do-brasil-em-2026\/#breadcrumb","itemListElement":[{"@type":"ListItem","position":1,"name":"In\u00edcio","item":"https:\/\/www.notibras.com\/site\/"},{"@type":"ListItem","position":2,"name":"FMI reduz para 1,6% previs\u00e3o de crescimento do Brasil em 2026"}]},{"@type":"WebSite","@id":"https:\/\/www.notibras.com\/site\/#website","url":"https:\/\/www.notibras.com\/site\/","name":"Notibras","description":"Not\u00edcias de Bras\u00edlia, do Brasil e do Mundo","publisher":{"@id":"https:\/\/www.notibras.com\/site\/#organization"},"potentialAction":[{"@type":"SearchAction","target":{"@type":"EntryPoint","urlTemplate":"https:\/\/www.notibras.com\/site\/?s={search_term_string}"},"query-input":{"@type":"PropertyValueSpecification","valueRequired":true,"valueName":"search_term_string"}}],"inLanguage":"pt-BR"},{"@type":"Organization","@id":"https:\/\/www.notibras.com\/site\/#organization","name":"Grupo Notibras de Comunica\u00e7\u00e3o","url":"https:\/\/www.notibras.com\/site\/","logo":{"@type":"ImageObject","inLanguage":"pt-BR","@id":"https:\/\/www.notibras.com\/site\/#\/schema\/logo\/image\/","url":"https:\/\/www.notibras.com\/site\/wp-content\/uploads\/2023\/01\/notibras23.png","contentUrl":"https:\/\/www.notibras.com\/site\/wp-content\/uploads\/2023\/01\/notibras23.png","width":350,"height":87,"caption":"Grupo Notibras de Comunica\u00e7\u00e3o"},"image":{"@id":"https:\/\/www.notibras.com\/site\/#\/schema\/logo\/image\/"},"sameAs":["https:\/\/www.facebook.com\/notibras\/","https:\/\/x.com\/Notibras","https:\/\/www.instagram.com\/notibras\/"]},{"@type":"Person","@id":"https:\/\/www.notibras.com\/site\/#\/schema\/person\/36ab0979449956132d3e5b517ea76ac8","name":"Reda\u00e7\u00e3o","image":{"@type":"ImageObject","inLanguage":"pt-BR","@id":"https:\/\/secure.gravatar.com\/avatar\/e0a867bdedb85fd243eadf09663511f96fc81e0720a4a42581f334ad4303aa6b?s=96&d=mm&r=g","url":"https:\/\/secure.gravatar.com\/avatar\/e0a867bdedb85fd243eadf09663511f96fc81e0720a4a42581f334ad4303aa6b?s=96&d=mm&r=g","contentUrl":"https:\/\/secure.gravatar.com\/avatar\/e0a867bdedb85fd243eadf09663511f96fc81e0720a4a42581f334ad4303aa6b?s=96&d=mm&r=g","caption":"Reda\u00e7\u00e3o"}}]}},"amp_enabled":true,"_links":{"self":[{"href":"https:\/\/www.notibras.com\/site\/wp-json\/wp\/v2\/posts\/379804","targetHints":{"allow":["GET"]}}],"collection":[{"href":"https:\/\/www.notibras.com\/site\/wp-json\/wp\/v2\/posts"}],"about":[{"href":"https:\/\/www.notibras.com\/site\/wp-json\/wp\/v2\/types\/post"}],"author":[{"embeddable":true,"href":"https:\/\/www.notibras.com\/site\/wp-json\/wp\/v2\/users\/2"}],"replies":[{"embeddable":true,"href":"https:\/\/www.notibras.com\/site\/wp-json\/wp\/v2\/comments?post=379804"}],"version-history":[{"count":1,"href":"https:\/\/www.notibras.com\/site\/wp-json\/wp\/v2\/posts\/379804\/revisions"}],"predecessor-version":[{"id":379805,"href":"https:\/\/www.notibras.com\/site\/wp-json\/wp\/v2\/posts\/379804\/revisions\/379805"}],"wp:featuredmedia":[{"embeddable":true,"href":"https:\/\/www.notibras.com\/site\/wp-json\/wp\/v2\/media\/378069"}],"wp:attachment":[{"href":"https:\/\/www.notibras.com\/site\/wp-json\/wp\/v2\/media?parent=379804"}],"wp:term":[{"taxonomy":"category","embeddable":true,"href":"https:\/\/www.notibras.com\/site\/wp-json\/wp\/v2\/categories?post=379804"},{"taxonomy":"post_tag","embeddable":true,"href":"https:\/\/www.notibras.com\/site\/wp-json\/wp\/v2\/tags?post=379804"}],"curies":[{"name":"wp","href":"https:\/\/api.w.org\/{rel}","templated":true}]}}