{"id":379811,"date":"2026-01-20T00:01:11","date_gmt":"2026-01-20T03:01:11","guid":{"rendered":"https:\/\/www.notibras.com\/site\/?p=379811"},"modified":"2026-01-20T09:59:42","modified_gmt":"2026-01-20T12:59:42","slug":"policia-ouve-pescadores-e-reforca-buscas-por-criancas-desaparecidas","status":"publish","type":"post","link":"https:\/\/www.notibras.com\/site\/policia-ouve-pescadores-e-reforca-buscas-por-criancas-desaparecidas\/","title":{"rendered":"Pol\u00edcia ouve pescadores e refor\u00e7a buscas por crian\u00e7as desaparecidas"},"content":{"rendered":"<p>As buscas pelos irm\u00e3os \u00c1gatha Isabelly, de 6 anos, e Allan Michael, de 4 anos, desaparecidos desde o dia 4 de janeiro em Bacabal (MA), entraram na terceira semana sem nenhuma pista concreta sobre o paradeiro das crian\u00e7as. Uma comiss\u00e3o formada por oito delegados e investigadores da Pol\u00edcia Civil do Maranh\u00e3o (PC-MA), atua no inqu\u00e9rito que apura o caso.<\/p>\n<p>Nesta segunda-feira (19), um grupo de agentes da Secretaria de Seguran\u00e7a P\u00fablica visitou uma vila de pescadores localizada no povoado S\u00e3o Raimundo, nas proximidades de onde Anderson Kau\u00e3, de 8 anos, foi encontrado h\u00e1 12 dias. Ele estava junto com os primos que est\u00e3o desaparecidos.<\/p>\n<p>Os moradores foram ouvidos na condi\u00e7\u00e3o de testemunhas, j\u00e1 que, at\u00e9 o momento, n\u00e3o h\u00e1 ind\u00edcios de envolvimento deles no desaparecimento, segundo a Pol\u00edcia Civil. A inten\u00e7\u00e3o \u00e9 reunir o maior n\u00famero poss\u00edvel de informa\u00e7\u00f5es que possam contribuir para a localiza\u00e7\u00e3o de \u00c0gatha e Allan.<\/p>\n<p>Paralelamente \u00e0 investiga\u00e7\u00e3o, a for\u00e7a-tarefa mant\u00e9m buscas em \u00e1reas de mata, no rio Mearim e em regi\u00f5es pr\u00f3ximas ao quilombo S\u00e3o Sebasti\u00e3o dos Pretos, onde as crian\u00e7as moravam, al\u00e9m do povoado S\u00e3o Raimundo.<\/p>\n<p>A Marinha passou a usar um equipamento subaqu\u00e1tico chamado side scan sonar nas buscas pelas crian\u00e7as. Ao todo, 11 militares come\u00e7aram a atuar na opera\u00e7\u00e3o no \u00faltimo fim de semana.<\/p>\n","protected":false},"excerpt":{"rendered":"<p>As buscas pelos irm\u00e3os \u00c1gatha Isabelly, de 6 anos, e Allan Michael, de 4 anos, desaparecidos desde o dia 4 de janeiro em Bacabal (MA), entraram na terceira semana sem nenhuma pista concreta sobre o paradeiro das crian\u00e7as. Uma comiss\u00e3o formada por oito delegados e investigadores da Pol\u00edcia Civil do Maranh\u00e3o (PC-MA), atua no inqu\u00e9rito [&hellip;]<\/p>\n","protected":false},"author":2,"featured_media":379812,"comment_status":"closed","ping_status":"closed","sticky":false,"template":"","format":"standard","meta":{"_acf_changed":false,"footnotes":""},"categories":[165],"tags":[],"class_list":["post-379811","post","type-post","status-publish","format-standard","has-post-thumbnail","hentry","category-nordeste"],"acf":[],"yoast_head":"<!-- This site is optimized with the Yoast SEO plugin v27.2 - https:\/\/yoast.com\/product\/yoast-seo-wordpress\/ -->\n<title>Pol\u00edcia ouve pescadores e refor\u00e7a buscas por crian\u00e7as desaparecidas - Notibras<\/title>\n<meta name=\"robots\" content=\"index, follow, max-snippet:-1, max-image-preview:large, max-video-preview:-1\" \/>\n<link rel=\"canonical\" href=\"https:\/\/www.notibras.com\/site\/policia-ouve-pescadores-e-reforca-buscas-por-criancas-desaparecidas\/\" \/>\n<meta property=\"og:locale\" content=\"pt_BR\" \/>\n<meta property=\"og:type\" content=\"article\" \/>\n<meta property=\"og:title\" content=\"Pol\u00edcia ouve pescadores e refor\u00e7a buscas por crian\u00e7as desaparecidas - Notibras\" \/>\n<meta property=\"og:description\" content=\"As buscas pelos irm\u00e3os \u00c1gatha Isabelly, de 6 anos, e Allan Michael, de 4 anos, desaparecidos desde o dia 4 de janeiro em Bacabal (MA), entraram na terceira semana sem nenhuma pista concreta sobre o paradeiro das crian\u00e7as. Uma comiss\u00e3o formada por oito delegados e investigadores da Pol\u00edcia Civil do Maranh\u00e3o (PC-MA), atua no inqu\u00e9rito [&hellip;]\" \/>\n<meta property=\"og:url\" content=\"https:\/\/www.notibras.com\/site\/policia-ouve-pescadores-e-reforca-buscas-por-criancas-desaparecidas\/\" \/>\n<meta property=\"og:site_name\" content=\"Notibras\" \/>\n<meta property=\"article:publisher\" content=\"https:\/\/www.facebook.com\/notibras\/\" \/>\n<meta property=\"article:published_time\" content=\"2026-01-20T03:01:11+00:00\" \/>\n<meta property=\"article:modified_time\" content=\"2026-01-20T12:59:42+00:00\" \/>\n<meta property=\"og:image\" content=\"https:\/\/www.notibras.com\/site\/wp-content\/uploads\/2026\/01\/290663fe-3773-4c5c-969c-52cd9c80a0ba.jpg\" \/>\n\t<meta property=\"og:image:width\" content=\"984\" \/>\n\t<meta property=\"og:image:height\" content=\"538\" \/>\n\t<meta property=\"og:image:type\" content=\"image\/jpeg\" \/>\n<meta name=\"author\" content=\"Reda\u00e7\u00e3o\" \/>\n<meta name=\"twitter:card\" content=\"summary_large_image\" \/>\n<meta name=\"twitter:creator\" content=\"@Notibras\" \/>\n<meta name=\"twitter:site\" content=\"@Notibras\" \/>\n<meta name=\"twitter:label1\" content=\"Escrito por\" \/>\n\t<meta name=\"twitter:data1\" content=\"Reda\u00e7\u00e3o\" \/>\n\t<meta name=\"twitter:label2\" content=\"Est. tempo de leitura\" \/>\n\t<meta name=\"twitter:data2\" content=\"2 minutos\" \/>\n<script type=\"application\/ld+json\" class=\"yoast-schema-graph\">{\"@context\":\"https:\/\/schema.org\",\"@graph\":[{\"@type\":\"Article\",\"@id\":\"https:\/\/www.notibras.com\/site\/policia-ouve-pescadores-e-reforca-buscas-por-criancas-desaparecidas\/#article\",\"isPartOf\":{\"@id\":\"https:\/\/www.notibras.com\/site\/policia-ouve-pescadores-e-reforca-buscas-por-criancas-desaparecidas\/\"},\"author\":{\"name\":\"Reda\u00e7\u00e3o\",\"@id\":\"https:\/\/www.notibras.com\/site\/#\/schema\/person\/36ab0979449956132d3e5b517ea76ac8\"},\"headline\":\"Pol\u00edcia ouve pescadores e refor\u00e7a buscas por crian\u00e7as desaparecidas\",\"datePublished\":\"2026-01-20T03:01:11+00:00\",\"dateModified\":\"2026-01-20T12:59:42+00:00\",\"mainEntityOfPage\":{\"@id\":\"https:\/\/www.notibras.com\/site\/policia-ouve-pescadores-e-reforca-buscas-por-criancas-desaparecidas\/\"},\"wordCount\":248,\"publisher\":{\"@id\":\"https:\/\/www.notibras.com\/site\/#organization\"},\"image\":{\"@id\":\"https:\/\/www.notibras.com\/site\/policia-ouve-pescadores-e-reforca-buscas-por-criancas-desaparecidas\/#primaryimage\"},\"thumbnailUrl\":\"https:\/\/www.notibras.com\/site\/wp-content\/uploads\/2026\/01\/290663fe-3773-4c5c-969c-52cd9c80a0ba.jpg\",\"articleSection\":[\"Nordeste\"],\"inLanguage\":\"pt-BR\"},{\"@type\":\"WebPage\",\"@id\":\"https:\/\/www.notibras.com\/site\/policia-ouve-pescadores-e-reforca-buscas-por-criancas-desaparecidas\/\",\"url\":\"https:\/\/www.notibras.com\/site\/policia-ouve-pescadores-e-reforca-buscas-por-criancas-desaparecidas\/\",\"name\":\"Pol\u00edcia ouve pescadores e refor\u00e7a buscas por crian\u00e7as desaparecidas - Notibras\",\"isPartOf\":{\"@id\":\"https:\/\/www.notibras.com\/site\/#website\"},\"primaryImageOfPage\":{\"@id\":\"https:\/\/www.notibras.com\/site\/policia-ouve-pescadores-e-reforca-buscas-por-criancas-desaparecidas\/#primaryimage\"},\"image\":{\"@id\":\"https:\/\/www.notibras.com\/site\/policia-ouve-pescadores-e-reforca-buscas-por-criancas-desaparecidas\/#primaryimage\"},\"thumbnailUrl\":\"https:\/\/www.notibras.com\/site\/wp-content\/uploads\/2026\/01\/290663fe-3773-4c5c-969c-52cd9c80a0ba.jpg\",\"datePublished\":\"2026-01-20T03:01:11+00:00\",\"dateModified\":\"2026-01-20T12:59:42+00:00\",\"breadcrumb\":{\"@id\":\"https:\/\/www.notibras.com\/site\/policia-ouve-pescadores-e-reforca-buscas-por-criancas-desaparecidas\/#breadcrumb\"},\"inLanguage\":\"pt-BR\",\"potentialAction\":[{\"@type\":\"ReadAction\",\"target\":[\"https:\/\/www.notibras.com\/site\/policia-ouve-pescadores-e-reforca-buscas-por-criancas-desaparecidas\/\"]}]},{\"@type\":\"ImageObject\",\"inLanguage\":\"pt-BR\",\"@id\":\"https:\/\/www.notibras.com\/site\/policia-ouve-pescadores-e-reforca-buscas-por-criancas-desaparecidas\/#primaryimage\",\"url\":\"https:\/\/www.notibras.com\/site\/wp-content\/uploads\/2026\/01\/290663fe-3773-4c5c-969c-52cd9c80a0ba.jpg\",\"contentUrl\":\"https:\/\/www.notibras.com\/site\/wp-content\/uploads\/2026\/01\/290663fe-3773-4c5c-969c-52cd9c80a0ba.jpg\",\"width\":984,\"height\":538},{\"@type\":\"BreadcrumbList\",\"@id\":\"https:\/\/www.notibras.com\/site\/policia-ouve-pescadores-e-reforca-buscas-por-criancas-desaparecidas\/#breadcrumb\",\"itemListElement\":[{\"@type\":\"ListItem\",\"position\":1,\"name\":\"In\u00edcio\",\"item\":\"https:\/\/www.notibras.com\/site\/\"},{\"@type\":\"ListItem\",\"position\":2,\"name\":\"Pol\u00edcia ouve pescadores e refor\u00e7a buscas por crian\u00e7as desaparecidas\"}]},{\"@type\":\"WebSite\",\"@id\":\"https:\/\/www.notibras.com\/site\/#website\",\"url\":\"https:\/\/www.notibras.com\/site\/\",\"name\":\"Notibras\",\"description\":\"Not\u00edcias de Bras\u00edlia, do Brasil e do Mundo\",\"publisher\":{\"@id\":\"https:\/\/www.notibras.com\/site\/#organization\"},\"potentialAction\":[{\"@type\":\"SearchAction\",\"target\":{\"@type\":\"EntryPoint\",\"urlTemplate\":\"https:\/\/www.notibras.com\/site\/?s={search_term_string}\"},\"query-input\":{\"@type\":\"PropertyValueSpecification\",\"valueRequired\":true,\"valueName\":\"search_term_string\"}}],\"inLanguage\":\"pt-BR\"},{\"@type\":\"Organization\",\"@id\":\"https:\/\/www.notibras.com\/site\/#organization\",\"name\":\"Grupo Notibras de Comunica\u00e7\u00e3o\",\"url\":\"https:\/\/www.notibras.com\/site\/\",\"logo\":{\"@type\":\"ImageObject\",\"inLanguage\":\"pt-BR\",\"@id\":\"https:\/\/www.notibras.com\/site\/#\/schema\/logo\/image\/\",\"url\":\"https:\/\/www.notibras.com\/site\/wp-content\/uploads\/2023\/01\/notibras23.png\",\"contentUrl\":\"https:\/\/www.notibras.com\/site\/wp-content\/uploads\/2023\/01\/notibras23.png\",\"width\":350,\"height\":87,\"caption\":\"Grupo Notibras de Comunica\u00e7\u00e3o\"},\"image\":{\"@id\":\"https:\/\/www.notibras.com\/site\/#\/schema\/logo\/image\/\"},\"sameAs\":[\"https:\/\/www.facebook.com\/notibras\/\",\"https:\/\/x.com\/Notibras\",\"https:\/\/www.instagram.com\/notibras\/\"]},{\"@type\":\"Person\",\"@id\":\"https:\/\/www.notibras.com\/site\/#\/schema\/person\/36ab0979449956132d3e5b517ea76ac8\",\"name\":\"Reda\u00e7\u00e3o\",\"image\":{\"@type\":\"ImageObject\",\"inLanguage\":\"pt-BR\",\"@id\":\"https:\/\/secure.gravatar.com\/avatar\/e0a867bdedb85fd243eadf09663511f96fc81e0720a4a42581f334ad4303aa6b?s=96&d=mm&r=g\",\"url\":\"https:\/\/secure.gravatar.com\/avatar\/e0a867bdedb85fd243eadf09663511f96fc81e0720a4a42581f334ad4303aa6b?s=96&d=mm&r=g\",\"contentUrl\":\"https:\/\/secure.gravatar.com\/avatar\/e0a867bdedb85fd243eadf09663511f96fc81e0720a4a42581f334ad4303aa6b?s=96&d=mm&r=g\",\"caption\":\"Reda\u00e7\u00e3o\"}}]}<\/script>\n<!-- \/ Yoast SEO plugin. -->","yoast_head_json":{"title":"Pol\u00edcia ouve pescadores e refor\u00e7a buscas por crian\u00e7as desaparecidas - Notibras","robots":{"index":"index","follow":"follow","max-snippet":"max-snippet:-1","max-image-preview":"max-image-preview:large","max-video-preview":"max-video-preview:-1"},"canonical":"https:\/\/www.notibras.com\/site\/policia-ouve-pescadores-e-reforca-buscas-por-criancas-desaparecidas\/","og_locale":"pt_BR","og_type":"article","og_title":"Pol\u00edcia ouve pescadores e refor\u00e7a buscas por crian\u00e7as desaparecidas - Notibras","og_description":"As buscas pelos irm\u00e3os \u00c1gatha Isabelly, de 6 anos, e Allan Michael, de 4 anos, desaparecidos desde o dia 4 de janeiro em Bacabal (MA), entraram na terceira semana sem nenhuma pista concreta sobre o paradeiro das crian\u00e7as. Uma comiss\u00e3o formada por oito delegados e investigadores da Pol\u00edcia Civil do Maranh\u00e3o (PC-MA), atua no inqu\u00e9rito [&hellip;]","og_url":"https:\/\/www.notibras.com\/site\/policia-ouve-pescadores-e-reforca-buscas-por-criancas-desaparecidas\/","og_site_name":"Notibras","article_publisher":"https:\/\/www.facebook.com\/notibras\/","article_published_time":"2026-01-20T03:01:11+00:00","article_modified_time":"2026-01-20T12:59:42+00:00","og_image":[{"width":984,"height":538,"url":"https:\/\/www.notibras.com\/site\/wp-content\/uploads\/2026\/01\/290663fe-3773-4c5c-969c-52cd9c80a0ba.jpg","type":"image\/jpeg"}],"author":"Reda\u00e7\u00e3o","twitter_card":"summary_large_image","twitter_creator":"@Notibras","twitter_site":"@Notibras","twitter_misc":{"Escrito por":"Reda\u00e7\u00e3o","Est. tempo de leitura":"2 minutos"},"schema":{"@context":"https:\/\/schema.org","@graph":[{"@type":"Article","@id":"https:\/\/www.notibras.com\/site\/policia-ouve-pescadores-e-reforca-buscas-por-criancas-desaparecidas\/#article","isPartOf":{"@id":"https:\/\/www.notibras.com\/site\/policia-ouve-pescadores-e-reforca-buscas-por-criancas-desaparecidas\/"},"author":{"name":"Reda\u00e7\u00e3o","@id":"https:\/\/www.notibras.com\/site\/#\/schema\/person\/36ab0979449956132d3e5b517ea76ac8"},"headline":"Pol\u00edcia ouve pescadores e refor\u00e7a buscas por crian\u00e7as desaparecidas","datePublished":"2026-01-20T03:01:11+00:00","dateModified":"2026-01-20T12:59:42+00:00","mainEntityOfPage":{"@id":"https:\/\/www.notibras.com\/site\/policia-ouve-pescadores-e-reforca-buscas-por-criancas-desaparecidas\/"},"wordCount":248,"publisher":{"@id":"https:\/\/www.notibras.com\/site\/#organization"},"image":{"@id":"https:\/\/www.notibras.com\/site\/policia-ouve-pescadores-e-reforca-buscas-por-criancas-desaparecidas\/#primaryimage"},"thumbnailUrl":"https:\/\/www.notibras.com\/site\/wp-content\/uploads\/2026\/01\/290663fe-3773-4c5c-969c-52cd9c80a0ba.jpg","articleSection":["Nordeste"],"inLanguage":"pt-BR"},{"@type":"WebPage","@id":"https:\/\/www.notibras.com\/site\/policia-ouve-pescadores-e-reforca-buscas-por-criancas-desaparecidas\/","url":"https:\/\/www.notibras.com\/site\/policia-ouve-pescadores-e-reforca-buscas-por-criancas-desaparecidas\/","name":"Pol\u00edcia ouve pescadores e refor\u00e7a buscas por crian\u00e7as desaparecidas - Notibras","isPartOf":{"@id":"https:\/\/www.notibras.com\/site\/#website"},"primaryImageOfPage":{"@id":"https:\/\/www.notibras.com\/site\/policia-ouve-pescadores-e-reforca-buscas-por-criancas-desaparecidas\/#primaryimage"},"image":{"@id":"https:\/\/www.notibras.com\/site\/policia-ouve-pescadores-e-reforca-buscas-por-criancas-desaparecidas\/#primaryimage"},"thumbnailUrl":"https:\/\/www.notibras.com\/site\/wp-content\/uploads\/2026\/01\/290663fe-3773-4c5c-969c-52cd9c80a0ba.jpg","datePublished":"2026-01-20T03:01:11+00:00","dateModified":"2026-01-20T12:59:42+00:00","breadcrumb":{"@id":"https:\/\/www.notibras.com\/site\/policia-ouve-pescadores-e-reforca-buscas-por-criancas-desaparecidas\/#breadcrumb"},"inLanguage":"pt-BR","potentialAction":[{"@type":"ReadAction","target":["https:\/\/www.notibras.com\/site\/policia-ouve-pescadores-e-reforca-buscas-por-criancas-desaparecidas\/"]}]},{"@type":"ImageObject","inLanguage":"pt-BR","@id":"https:\/\/www.notibras.com\/site\/policia-ouve-pescadores-e-reforca-buscas-por-criancas-desaparecidas\/#primaryimage","url":"https:\/\/www.notibras.com\/site\/wp-content\/uploads\/2026\/01\/290663fe-3773-4c5c-969c-52cd9c80a0ba.jpg","contentUrl":"https:\/\/www.notibras.com\/site\/wp-content\/uploads\/2026\/01\/290663fe-3773-4c5c-969c-52cd9c80a0ba.jpg","width":984,"height":538},{"@type":"BreadcrumbList","@id":"https:\/\/www.notibras.com\/site\/policia-ouve-pescadores-e-reforca-buscas-por-criancas-desaparecidas\/#breadcrumb","itemListElement":[{"@type":"ListItem","position":1,"name":"In\u00edcio","item":"https:\/\/www.notibras.com\/site\/"},{"@type":"ListItem","position":2,"name":"Pol\u00edcia ouve pescadores e refor\u00e7a buscas por crian\u00e7as desaparecidas"}]},{"@type":"WebSite","@id":"https:\/\/www.notibras.com\/site\/#website","url":"https:\/\/www.notibras.com\/site\/","name":"Notibras","description":"Not\u00edcias de Bras\u00edlia, do Brasil e do Mundo","publisher":{"@id":"https:\/\/www.notibras.com\/site\/#organization"},"potentialAction":[{"@type":"SearchAction","target":{"@type":"EntryPoint","urlTemplate":"https:\/\/www.notibras.com\/site\/?s={search_term_string}"},"query-input":{"@type":"PropertyValueSpecification","valueRequired":true,"valueName":"search_term_string"}}],"inLanguage":"pt-BR"},{"@type":"Organization","@id":"https:\/\/www.notibras.com\/site\/#organization","name":"Grupo Notibras de Comunica\u00e7\u00e3o","url":"https:\/\/www.notibras.com\/site\/","logo":{"@type":"ImageObject","inLanguage":"pt-BR","@id":"https:\/\/www.notibras.com\/site\/#\/schema\/logo\/image\/","url":"https:\/\/www.notibras.com\/site\/wp-content\/uploads\/2023\/01\/notibras23.png","contentUrl":"https:\/\/www.notibras.com\/site\/wp-content\/uploads\/2023\/01\/notibras23.png","width":350,"height":87,"caption":"Grupo Notibras de Comunica\u00e7\u00e3o"},"image":{"@id":"https:\/\/www.notibras.com\/site\/#\/schema\/logo\/image\/"},"sameAs":["https:\/\/www.facebook.com\/notibras\/","https:\/\/x.com\/Notibras","https:\/\/www.instagram.com\/notibras\/"]},{"@type":"Person","@id":"https:\/\/www.notibras.com\/site\/#\/schema\/person\/36ab0979449956132d3e5b517ea76ac8","name":"Reda\u00e7\u00e3o","image":{"@type":"ImageObject","inLanguage":"pt-BR","@id":"https:\/\/secure.gravatar.com\/avatar\/e0a867bdedb85fd243eadf09663511f96fc81e0720a4a42581f334ad4303aa6b?s=96&d=mm&r=g","url":"https:\/\/secure.gravatar.com\/avatar\/e0a867bdedb85fd243eadf09663511f96fc81e0720a4a42581f334ad4303aa6b?s=96&d=mm&r=g","contentUrl":"https:\/\/secure.gravatar.com\/avatar\/e0a867bdedb85fd243eadf09663511f96fc81e0720a4a42581f334ad4303aa6b?s=96&d=mm&r=g","caption":"Reda\u00e7\u00e3o"}}]}},"amp_enabled":true,"_links":{"self":[{"href":"https:\/\/www.notibras.com\/site\/wp-json\/wp\/v2\/posts\/379811","targetHints":{"allow":["GET"]}}],"collection":[{"href":"https:\/\/www.notibras.com\/site\/wp-json\/wp\/v2\/posts"}],"about":[{"href":"https:\/\/www.notibras.com\/site\/wp-json\/wp\/v2\/types\/post"}],"author":[{"embeddable":true,"href":"https:\/\/www.notibras.com\/site\/wp-json\/wp\/v2\/users\/2"}],"replies":[{"embeddable":true,"href":"https:\/\/www.notibras.com\/site\/wp-json\/wp\/v2\/comments?post=379811"}],"version-history":[{"count":2,"href":"https:\/\/www.notibras.com\/site\/wp-json\/wp\/v2\/posts\/379811\/revisions"}],"predecessor-version":[{"id":379827,"href":"https:\/\/www.notibras.com\/site\/wp-json\/wp\/v2\/posts\/379811\/revisions\/379827"}],"wp:featuredmedia":[{"embeddable":true,"href":"https:\/\/www.notibras.com\/site\/wp-json\/wp\/v2\/media\/379812"}],"wp:attachment":[{"href":"https:\/\/www.notibras.com\/site\/wp-json\/wp\/v2\/media?parent=379811"}],"wp:term":[{"taxonomy":"category","embeddable":true,"href":"https:\/\/www.notibras.com\/site\/wp-json\/wp\/v2\/categories?post=379811"},{"taxonomy":"post_tag","embeddable":true,"href":"https:\/\/www.notibras.com\/site\/wp-json\/wp\/v2\/tags?post=379811"}],"curies":[{"name":"wp","href":"https:\/\/api.w.org\/{rel}","templated":true}]}}