{"id":379822,"date":"2026-01-20T00:00:30","date_gmt":"2026-01-20T03:00:30","guid":{"rendered":"https:\/\/www.notibras.com\/site\/?p=379822"},"modified":"2026-01-20T09:57:38","modified_gmt":"2026-01-20T12:57:38","slug":"previas-de-carnaval-tem-folioes-baleados-e-brigas-generalizadas","status":"publish","type":"post","link":"https:\/\/www.notibras.com\/site\/previas-de-carnaval-tem-folioes-baleados-e-brigas-generalizadas\/","title":{"rendered":"Pr\u00e9vias de carnaval t\u00eam foli\u00f5es baleados e brigas generalizadas"},"content":{"rendered":"<p>Pelo menos duas pessoas foram baleadas no domingo (18) de pr\u00e9vias de carnaval em Olinda e no Recife. Foram registrados epis\u00f3dios de viol\u00eancia e confus\u00f5es generalizadas.<\/p>\n<p>Em Olinda, um foli\u00e3o foi baleado ap\u00f3s a sa\u00edda da tro\u00e7a John Travolta. No Recife, um homem foi atingido por disparos no Vasco da Gama, na Zona Norte, perto de onde acontecia um bloco. Tamb\u00e9m na capital, 20 pessoas foram detidas no CDU Folia, na Zona Oeste.<\/p>\n<p>V\u00eddeos mostram tumultos no Largo do Amparo, ponto tradicional das pr\u00e9vias e tamb\u00e9m do carnaval de Olinda. As imagens \u00e9 poss\u00edvel ver a Pol\u00edcia Militar (PM) tentando conter as brigas em meio \u00e0 multid\u00e3o.<\/p>\n<p>Ao redor das confus\u00f5es, foli\u00f5es que tentavam aproveitar a festa acompanharam as cenas assustados, enquanto o fluxo intenso de pessoas dificultava a conten\u00e7\u00e3o dos confrontos.<\/p>\n<p>Segundo a PM, equipes foram acionadas ap\u00f3s relatos de disparos logo ap\u00f3s o fim do bloco. Um homem foi atingido na Rua Severino Judeu Ramalho e foi encaminhado para a Unidade de Pronto Atendimento (UPA) Olinda, no bairro de Cidade Tabajara.<\/p>\n","protected":false},"excerpt":{"rendered":"<p>Pelo menos duas pessoas foram baleadas no domingo (18) de pr\u00e9vias de carnaval em Olinda e no Recife. Foram registrados epis\u00f3dios de viol\u00eancia e confus\u00f5es generalizadas. Em Olinda, um foli\u00e3o foi baleado ap\u00f3s a sa\u00edda da tro\u00e7a John Travolta. No Recife, um homem foi atingido por disparos no Vasco da Gama, na Zona Norte, perto [&hellip;]<\/p>\n","protected":false},"author":2,"featured_media":379823,"comment_status":"closed","ping_status":"closed","sticky":false,"template":"","format":"standard","meta":{"_acf_changed":false,"footnotes":""},"categories":[165],"tags":[],"class_list":["post-379822","post","type-post","status-publish","format-standard","has-post-thumbnail","hentry","category-nordeste"],"acf":[],"yoast_head":"<!-- This site is optimized with the Yoast SEO plugin v27.2 - https:\/\/yoast.com\/product\/yoast-seo-wordpress\/ -->\n<title>Pr\u00e9vias de carnaval t\u00eam foli\u00f5es baleados e brigas generalizadas - Notibras<\/title>\n<meta name=\"robots\" content=\"index, follow, max-snippet:-1, max-image-preview:large, max-video-preview:-1\" \/>\n<link rel=\"canonical\" href=\"https:\/\/www.notibras.com\/site\/previas-de-carnaval-tem-folioes-baleados-e-brigas-generalizadas\/\" \/>\n<meta property=\"og:locale\" content=\"pt_BR\" \/>\n<meta property=\"og:type\" content=\"article\" \/>\n<meta property=\"og:title\" content=\"Pr\u00e9vias de carnaval t\u00eam foli\u00f5es baleados e brigas generalizadas - Notibras\" \/>\n<meta property=\"og:description\" content=\"Pelo menos duas pessoas foram baleadas no domingo (18) de pr\u00e9vias de carnaval em Olinda e no Recife. Foram registrados epis\u00f3dios de viol\u00eancia e confus\u00f5es generalizadas. Em Olinda, um foli\u00e3o foi baleado ap\u00f3s a sa\u00edda da tro\u00e7a John Travolta. No Recife, um homem foi atingido por disparos no Vasco da Gama, na Zona Norte, perto [&hellip;]\" \/>\n<meta property=\"og:url\" content=\"https:\/\/www.notibras.com\/site\/previas-de-carnaval-tem-folioes-baleados-e-brigas-generalizadas\/\" \/>\n<meta property=\"og:site_name\" content=\"Notibras\" \/>\n<meta property=\"article:publisher\" content=\"https:\/\/www.facebook.com\/notibras\/\" \/>\n<meta property=\"article:published_time\" content=\"2026-01-20T03:00:30+00:00\" \/>\n<meta property=\"article:modified_time\" content=\"2026-01-20T12:57:38+00:00\" \/>\n<meta property=\"og:image\" content=\"https:\/\/www.notibras.com\/site\/wp-content\/uploads\/2026\/01\/23946ab3-aed4-4b4e-afcb-076ecf5cc62b.jpg\" \/>\n\t<meta property=\"og:image:width\" content=\"984\" \/>\n\t<meta property=\"og:image:height\" content=\"554\" \/>\n\t<meta property=\"og:image:type\" content=\"image\/jpeg\" \/>\n<meta name=\"author\" content=\"Reda\u00e7\u00e3o\" \/>\n<meta name=\"twitter:card\" content=\"summary_large_image\" \/>\n<meta name=\"twitter:creator\" content=\"@Notibras\" \/>\n<meta name=\"twitter:site\" content=\"@Notibras\" \/>\n<meta name=\"twitter:label1\" content=\"Escrito por\" \/>\n\t<meta name=\"twitter:data1\" content=\"Reda\u00e7\u00e3o\" \/>\n\t<meta name=\"twitter:label2\" content=\"Est. tempo de leitura\" \/>\n\t<meta name=\"twitter:data2\" content=\"2 minutos\" \/>\n<script type=\"application\/ld+json\" class=\"yoast-schema-graph\">{\"@context\":\"https:\/\/schema.org\",\"@graph\":[{\"@type\":\"Article\",\"@id\":\"https:\/\/www.notibras.com\/site\/previas-de-carnaval-tem-folioes-baleados-e-brigas-generalizadas\/#article\",\"isPartOf\":{\"@id\":\"https:\/\/www.notibras.com\/site\/previas-de-carnaval-tem-folioes-baleados-e-brigas-generalizadas\/\"},\"author\":{\"name\":\"Reda\u00e7\u00e3o\",\"@id\":\"https:\/\/www.notibras.com\/site\/#\/schema\/person\/36ab0979449956132d3e5b517ea76ac8\"},\"headline\":\"Pr\u00e9vias de carnaval t\u00eam foli\u00f5es baleados e brigas generalizadas\",\"datePublished\":\"2026-01-20T03:00:30+00:00\",\"dateModified\":\"2026-01-20T12:57:38+00:00\",\"mainEntityOfPage\":{\"@id\":\"https:\/\/www.notibras.com\/site\/previas-de-carnaval-tem-folioes-baleados-e-brigas-generalizadas\/\"},\"wordCount\":201,\"publisher\":{\"@id\":\"https:\/\/www.notibras.com\/site\/#organization\"},\"image\":{\"@id\":\"https:\/\/www.notibras.com\/site\/previas-de-carnaval-tem-folioes-baleados-e-brigas-generalizadas\/#primaryimage\"},\"thumbnailUrl\":\"https:\/\/www.notibras.com\/site\/wp-content\/uploads\/2026\/01\/23946ab3-aed4-4b4e-afcb-076ecf5cc62b.jpg\",\"articleSection\":[\"Nordeste\"],\"inLanguage\":\"pt-BR\"},{\"@type\":\"WebPage\",\"@id\":\"https:\/\/www.notibras.com\/site\/previas-de-carnaval-tem-folioes-baleados-e-brigas-generalizadas\/\",\"url\":\"https:\/\/www.notibras.com\/site\/previas-de-carnaval-tem-folioes-baleados-e-brigas-generalizadas\/\",\"name\":\"Pr\u00e9vias de carnaval t\u00eam foli\u00f5es baleados e brigas generalizadas - Notibras\",\"isPartOf\":{\"@id\":\"https:\/\/www.notibras.com\/site\/#website\"},\"primaryImageOfPage\":{\"@id\":\"https:\/\/www.notibras.com\/site\/previas-de-carnaval-tem-folioes-baleados-e-brigas-generalizadas\/#primaryimage\"},\"image\":{\"@id\":\"https:\/\/www.notibras.com\/site\/previas-de-carnaval-tem-folioes-baleados-e-brigas-generalizadas\/#primaryimage\"},\"thumbnailUrl\":\"https:\/\/www.notibras.com\/site\/wp-content\/uploads\/2026\/01\/23946ab3-aed4-4b4e-afcb-076ecf5cc62b.jpg\",\"datePublished\":\"2026-01-20T03:00:30+00:00\",\"dateModified\":\"2026-01-20T12:57:38+00:00\",\"breadcrumb\":{\"@id\":\"https:\/\/www.notibras.com\/site\/previas-de-carnaval-tem-folioes-baleados-e-brigas-generalizadas\/#breadcrumb\"},\"inLanguage\":\"pt-BR\",\"potentialAction\":[{\"@type\":\"ReadAction\",\"target\":[\"https:\/\/www.notibras.com\/site\/previas-de-carnaval-tem-folioes-baleados-e-brigas-generalizadas\/\"]}]},{\"@type\":\"ImageObject\",\"inLanguage\":\"pt-BR\",\"@id\":\"https:\/\/www.notibras.com\/site\/previas-de-carnaval-tem-folioes-baleados-e-brigas-generalizadas\/#primaryimage\",\"url\":\"https:\/\/www.notibras.com\/site\/wp-content\/uploads\/2026\/01\/23946ab3-aed4-4b4e-afcb-076ecf5cc62b.jpg\",\"contentUrl\":\"https:\/\/www.notibras.com\/site\/wp-content\/uploads\/2026\/01\/23946ab3-aed4-4b4e-afcb-076ecf5cc62b.jpg\",\"width\":984,\"height\":554},{\"@type\":\"BreadcrumbList\",\"@id\":\"https:\/\/www.notibras.com\/site\/previas-de-carnaval-tem-folioes-baleados-e-brigas-generalizadas\/#breadcrumb\",\"itemListElement\":[{\"@type\":\"ListItem\",\"position\":1,\"name\":\"In\u00edcio\",\"item\":\"https:\/\/www.notibras.com\/site\/\"},{\"@type\":\"ListItem\",\"position\":2,\"name\":\"Pr\u00e9vias de carnaval t\u00eam foli\u00f5es baleados e brigas generalizadas\"}]},{\"@type\":\"WebSite\",\"@id\":\"https:\/\/www.notibras.com\/site\/#website\",\"url\":\"https:\/\/www.notibras.com\/site\/\",\"name\":\"Notibras\",\"description\":\"Not\u00edcias de Bras\u00edlia, do Brasil e do Mundo\",\"publisher\":{\"@id\":\"https:\/\/www.notibras.com\/site\/#organization\"},\"potentialAction\":[{\"@type\":\"SearchAction\",\"target\":{\"@type\":\"EntryPoint\",\"urlTemplate\":\"https:\/\/www.notibras.com\/site\/?s={search_term_string}\"},\"query-input\":{\"@type\":\"PropertyValueSpecification\",\"valueRequired\":true,\"valueName\":\"search_term_string\"}}],\"inLanguage\":\"pt-BR\"},{\"@type\":\"Organization\",\"@id\":\"https:\/\/www.notibras.com\/site\/#organization\",\"name\":\"Grupo Notibras de Comunica\u00e7\u00e3o\",\"url\":\"https:\/\/www.notibras.com\/site\/\",\"logo\":{\"@type\":\"ImageObject\",\"inLanguage\":\"pt-BR\",\"@id\":\"https:\/\/www.notibras.com\/site\/#\/schema\/logo\/image\/\",\"url\":\"https:\/\/www.notibras.com\/site\/wp-content\/uploads\/2023\/01\/notibras23.png\",\"contentUrl\":\"https:\/\/www.notibras.com\/site\/wp-content\/uploads\/2023\/01\/notibras23.png\",\"width\":350,\"height\":87,\"caption\":\"Grupo Notibras de Comunica\u00e7\u00e3o\"},\"image\":{\"@id\":\"https:\/\/www.notibras.com\/site\/#\/schema\/logo\/image\/\"},\"sameAs\":[\"https:\/\/www.facebook.com\/notibras\/\",\"https:\/\/x.com\/Notibras\",\"https:\/\/www.instagram.com\/notibras\/\"]},{\"@type\":\"Person\",\"@id\":\"https:\/\/www.notibras.com\/site\/#\/schema\/person\/36ab0979449956132d3e5b517ea76ac8\",\"name\":\"Reda\u00e7\u00e3o\",\"image\":{\"@type\":\"ImageObject\",\"inLanguage\":\"pt-BR\",\"@id\":\"https:\/\/secure.gravatar.com\/avatar\/e0a867bdedb85fd243eadf09663511f96fc81e0720a4a42581f334ad4303aa6b?s=96&d=mm&r=g\",\"url\":\"https:\/\/secure.gravatar.com\/avatar\/e0a867bdedb85fd243eadf09663511f96fc81e0720a4a42581f334ad4303aa6b?s=96&d=mm&r=g\",\"contentUrl\":\"https:\/\/secure.gravatar.com\/avatar\/e0a867bdedb85fd243eadf09663511f96fc81e0720a4a42581f334ad4303aa6b?s=96&d=mm&r=g\",\"caption\":\"Reda\u00e7\u00e3o\"}}]}<\/script>\n<!-- \/ Yoast SEO plugin. -->","yoast_head_json":{"title":"Pr\u00e9vias de carnaval t\u00eam foli\u00f5es baleados e brigas generalizadas - Notibras","robots":{"index":"index","follow":"follow","max-snippet":"max-snippet:-1","max-image-preview":"max-image-preview:large","max-video-preview":"max-video-preview:-1"},"canonical":"https:\/\/www.notibras.com\/site\/previas-de-carnaval-tem-folioes-baleados-e-brigas-generalizadas\/","og_locale":"pt_BR","og_type":"article","og_title":"Pr\u00e9vias de carnaval t\u00eam foli\u00f5es baleados e brigas generalizadas - Notibras","og_description":"Pelo menos duas pessoas foram baleadas no domingo (18) de pr\u00e9vias de carnaval em Olinda e no Recife. Foram registrados epis\u00f3dios de viol\u00eancia e confus\u00f5es generalizadas. Em Olinda, um foli\u00e3o foi baleado ap\u00f3s a sa\u00edda da tro\u00e7a John Travolta. No Recife, um homem foi atingido por disparos no Vasco da Gama, na Zona Norte, perto [&hellip;]","og_url":"https:\/\/www.notibras.com\/site\/previas-de-carnaval-tem-folioes-baleados-e-brigas-generalizadas\/","og_site_name":"Notibras","article_publisher":"https:\/\/www.facebook.com\/notibras\/","article_published_time":"2026-01-20T03:00:30+00:00","article_modified_time":"2026-01-20T12:57:38+00:00","og_image":[{"width":984,"height":554,"url":"https:\/\/www.notibras.com\/site\/wp-content\/uploads\/2026\/01\/23946ab3-aed4-4b4e-afcb-076ecf5cc62b.jpg","type":"image\/jpeg"}],"author":"Reda\u00e7\u00e3o","twitter_card":"summary_large_image","twitter_creator":"@Notibras","twitter_site":"@Notibras","twitter_misc":{"Escrito por":"Reda\u00e7\u00e3o","Est. tempo de leitura":"2 minutos"},"schema":{"@context":"https:\/\/schema.org","@graph":[{"@type":"Article","@id":"https:\/\/www.notibras.com\/site\/previas-de-carnaval-tem-folioes-baleados-e-brigas-generalizadas\/#article","isPartOf":{"@id":"https:\/\/www.notibras.com\/site\/previas-de-carnaval-tem-folioes-baleados-e-brigas-generalizadas\/"},"author":{"name":"Reda\u00e7\u00e3o","@id":"https:\/\/www.notibras.com\/site\/#\/schema\/person\/36ab0979449956132d3e5b517ea76ac8"},"headline":"Pr\u00e9vias de carnaval t\u00eam foli\u00f5es baleados e brigas generalizadas","datePublished":"2026-01-20T03:00:30+00:00","dateModified":"2026-01-20T12:57:38+00:00","mainEntityOfPage":{"@id":"https:\/\/www.notibras.com\/site\/previas-de-carnaval-tem-folioes-baleados-e-brigas-generalizadas\/"},"wordCount":201,"publisher":{"@id":"https:\/\/www.notibras.com\/site\/#organization"},"image":{"@id":"https:\/\/www.notibras.com\/site\/previas-de-carnaval-tem-folioes-baleados-e-brigas-generalizadas\/#primaryimage"},"thumbnailUrl":"https:\/\/www.notibras.com\/site\/wp-content\/uploads\/2026\/01\/23946ab3-aed4-4b4e-afcb-076ecf5cc62b.jpg","articleSection":["Nordeste"],"inLanguage":"pt-BR"},{"@type":"WebPage","@id":"https:\/\/www.notibras.com\/site\/previas-de-carnaval-tem-folioes-baleados-e-brigas-generalizadas\/","url":"https:\/\/www.notibras.com\/site\/previas-de-carnaval-tem-folioes-baleados-e-brigas-generalizadas\/","name":"Pr\u00e9vias de carnaval t\u00eam foli\u00f5es baleados e brigas generalizadas - Notibras","isPartOf":{"@id":"https:\/\/www.notibras.com\/site\/#website"},"primaryImageOfPage":{"@id":"https:\/\/www.notibras.com\/site\/previas-de-carnaval-tem-folioes-baleados-e-brigas-generalizadas\/#primaryimage"},"image":{"@id":"https:\/\/www.notibras.com\/site\/previas-de-carnaval-tem-folioes-baleados-e-brigas-generalizadas\/#primaryimage"},"thumbnailUrl":"https:\/\/www.notibras.com\/site\/wp-content\/uploads\/2026\/01\/23946ab3-aed4-4b4e-afcb-076ecf5cc62b.jpg","datePublished":"2026-01-20T03:00:30+00:00","dateModified":"2026-01-20T12:57:38+00:00","breadcrumb":{"@id":"https:\/\/www.notibras.com\/site\/previas-de-carnaval-tem-folioes-baleados-e-brigas-generalizadas\/#breadcrumb"},"inLanguage":"pt-BR","potentialAction":[{"@type":"ReadAction","target":["https:\/\/www.notibras.com\/site\/previas-de-carnaval-tem-folioes-baleados-e-brigas-generalizadas\/"]}]},{"@type":"ImageObject","inLanguage":"pt-BR","@id":"https:\/\/www.notibras.com\/site\/previas-de-carnaval-tem-folioes-baleados-e-brigas-generalizadas\/#primaryimage","url":"https:\/\/www.notibras.com\/site\/wp-content\/uploads\/2026\/01\/23946ab3-aed4-4b4e-afcb-076ecf5cc62b.jpg","contentUrl":"https:\/\/www.notibras.com\/site\/wp-content\/uploads\/2026\/01\/23946ab3-aed4-4b4e-afcb-076ecf5cc62b.jpg","width":984,"height":554},{"@type":"BreadcrumbList","@id":"https:\/\/www.notibras.com\/site\/previas-de-carnaval-tem-folioes-baleados-e-brigas-generalizadas\/#breadcrumb","itemListElement":[{"@type":"ListItem","position":1,"name":"In\u00edcio","item":"https:\/\/www.notibras.com\/site\/"},{"@type":"ListItem","position":2,"name":"Pr\u00e9vias de carnaval t\u00eam foli\u00f5es baleados e brigas generalizadas"}]},{"@type":"WebSite","@id":"https:\/\/www.notibras.com\/site\/#website","url":"https:\/\/www.notibras.com\/site\/","name":"Notibras","description":"Not\u00edcias de Bras\u00edlia, do Brasil e do Mundo","publisher":{"@id":"https:\/\/www.notibras.com\/site\/#organization"},"potentialAction":[{"@type":"SearchAction","target":{"@type":"EntryPoint","urlTemplate":"https:\/\/www.notibras.com\/site\/?s={search_term_string}"},"query-input":{"@type":"PropertyValueSpecification","valueRequired":true,"valueName":"search_term_string"}}],"inLanguage":"pt-BR"},{"@type":"Organization","@id":"https:\/\/www.notibras.com\/site\/#organization","name":"Grupo Notibras de Comunica\u00e7\u00e3o","url":"https:\/\/www.notibras.com\/site\/","logo":{"@type":"ImageObject","inLanguage":"pt-BR","@id":"https:\/\/www.notibras.com\/site\/#\/schema\/logo\/image\/","url":"https:\/\/www.notibras.com\/site\/wp-content\/uploads\/2023\/01\/notibras23.png","contentUrl":"https:\/\/www.notibras.com\/site\/wp-content\/uploads\/2023\/01\/notibras23.png","width":350,"height":87,"caption":"Grupo Notibras de Comunica\u00e7\u00e3o"},"image":{"@id":"https:\/\/www.notibras.com\/site\/#\/schema\/logo\/image\/"},"sameAs":["https:\/\/www.facebook.com\/notibras\/","https:\/\/x.com\/Notibras","https:\/\/www.instagram.com\/notibras\/"]},{"@type":"Person","@id":"https:\/\/www.notibras.com\/site\/#\/schema\/person\/36ab0979449956132d3e5b517ea76ac8","name":"Reda\u00e7\u00e3o","image":{"@type":"ImageObject","inLanguage":"pt-BR","@id":"https:\/\/secure.gravatar.com\/avatar\/e0a867bdedb85fd243eadf09663511f96fc81e0720a4a42581f334ad4303aa6b?s=96&d=mm&r=g","url":"https:\/\/secure.gravatar.com\/avatar\/e0a867bdedb85fd243eadf09663511f96fc81e0720a4a42581f334ad4303aa6b?s=96&d=mm&r=g","contentUrl":"https:\/\/secure.gravatar.com\/avatar\/e0a867bdedb85fd243eadf09663511f96fc81e0720a4a42581f334ad4303aa6b?s=96&d=mm&r=g","caption":"Reda\u00e7\u00e3o"}}]}},"amp_enabled":true,"_links":{"self":[{"href":"https:\/\/www.notibras.com\/site\/wp-json\/wp\/v2\/posts\/379822","targetHints":{"allow":["GET"]}}],"collection":[{"href":"https:\/\/www.notibras.com\/site\/wp-json\/wp\/v2\/posts"}],"about":[{"href":"https:\/\/www.notibras.com\/site\/wp-json\/wp\/v2\/types\/post"}],"author":[{"embeddable":true,"href":"https:\/\/www.notibras.com\/site\/wp-json\/wp\/v2\/users\/2"}],"replies":[{"embeddable":true,"href":"https:\/\/www.notibras.com\/site\/wp-json\/wp\/v2\/comments?post=379822"}],"version-history":[{"count":3,"href":"https:\/\/www.notibras.com\/site\/wp-json\/wp\/v2\/posts\/379822\/revisions"}],"predecessor-version":[{"id":379826,"href":"https:\/\/www.notibras.com\/site\/wp-json\/wp\/v2\/posts\/379822\/revisions\/379826"}],"wp:featuredmedia":[{"embeddable":true,"href":"https:\/\/www.notibras.com\/site\/wp-json\/wp\/v2\/media\/379823"}],"wp:attachment":[{"href":"https:\/\/www.notibras.com\/site\/wp-json\/wp\/v2\/media?parent=379822"}],"wp:term":[{"taxonomy":"category","embeddable":true,"href":"https:\/\/www.notibras.com\/site\/wp-json\/wp\/v2\/categories?post=379822"},{"taxonomy":"post_tag","embeddable":true,"href":"https:\/\/www.notibras.com\/site\/wp-json\/wp\/v2\/tags?post=379822"}],"curies":[{"name":"wp","href":"https:\/\/api.w.org\/{rel}","templated":true}]}}