{"id":379834,"date":"2026-01-20T13:29:19","date_gmt":"2026-01-20T16:29:19","guid":{"rendered":"https:\/\/www.notibras.com\/site\/?p=379834"},"modified":"2026-01-20T15:35:33","modified_gmt":"2026-01-20T18:35:33","slug":"ambicao-de-trump-pela-groenlandia-ameaca-implodir-bloco-da-otan","status":"publish","type":"post","link":"https:\/\/www.notibras.com\/site\/ambicao-de-trump-pela-groenlandia-ameaca-implodir-bloco-da-otan\/","title":{"rendered":"Ambi\u00e7\u00e3o de Trump pela Groenl\u00e2ndia amea\u00e7a implodir bloco da Otan"},"content":{"rendered":"<p data-start=\"319\" data-end=\"885\">O presidente dos Estados Unidos, Donald Trump, afirmou nesta ter\u00e7a-feira (20) que \u201cn\u00e3o h\u00e1 volta atr\u00e1s\u201d em seu objetivo de assumir o controle da Groenl\u00e2ndia, recusando-se explicitamente a descartar o uso da for\u00e7a para garantir a soberania sobre a ilha \u00e1rtica. A declara\u00e7\u00e3o, somada a ataques verbais contra aliados hist\u00f3ricos, aprofunda uma crise sem precedentes dentro da Organiza\u00e7\u00e3o do Tratado do Atl\u00e2ntico Norte (OTAN) e levanta, nos bastidores diplom\u00e1ticos, o temor de uma implos\u00e3o da alian\u00e7a que sustenta a arquitetura de seguran\u00e7a do Ocidente desde o p\u00f3s-guerra.<\/p>\n<p data-start=\"887\" data-end=\"1351\">A ambi\u00e7\u00e3o de Trump \u2014 amplamente divulgada em redes sociais e refor\u00e7ada por imagens geradas por intelig\u00eancia artificial que o retratam hasteando a bandeira americana na Groenl\u00e2ndia \u2014 atinge diretamente a Dinamarca, pa\u00eds-membro da OTAN e detentor da soberania formal sobre o territ\u00f3rio. Ao colocar em xeque a integridade territorial de um aliado, Washington rompe um dos pilares centrais da alian\u00e7a: o compromisso de defesa m\u00fatua e o respeito entre seus integrantes.<\/p>\n<p data-start=\"1353\" data-end=\"1662\">Fontes diplom\u00e1ticas europeias avaliam que, caso a escalada ret\u00f3rica se transforme em a\u00e7\u00e3o concreta, a OTAN entraria em uma crise existencial. Afinal, a alian\u00e7a militar seria for\u00e7ada a lidar com um cen\u00e1rio in\u00e9dito: o maior poder militar do bloco amea\u00e7ando, direta ou indiretamente, um de seus pr\u00f3prios membros.<\/p>\n<p data-start=\"1664\" data-end=\"2010\">\u201cComo j\u00e1 deixei bem claro para todos, a Groenl\u00e2ndia \u00e9 imprescind\u00edvel para a seguran\u00e7a nacional e mundial. N\u00e3o h\u00e1 como voltar atr\u00e1s \u2014 nisso, todos concordam!\u201d, declarou Trump ap\u00f3s conversar com o secret\u00e1rio-geral da OTAN, Mark Rutte, numa fala que foi interpretada por chancelerias europeias como uma tentativa de impor um fato consumado ao bloco.<\/p>\n<p data-start=\"2012\" data-end=\"2318\">Para refor\u00e7ar sua posi\u00e7\u00e3o, Trump divulgou imagens simb\u00f3licas que ampliaram o desconforto entre aliados. Em uma delas, aparece discursando diante de l\u00edderes globais ao lado de um mapa que inclui o Canad\u00e1 e a Groenl\u00e2ndia como parte dos Estados Unidos \u2014 gesto visto como provocativo e politicamente explosivo.<\/p>\n<p data-start=\"2320\" data-end=\"2728\">A crise militar se soma a uma nova amea\u00e7a de guerra comercial transatl\u00e2ntica. Trump vazou mensagens privadas, incluindo uma do presidente franc\u00eas Emmanuel Macron, que questionava abertamente a ofensiva americana. Em resposta, o presidente dos EUA voltou a amea\u00e7ar tarifas de at\u00e9 200% sobre vinhos e champanhes franceses, reacendendo tens\u00f5es que j\u00e1 haviam abalado mercados e cadeias produtivas no ano passado.<\/p>\n<p data-start=\"2730\" data-end=\"3150\">A Uni\u00e3o Europeia reagiu com dureza. Entre as op\u00e7\u00f5es em estudo est\u00e1 um pacote de tarifas sobre 93 bilh\u00f5es de euros em importa\u00e7\u00f5es americanas, com entrada em vigor autom\u00e1tica a partir de 6 de fevereiro, al\u00e9m da poss\u00edvel ativa\u00e7\u00e3o do chamado Instrumento Anticoer\u00e7\u00e3o (ACI) \u2014 mecanismo ainda in\u00e9dito que permitiria restringir investimentos, servi\u00e7os financeiros e o acesso de empresas americanas a contratos p\u00fablicos no bloco.<\/p>\n<p data-start=\"3152\" data-end=\"3471\">\u201cEsta n\u00e3o \u00e9 uma quest\u00e3o apenas do Reino da Dinamarca, mas de toda a rela\u00e7\u00e3o transatl\u00e2ntica\u201d, afirmou a ministra da Economia da Dinamarca, Stephanie Lose, antes de uma reuni\u00e3o de ministros da UE em Bruxelas. Segundo ela, o epis\u00f3dio ultrapassou o campo diplom\u00e1tico e se tornou um teste decisivo para a coes\u00e3o do Ocidente.<\/p>\n<p data-start=\"3473\" data-end=\"3768\">Nos Estados Unidos, o secret\u00e1rio do Tesouro, Scott Bessent, tentou minimizar a crise, classificando como \u201chisteria\u201d as rea\u00e7\u00f5es europeias. \u00c0 margem do F\u00f3rum Econ\u00f4mico Mundial, em Davos, disse acreditar que uma solu\u00e7\u00e3o ser\u00e1 encontrada \u201cque termine muito bem para todos\u201d, pedindo calma aos aliados.<\/p>\n<p data-start=\"3770\" data-end=\"4082\">Ainda assim, o tom conciliador de Bessent contrasta com a leitura feita em Bruxelas. Em seu discurso no mesmo evento, a presidente da Comiss\u00e3o Europeia, Ursula von der Leyen, sinalizou que a sucess\u00e3o de choques geopol\u00edticos \u2014 incluindo a postura americana \u2014 for\u00e7a a Europa a repensar sua depend\u00eancia estrat\u00e9gica.<\/p>\n<p data-start=\"4084\" data-end=\"4371\">\u201cS\u00f3 conseguiremos aproveitar esta oportunidade se reconhecermos que esta mudan\u00e7a \u00e9 permanente\u201d, afirmou, numa fala interpretada como um aviso claro: a UE pode estar se preparando para um cen\u00e1rio em que a OTAN, como hoje \u00e9 conhecida, deixe de ser um pilar confi\u00e1vel da seguran\u00e7a europeia.<\/p>\n<p data-start=\"4373\" data-end=\"4625\">Nos corredores diplom\u00e1ticos, a pergunta que ganha for\u00e7a \u00e9 direta e inc\u00f4moda: se um aliado pode amea\u00e7ar outro em nome de interesses estrat\u00e9gicos pr\u00f3prios, at\u00e9 que ponto a OTAN ainda existe como alian\u00e7a \u2014 e n\u00e3o apenas como uma sigla esvaziada por dentro?<\/p>\n","protected":false},"excerpt":{"rendered":"<p>O presidente dos Estados Unidos, Donald Trump, afirmou nesta ter\u00e7a-feira (20) que \u201cn\u00e3o h\u00e1 volta atr\u00e1s\u201d em seu objetivo de assumir o controle da Groenl\u00e2ndia, recusando-se explicitamente a descartar o uso da for\u00e7a para garantir a soberania sobre a ilha \u00e1rtica. A declara\u00e7\u00e3o, somada a ataques verbais contra aliados hist\u00f3ricos, aprofunda uma crise sem precedentes [&hellip;]<\/p>\n","protected":false},"author":2,"featured_media":379835,"comment_status":"closed","ping_status":"closed","sticky":false,"template":"","format":"standard","meta":{"_acf_changed":false,"footnotes":""},"categories":[159],"tags":[95],"class_list":["post-379834","post","type-post","status-publish","format-standard","has-post-thumbnail","hentry","category-apocalipse","tag-capa"],"acf":[],"yoast_head":"<!-- This site is optimized with the Yoast SEO plugin v27.2 - https:\/\/yoast.com\/product\/yoast-seo-wordpress\/ -->\n<title>Ambi\u00e7\u00e3o de Trump pela Groenl\u00e2ndia amea\u00e7a implodir bloco da Otan - Notibras<\/title>\n<meta name=\"robots\" content=\"index, follow, max-snippet:-1, max-image-preview:large, max-video-preview:-1\" \/>\n<link rel=\"canonical\" href=\"https:\/\/www.notibras.com\/site\/ambicao-de-trump-pela-groenlandia-ameaca-implodir-bloco-da-otan\/\" \/>\n<meta property=\"og:locale\" content=\"pt_BR\" \/>\n<meta property=\"og:type\" content=\"article\" \/>\n<meta property=\"og:title\" content=\"Ambi\u00e7\u00e3o de Trump pela Groenl\u00e2ndia amea\u00e7a implodir bloco da Otan - Notibras\" \/>\n<meta property=\"og:description\" content=\"O presidente dos Estados Unidos, Donald Trump, afirmou nesta ter\u00e7a-feira (20) que \u201cn\u00e3o h\u00e1 volta atr\u00e1s\u201d em seu objetivo de assumir o controle da Groenl\u00e2ndia, recusando-se explicitamente a descartar o uso da for\u00e7a para garantir a soberania sobre a ilha \u00e1rtica. A declara\u00e7\u00e3o, somada a ataques verbais contra aliados hist\u00f3ricos, aprofunda uma crise sem precedentes [&hellip;]\" \/>\n<meta property=\"og:url\" content=\"https:\/\/www.notibras.com\/site\/ambicao-de-trump-pela-groenlandia-ameaca-implodir-bloco-da-otan\/\" \/>\n<meta property=\"og:site_name\" content=\"Notibras\" \/>\n<meta property=\"article:publisher\" content=\"https:\/\/www.facebook.com\/notibras\/\" \/>\n<meta property=\"article:published_time\" content=\"2026-01-20T16:29:19+00:00\" \/>\n<meta property=\"article:modified_time\" content=\"2026-01-20T18:35:33+00:00\" \/>\n<meta property=\"og:image\" content=\"https:\/\/www.notibras.com\/site\/wp-content\/uploads\/2026\/01\/trum.msn_.jpg\" \/>\n\t<meta property=\"og:image:width\" content=\"600\" \/>\n\t<meta property=\"og:image:height\" content=\"350\" \/>\n\t<meta property=\"og:image:type\" content=\"image\/jpeg\" \/>\n<meta name=\"author\" content=\"Reda\u00e7\u00e3o\" \/>\n<meta name=\"twitter:card\" content=\"summary_large_image\" \/>\n<meta name=\"twitter:creator\" content=\"@Notibras\" \/>\n<meta name=\"twitter:site\" content=\"@Notibras\" \/>\n<meta name=\"twitter:label1\" content=\"Escrito por\" \/>\n\t<meta name=\"twitter:data1\" content=\"Reda\u00e7\u00e3o\" \/>\n\t<meta name=\"twitter:label2\" content=\"Est. tempo de leitura\" \/>\n\t<meta name=\"twitter:data2\" content=\"4 minutos\" \/>\n<script type=\"application\/ld+json\" class=\"yoast-schema-graph\">{\"@context\":\"https:\/\/schema.org\",\"@graph\":[{\"@type\":\"Article\",\"@id\":\"https:\/\/www.notibras.com\/site\/ambicao-de-trump-pela-groenlandia-ameaca-implodir-bloco-da-otan\/#article\",\"isPartOf\":{\"@id\":\"https:\/\/www.notibras.com\/site\/ambicao-de-trump-pela-groenlandia-ameaca-implodir-bloco-da-otan\/\"},\"author\":{\"name\":\"Reda\u00e7\u00e3o\",\"@id\":\"https:\/\/www.notibras.com\/site\/#\/schema\/person\/36ab0979449956132d3e5b517ea76ac8\"},\"headline\":\"Ambi\u00e7\u00e3o de Trump pela Groenl\u00e2ndia amea\u00e7a implodir bloco da Otan\",\"datePublished\":\"2026-01-20T16:29:19+00:00\",\"dateModified\":\"2026-01-20T18:35:33+00:00\",\"mainEntityOfPage\":{\"@id\":\"https:\/\/www.notibras.com\/site\/ambicao-de-trump-pela-groenlandia-ameaca-implodir-bloco-da-otan\/\"},\"wordCount\":759,\"publisher\":{\"@id\":\"https:\/\/www.notibras.com\/site\/#organization\"},\"image\":{\"@id\":\"https:\/\/www.notibras.com\/site\/ambicao-de-trump-pela-groenlandia-ameaca-implodir-bloco-da-otan\/#primaryimage\"},\"thumbnailUrl\":\"https:\/\/www.notibras.com\/site\/wp-content\/uploads\/2026\/01\/trum.msn_.jpg\",\"keywords\":[\"capa\"],\"articleSection\":[\"Apocalipse\"],\"inLanguage\":\"pt-BR\"},{\"@type\":\"WebPage\",\"@id\":\"https:\/\/www.notibras.com\/site\/ambicao-de-trump-pela-groenlandia-ameaca-implodir-bloco-da-otan\/\",\"url\":\"https:\/\/www.notibras.com\/site\/ambicao-de-trump-pela-groenlandia-ameaca-implodir-bloco-da-otan\/\",\"name\":\"Ambi\u00e7\u00e3o de Trump pela Groenl\u00e2ndia amea\u00e7a implodir bloco da Otan - Notibras\",\"isPartOf\":{\"@id\":\"https:\/\/www.notibras.com\/site\/#website\"},\"primaryImageOfPage\":{\"@id\":\"https:\/\/www.notibras.com\/site\/ambicao-de-trump-pela-groenlandia-ameaca-implodir-bloco-da-otan\/#primaryimage\"},\"image\":{\"@id\":\"https:\/\/www.notibras.com\/site\/ambicao-de-trump-pela-groenlandia-ameaca-implodir-bloco-da-otan\/#primaryimage\"},\"thumbnailUrl\":\"https:\/\/www.notibras.com\/site\/wp-content\/uploads\/2026\/01\/trum.msn_.jpg\",\"datePublished\":\"2026-01-20T16:29:19+00:00\",\"dateModified\":\"2026-01-20T18:35:33+00:00\",\"breadcrumb\":{\"@id\":\"https:\/\/www.notibras.com\/site\/ambicao-de-trump-pela-groenlandia-ameaca-implodir-bloco-da-otan\/#breadcrumb\"},\"inLanguage\":\"pt-BR\",\"potentialAction\":[{\"@type\":\"ReadAction\",\"target\":[\"https:\/\/www.notibras.com\/site\/ambicao-de-trump-pela-groenlandia-ameaca-implodir-bloco-da-otan\/\"]}]},{\"@type\":\"ImageObject\",\"inLanguage\":\"pt-BR\",\"@id\":\"https:\/\/www.notibras.com\/site\/ambicao-de-trump-pela-groenlandia-ameaca-implodir-bloco-da-otan\/#primaryimage\",\"url\":\"https:\/\/www.notibras.com\/site\/wp-content\/uploads\/2026\/01\/trum.msn_.jpg\",\"contentUrl\":\"https:\/\/www.notibras.com\/site\/wp-content\/uploads\/2026\/01\/trum.msn_.jpg\",\"width\":600,\"height\":350},{\"@type\":\"BreadcrumbList\",\"@id\":\"https:\/\/www.notibras.com\/site\/ambicao-de-trump-pela-groenlandia-ameaca-implodir-bloco-da-otan\/#breadcrumb\",\"itemListElement\":[{\"@type\":\"ListItem\",\"position\":1,\"name\":\"In\u00edcio\",\"item\":\"https:\/\/www.notibras.com\/site\/\"},{\"@type\":\"ListItem\",\"position\":2,\"name\":\"Ambi\u00e7\u00e3o de Trump pela Groenl\u00e2ndia amea\u00e7a implodir bloco da Otan\"}]},{\"@type\":\"WebSite\",\"@id\":\"https:\/\/www.notibras.com\/site\/#website\",\"url\":\"https:\/\/www.notibras.com\/site\/\",\"name\":\"Notibras\",\"description\":\"Not\u00edcias de Bras\u00edlia, do Brasil e do Mundo\",\"publisher\":{\"@id\":\"https:\/\/www.notibras.com\/site\/#organization\"},\"potentialAction\":[{\"@type\":\"SearchAction\",\"target\":{\"@type\":\"EntryPoint\",\"urlTemplate\":\"https:\/\/www.notibras.com\/site\/?s={search_term_string}\"},\"query-input\":{\"@type\":\"PropertyValueSpecification\",\"valueRequired\":true,\"valueName\":\"search_term_string\"}}],\"inLanguage\":\"pt-BR\"},{\"@type\":\"Organization\",\"@id\":\"https:\/\/www.notibras.com\/site\/#organization\",\"name\":\"Grupo Notibras de Comunica\u00e7\u00e3o\",\"url\":\"https:\/\/www.notibras.com\/site\/\",\"logo\":{\"@type\":\"ImageObject\",\"inLanguage\":\"pt-BR\",\"@id\":\"https:\/\/www.notibras.com\/site\/#\/schema\/logo\/image\/\",\"url\":\"https:\/\/www.notibras.com\/site\/wp-content\/uploads\/2023\/01\/notibras23.png\",\"contentUrl\":\"https:\/\/www.notibras.com\/site\/wp-content\/uploads\/2023\/01\/notibras23.png\",\"width\":350,\"height\":87,\"caption\":\"Grupo Notibras de Comunica\u00e7\u00e3o\"},\"image\":{\"@id\":\"https:\/\/www.notibras.com\/site\/#\/schema\/logo\/image\/\"},\"sameAs\":[\"https:\/\/www.facebook.com\/notibras\/\",\"https:\/\/x.com\/Notibras\",\"https:\/\/www.instagram.com\/notibras\/\"]},{\"@type\":\"Person\",\"@id\":\"https:\/\/www.notibras.com\/site\/#\/schema\/person\/36ab0979449956132d3e5b517ea76ac8\",\"name\":\"Reda\u00e7\u00e3o\",\"image\":{\"@type\":\"ImageObject\",\"inLanguage\":\"pt-BR\",\"@id\":\"https:\/\/secure.gravatar.com\/avatar\/e0a867bdedb85fd243eadf09663511f96fc81e0720a4a42581f334ad4303aa6b?s=96&d=mm&r=g\",\"url\":\"https:\/\/secure.gravatar.com\/avatar\/e0a867bdedb85fd243eadf09663511f96fc81e0720a4a42581f334ad4303aa6b?s=96&d=mm&r=g\",\"contentUrl\":\"https:\/\/secure.gravatar.com\/avatar\/e0a867bdedb85fd243eadf09663511f96fc81e0720a4a42581f334ad4303aa6b?s=96&d=mm&r=g\",\"caption\":\"Reda\u00e7\u00e3o\"}}]}<\/script>\n<!-- \/ Yoast SEO plugin. -->","yoast_head_json":{"title":"Ambi\u00e7\u00e3o de Trump pela Groenl\u00e2ndia amea\u00e7a implodir bloco da Otan - Notibras","robots":{"index":"index","follow":"follow","max-snippet":"max-snippet:-1","max-image-preview":"max-image-preview:large","max-video-preview":"max-video-preview:-1"},"canonical":"https:\/\/www.notibras.com\/site\/ambicao-de-trump-pela-groenlandia-ameaca-implodir-bloco-da-otan\/","og_locale":"pt_BR","og_type":"article","og_title":"Ambi\u00e7\u00e3o de Trump pela Groenl\u00e2ndia amea\u00e7a implodir bloco da Otan - Notibras","og_description":"O presidente dos Estados Unidos, Donald Trump, afirmou nesta ter\u00e7a-feira (20) que \u201cn\u00e3o h\u00e1 volta atr\u00e1s\u201d em seu objetivo de assumir o controle da Groenl\u00e2ndia, recusando-se explicitamente a descartar o uso da for\u00e7a para garantir a soberania sobre a ilha \u00e1rtica. A declara\u00e7\u00e3o, somada a ataques verbais contra aliados hist\u00f3ricos, aprofunda uma crise sem precedentes [&hellip;]","og_url":"https:\/\/www.notibras.com\/site\/ambicao-de-trump-pela-groenlandia-ameaca-implodir-bloco-da-otan\/","og_site_name":"Notibras","article_publisher":"https:\/\/www.facebook.com\/notibras\/","article_published_time":"2026-01-20T16:29:19+00:00","article_modified_time":"2026-01-20T18:35:33+00:00","og_image":[{"width":600,"height":350,"url":"https:\/\/www.notibras.com\/site\/wp-content\/uploads\/2026\/01\/trum.msn_.jpg","type":"image\/jpeg"}],"author":"Reda\u00e7\u00e3o","twitter_card":"summary_large_image","twitter_creator":"@Notibras","twitter_site":"@Notibras","twitter_misc":{"Escrito por":"Reda\u00e7\u00e3o","Est. tempo de leitura":"4 minutos"},"schema":{"@context":"https:\/\/schema.org","@graph":[{"@type":"Article","@id":"https:\/\/www.notibras.com\/site\/ambicao-de-trump-pela-groenlandia-ameaca-implodir-bloco-da-otan\/#article","isPartOf":{"@id":"https:\/\/www.notibras.com\/site\/ambicao-de-trump-pela-groenlandia-ameaca-implodir-bloco-da-otan\/"},"author":{"name":"Reda\u00e7\u00e3o","@id":"https:\/\/www.notibras.com\/site\/#\/schema\/person\/36ab0979449956132d3e5b517ea76ac8"},"headline":"Ambi\u00e7\u00e3o de Trump pela Groenl\u00e2ndia amea\u00e7a implodir bloco da Otan","datePublished":"2026-01-20T16:29:19+00:00","dateModified":"2026-01-20T18:35:33+00:00","mainEntityOfPage":{"@id":"https:\/\/www.notibras.com\/site\/ambicao-de-trump-pela-groenlandia-ameaca-implodir-bloco-da-otan\/"},"wordCount":759,"publisher":{"@id":"https:\/\/www.notibras.com\/site\/#organization"},"image":{"@id":"https:\/\/www.notibras.com\/site\/ambicao-de-trump-pela-groenlandia-ameaca-implodir-bloco-da-otan\/#primaryimage"},"thumbnailUrl":"https:\/\/www.notibras.com\/site\/wp-content\/uploads\/2026\/01\/trum.msn_.jpg","keywords":["capa"],"articleSection":["Apocalipse"],"inLanguage":"pt-BR"},{"@type":"WebPage","@id":"https:\/\/www.notibras.com\/site\/ambicao-de-trump-pela-groenlandia-ameaca-implodir-bloco-da-otan\/","url":"https:\/\/www.notibras.com\/site\/ambicao-de-trump-pela-groenlandia-ameaca-implodir-bloco-da-otan\/","name":"Ambi\u00e7\u00e3o de Trump pela Groenl\u00e2ndia amea\u00e7a implodir bloco da Otan - Notibras","isPartOf":{"@id":"https:\/\/www.notibras.com\/site\/#website"},"primaryImageOfPage":{"@id":"https:\/\/www.notibras.com\/site\/ambicao-de-trump-pela-groenlandia-ameaca-implodir-bloco-da-otan\/#primaryimage"},"image":{"@id":"https:\/\/www.notibras.com\/site\/ambicao-de-trump-pela-groenlandia-ameaca-implodir-bloco-da-otan\/#primaryimage"},"thumbnailUrl":"https:\/\/www.notibras.com\/site\/wp-content\/uploads\/2026\/01\/trum.msn_.jpg","datePublished":"2026-01-20T16:29:19+00:00","dateModified":"2026-01-20T18:35:33+00:00","breadcrumb":{"@id":"https:\/\/www.notibras.com\/site\/ambicao-de-trump-pela-groenlandia-ameaca-implodir-bloco-da-otan\/#breadcrumb"},"inLanguage":"pt-BR","potentialAction":[{"@type":"ReadAction","target":["https:\/\/www.notibras.com\/site\/ambicao-de-trump-pela-groenlandia-ameaca-implodir-bloco-da-otan\/"]}]},{"@type":"ImageObject","inLanguage":"pt-BR","@id":"https:\/\/www.notibras.com\/site\/ambicao-de-trump-pela-groenlandia-ameaca-implodir-bloco-da-otan\/#primaryimage","url":"https:\/\/www.notibras.com\/site\/wp-content\/uploads\/2026\/01\/trum.msn_.jpg","contentUrl":"https:\/\/www.notibras.com\/site\/wp-content\/uploads\/2026\/01\/trum.msn_.jpg","width":600,"height":350},{"@type":"BreadcrumbList","@id":"https:\/\/www.notibras.com\/site\/ambicao-de-trump-pela-groenlandia-ameaca-implodir-bloco-da-otan\/#breadcrumb","itemListElement":[{"@type":"ListItem","position":1,"name":"In\u00edcio","item":"https:\/\/www.notibras.com\/site\/"},{"@type":"ListItem","position":2,"name":"Ambi\u00e7\u00e3o de Trump pela Groenl\u00e2ndia amea\u00e7a implodir bloco da Otan"}]},{"@type":"WebSite","@id":"https:\/\/www.notibras.com\/site\/#website","url":"https:\/\/www.notibras.com\/site\/","name":"Notibras","description":"Not\u00edcias de Bras\u00edlia, do Brasil e do Mundo","publisher":{"@id":"https:\/\/www.notibras.com\/site\/#organization"},"potentialAction":[{"@type":"SearchAction","target":{"@type":"EntryPoint","urlTemplate":"https:\/\/www.notibras.com\/site\/?s={search_term_string}"},"query-input":{"@type":"PropertyValueSpecification","valueRequired":true,"valueName":"search_term_string"}}],"inLanguage":"pt-BR"},{"@type":"Organization","@id":"https:\/\/www.notibras.com\/site\/#organization","name":"Grupo Notibras de Comunica\u00e7\u00e3o","url":"https:\/\/www.notibras.com\/site\/","logo":{"@type":"ImageObject","inLanguage":"pt-BR","@id":"https:\/\/www.notibras.com\/site\/#\/schema\/logo\/image\/","url":"https:\/\/www.notibras.com\/site\/wp-content\/uploads\/2023\/01\/notibras23.png","contentUrl":"https:\/\/www.notibras.com\/site\/wp-content\/uploads\/2023\/01\/notibras23.png","width":350,"height":87,"caption":"Grupo Notibras de Comunica\u00e7\u00e3o"},"image":{"@id":"https:\/\/www.notibras.com\/site\/#\/schema\/logo\/image\/"},"sameAs":["https:\/\/www.facebook.com\/notibras\/","https:\/\/x.com\/Notibras","https:\/\/www.instagram.com\/notibras\/"]},{"@type":"Person","@id":"https:\/\/www.notibras.com\/site\/#\/schema\/person\/36ab0979449956132d3e5b517ea76ac8","name":"Reda\u00e7\u00e3o","image":{"@type":"ImageObject","inLanguage":"pt-BR","@id":"https:\/\/secure.gravatar.com\/avatar\/e0a867bdedb85fd243eadf09663511f96fc81e0720a4a42581f334ad4303aa6b?s=96&d=mm&r=g","url":"https:\/\/secure.gravatar.com\/avatar\/e0a867bdedb85fd243eadf09663511f96fc81e0720a4a42581f334ad4303aa6b?s=96&d=mm&r=g","contentUrl":"https:\/\/secure.gravatar.com\/avatar\/e0a867bdedb85fd243eadf09663511f96fc81e0720a4a42581f334ad4303aa6b?s=96&d=mm&r=g","caption":"Reda\u00e7\u00e3o"}}]}},"amp_enabled":true,"_links":{"self":[{"href":"https:\/\/www.notibras.com\/site\/wp-json\/wp\/v2\/posts\/379834","targetHints":{"allow":["GET"]}}],"collection":[{"href":"https:\/\/www.notibras.com\/site\/wp-json\/wp\/v2\/posts"}],"about":[{"href":"https:\/\/www.notibras.com\/site\/wp-json\/wp\/v2\/types\/post"}],"author":[{"embeddable":true,"href":"https:\/\/www.notibras.com\/site\/wp-json\/wp\/v2\/users\/2"}],"replies":[{"embeddable":true,"href":"https:\/\/www.notibras.com\/site\/wp-json\/wp\/v2\/comments?post=379834"}],"version-history":[{"count":2,"href":"https:\/\/www.notibras.com\/site\/wp-json\/wp\/v2\/posts\/379834\/revisions"}],"predecessor-version":[{"id":379837,"href":"https:\/\/www.notibras.com\/site\/wp-json\/wp\/v2\/posts\/379834\/revisions\/379837"}],"wp:featuredmedia":[{"embeddable":true,"href":"https:\/\/www.notibras.com\/site\/wp-json\/wp\/v2\/media\/379835"}],"wp:attachment":[{"href":"https:\/\/www.notibras.com\/site\/wp-json\/wp\/v2\/media?parent=379834"}],"wp:term":[{"taxonomy":"category","embeddable":true,"href":"https:\/\/www.notibras.com\/site\/wp-json\/wp\/v2\/categories?post=379834"},{"taxonomy":"post_tag","embeddable":true,"href":"https:\/\/www.notibras.com\/site\/wp-json\/wp\/v2\/tags?post=379834"}],"curies":[{"name":"wp","href":"https:\/\/api.w.org\/{rel}","templated":true}]}}