{"id":379838,"date":"2026-01-20T13:42:30","date_gmt":"2026-01-20T16:42:30","guid":{"rendered":"https:\/\/www.notibras.com\/site\/?p=379838"},"modified":"2026-01-20T15:45:03","modified_gmt":"2026-01-20T18:45:03","slug":"joao-fonseca-cai-na-estreia-do-aberto-da-australia","status":"publish","type":"post","link":"https:\/\/www.notibras.com\/site\/joao-fonseca-cai-na-estreia-do-aberto-da-australia\/","title":{"rendered":"Jo\u00e3o Fonseca cai na estreia do Aberto da Austr\u00e1lia"},"content":{"rendered":"<p>O tenista brasileiro Jo\u00e3o Fonseca deu adeus precoce \u00e0 chave principal do Aberto da Austr\u00e1lia, seu primeiro torneio na temporada 2026. N\u00famero 32 do mundo, o carioca de 19 anos foi eliminado na estreia no Grand Slam em Melbourne pelo norte-americano Eliot Spizzirri (89\u00ba no ranking) por 3 sets a 1, com parciais de 6\/4, 2\/6, 6\/1 e 6\/2, ap\u00f3s 2h41min de partida.<\/p>\n<p>Devido a dores lombares, Fonseca adiou por duas vezes a estreia em 2026: desistiu de competir os ATPs 250 de Brisbane e de Adelaide, ambos torneios preparat\u00f3rios para o Grand Slam australiano. Em outubro do ano passado, o carioca j\u00e1 antecipara o fim da temporada para tratar uma lombalgia (dor na regi\u00e3o lombar).<\/p>\n<p>\u201cEu diria que precisava de mais tempo. Desde o in\u00edcio de Brisbane eu n\u00e3o estava jogando, depois voltei, mas de forma lenta. Em seguida parei de novo. Fiquei quase 15 dias sem treinar a 100%, sem intensidade m\u00e1xima\u201d, avaliou Fonseca, n\u00famero 1 do Brasil, logo ap\u00f3s o rev\u00e9s em Melbourne.<\/p>\n<p>\u201cAcho que na vida precisamos tirar coisas positivas das situa\u00e7\u00f5es. Minhas costas est\u00e3o 100%, estou saud\u00e1vel de novo. S\u00f3 precisava de tempo. Foi bom ver como lidar com uma partida em cinco sets sem estar fisicamente no melhor n\u00edvel. Eu me cansei mais cedo, faltou ritmo, mas foi uma experi\u00eancia importante para conhecer meus limites. N\u00e3o me arrependo de nada\u201d, conclui o jovem, que vai defender o bicampeonato no ATP 250 de Buenos Aires a partir de 9 de fevereiro.<\/p>\n<p>Com a elimina\u00e7\u00e3o de Fonseca, o Brasil n\u00e3o tem mais representantes na chave de simples do Aberto da Austr\u00e1lia. A paulista Beatriz Haddad Maia (39\u00aa no ranking) tamb\u00e9m deu adeus precoce ao Grand Slam: ela foi surpreendida na estreia, no \u00faltimo domingo (17), pela cazaque Yulia Putintseva, que venceu de virada, por 2 sets a 1 (3\/6, 7\/5 e 6\/3).<\/p>\n","protected":false},"excerpt":{"rendered":"<p>O tenista brasileiro Jo\u00e3o Fonseca deu adeus precoce \u00e0 chave principal do Aberto da Austr\u00e1lia, seu primeiro torneio na temporada 2026. N\u00famero 32 do mundo, o carioca de 19 anos foi eliminado na estreia no Grand Slam em Melbourne pelo norte-americano Eliot Spizzirri (89\u00ba no ranking) por 3 sets a 1, com parciais de 6\/4, [&hellip;]<\/p>\n","protected":false},"author":2,"featured_media":379839,"comment_status":"closed","ping_status":"closed","sticky":false,"template":"","format":"standard","meta":{"_acf_changed":false,"footnotes":""},"categories":[155],"tags":[],"class_list":["post-379838","post","type-post","status-publish","format-standard","has-post-thumbnail","hentry","category-leitura-vip"],"acf":[],"yoast_head":"<!-- This site is optimized with the Yoast SEO plugin v27.2 - https:\/\/yoast.com\/product\/yoast-seo-wordpress\/ -->\n<title>Jo\u00e3o Fonseca cai na estreia do Aberto da Austr\u00e1lia - Notibras<\/title>\n<meta name=\"robots\" content=\"index, follow, max-snippet:-1, max-image-preview:large, max-video-preview:-1\" \/>\n<link rel=\"canonical\" href=\"https:\/\/www.notibras.com\/site\/joao-fonseca-cai-na-estreia-do-aberto-da-australia\/\" \/>\n<meta property=\"og:locale\" content=\"pt_BR\" \/>\n<meta property=\"og:type\" content=\"article\" \/>\n<meta property=\"og:title\" content=\"Jo\u00e3o Fonseca cai na estreia do Aberto da Austr\u00e1lia - Notibras\" \/>\n<meta property=\"og:description\" content=\"O tenista brasileiro Jo\u00e3o Fonseca deu adeus precoce \u00e0 chave principal do Aberto da Austr\u00e1lia, seu primeiro torneio na temporada 2026. N\u00famero 32 do mundo, o carioca de 19 anos foi eliminado na estreia no Grand Slam em Melbourne pelo norte-americano Eliot Spizzirri (89\u00ba no ranking) por 3 sets a 1, com parciais de 6\/4, [&hellip;]\" \/>\n<meta property=\"og:url\" content=\"https:\/\/www.notibras.com\/site\/joao-fonseca-cai-na-estreia-do-aberto-da-australia\/\" \/>\n<meta property=\"og:site_name\" content=\"Notibras\" \/>\n<meta property=\"article:publisher\" content=\"https:\/\/www.facebook.com\/notibras\/\" \/>\n<meta property=\"article:published_time\" content=\"2026-01-20T16:42:30+00:00\" \/>\n<meta property=\"article:modified_time\" content=\"2026-01-20T18:45:03+00:00\" \/>\n<meta property=\"og:image\" content=\"https:\/\/www.notibras.com\/site\/wp-content\/uploads\/2026\/01\/joao_fonseca_aberto_da_australia_2026.webp\" \/>\n\t<meta property=\"og:image:width\" content=\"1170\" \/>\n\t<meta property=\"og:image:height\" content=\"700\" \/>\n\t<meta property=\"og:image:type\" content=\"image\/webp\" \/>\n<meta name=\"author\" content=\"Reda\u00e7\u00e3o\" \/>\n<meta name=\"twitter:card\" content=\"summary_large_image\" \/>\n<meta name=\"twitter:creator\" content=\"@Notibras\" \/>\n<meta name=\"twitter:site\" content=\"@Notibras\" \/>\n<meta name=\"twitter:label1\" content=\"Escrito por\" \/>\n\t<meta name=\"twitter:data1\" content=\"Reda\u00e7\u00e3o\" \/>\n\t<meta name=\"twitter:label2\" content=\"Est. tempo de leitura\" \/>\n\t<meta name=\"twitter:data2\" content=\"2 minutos\" \/>\n<script type=\"application\/ld+json\" class=\"yoast-schema-graph\">{\"@context\":\"https:\/\/schema.org\",\"@graph\":[{\"@type\":\"Article\",\"@id\":\"https:\/\/www.notibras.com\/site\/joao-fonseca-cai-na-estreia-do-aberto-da-australia\/#article\",\"isPartOf\":{\"@id\":\"https:\/\/www.notibras.com\/site\/joao-fonseca-cai-na-estreia-do-aberto-da-australia\/\"},\"author\":{\"name\":\"Reda\u00e7\u00e3o\",\"@id\":\"https:\/\/www.notibras.com\/site\/#\/schema\/person\/36ab0979449956132d3e5b517ea76ac8\"},\"headline\":\"Jo\u00e3o Fonseca cai na estreia do Aberto da Austr\u00e1lia\",\"datePublished\":\"2026-01-20T16:42:30+00:00\",\"dateModified\":\"2026-01-20T18:45:03+00:00\",\"mainEntityOfPage\":{\"@id\":\"https:\/\/www.notibras.com\/site\/joao-fonseca-cai-na-estreia-do-aberto-da-australia\/\"},\"wordCount\":314,\"publisher\":{\"@id\":\"https:\/\/www.notibras.com\/site\/#organization\"},\"image\":{\"@id\":\"https:\/\/www.notibras.com\/site\/joao-fonseca-cai-na-estreia-do-aberto-da-australia\/#primaryimage\"},\"thumbnailUrl\":\"https:\/\/www.notibras.com\/site\/wp-content\/uploads\/2026\/01\/joao_fonseca_aberto_da_australia_2026.webp\",\"articleSection\":[\"Leitura Vip\"],\"inLanguage\":\"pt-BR\"},{\"@type\":\"WebPage\",\"@id\":\"https:\/\/www.notibras.com\/site\/joao-fonseca-cai-na-estreia-do-aberto-da-australia\/\",\"url\":\"https:\/\/www.notibras.com\/site\/joao-fonseca-cai-na-estreia-do-aberto-da-australia\/\",\"name\":\"Jo\u00e3o Fonseca cai na estreia do Aberto da Austr\u00e1lia - Notibras\",\"isPartOf\":{\"@id\":\"https:\/\/www.notibras.com\/site\/#website\"},\"primaryImageOfPage\":{\"@id\":\"https:\/\/www.notibras.com\/site\/joao-fonseca-cai-na-estreia-do-aberto-da-australia\/#primaryimage\"},\"image\":{\"@id\":\"https:\/\/www.notibras.com\/site\/joao-fonseca-cai-na-estreia-do-aberto-da-australia\/#primaryimage\"},\"thumbnailUrl\":\"https:\/\/www.notibras.com\/site\/wp-content\/uploads\/2026\/01\/joao_fonseca_aberto_da_australia_2026.webp\",\"datePublished\":\"2026-01-20T16:42:30+00:00\",\"dateModified\":\"2026-01-20T18:45:03+00:00\",\"breadcrumb\":{\"@id\":\"https:\/\/www.notibras.com\/site\/joao-fonseca-cai-na-estreia-do-aberto-da-australia\/#breadcrumb\"},\"inLanguage\":\"pt-BR\",\"potentialAction\":[{\"@type\":\"ReadAction\",\"target\":[\"https:\/\/www.notibras.com\/site\/joao-fonseca-cai-na-estreia-do-aberto-da-australia\/\"]}]},{\"@type\":\"ImageObject\",\"inLanguage\":\"pt-BR\",\"@id\":\"https:\/\/www.notibras.com\/site\/joao-fonseca-cai-na-estreia-do-aberto-da-australia\/#primaryimage\",\"url\":\"https:\/\/www.notibras.com\/site\/wp-content\/uploads\/2026\/01\/joao_fonseca_aberto_da_australia_2026.webp\",\"contentUrl\":\"https:\/\/www.notibras.com\/site\/wp-content\/uploads\/2026\/01\/joao_fonseca_aberto_da_australia_2026.webp\",\"width\":1170,\"height\":700},{\"@type\":\"BreadcrumbList\",\"@id\":\"https:\/\/www.notibras.com\/site\/joao-fonseca-cai-na-estreia-do-aberto-da-australia\/#breadcrumb\",\"itemListElement\":[{\"@type\":\"ListItem\",\"position\":1,\"name\":\"In\u00edcio\",\"item\":\"https:\/\/www.notibras.com\/site\/\"},{\"@type\":\"ListItem\",\"position\":2,\"name\":\"Jo\u00e3o Fonseca cai na estreia do Aberto da Austr\u00e1lia\"}]},{\"@type\":\"WebSite\",\"@id\":\"https:\/\/www.notibras.com\/site\/#website\",\"url\":\"https:\/\/www.notibras.com\/site\/\",\"name\":\"Notibras\",\"description\":\"Not\u00edcias de Bras\u00edlia, do Brasil e do Mundo\",\"publisher\":{\"@id\":\"https:\/\/www.notibras.com\/site\/#organization\"},\"potentialAction\":[{\"@type\":\"SearchAction\",\"target\":{\"@type\":\"EntryPoint\",\"urlTemplate\":\"https:\/\/www.notibras.com\/site\/?s={search_term_string}\"},\"query-input\":{\"@type\":\"PropertyValueSpecification\",\"valueRequired\":true,\"valueName\":\"search_term_string\"}}],\"inLanguage\":\"pt-BR\"},{\"@type\":\"Organization\",\"@id\":\"https:\/\/www.notibras.com\/site\/#organization\",\"name\":\"Grupo Notibras de Comunica\u00e7\u00e3o\",\"url\":\"https:\/\/www.notibras.com\/site\/\",\"logo\":{\"@type\":\"ImageObject\",\"inLanguage\":\"pt-BR\",\"@id\":\"https:\/\/www.notibras.com\/site\/#\/schema\/logo\/image\/\",\"url\":\"https:\/\/www.notibras.com\/site\/wp-content\/uploads\/2023\/01\/notibras23.png\",\"contentUrl\":\"https:\/\/www.notibras.com\/site\/wp-content\/uploads\/2023\/01\/notibras23.png\",\"width\":350,\"height\":87,\"caption\":\"Grupo Notibras de Comunica\u00e7\u00e3o\"},\"image\":{\"@id\":\"https:\/\/www.notibras.com\/site\/#\/schema\/logo\/image\/\"},\"sameAs\":[\"https:\/\/www.facebook.com\/notibras\/\",\"https:\/\/x.com\/Notibras\",\"https:\/\/www.instagram.com\/notibras\/\"]},{\"@type\":\"Person\",\"@id\":\"https:\/\/www.notibras.com\/site\/#\/schema\/person\/36ab0979449956132d3e5b517ea76ac8\",\"name\":\"Reda\u00e7\u00e3o\",\"image\":{\"@type\":\"ImageObject\",\"inLanguage\":\"pt-BR\",\"@id\":\"https:\/\/secure.gravatar.com\/avatar\/e0a867bdedb85fd243eadf09663511f96fc81e0720a4a42581f334ad4303aa6b?s=96&d=mm&r=g\",\"url\":\"https:\/\/secure.gravatar.com\/avatar\/e0a867bdedb85fd243eadf09663511f96fc81e0720a4a42581f334ad4303aa6b?s=96&d=mm&r=g\",\"contentUrl\":\"https:\/\/secure.gravatar.com\/avatar\/e0a867bdedb85fd243eadf09663511f96fc81e0720a4a42581f334ad4303aa6b?s=96&d=mm&r=g\",\"caption\":\"Reda\u00e7\u00e3o\"}}]}<\/script>\n<!-- \/ Yoast SEO plugin. -->","yoast_head_json":{"title":"Jo\u00e3o Fonseca cai na estreia do Aberto da Austr\u00e1lia - Notibras","robots":{"index":"index","follow":"follow","max-snippet":"max-snippet:-1","max-image-preview":"max-image-preview:large","max-video-preview":"max-video-preview:-1"},"canonical":"https:\/\/www.notibras.com\/site\/joao-fonseca-cai-na-estreia-do-aberto-da-australia\/","og_locale":"pt_BR","og_type":"article","og_title":"Jo\u00e3o Fonseca cai na estreia do Aberto da Austr\u00e1lia - Notibras","og_description":"O tenista brasileiro Jo\u00e3o Fonseca deu adeus precoce \u00e0 chave principal do Aberto da Austr\u00e1lia, seu primeiro torneio na temporada 2026. N\u00famero 32 do mundo, o carioca de 19 anos foi eliminado na estreia no Grand Slam em Melbourne pelo norte-americano Eliot Spizzirri (89\u00ba no ranking) por 3 sets a 1, com parciais de 6\/4, [&hellip;]","og_url":"https:\/\/www.notibras.com\/site\/joao-fonseca-cai-na-estreia-do-aberto-da-australia\/","og_site_name":"Notibras","article_publisher":"https:\/\/www.facebook.com\/notibras\/","article_published_time":"2026-01-20T16:42:30+00:00","article_modified_time":"2026-01-20T18:45:03+00:00","og_image":[{"width":1170,"height":700,"url":"https:\/\/www.notibras.com\/site\/wp-content\/uploads\/2026\/01\/joao_fonseca_aberto_da_australia_2026.webp","type":"image\/webp"}],"author":"Reda\u00e7\u00e3o","twitter_card":"summary_large_image","twitter_creator":"@Notibras","twitter_site":"@Notibras","twitter_misc":{"Escrito por":"Reda\u00e7\u00e3o","Est. tempo de leitura":"2 minutos"},"schema":{"@context":"https:\/\/schema.org","@graph":[{"@type":"Article","@id":"https:\/\/www.notibras.com\/site\/joao-fonseca-cai-na-estreia-do-aberto-da-australia\/#article","isPartOf":{"@id":"https:\/\/www.notibras.com\/site\/joao-fonseca-cai-na-estreia-do-aberto-da-australia\/"},"author":{"name":"Reda\u00e7\u00e3o","@id":"https:\/\/www.notibras.com\/site\/#\/schema\/person\/36ab0979449956132d3e5b517ea76ac8"},"headline":"Jo\u00e3o Fonseca cai na estreia do Aberto da Austr\u00e1lia","datePublished":"2026-01-20T16:42:30+00:00","dateModified":"2026-01-20T18:45:03+00:00","mainEntityOfPage":{"@id":"https:\/\/www.notibras.com\/site\/joao-fonseca-cai-na-estreia-do-aberto-da-australia\/"},"wordCount":314,"publisher":{"@id":"https:\/\/www.notibras.com\/site\/#organization"},"image":{"@id":"https:\/\/www.notibras.com\/site\/joao-fonseca-cai-na-estreia-do-aberto-da-australia\/#primaryimage"},"thumbnailUrl":"https:\/\/www.notibras.com\/site\/wp-content\/uploads\/2026\/01\/joao_fonseca_aberto_da_australia_2026.webp","articleSection":["Leitura Vip"],"inLanguage":"pt-BR"},{"@type":"WebPage","@id":"https:\/\/www.notibras.com\/site\/joao-fonseca-cai-na-estreia-do-aberto-da-australia\/","url":"https:\/\/www.notibras.com\/site\/joao-fonseca-cai-na-estreia-do-aberto-da-australia\/","name":"Jo\u00e3o Fonseca cai na estreia do Aberto da Austr\u00e1lia - Notibras","isPartOf":{"@id":"https:\/\/www.notibras.com\/site\/#website"},"primaryImageOfPage":{"@id":"https:\/\/www.notibras.com\/site\/joao-fonseca-cai-na-estreia-do-aberto-da-australia\/#primaryimage"},"image":{"@id":"https:\/\/www.notibras.com\/site\/joao-fonseca-cai-na-estreia-do-aberto-da-australia\/#primaryimage"},"thumbnailUrl":"https:\/\/www.notibras.com\/site\/wp-content\/uploads\/2026\/01\/joao_fonseca_aberto_da_australia_2026.webp","datePublished":"2026-01-20T16:42:30+00:00","dateModified":"2026-01-20T18:45:03+00:00","breadcrumb":{"@id":"https:\/\/www.notibras.com\/site\/joao-fonseca-cai-na-estreia-do-aberto-da-australia\/#breadcrumb"},"inLanguage":"pt-BR","potentialAction":[{"@type":"ReadAction","target":["https:\/\/www.notibras.com\/site\/joao-fonseca-cai-na-estreia-do-aberto-da-australia\/"]}]},{"@type":"ImageObject","inLanguage":"pt-BR","@id":"https:\/\/www.notibras.com\/site\/joao-fonseca-cai-na-estreia-do-aberto-da-australia\/#primaryimage","url":"https:\/\/www.notibras.com\/site\/wp-content\/uploads\/2026\/01\/joao_fonseca_aberto_da_australia_2026.webp","contentUrl":"https:\/\/www.notibras.com\/site\/wp-content\/uploads\/2026\/01\/joao_fonseca_aberto_da_australia_2026.webp","width":1170,"height":700},{"@type":"BreadcrumbList","@id":"https:\/\/www.notibras.com\/site\/joao-fonseca-cai-na-estreia-do-aberto-da-australia\/#breadcrumb","itemListElement":[{"@type":"ListItem","position":1,"name":"In\u00edcio","item":"https:\/\/www.notibras.com\/site\/"},{"@type":"ListItem","position":2,"name":"Jo\u00e3o Fonseca cai na estreia do Aberto da Austr\u00e1lia"}]},{"@type":"WebSite","@id":"https:\/\/www.notibras.com\/site\/#website","url":"https:\/\/www.notibras.com\/site\/","name":"Notibras","description":"Not\u00edcias de Bras\u00edlia, do Brasil e do Mundo","publisher":{"@id":"https:\/\/www.notibras.com\/site\/#organization"},"potentialAction":[{"@type":"SearchAction","target":{"@type":"EntryPoint","urlTemplate":"https:\/\/www.notibras.com\/site\/?s={search_term_string}"},"query-input":{"@type":"PropertyValueSpecification","valueRequired":true,"valueName":"search_term_string"}}],"inLanguage":"pt-BR"},{"@type":"Organization","@id":"https:\/\/www.notibras.com\/site\/#organization","name":"Grupo Notibras de Comunica\u00e7\u00e3o","url":"https:\/\/www.notibras.com\/site\/","logo":{"@type":"ImageObject","inLanguage":"pt-BR","@id":"https:\/\/www.notibras.com\/site\/#\/schema\/logo\/image\/","url":"https:\/\/www.notibras.com\/site\/wp-content\/uploads\/2023\/01\/notibras23.png","contentUrl":"https:\/\/www.notibras.com\/site\/wp-content\/uploads\/2023\/01\/notibras23.png","width":350,"height":87,"caption":"Grupo Notibras de Comunica\u00e7\u00e3o"},"image":{"@id":"https:\/\/www.notibras.com\/site\/#\/schema\/logo\/image\/"},"sameAs":["https:\/\/www.facebook.com\/notibras\/","https:\/\/x.com\/Notibras","https:\/\/www.instagram.com\/notibras\/"]},{"@type":"Person","@id":"https:\/\/www.notibras.com\/site\/#\/schema\/person\/36ab0979449956132d3e5b517ea76ac8","name":"Reda\u00e7\u00e3o","image":{"@type":"ImageObject","inLanguage":"pt-BR","@id":"https:\/\/secure.gravatar.com\/avatar\/e0a867bdedb85fd243eadf09663511f96fc81e0720a4a42581f334ad4303aa6b?s=96&d=mm&r=g","url":"https:\/\/secure.gravatar.com\/avatar\/e0a867bdedb85fd243eadf09663511f96fc81e0720a4a42581f334ad4303aa6b?s=96&d=mm&r=g","contentUrl":"https:\/\/secure.gravatar.com\/avatar\/e0a867bdedb85fd243eadf09663511f96fc81e0720a4a42581f334ad4303aa6b?s=96&d=mm&r=g","caption":"Reda\u00e7\u00e3o"}}]}},"amp_enabled":true,"_links":{"self":[{"href":"https:\/\/www.notibras.com\/site\/wp-json\/wp\/v2\/posts\/379838","targetHints":{"allow":["GET"]}}],"collection":[{"href":"https:\/\/www.notibras.com\/site\/wp-json\/wp\/v2\/posts"}],"about":[{"href":"https:\/\/www.notibras.com\/site\/wp-json\/wp\/v2\/types\/post"}],"author":[{"embeddable":true,"href":"https:\/\/www.notibras.com\/site\/wp-json\/wp\/v2\/users\/2"}],"replies":[{"embeddable":true,"href":"https:\/\/www.notibras.com\/site\/wp-json\/wp\/v2\/comments?post=379838"}],"version-history":[{"count":1,"href":"https:\/\/www.notibras.com\/site\/wp-json\/wp\/v2\/posts\/379838\/revisions"}],"predecessor-version":[{"id":379840,"href":"https:\/\/www.notibras.com\/site\/wp-json\/wp\/v2\/posts\/379838\/revisions\/379840"}],"wp:featuredmedia":[{"embeddable":true,"href":"https:\/\/www.notibras.com\/site\/wp-json\/wp\/v2\/media\/379839"}],"wp:attachment":[{"href":"https:\/\/www.notibras.com\/site\/wp-json\/wp\/v2\/media?parent=379838"}],"wp:term":[{"taxonomy":"category","embeddable":true,"href":"https:\/\/www.notibras.com\/site\/wp-json\/wp\/v2\/categories?post=379838"},{"taxonomy":"post_tag","embeddable":true,"href":"https:\/\/www.notibras.com\/site\/wp-json\/wp\/v2\/tags?post=379838"}],"curies":[{"name":"wp","href":"https:\/\/api.w.org\/{rel}","templated":true}]}}