{"id":37984,"date":"2015-02-23T18:58:31","date_gmt":"2015-02-23T21:58:31","guid":{"rendered":"http:\/\/www.notibras.com\/site\/?p=37984"},"modified":"2015-02-24T07:41:47","modified_gmt":"2015-02-24T10:41:47","slug":"torcedores-que-brigaram-no-jogo-vasco-e-flu-sao-levados-para-presidio","status":"publish","type":"post","link":"https:\/\/www.notibras.com\/site\/torcedores-que-brigaram-no-jogo-vasco-e-flu-sao-levados-para-presidio\/","title":{"rendered":"Torcedores brig\u00f5es de Vasco e Fluminense v\u00e3o para pres\u00eddio"},"content":{"rendered":"<p>Os integrantes de torcidas organizadas do Vasco da Gama e do Fluminense, presos em flagrante ontem (22) antes da partida entre os dois times, foram levados no in\u00edcio da tarde desta segunda 23\u00a0 para o Pres\u00eddio Bangu 10, na zona oeste do Rio. Ao todo, foram 118 torcedores, entre eles, 19 menores encaminhados para a Delegacia de Prote\u00e7\u00e3o \u00e0 Crian\u00e7a e ao Adolescentes (DPCA), no centro da cidade. A briga entre as torcidas organizadas dos dois clubes de futebol ocorreu antes da partida pelo Campeonato Carioca, domingo, no Est\u00e1dio Ol\u00edmpico N\u00edlton Santos, no bairro Engenho de Dentro, zona norte.<\/p>\n<p>De acordo com a pol\u00edcia, mais de 50% dos envolvidos t\u00eam antecedentes criminais e um deles estava com mandado de pris\u00e3o expedido pela Justi\u00e7a. Todos foram autuados em flagrante pelos crimes de forma\u00e7\u00e3o de quadrilha, conforme o Artigo 41 B do Estatuto do Torcedor:\u00a0 &#8220;Promover tumulto, praticar ou incitar a viol\u00eancia, ou invadir local restrito aos competidores em evento esportivo&#8221;.\u00a0Segundo a delegada titular da 24\u00aa Delegacia Policial, de Piedade, Cristiane Carvalho de Almeida, foram 50 torcedores do Fluminense e 66 do Vasco.A pena, para esses casos, ultrapassa quatro anos de reclus\u00e3o.<\/p>\n<blockquote><p>&#8220;Essas pessoas demonstram, desse modo, a personalidade realmente violenta delas. No momento da abordagem, eles atacaram os policiais. Foram apreendidos com os presos barras de ferro, peda\u00e7os de madeira, soco ingl\u00eas, pedras portuguesas e morteiros. Isso demonstra claramente que esses maus torcedores saem das suas casas com o intuito de cometer crimes&#8221;, disse a delegada.<\/p><\/blockquote>\n<p>De acordo com a delegada, a pris\u00e3o em flagrante \u00e9 a certeza visual do crime, e pode ser que esses torcedores respondam ao processo na cadeia. &#8220;Vai depender da leitura do Poder Judici\u00e1rio. O Juizado Especial do Torcedor est\u00e1 ciente de toda a situa\u00e7\u00e3o. Tudo foi documentado, os policiais militares documentaram com muito detalhes todo o acontecido, e eu acredito que esse processo eles n\u00e3o conseguem responder em liberdade sem vincula\u00e7\u00e3o alguma, pelo menos uma liberdade com vincula\u00e7\u00e3o eles v\u00e3o\u00a0ter&#8221;, explicou Cristiane.<\/p>\n<p>As brigas entre torcidas ocorrem frequentemente em jogos de muita rivalidade. Em fun\u00e7\u00e3o disso, alguns torcedores s\u00e3o proibidos de ir a esses jogos com as camisas dos grupos organizados. \u00c9 o caso da For\u00e7a Jovem, do Vasco, por exemplo. Segundo a pol\u00edcia, apesar da proibi\u00e7\u00e3o, eles acabam ficando na parte externa do est\u00e1dio, onde promovem confus\u00e3o. Os conflitos de domingo ocorreram em dois locais: na esta\u00e7\u00e3o de trens do M\u00e9ier e no entorno do est\u00e1dio.<\/p>\n<p>Parentes de alguns presos estavam hoje em frente \u00e0 Cidade da Pol\u00edcia, no Jacarezinho, aguardando informa\u00e7\u00f5es. A m\u00e3e de um adolescente apreendido disse que o filho toma rem\u00e9dio controlado e que, at\u00e9 aquele momento, ainda n\u00e3o tinha conseguido v\u00ea-lo. Outra m\u00e3e, Auzigleid Souza, ressaltou que o filho foi apreendido na confus\u00e3o, mas n\u00e3o sabia se ele fazia parte da torcida organizada do Vasco.<\/p>\n<p>&#8220;Eu estou aqui na porta, e cada um fala uma coisa. Dizem que os menores v\u00e3o ser liberados, mas, primeiro, eles v\u00e3o para Delegacia do Adolescente, e a gente tem que aguardar. Eu consegui falar com ele por telefone, e ele disse que assinou um papel, que tirou foto e deve ser transferido para a Delegacia do Menor e, dependendo do que o juiz falar, pode ser liberado, ou n\u00e3o. Eu n\u00e3o sei se ele participava da torcida organizada, mas ele vai aos jogos do Vasco&#8221;, disse ela.<\/p>\n<p>O advogado Washington Figueiredo, que defende quatro torcedores, disse que ainda n\u00e3o teve acesso ao inqu\u00e9rito, mas que vai analisar e tomar as medidas cab\u00edveis. &#8220;At\u00e9 o momento, eu n\u00e3o tenho nenhuma avalia\u00e7\u00e3o, est\u00e1 muito recente. Eu ainda n\u00e3o tive acesso aos meus clientes, mas todos foram enquadrados em forma\u00e7\u00e3o de quadrilha pelo Estatuto do Torcedor.&#8221;<\/p>\n","protected":false},"excerpt":{"rendered":"<p>Os integrantes de torcidas organizadas do Vasco da Gama e do Fluminense, presos em flagrante ontem (22) antes da partida entre os dois times, foram levados no in\u00edcio da tarde desta segunda 23\u00a0 para o Pres\u00eddio Bangu 10, na zona oeste do Rio. Ao todo, foram 118 torcedores, entre eles, 19 menores encaminhados para a [&hellip;]<\/p>\n","protected":false},"author":2,"featured_media":37988,"comment_status":"open","ping_status":"closed","sticky":false,"template":"","format":"standard","meta":{"_acf_changed":false,"footnotes":""},"categories":[19,29],"tags":[],"class_list":["post-37984","post","type-post","status-publish","format-standard","has-post-thumbnail","hentry","category-esportes","category-futebol"],"acf":[],"yoast_head":"<!-- This site is optimized with the Yoast SEO plugin v27.2 - https:\/\/yoast.com\/product\/yoast-seo-wordpress\/ -->\n<title>Torcedores brig\u00f5es de Vasco e Fluminense v\u00e3o para pres\u00eddio - Notibras<\/title>\n<meta name=\"robots\" content=\"index, follow, max-snippet:-1, max-image-preview:large, max-video-preview:-1\" \/>\n<link rel=\"canonical\" href=\"https:\/\/www.notibras.com\/site\/torcedores-que-brigaram-no-jogo-vasco-e-flu-sao-levados-para-presidio\/\" \/>\n<meta property=\"og:locale\" content=\"pt_BR\" \/>\n<meta property=\"og:type\" content=\"article\" \/>\n<meta property=\"og:title\" content=\"Torcedores brig\u00f5es de Vasco e Fluminense v\u00e3o para pres\u00eddio - Notibras\" \/>\n<meta property=\"og:description\" content=\"Os integrantes de torcidas organizadas do Vasco da Gama e do Fluminense, presos em flagrante ontem (22) antes da partida entre os dois times, foram levados no in\u00edcio da tarde desta segunda 23\u00a0 para o Pres\u00eddio Bangu 10, na zona oeste do Rio. Ao todo, foram 118 torcedores, entre eles, 19 menores encaminhados para a [&hellip;]\" \/>\n<meta property=\"og:url\" content=\"https:\/\/www.notibras.com\/site\/torcedores-que-brigaram-no-jogo-vasco-e-flu-sao-levados-para-presidio\/\" \/>\n<meta property=\"og:site_name\" content=\"Notibras\" \/>\n<meta property=\"article:publisher\" content=\"https:\/\/www.facebook.com\/notibras\/\" \/>\n<meta property=\"article:published_time\" content=\"2015-02-23T21:58:31+00:00\" \/>\n<meta property=\"article:modified_time\" content=\"2015-02-24T10:41:47+00:00\" \/>\n<meta property=\"og:image\" content=\"https:\/\/www.notibras.com\/site\/wp-content\/uploads\/2015\/02\/vf.jpg\" \/>\n\t<meta property=\"og:image:width\" content=\"699\" \/>\n\t<meta property=\"og:image:height\" content=\"420\" \/>\n\t<meta property=\"og:image:type\" content=\"image\/jpeg\" \/>\n<meta name=\"author\" content=\"Reda\u00e7\u00e3o\" \/>\n<meta name=\"twitter:card\" content=\"summary_large_image\" \/>\n<meta name=\"twitter:creator\" content=\"@Notibras\" \/>\n<meta name=\"twitter:site\" content=\"@Notibras\" \/>\n<meta name=\"twitter:label1\" content=\"Escrito por\" \/>\n\t<meta name=\"twitter:data1\" content=\"Reda\u00e7\u00e3o\" \/>\n\t<meta name=\"twitter:label2\" content=\"Est. tempo de leitura\" \/>\n\t<meta name=\"twitter:data2\" content=\"3 minutos\" \/>\n<script type=\"application\/ld+json\" class=\"yoast-schema-graph\">{\"@context\":\"https:\/\/schema.org\",\"@graph\":[{\"@type\":\"Article\",\"@id\":\"https:\/\/www.notibras.com\/site\/torcedores-que-brigaram-no-jogo-vasco-e-flu-sao-levados-para-presidio\/#article\",\"isPartOf\":{\"@id\":\"https:\/\/www.notibras.com\/site\/torcedores-que-brigaram-no-jogo-vasco-e-flu-sao-levados-para-presidio\/\"},\"author\":{\"name\":\"Reda\u00e7\u00e3o\",\"@id\":\"https:\/\/www.notibras.com\/site\/#\/schema\/person\/36ab0979449956132d3e5b517ea76ac8\"},\"headline\":\"Torcedores brig\u00f5es de Vasco e Fluminense v\u00e3o para pres\u00eddio\",\"datePublished\":\"2015-02-23T21:58:31+00:00\",\"dateModified\":\"2015-02-24T10:41:47+00:00\",\"mainEntityOfPage\":{\"@id\":\"https:\/\/www.notibras.com\/site\/torcedores-que-brigaram-no-jogo-vasco-e-flu-sao-levados-para-presidio\/\"},\"wordCount\":663,\"commentCount\":0,\"publisher\":{\"@id\":\"https:\/\/www.notibras.com\/site\/#organization\"},\"image\":{\"@id\":\"https:\/\/www.notibras.com\/site\/torcedores-que-brigaram-no-jogo-vasco-e-flu-sao-levados-para-presidio\/#primaryimage\"},\"thumbnailUrl\":\"https:\/\/www.notibras.com\/site\/wp-content\/uploads\/2015\/02\/vf.jpg\",\"articleSection\":[\"Esportes\",\"Futebol\"],\"inLanguage\":\"pt-BR\",\"potentialAction\":[{\"@type\":\"CommentAction\",\"name\":\"Comment\",\"target\":[\"https:\/\/www.notibras.com\/site\/torcedores-que-brigaram-no-jogo-vasco-e-flu-sao-levados-para-presidio\/#respond\"]}]},{\"@type\":\"WebPage\",\"@id\":\"https:\/\/www.notibras.com\/site\/torcedores-que-brigaram-no-jogo-vasco-e-flu-sao-levados-para-presidio\/\",\"url\":\"https:\/\/www.notibras.com\/site\/torcedores-que-brigaram-no-jogo-vasco-e-flu-sao-levados-para-presidio\/\",\"name\":\"Torcedores brig\u00f5es de Vasco e Fluminense v\u00e3o para pres\u00eddio - Notibras\",\"isPartOf\":{\"@id\":\"https:\/\/www.notibras.com\/site\/#website\"},\"primaryImageOfPage\":{\"@id\":\"https:\/\/www.notibras.com\/site\/torcedores-que-brigaram-no-jogo-vasco-e-flu-sao-levados-para-presidio\/#primaryimage\"},\"image\":{\"@id\":\"https:\/\/www.notibras.com\/site\/torcedores-que-brigaram-no-jogo-vasco-e-flu-sao-levados-para-presidio\/#primaryimage\"},\"thumbnailUrl\":\"https:\/\/www.notibras.com\/site\/wp-content\/uploads\/2015\/02\/vf.jpg\",\"datePublished\":\"2015-02-23T21:58:31+00:00\",\"dateModified\":\"2015-02-24T10:41:47+00:00\",\"breadcrumb\":{\"@id\":\"https:\/\/www.notibras.com\/site\/torcedores-que-brigaram-no-jogo-vasco-e-flu-sao-levados-para-presidio\/#breadcrumb\"},\"inLanguage\":\"pt-BR\",\"potentialAction\":[{\"@type\":\"ReadAction\",\"target\":[\"https:\/\/www.notibras.com\/site\/torcedores-que-brigaram-no-jogo-vasco-e-flu-sao-levados-para-presidio\/\"]}]},{\"@type\":\"ImageObject\",\"inLanguage\":\"pt-BR\",\"@id\":\"https:\/\/www.notibras.com\/site\/torcedores-que-brigaram-no-jogo-vasco-e-flu-sao-levados-para-presidio\/#primaryimage\",\"url\":\"https:\/\/www.notibras.com\/site\/wp-content\/uploads\/2015\/02\/vf.jpg\",\"contentUrl\":\"https:\/\/www.notibras.com\/site\/wp-content\/uploads\/2015\/02\/vf.jpg\",\"width\":699,\"height\":420},{\"@type\":\"BreadcrumbList\",\"@id\":\"https:\/\/www.notibras.com\/site\/torcedores-que-brigaram-no-jogo-vasco-e-flu-sao-levados-para-presidio\/#breadcrumb\",\"itemListElement\":[{\"@type\":\"ListItem\",\"position\":1,\"name\":\"In\u00edcio\",\"item\":\"https:\/\/www.notibras.com\/site\/\"},{\"@type\":\"ListItem\",\"position\":2,\"name\":\"Torcedores brig\u00f5es de Vasco e Fluminense v\u00e3o para pres\u00eddio\"}]},{\"@type\":\"WebSite\",\"@id\":\"https:\/\/www.notibras.com\/site\/#website\",\"url\":\"https:\/\/www.notibras.com\/site\/\",\"name\":\"Notibras\",\"description\":\"Not\u00edcias de Bras\u00edlia, do Brasil e do Mundo\",\"publisher\":{\"@id\":\"https:\/\/www.notibras.com\/site\/#organization\"},\"potentialAction\":[{\"@type\":\"SearchAction\",\"target\":{\"@type\":\"EntryPoint\",\"urlTemplate\":\"https:\/\/www.notibras.com\/site\/?s={search_term_string}\"},\"query-input\":{\"@type\":\"PropertyValueSpecification\",\"valueRequired\":true,\"valueName\":\"search_term_string\"}}],\"inLanguage\":\"pt-BR\"},{\"@type\":\"Organization\",\"@id\":\"https:\/\/www.notibras.com\/site\/#organization\",\"name\":\"Grupo Notibras de Comunica\u00e7\u00e3o\",\"url\":\"https:\/\/www.notibras.com\/site\/\",\"logo\":{\"@type\":\"ImageObject\",\"inLanguage\":\"pt-BR\",\"@id\":\"https:\/\/www.notibras.com\/site\/#\/schema\/logo\/image\/\",\"url\":\"https:\/\/www.notibras.com\/site\/wp-content\/uploads\/2023\/01\/notibras23.png\",\"contentUrl\":\"https:\/\/www.notibras.com\/site\/wp-content\/uploads\/2023\/01\/notibras23.png\",\"width\":350,\"height\":87,\"caption\":\"Grupo Notibras de Comunica\u00e7\u00e3o\"},\"image\":{\"@id\":\"https:\/\/www.notibras.com\/site\/#\/schema\/logo\/image\/\"},\"sameAs\":[\"https:\/\/www.facebook.com\/notibras\/\",\"https:\/\/x.com\/Notibras\",\"https:\/\/www.instagram.com\/notibras\/\"]},{\"@type\":\"Person\",\"@id\":\"https:\/\/www.notibras.com\/site\/#\/schema\/person\/36ab0979449956132d3e5b517ea76ac8\",\"name\":\"Reda\u00e7\u00e3o\",\"image\":{\"@type\":\"ImageObject\",\"inLanguage\":\"pt-BR\",\"@id\":\"https:\/\/secure.gravatar.com\/avatar\/e0a867bdedb85fd243eadf09663511f96fc81e0720a4a42581f334ad4303aa6b?s=96&d=mm&r=g\",\"url\":\"https:\/\/secure.gravatar.com\/avatar\/e0a867bdedb85fd243eadf09663511f96fc81e0720a4a42581f334ad4303aa6b?s=96&d=mm&r=g\",\"contentUrl\":\"https:\/\/secure.gravatar.com\/avatar\/e0a867bdedb85fd243eadf09663511f96fc81e0720a4a42581f334ad4303aa6b?s=96&d=mm&r=g\",\"caption\":\"Reda\u00e7\u00e3o\"}}]}<\/script>\n<!-- \/ Yoast SEO plugin. -->","yoast_head_json":{"title":"Torcedores brig\u00f5es de Vasco e Fluminense v\u00e3o para pres\u00eddio - Notibras","robots":{"index":"index","follow":"follow","max-snippet":"max-snippet:-1","max-image-preview":"max-image-preview:large","max-video-preview":"max-video-preview:-1"},"canonical":"https:\/\/www.notibras.com\/site\/torcedores-que-brigaram-no-jogo-vasco-e-flu-sao-levados-para-presidio\/","og_locale":"pt_BR","og_type":"article","og_title":"Torcedores brig\u00f5es de Vasco e Fluminense v\u00e3o para pres\u00eddio - Notibras","og_description":"Os integrantes de torcidas organizadas do Vasco da Gama e do Fluminense, presos em flagrante ontem (22) antes da partida entre os dois times, foram levados no in\u00edcio da tarde desta segunda 23\u00a0 para o Pres\u00eddio Bangu 10, na zona oeste do Rio. Ao todo, foram 118 torcedores, entre eles, 19 menores encaminhados para a [&hellip;]","og_url":"https:\/\/www.notibras.com\/site\/torcedores-que-brigaram-no-jogo-vasco-e-flu-sao-levados-para-presidio\/","og_site_name":"Notibras","article_publisher":"https:\/\/www.facebook.com\/notibras\/","article_published_time":"2015-02-23T21:58:31+00:00","article_modified_time":"2015-02-24T10:41:47+00:00","og_image":[{"width":699,"height":420,"url":"https:\/\/www.notibras.com\/site\/wp-content\/uploads\/2015\/02\/vf.jpg","type":"image\/jpeg"}],"author":"Reda\u00e7\u00e3o","twitter_card":"summary_large_image","twitter_creator":"@Notibras","twitter_site":"@Notibras","twitter_misc":{"Escrito por":"Reda\u00e7\u00e3o","Est. tempo de leitura":"3 minutos"},"schema":{"@context":"https:\/\/schema.org","@graph":[{"@type":"Article","@id":"https:\/\/www.notibras.com\/site\/torcedores-que-brigaram-no-jogo-vasco-e-flu-sao-levados-para-presidio\/#article","isPartOf":{"@id":"https:\/\/www.notibras.com\/site\/torcedores-que-brigaram-no-jogo-vasco-e-flu-sao-levados-para-presidio\/"},"author":{"name":"Reda\u00e7\u00e3o","@id":"https:\/\/www.notibras.com\/site\/#\/schema\/person\/36ab0979449956132d3e5b517ea76ac8"},"headline":"Torcedores brig\u00f5es de Vasco e Fluminense v\u00e3o para pres\u00eddio","datePublished":"2015-02-23T21:58:31+00:00","dateModified":"2015-02-24T10:41:47+00:00","mainEntityOfPage":{"@id":"https:\/\/www.notibras.com\/site\/torcedores-que-brigaram-no-jogo-vasco-e-flu-sao-levados-para-presidio\/"},"wordCount":663,"commentCount":0,"publisher":{"@id":"https:\/\/www.notibras.com\/site\/#organization"},"image":{"@id":"https:\/\/www.notibras.com\/site\/torcedores-que-brigaram-no-jogo-vasco-e-flu-sao-levados-para-presidio\/#primaryimage"},"thumbnailUrl":"https:\/\/www.notibras.com\/site\/wp-content\/uploads\/2015\/02\/vf.jpg","articleSection":["Esportes","Futebol"],"inLanguage":"pt-BR","potentialAction":[{"@type":"CommentAction","name":"Comment","target":["https:\/\/www.notibras.com\/site\/torcedores-que-brigaram-no-jogo-vasco-e-flu-sao-levados-para-presidio\/#respond"]}]},{"@type":"WebPage","@id":"https:\/\/www.notibras.com\/site\/torcedores-que-brigaram-no-jogo-vasco-e-flu-sao-levados-para-presidio\/","url":"https:\/\/www.notibras.com\/site\/torcedores-que-brigaram-no-jogo-vasco-e-flu-sao-levados-para-presidio\/","name":"Torcedores brig\u00f5es de Vasco e Fluminense v\u00e3o para pres\u00eddio - Notibras","isPartOf":{"@id":"https:\/\/www.notibras.com\/site\/#website"},"primaryImageOfPage":{"@id":"https:\/\/www.notibras.com\/site\/torcedores-que-brigaram-no-jogo-vasco-e-flu-sao-levados-para-presidio\/#primaryimage"},"image":{"@id":"https:\/\/www.notibras.com\/site\/torcedores-que-brigaram-no-jogo-vasco-e-flu-sao-levados-para-presidio\/#primaryimage"},"thumbnailUrl":"https:\/\/www.notibras.com\/site\/wp-content\/uploads\/2015\/02\/vf.jpg","datePublished":"2015-02-23T21:58:31+00:00","dateModified":"2015-02-24T10:41:47+00:00","breadcrumb":{"@id":"https:\/\/www.notibras.com\/site\/torcedores-que-brigaram-no-jogo-vasco-e-flu-sao-levados-para-presidio\/#breadcrumb"},"inLanguage":"pt-BR","potentialAction":[{"@type":"ReadAction","target":["https:\/\/www.notibras.com\/site\/torcedores-que-brigaram-no-jogo-vasco-e-flu-sao-levados-para-presidio\/"]}]},{"@type":"ImageObject","inLanguage":"pt-BR","@id":"https:\/\/www.notibras.com\/site\/torcedores-que-brigaram-no-jogo-vasco-e-flu-sao-levados-para-presidio\/#primaryimage","url":"https:\/\/www.notibras.com\/site\/wp-content\/uploads\/2015\/02\/vf.jpg","contentUrl":"https:\/\/www.notibras.com\/site\/wp-content\/uploads\/2015\/02\/vf.jpg","width":699,"height":420},{"@type":"BreadcrumbList","@id":"https:\/\/www.notibras.com\/site\/torcedores-que-brigaram-no-jogo-vasco-e-flu-sao-levados-para-presidio\/#breadcrumb","itemListElement":[{"@type":"ListItem","position":1,"name":"In\u00edcio","item":"https:\/\/www.notibras.com\/site\/"},{"@type":"ListItem","position":2,"name":"Torcedores brig\u00f5es de Vasco e Fluminense v\u00e3o para pres\u00eddio"}]},{"@type":"WebSite","@id":"https:\/\/www.notibras.com\/site\/#website","url":"https:\/\/www.notibras.com\/site\/","name":"Notibras","description":"Not\u00edcias de Bras\u00edlia, do Brasil e do Mundo","publisher":{"@id":"https:\/\/www.notibras.com\/site\/#organization"},"potentialAction":[{"@type":"SearchAction","target":{"@type":"EntryPoint","urlTemplate":"https:\/\/www.notibras.com\/site\/?s={search_term_string}"},"query-input":{"@type":"PropertyValueSpecification","valueRequired":true,"valueName":"search_term_string"}}],"inLanguage":"pt-BR"},{"@type":"Organization","@id":"https:\/\/www.notibras.com\/site\/#organization","name":"Grupo Notibras de Comunica\u00e7\u00e3o","url":"https:\/\/www.notibras.com\/site\/","logo":{"@type":"ImageObject","inLanguage":"pt-BR","@id":"https:\/\/www.notibras.com\/site\/#\/schema\/logo\/image\/","url":"https:\/\/www.notibras.com\/site\/wp-content\/uploads\/2023\/01\/notibras23.png","contentUrl":"https:\/\/www.notibras.com\/site\/wp-content\/uploads\/2023\/01\/notibras23.png","width":350,"height":87,"caption":"Grupo Notibras de Comunica\u00e7\u00e3o"},"image":{"@id":"https:\/\/www.notibras.com\/site\/#\/schema\/logo\/image\/"},"sameAs":["https:\/\/www.facebook.com\/notibras\/","https:\/\/x.com\/Notibras","https:\/\/www.instagram.com\/notibras\/"]},{"@type":"Person","@id":"https:\/\/www.notibras.com\/site\/#\/schema\/person\/36ab0979449956132d3e5b517ea76ac8","name":"Reda\u00e7\u00e3o","image":{"@type":"ImageObject","inLanguage":"pt-BR","@id":"https:\/\/secure.gravatar.com\/avatar\/e0a867bdedb85fd243eadf09663511f96fc81e0720a4a42581f334ad4303aa6b?s=96&d=mm&r=g","url":"https:\/\/secure.gravatar.com\/avatar\/e0a867bdedb85fd243eadf09663511f96fc81e0720a4a42581f334ad4303aa6b?s=96&d=mm&r=g","contentUrl":"https:\/\/secure.gravatar.com\/avatar\/e0a867bdedb85fd243eadf09663511f96fc81e0720a4a42581f334ad4303aa6b?s=96&d=mm&r=g","caption":"Reda\u00e7\u00e3o"}}]}},"amp_enabled":true,"_links":{"self":[{"href":"https:\/\/www.notibras.com\/site\/wp-json\/wp\/v2\/posts\/37984","targetHints":{"allow":["GET"]}}],"collection":[{"href":"https:\/\/www.notibras.com\/site\/wp-json\/wp\/v2\/posts"}],"about":[{"href":"https:\/\/www.notibras.com\/site\/wp-json\/wp\/v2\/types\/post"}],"author":[{"embeddable":true,"href":"https:\/\/www.notibras.com\/site\/wp-json\/wp\/v2\/users\/2"}],"replies":[{"embeddable":true,"href":"https:\/\/www.notibras.com\/site\/wp-json\/wp\/v2\/comments?post=37984"}],"version-history":[{"count":0,"href":"https:\/\/www.notibras.com\/site\/wp-json\/wp\/v2\/posts\/37984\/revisions"}],"wp:featuredmedia":[{"embeddable":true,"href":"https:\/\/www.notibras.com\/site\/wp-json\/wp\/v2\/media\/37988"}],"wp:attachment":[{"href":"https:\/\/www.notibras.com\/site\/wp-json\/wp\/v2\/media?parent=37984"}],"wp:term":[{"taxonomy":"category","embeddable":true,"href":"https:\/\/www.notibras.com\/site\/wp-json\/wp\/v2\/categories?post=37984"},{"taxonomy":"post_tag","embeddable":true,"href":"https:\/\/www.notibras.com\/site\/wp-json\/wp\/v2\/tags?post=37984"}],"curies":[{"name":"wp","href":"https:\/\/api.w.org\/{rel}","templated":true}]}}