{"id":379843,"date":"2026-01-23T01:15:19","date_gmt":"2026-01-23T04:15:19","guid":{"rendered":"https:\/\/www.notibras.com\/site\/?p=379843"},"modified":"2026-01-23T05:15:11","modified_gmt":"2026-01-23T08:15:11","slug":"um-autografo-no-escritorio-geir-campos-entre-nos","status":"publish","type":"post","link":"https:\/\/www.notibras.com\/site\/um-autografo-no-escritorio-geir-campos-entre-nos\/","title":{"rendered":"UM AUT\u00d3GRAFO NO ESCRIT\u00d3RIO: GEIR CAMPOS ENTRE N\u00d3S"},"content":{"rendered":"<p>Trabalho num escrit\u00f3rio rodeado de poesia. N\u00e3o bastassem meus livros, que preenchem, na prateleira mais pr\u00f3xima a mim, maior espa\u00e7o do que propriamente os livros de direito \u2013 muito destes usamos, hoje em dia, no formato eletr\u00f4nico, dentro de um dispositivo pesando poucos gramas \u2013 na mesa ao lado concentra-se, quase diariamente, meu fraterno amigo poeta Renan Dam\u00e1zio, autor prestes a lan\u00e7ar mais uma colet\u00e2nea de poesias da sua lavra. Aqui pertinho, sobre um antigo r\u00e1dio de mesa, como a observar-me enquanto sorve uma x\u00edcara de caf\u00e9, outro poeta, Augusto Frederico Schmidt, numa fotografia feita a partir do negativo original do jornal \u201cO Globo\u201d. E assim passam-se os dias, nos quais di\u00e1logos sobre lit\u00edgios e mat\u00e9rias jur\u00eddicas misturam-se a poetas e literatura. Um ambiente, sem d\u00favida, enriquecedor.<\/p>\n<p>Vez por outra, um novo ativo vem se somar a esse ambiente na forma de uma descoberta, um poeta in\u00e9dito ou rec\u00e9m-lan\u00e7ado, que me apresso a convidar a colaborar com o <strong>Caf\u00e9 Liter\u00e1rio<\/strong> de <strong>Notibras<\/strong>, ou mesmo um livro despretensioso garimpado em sebos ou livrarias.<\/p>\n<p>Um dia desses, comentava com Renan sobre uma mat\u00e9ria do <strong>Caf\u00e9 Liter\u00e1rio<\/strong>, escrita por Cassiano Cond\u00e9 no seu \u201cO Lado B da Literatura\u201d, que exibiu o perfil de Geir Campos, poeta capixaba da maior qualidade, um dos poucos autores, no Brasil, de uma coroa de sonetos. Meu s\u00f3cio e amigo n\u00e3o o conhecia, lembrando-se apenas, vagamente, de eu ter comentado algo a respeito e lhe mostrado uma grava\u00e7\u00e3o em que o pr\u00f3prio poeta recitava seus poemas, contida num antigo LP dispon\u00edvel em aplicativo de m\u00fasica na internet.<\/p>\n<p>Pensei que devia adquirir t\u00edtulos de Geir para figurarem no acervo de nosso escrit\u00f3rio. E fui atr\u00e1s de alguns livros, que chegaram pelos correios numa semana de muitos compromissos e correria. Descobri que n\u00e3o h\u00e1 nada novo desse grande poeta no cat\u00e1logo das editoras. Mas achei, de segunda m\u00e3o, exemplares bem conservados de poesia e prosa de sua autoria, tudo na faixa de algumas poucas dezenas de reais.<\/p>\n<p>O mais barato chegou por 14 reais, \u201cCanto de Peixe e outros cantos\u201d, uma primeira edi\u00e7\u00e3o de 1977, simpl\u00edssima, em brochura, da editora Civiliza\u00e7\u00e3o Brasileira, com um encarte de errata na \u00faltima capa que achei muito interessante. Somente alguns dias depois consegui dar-lhe a devida aten\u00e7\u00e3o e tive a maior surpresa quando percebi uma dedicat\u00f3ria manuscrita com aut\u00f3grafo na folha de rosto, feita pelo autor em pessoa, com este conte\u00fado:<\/p>\n<p>\u201cRosa, acho que um padrinho-poeta o melhor que tem a dar \u00e0 afilhada \u00e9 um livro, com alguns erros de revis\u00e3o, mas com o carinho certo do Geir. Fev\/77\u201d.<\/p>\n<p>Escrita numa cursiva bem leg\u00edvel e cuidada, em tinta verde, lembrou-me imediatamente Pablo Neruda, que costumava usar essa cor de tinta nos seus manuscritos. E recordei, tamb\u00e9m, que Geir Campos foi citado pelo pr\u00f3prio Neruda como um dos poetas brasileiros novos que ele conhecia e muito gostava, em lend\u00e1ria entrevista concedida a Clarice Lispector em 1968.<\/p>\n<p>N\u00e3o pude deixar de considerar como o tempo e o apagamento de algumas mem\u00f3rias pode ser implac\u00e1vel. Um exemplar presenteado pelo pr\u00f3prio autor a uma afilhada, com uma dedicat\u00f3ria, foi parar em m\u00e3os desconhecidas, que talvez sequer hajam percebido esse cativante detalhe, at\u00e9 que, por sorte, ele parou em minhas m\u00e3os para o merecido cuidado.<\/p>\n<p>Fiquei alguns minutos com o livro aberto, como se a folha de rosto fosse um documento raro, desses que o tempo carimba sem aviso. \u201cRosa\u201d: s\u00f3 um nome, e, no entanto, um mundo inteiro comprimido em quatro letras. Quem seria a afilhada? O que aconteceu com ela? Teria se mudado, morrido, esquecido, ou lembrado sempre, daquele presente? A dedicat\u00f3ria me p\u00f4s uma curiosidade quase jur\u00eddica, uma vontade de apurar, de reconstituir, de devolver ao destino o que o destino deixou cair.<\/p>\n<p>Porque h\u00e1 coisas que n\u00e3o deveriam terminar em m\u00e3os desconhecidas; n\u00e3o por propriedade, mas por sentido. O livro foi dado com inten\u00e7\u00e3o, com promessa de afeto, e o seu percurso at\u00e9 o sebo parece o retrato de um pa\u00eds que se distrai da pr\u00f3pria cultura: algu\u00e9m limpa a casa, algu\u00e9m esvazia uma estante, algu\u00e9m vende por quilo, e a mem\u00f3ria segue no lote.<\/p>\n<p>Eu poderia simplesmente guard\u00e1-lo, j\u00e1 seria um modo de salvamento. Mas, desde que li aquela tinta verde, nasceu em mim outra obriga\u00e7\u00e3o: a de fazer o livro falar de novo, de recolocar Geir na roda, de procurar a \u201cRosa\u201d poss\u00edvel, nem que seja apenas pela escrita. Afinal, se o tempo \u00e9 implac\u00e1vel, \u00e0s vezes ele se atrapalha, deixa uma pista. E, quando deixa, cabe a algu\u00e9m, seja por sorte, por teimosia ou por amor, seguir.<\/p>\n<p><strong>&#8230;&#8230;&#8230;&#8230;&#8230;&#8230;.<\/strong><\/p>\n<p><strong>Daniel Marchi (@prof.danielmarchi) \u00e9 editor-executivo de Notibras, poeta, advogado e professor. Autor dos livros \u201cA Verdade nos Seres\u201d e \u201cTerrit\u00f3rio do Sonho\u201d.<\/strong><\/p>\n","protected":false},"excerpt":{"rendered":"<p>Trabalho num escrit\u00f3rio rodeado de poesia. N\u00e3o bastassem meus livros, que preenchem, na prateleira mais pr\u00f3xima a mim, maior espa\u00e7o do que propriamente os livros de direito \u2013 muito destes usamos, hoje em dia, no formato eletr\u00f4nico, dentro de um dispositivo pesando poucos gramas \u2013 na mesa ao lado concentra-se, quase diariamente, meu fraterno amigo [&hellip;]<\/p>\n","protected":false},"author":21,"featured_media":379842,"comment_status":"closed","ping_status":"closed","sticky":false,"template":"","format":"standard","meta":{"_acf_changed":false,"footnotes":""},"categories":[234],"tags":[],"class_list":["post-379843","post","type-post","status-publish","format-standard","has-post-thumbnail","hentry","category-cafe-literario"],"acf":[],"yoast_head":"<!-- This site is optimized with the Yoast SEO plugin v27.2 - https:\/\/yoast.com\/product\/yoast-seo-wordpress\/ -->\n<title>UM AUT\u00d3GRAFO NO ESCRIT\u00d3RIO: GEIR CAMPOS ENTRE N\u00d3S - Notibras<\/title>\n<meta name=\"robots\" content=\"index, follow, max-snippet:-1, max-image-preview:large, max-video-preview:-1\" \/>\n<link rel=\"canonical\" href=\"https:\/\/www.notibras.com\/site\/um-autografo-no-escritorio-geir-campos-entre-nos\/\" \/>\n<meta property=\"og:locale\" content=\"pt_BR\" \/>\n<meta property=\"og:type\" content=\"article\" \/>\n<meta property=\"og:title\" content=\"UM AUT\u00d3GRAFO NO ESCRIT\u00d3RIO: GEIR CAMPOS ENTRE N\u00d3S - Notibras\" \/>\n<meta property=\"og:description\" content=\"Trabalho num escrit\u00f3rio rodeado de poesia. N\u00e3o bastassem meus livros, que preenchem, na prateleira mais pr\u00f3xima a mim, maior espa\u00e7o do que propriamente os livros de direito \u2013 muito destes usamos, hoje em dia, no formato eletr\u00f4nico, dentro de um dispositivo pesando poucos gramas \u2013 na mesa ao lado concentra-se, quase diariamente, meu fraterno amigo [&hellip;]\" \/>\n<meta property=\"og:url\" content=\"https:\/\/www.notibras.com\/site\/um-autografo-no-escritorio-geir-campos-entre-nos\/\" \/>\n<meta property=\"og:site_name\" content=\"Notibras\" \/>\n<meta property=\"article:publisher\" content=\"https:\/\/www.facebook.com\/notibras\/\" \/>\n<meta property=\"article:published_time\" content=\"2026-01-23T04:15:19+00:00\" \/>\n<meta property=\"article:modified_time\" content=\"2026-01-23T08:15:11+00:00\" \/>\n<meta property=\"og:image\" content=\"https:\/\/www.notibras.com\/site\/wp-content\/uploads\/2026\/01\/WhatsApp-Image-2026-01-20-at-19.14.01.jpeg\" \/>\n\t<meta property=\"og:image:width\" content=\"1600\" \/>\n\t<meta property=\"og:image:height\" content=\"900\" \/>\n\t<meta property=\"og:image:type\" content=\"image\/jpeg\" \/>\n<meta name=\"author\" content=\"Eduardo Mart\u00ednez\" \/>\n<meta name=\"twitter:card\" content=\"summary_large_image\" \/>\n<meta name=\"twitter:creator\" content=\"@Notibras\" \/>\n<meta name=\"twitter:site\" content=\"@Notibras\" \/>\n<meta name=\"twitter:label1\" content=\"Escrito por\" \/>\n\t<meta name=\"twitter:data1\" content=\"Eduardo Mart\u00ednez\" \/>\n\t<meta name=\"twitter:label2\" content=\"Est. tempo de leitura\" \/>\n\t<meta name=\"twitter:data2\" content=\"5 minutos\" \/>\n<script type=\"application\/ld+json\" class=\"yoast-schema-graph\">{\"@context\":\"https:\/\/schema.org\",\"@graph\":[{\"@type\":\"Article\",\"@id\":\"https:\/\/www.notibras.com\/site\/um-autografo-no-escritorio-geir-campos-entre-nos\/#article\",\"isPartOf\":{\"@id\":\"https:\/\/www.notibras.com\/site\/um-autografo-no-escritorio-geir-campos-entre-nos\/\"},\"author\":{\"name\":\"Eduardo Mart\u00ednez\",\"@id\":\"https:\/\/www.notibras.com\/site\/#\/schema\/person\/5b7fabf2aedc3ada2105f03b22b4d3dd\"},\"headline\":\"UM AUT\u00d3GRAFO NO ESCRIT\u00d3RIO: GEIR CAMPOS ENTRE N\u00d3S\",\"datePublished\":\"2026-01-23T04:15:19+00:00\",\"dateModified\":\"2026-01-23T08:15:11+00:00\",\"mainEntityOfPage\":{\"@id\":\"https:\/\/www.notibras.com\/site\/um-autografo-no-escritorio-geir-campos-entre-nos\/\"},\"wordCount\":852,\"publisher\":{\"@id\":\"https:\/\/www.notibras.com\/site\/#organization\"},\"image\":{\"@id\":\"https:\/\/www.notibras.com\/site\/um-autografo-no-escritorio-geir-campos-entre-nos\/#primaryimage\"},\"thumbnailUrl\":\"https:\/\/www.notibras.com\/site\/wp-content\/uploads\/2026\/01\/WhatsApp-Image-2026-01-20-at-19.14.01.jpeg\",\"articleSection\":[\"Caf\u00e9 Liter\u00e1rio\"],\"inLanguage\":\"pt-BR\"},{\"@type\":\"WebPage\",\"@id\":\"https:\/\/www.notibras.com\/site\/um-autografo-no-escritorio-geir-campos-entre-nos\/\",\"url\":\"https:\/\/www.notibras.com\/site\/um-autografo-no-escritorio-geir-campos-entre-nos\/\",\"name\":\"UM AUT\u00d3GRAFO NO ESCRIT\u00d3RIO: GEIR CAMPOS ENTRE N\u00d3S - Notibras\",\"isPartOf\":{\"@id\":\"https:\/\/www.notibras.com\/site\/#website\"},\"primaryImageOfPage\":{\"@id\":\"https:\/\/www.notibras.com\/site\/um-autografo-no-escritorio-geir-campos-entre-nos\/#primaryimage\"},\"image\":{\"@id\":\"https:\/\/www.notibras.com\/site\/um-autografo-no-escritorio-geir-campos-entre-nos\/#primaryimage\"},\"thumbnailUrl\":\"https:\/\/www.notibras.com\/site\/wp-content\/uploads\/2026\/01\/WhatsApp-Image-2026-01-20-at-19.14.01.jpeg\",\"datePublished\":\"2026-01-23T04:15:19+00:00\",\"dateModified\":\"2026-01-23T08:15:11+00:00\",\"breadcrumb\":{\"@id\":\"https:\/\/www.notibras.com\/site\/um-autografo-no-escritorio-geir-campos-entre-nos\/#breadcrumb\"},\"inLanguage\":\"pt-BR\",\"potentialAction\":[{\"@type\":\"ReadAction\",\"target\":[\"https:\/\/www.notibras.com\/site\/um-autografo-no-escritorio-geir-campos-entre-nos\/\"]}]},{\"@type\":\"ImageObject\",\"inLanguage\":\"pt-BR\",\"@id\":\"https:\/\/www.notibras.com\/site\/um-autografo-no-escritorio-geir-campos-entre-nos\/#primaryimage\",\"url\":\"https:\/\/www.notibras.com\/site\/wp-content\/uploads\/2026\/01\/WhatsApp-Image-2026-01-20-at-19.14.01.jpeg\",\"contentUrl\":\"https:\/\/www.notibras.com\/site\/wp-content\/uploads\/2026\/01\/WhatsApp-Image-2026-01-20-at-19.14.01.jpeg\",\"width\":1600,\"height\":900},{\"@type\":\"BreadcrumbList\",\"@id\":\"https:\/\/www.notibras.com\/site\/um-autografo-no-escritorio-geir-campos-entre-nos\/#breadcrumb\",\"itemListElement\":[{\"@type\":\"ListItem\",\"position\":1,\"name\":\"In\u00edcio\",\"item\":\"https:\/\/www.notibras.com\/site\/\"},{\"@type\":\"ListItem\",\"position\":2,\"name\":\"UM AUT\u00d3GRAFO NO ESCRIT\u00d3RIO: GEIR CAMPOS ENTRE N\u00d3S\"}]},{\"@type\":\"WebSite\",\"@id\":\"https:\/\/www.notibras.com\/site\/#website\",\"url\":\"https:\/\/www.notibras.com\/site\/\",\"name\":\"Notibras\",\"description\":\"Not\u00edcias de Bras\u00edlia, do Brasil e do Mundo\",\"publisher\":{\"@id\":\"https:\/\/www.notibras.com\/site\/#organization\"},\"potentialAction\":[{\"@type\":\"SearchAction\",\"target\":{\"@type\":\"EntryPoint\",\"urlTemplate\":\"https:\/\/www.notibras.com\/site\/?s={search_term_string}\"},\"query-input\":{\"@type\":\"PropertyValueSpecification\",\"valueRequired\":true,\"valueName\":\"search_term_string\"}}],\"inLanguage\":\"pt-BR\"},{\"@type\":\"Organization\",\"@id\":\"https:\/\/www.notibras.com\/site\/#organization\",\"name\":\"Grupo Notibras de Comunica\u00e7\u00e3o\",\"url\":\"https:\/\/www.notibras.com\/site\/\",\"logo\":{\"@type\":\"ImageObject\",\"inLanguage\":\"pt-BR\",\"@id\":\"https:\/\/www.notibras.com\/site\/#\/schema\/logo\/image\/\",\"url\":\"https:\/\/www.notibras.com\/site\/wp-content\/uploads\/2023\/01\/notibras23.png\",\"contentUrl\":\"https:\/\/www.notibras.com\/site\/wp-content\/uploads\/2023\/01\/notibras23.png\",\"width\":350,\"height\":87,\"caption\":\"Grupo Notibras de Comunica\u00e7\u00e3o\"},\"image\":{\"@id\":\"https:\/\/www.notibras.com\/site\/#\/schema\/logo\/image\/\"},\"sameAs\":[\"https:\/\/www.facebook.com\/notibras\/\",\"https:\/\/x.com\/Notibras\",\"https:\/\/www.instagram.com\/notibras\/\"]},{\"@type\":\"Person\",\"@id\":\"https:\/\/www.notibras.com\/site\/#\/schema\/person\/5b7fabf2aedc3ada2105f03b22b4d3dd\",\"name\":\"Eduardo Mart\u00ednez\",\"image\":{\"@type\":\"ImageObject\",\"inLanguage\":\"pt-BR\",\"@id\":\"https:\/\/secure.gravatar.com\/avatar\/7902f906289926289cbcda644b5197c796b893c6ffd7b9a536a42d290f7704a0?s=96&d=mm&r=g\",\"url\":\"https:\/\/secure.gravatar.com\/avatar\/7902f906289926289cbcda644b5197c796b893c6ffd7b9a536a42d290f7704a0?s=96&d=mm&r=g\",\"contentUrl\":\"https:\/\/secure.gravatar.com\/avatar\/7902f906289926289cbcda644b5197c796b893c6ffd7b9a536a42d290f7704a0?s=96&d=mm&r=g\",\"caption\":\"Eduardo Mart\u00ednez\"}}]}<\/script>\n<!-- \/ Yoast SEO plugin. -->","yoast_head_json":{"title":"UM AUT\u00d3GRAFO NO ESCRIT\u00d3RIO: GEIR CAMPOS ENTRE N\u00d3S - Notibras","robots":{"index":"index","follow":"follow","max-snippet":"max-snippet:-1","max-image-preview":"max-image-preview:large","max-video-preview":"max-video-preview:-1"},"canonical":"https:\/\/www.notibras.com\/site\/um-autografo-no-escritorio-geir-campos-entre-nos\/","og_locale":"pt_BR","og_type":"article","og_title":"UM AUT\u00d3GRAFO NO ESCRIT\u00d3RIO: GEIR CAMPOS ENTRE N\u00d3S - Notibras","og_description":"Trabalho num escrit\u00f3rio rodeado de poesia. N\u00e3o bastassem meus livros, que preenchem, na prateleira mais pr\u00f3xima a mim, maior espa\u00e7o do que propriamente os livros de direito \u2013 muito destes usamos, hoje em dia, no formato eletr\u00f4nico, dentro de um dispositivo pesando poucos gramas \u2013 na mesa ao lado concentra-se, quase diariamente, meu fraterno amigo [&hellip;]","og_url":"https:\/\/www.notibras.com\/site\/um-autografo-no-escritorio-geir-campos-entre-nos\/","og_site_name":"Notibras","article_publisher":"https:\/\/www.facebook.com\/notibras\/","article_published_time":"2026-01-23T04:15:19+00:00","article_modified_time":"2026-01-23T08:15:11+00:00","og_image":[{"width":1600,"height":900,"url":"https:\/\/www.notibras.com\/site\/wp-content\/uploads\/2026\/01\/WhatsApp-Image-2026-01-20-at-19.14.01.jpeg","type":"image\/jpeg"}],"author":"Eduardo Mart\u00ednez","twitter_card":"summary_large_image","twitter_creator":"@Notibras","twitter_site":"@Notibras","twitter_misc":{"Escrito por":"Eduardo Mart\u00ednez","Est. tempo de leitura":"5 minutos"},"schema":{"@context":"https:\/\/schema.org","@graph":[{"@type":"Article","@id":"https:\/\/www.notibras.com\/site\/um-autografo-no-escritorio-geir-campos-entre-nos\/#article","isPartOf":{"@id":"https:\/\/www.notibras.com\/site\/um-autografo-no-escritorio-geir-campos-entre-nos\/"},"author":{"name":"Eduardo Mart\u00ednez","@id":"https:\/\/www.notibras.com\/site\/#\/schema\/person\/5b7fabf2aedc3ada2105f03b22b4d3dd"},"headline":"UM AUT\u00d3GRAFO NO ESCRIT\u00d3RIO: GEIR CAMPOS ENTRE N\u00d3S","datePublished":"2026-01-23T04:15:19+00:00","dateModified":"2026-01-23T08:15:11+00:00","mainEntityOfPage":{"@id":"https:\/\/www.notibras.com\/site\/um-autografo-no-escritorio-geir-campos-entre-nos\/"},"wordCount":852,"publisher":{"@id":"https:\/\/www.notibras.com\/site\/#organization"},"image":{"@id":"https:\/\/www.notibras.com\/site\/um-autografo-no-escritorio-geir-campos-entre-nos\/#primaryimage"},"thumbnailUrl":"https:\/\/www.notibras.com\/site\/wp-content\/uploads\/2026\/01\/WhatsApp-Image-2026-01-20-at-19.14.01.jpeg","articleSection":["Caf\u00e9 Liter\u00e1rio"],"inLanguage":"pt-BR"},{"@type":"WebPage","@id":"https:\/\/www.notibras.com\/site\/um-autografo-no-escritorio-geir-campos-entre-nos\/","url":"https:\/\/www.notibras.com\/site\/um-autografo-no-escritorio-geir-campos-entre-nos\/","name":"UM AUT\u00d3GRAFO NO ESCRIT\u00d3RIO: GEIR CAMPOS ENTRE N\u00d3S - Notibras","isPartOf":{"@id":"https:\/\/www.notibras.com\/site\/#website"},"primaryImageOfPage":{"@id":"https:\/\/www.notibras.com\/site\/um-autografo-no-escritorio-geir-campos-entre-nos\/#primaryimage"},"image":{"@id":"https:\/\/www.notibras.com\/site\/um-autografo-no-escritorio-geir-campos-entre-nos\/#primaryimage"},"thumbnailUrl":"https:\/\/www.notibras.com\/site\/wp-content\/uploads\/2026\/01\/WhatsApp-Image-2026-01-20-at-19.14.01.jpeg","datePublished":"2026-01-23T04:15:19+00:00","dateModified":"2026-01-23T08:15:11+00:00","breadcrumb":{"@id":"https:\/\/www.notibras.com\/site\/um-autografo-no-escritorio-geir-campos-entre-nos\/#breadcrumb"},"inLanguage":"pt-BR","potentialAction":[{"@type":"ReadAction","target":["https:\/\/www.notibras.com\/site\/um-autografo-no-escritorio-geir-campos-entre-nos\/"]}]},{"@type":"ImageObject","inLanguage":"pt-BR","@id":"https:\/\/www.notibras.com\/site\/um-autografo-no-escritorio-geir-campos-entre-nos\/#primaryimage","url":"https:\/\/www.notibras.com\/site\/wp-content\/uploads\/2026\/01\/WhatsApp-Image-2026-01-20-at-19.14.01.jpeg","contentUrl":"https:\/\/www.notibras.com\/site\/wp-content\/uploads\/2026\/01\/WhatsApp-Image-2026-01-20-at-19.14.01.jpeg","width":1600,"height":900},{"@type":"BreadcrumbList","@id":"https:\/\/www.notibras.com\/site\/um-autografo-no-escritorio-geir-campos-entre-nos\/#breadcrumb","itemListElement":[{"@type":"ListItem","position":1,"name":"In\u00edcio","item":"https:\/\/www.notibras.com\/site\/"},{"@type":"ListItem","position":2,"name":"UM AUT\u00d3GRAFO NO ESCRIT\u00d3RIO: GEIR CAMPOS ENTRE N\u00d3S"}]},{"@type":"WebSite","@id":"https:\/\/www.notibras.com\/site\/#website","url":"https:\/\/www.notibras.com\/site\/","name":"Notibras","description":"Not\u00edcias de Bras\u00edlia, do Brasil e do Mundo","publisher":{"@id":"https:\/\/www.notibras.com\/site\/#organization"},"potentialAction":[{"@type":"SearchAction","target":{"@type":"EntryPoint","urlTemplate":"https:\/\/www.notibras.com\/site\/?s={search_term_string}"},"query-input":{"@type":"PropertyValueSpecification","valueRequired":true,"valueName":"search_term_string"}}],"inLanguage":"pt-BR"},{"@type":"Organization","@id":"https:\/\/www.notibras.com\/site\/#organization","name":"Grupo Notibras de Comunica\u00e7\u00e3o","url":"https:\/\/www.notibras.com\/site\/","logo":{"@type":"ImageObject","inLanguage":"pt-BR","@id":"https:\/\/www.notibras.com\/site\/#\/schema\/logo\/image\/","url":"https:\/\/www.notibras.com\/site\/wp-content\/uploads\/2023\/01\/notibras23.png","contentUrl":"https:\/\/www.notibras.com\/site\/wp-content\/uploads\/2023\/01\/notibras23.png","width":350,"height":87,"caption":"Grupo Notibras de Comunica\u00e7\u00e3o"},"image":{"@id":"https:\/\/www.notibras.com\/site\/#\/schema\/logo\/image\/"},"sameAs":["https:\/\/www.facebook.com\/notibras\/","https:\/\/x.com\/Notibras","https:\/\/www.instagram.com\/notibras\/"]},{"@type":"Person","@id":"https:\/\/www.notibras.com\/site\/#\/schema\/person\/5b7fabf2aedc3ada2105f03b22b4d3dd","name":"Eduardo Mart\u00ednez","image":{"@type":"ImageObject","inLanguage":"pt-BR","@id":"https:\/\/secure.gravatar.com\/avatar\/7902f906289926289cbcda644b5197c796b893c6ffd7b9a536a42d290f7704a0?s=96&d=mm&r=g","url":"https:\/\/secure.gravatar.com\/avatar\/7902f906289926289cbcda644b5197c796b893c6ffd7b9a536a42d290f7704a0?s=96&d=mm&r=g","contentUrl":"https:\/\/secure.gravatar.com\/avatar\/7902f906289926289cbcda644b5197c796b893c6ffd7b9a536a42d290f7704a0?s=96&d=mm&r=g","caption":"Eduardo Mart\u00ednez"}}]}},"amp_enabled":true,"_links":{"self":[{"href":"https:\/\/www.notibras.com\/site\/wp-json\/wp\/v2\/posts\/379843","targetHints":{"allow":["GET"]}}],"collection":[{"href":"https:\/\/www.notibras.com\/site\/wp-json\/wp\/v2\/posts"}],"about":[{"href":"https:\/\/www.notibras.com\/site\/wp-json\/wp\/v2\/types\/post"}],"author":[{"embeddable":true,"href":"https:\/\/www.notibras.com\/site\/wp-json\/wp\/v2\/users\/21"}],"replies":[{"embeddable":true,"href":"https:\/\/www.notibras.com\/site\/wp-json\/wp\/v2\/comments?post=379843"}],"version-history":[{"count":4,"href":"https:\/\/www.notibras.com\/site\/wp-json\/wp\/v2\/posts\/379843\/revisions"}],"predecessor-version":[{"id":380180,"href":"https:\/\/www.notibras.com\/site\/wp-json\/wp\/v2\/posts\/379843\/revisions\/380180"}],"wp:featuredmedia":[{"embeddable":true,"href":"https:\/\/www.notibras.com\/site\/wp-json\/wp\/v2\/media\/379842"}],"wp:attachment":[{"href":"https:\/\/www.notibras.com\/site\/wp-json\/wp\/v2\/media?parent=379843"}],"wp:term":[{"taxonomy":"category","embeddable":true,"href":"https:\/\/www.notibras.com\/site\/wp-json\/wp\/v2\/categories?post=379843"},{"taxonomy":"post_tag","embeddable":true,"href":"https:\/\/www.notibras.com\/site\/wp-json\/wp\/v2\/tags?post=379843"}],"curies":[{"name":"wp","href":"https:\/\/api.w.org\/{rel}","templated":true}]}}