{"id":379847,"date":"2026-01-21T00:15:49","date_gmt":"2026-01-21T03:15:49","guid":{"rendered":"https:\/\/www.notibras.com\/site\/?p=379847"},"modified":"2026-01-20T22:36:21","modified_gmt":"2026-01-21T01:36:21","slug":"tecnico-de-enfermagem-preso-encontrou-novo-emprego-em-uti-pediatrica","status":"publish","type":"post","link":"https:\/\/www.notibras.com\/site\/tecnico-de-enfermagem-preso-encontrou-novo-emprego-em-uti-pediatrica\/","title":{"rendered":"T\u00e9cnico de Enfermagem Preso Encontrou Novo Emprego em UTI Pedi\u00e1trica"},"content":{"rendered":"<p>Um t\u00e9cnico de enfermagem de 24 anos, preso por suspeita de matar tr\u00eas pacientes no Hospital Anchieta, em Taguatinga, Distrito Federal, havia encontrado um novo emprego em uma UTI pedi\u00e1trica de outra institui\u00e7\u00e3o ap\u00f3s os crimes.<\/p>\n<p>Marcos Vin\u00edcius Silva Barbosa de Ara\u00fajo foi demitido do Hospital Anchieta ap\u00f3s uma investiga\u00e7\u00e3o interna sobre as mortes suspeitas de tr\u00eas pacientes entre 17 de novembro e 1\u00ba de dezembro de 2025. Al\u00e9m dele, duas t\u00e9cnicas de enfermagem, Amanda Rodrigues de Sousa, de 28 anos, e Marcela Camilly Alves da Silva, de 22 anos, tamb\u00e9m foram presas.<\/p>\n<p>As v\u00edtimas s\u00e3o Jo\u00e3o Clemente Pereira, de 63 anos, Marcos Raymundo Fernandes Moreira, de 33 anos, e Miranilde Pereira da Silva, de 75 anos. A pol\u00edcia investiga se h\u00e1 outras v\u00edtimas no Hospital Anchieta e em outras unidades de sa\u00fade onde o t\u00e9cnico trabalhou.<\/p>\n<p>A fam\u00edlia de Marcos Raymundo Fernandes Moreira, uma das v\u00edtimas, est\u00e1 desolada com a perda. &#8220;Eles est\u00e3o desolados, n\u00e3o conseguem falar. A m\u00e3e [dele] est\u00e1 dormindo a base de rem\u00e9dios&#8221;, disse o advogado da fam\u00edlia, Vagner de Paula.<\/p>\n<p>O Hospital Anchieta informou que instaurou um comit\u00ea interno para investigar os casos e que colaborou com as autoridades policiais. O Conselho Regional de Enfermagem do Distrito Federal tamb\u00e9m est\u00e1 acompanhando o caso e adotando as provid\u00eancias cab\u00edveis.<\/p>\n","protected":false},"excerpt":{"rendered":"<p>Um t\u00e9cnico de enfermagem de 24 anos, preso por suspeita de matar tr\u00eas pacientes no Hospital Anchieta, em Taguatinga, Distrito Federal, havia encontrado um novo emprego em uma UTI pedi\u00e1trica de outra institui\u00e7\u00e3o ap\u00f3s os crimes. Marcos Vin\u00edcius Silva Barbosa de Ara\u00fajo foi demitido do Hospital Anchieta ap\u00f3s uma investiga\u00e7\u00e3o interna sobre as mortes suspeitas [&hellip;]<\/p>\n","protected":false},"author":21,"featured_media":379852,"comment_status":"closed","ping_status":"closed","sticky":false,"template":"","format":"standard","meta":{"_acf_changed":false,"footnotes":""},"categories":[161],"tags":[],"class_list":["post-379847","post","type-post","status-publish","format-standard","has-post-thumbnail","hentry","category-quadradinho-em-foco"],"acf":[],"yoast_head":"<!-- This site is optimized with the Yoast SEO plugin v27.2 - https:\/\/yoast.com\/product\/yoast-seo-wordpress\/ -->\n<title>T\u00e9cnico de Enfermagem Preso Encontrou Novo Emprego em UTI Pedi\u00e1trica - Notibras<\/title>\n<meta name=\"robots\" content=\"index, follow, max-snippet:-1, max-image-preview:large, max-video-preview:-1\" \/>\n<link rel=\"canonical\" href=\"https:\/\/www.notibras.com\/site\/tecnico-de-enfermagem-preso-encontrou-novo-emprego-em-uti-pediatrica\/\" \/>\n<meta property=\"og:locale\" content=\"pt_BR\" \/>\n<meta property=\"og:type\" content=\"article\" \/>\n<meta property=\"og:title\" content=\"T\u00e9cnico de Enfermagem Preso Encontrou Novo Emprego em UTI Pedi\u00e1trica - Notibras\" \/>\n<meta property=\"og:description\" content=\"Um t\u00e9cnico de enfermagem de 24 anos, preso por suspeita de matar tr\u00eas pacientes no Hospital Anchieta, em Taguatinga, Distrito Federal, havia encontrado um novo emprego em uma UTI pedi\u00e1trica de outra institui\u00e7\u00e3o ap\u00f3s os crimes. Marcos Vin\u00edcius Silva Barbosa de Ara\u00fajo foi demitido do Hospital Anchieta ap\u00f3s uma investiga\u00e7\u00e3o interna sobre as mortes suspeitas [&hellip;]\" \/>\n<meta property=\"og:url\" content=\"https:\/\/www.notibras.com\/site\/tecnico-de-enfermagem-preso-encontrou-novo-emprego-em-uti-pediatrica\/\" \/>\n<meta property=\"og:site_name\" content=\"Notibras\" \/>\n<meta property=\"article:publisher\" content=\"https:\/\/www.facebook.com\/notibras\/\" \/>\n<meta property=\"article:published_time\" content=\"2026-01-21T03:15:49+00:00\" \/>\n<meta property=\"og:image\" content=\"https:\/\/www.notibras.com\/site\/wp-content\/uploads\/2026\/01\/WhatsApp-Image-2026-01-20-at-22.27.42.jpeg\" \/>\n\t<meta property=\"og:image:width\" content=\"984\" \/>\n\t<meta property=\"og:image:height\" content=\"554\" \/>\n\t<meta property=\"og:image:type\" content=\"image\/jpeg\" \/>\n<meta name=\"author\" content=\"Eduardo Mart\u00ednez\" \/>\n<meta name=\"twitter:card\" content=\"summary_large_image\" \/>\n<meta name=\"twitter:creator\" content=\"@Notibras\" \/>\n<meta name=\"twitter:site\" content=\"@Notibras\" \/>\n<meta name=\"twitter:label1\" content=\"Escrito por\" \/>\n\t<meta name=\"twitter:data1\" content=\"Eduardo Mart\u00ednez\" \/>\n\t<meta name=\"twitter:label2\" content=\"Est. tempo de leitura\" \/>\n\t<meta name=\"twitter:data2\" content=\"2 minutos\" \/>\n<script type=\"application\/ld+json\" class=\"yoast-schema-graph\">{\"@context\":\"https:\/\/schema.org\",\"@graph\":[{\"@type\":\"Article\",\"@id\":\"https:\/\/www.notibras.com\/site\/tecnico-de-enfermagem-preso-encontrou-novo-emprego-em-uti-pediatrica\/#article\",\"isPartOf\":{\"@id\":\"https:\/\/www.notibras.com\/site\/tecnico-de-enfermagem-preso-encontrou-novo-emprego-em-uti-pediatrica\/\"},\"author\":{\"name\":\"Eduardo Mart\u00ednez\",\"@id\":\"https:\/\/www.notibras.com\/site\/#\/schema\/person\/5b7fabf2aedc3ada2105f03b22b4d3dd\"},\"headline\":\"T\u00e9cnico de Enfermagem Preso Encontrou Novo Emprego em UTI Pedi\u00e1trica\",\"datePublished\":\"2026-01-21T03:15:49+00:00\",\"mainEntityOfPage\":{\"@id\":\"https:\/\/www.notibras.com\/site\/tecnico-de-enfermagem-preso-encontrou-novo-emprego-em-uti-pediatrica\/\"},\"wordCount\":246,\"publisher\":{\"@id\":\"https:\/\/www.notibras.com\/site\/#organization\"},\"image\":{\"@id\":\"https:\/\/www.notibras.com\/site\/tecnico-de-enfermagem-preso-encontrou-novo-emprego-em-uti-pediatrica\/#primaryimage\"},\"thumbnailUrl\":\"https:\/\/www.notibras.com\/site\/wp-content\/uploads\/2026\/01\/WhatsApp-Image-2026-01-20-at-22.27.42.jpeg\",\"articleSection\":[\"Quadradinho em Foco\"],\"inLanguage\":\"pt-BR\"},{\"@type\":\"WebPage\",\"@id\":\"https:\/\/www.notibras.com\/site\/tecnico-de-enfermagem-preso-encontrou-novo-emprego-em-uti-pediatrica\/\",\"url\":\"https:\/\/www.notibras.com\/site\/tecnico-de-enfermagem-preso-encontrou-novo-emprego-em-uti-pediatrica\/\",\"name\":\"T\u00e9cnico de Enfermagem Preso Encontrou Novo Emprego em UTI Pedi\u00e1trica - Notibras\",\"isPartOf\":{\"@id\":\"https:\/\/www.notibras.com\/site\/#website\"},\"primaryImageOfPage\":{\"@id\":\"https:\/\/www.notibras.com\/site\/tecnico-de-enfermagem-preso-encontrou-novo-emprego-em-uti-pediatrica\/#primaryimage\"},\"image\":{\"@id\":\"https:\/\/www.notibras.com\/site\/tecnico-de-enfermagem-preso-encontrou-novo-emprego-em-uti-pediatrica\/#primaryimage\"},\"thumbnailUrl\":\"https:\/\/www.notibras.com\/site\/wp-content\/uploads\/2026\/01\/WhatsApp-Image-2026-01-20-at-22.27.42.jpeg\",\"datePublished\":\"2026-01-21T03:15:49+00:00\",\"breadcrumb\":{\"@id\":\"https:\/\/www.notibras.com\/site\/tecnico-de-enfermagem-preso-encontrou-novo-emprego-em-uti-pediatrica\/#breadcrumb\"},\"inLanguage\":\"pt-BR\",\"potentialAction\":[{\"@type\":\"ReadAction\",\"target\":[\"https:\/\/www.notibras.com\/site\/tecnico-de-enfermagem-preso-encontrou-novo-emprego-em-uti-pediatrica\/\"]}]},{\"@type\":\"ImageObject\",\"inLanguage\":\"pt-BR\",\"@id\":\"https:\/\/www.notibras.com\/site\/tecnico-de-enfermagem-preso-encontrou-novo-emprego-em-uti-pediatrica\/#primaryimage\",\"url\":\"https:\/\/www.notibras.com\/site\/wp-content\/uploads\/2026\/01\/WhatsApp-Image-2026-01-20-at-22.27.42.jpeg\",\"contentUrl\":\"https:\/\/www.notibras.com\/site\/wp-content\/uploads\/2026\/01\/WhatsApp-Image-2026-01-20-at-22.27.42.jpeg\",\"width\":984,\"height\":554},{\"@type\":\"BreadcrumbList\",\"@id\":\"https:\/\/www.notibras.com\/site\/tecnico-de-enfermagem-preso-encontrou-novo-emprego-em-uti-pediatrica\/#breadcrumb\",\"itemListElement\":[{\"@type\":\"ListItem\",\"position\":1,\"name\":\"In\u00edcio\",\"item\":\"https:\/\/www.notibras.com\/site\/\"},{\"@type\":\"ListItem\",\"position\":2,\"name\":\"T\u00e9cnico de Enfermagem Preso Encontrou Novo Emprego em UTI Pedi\u00e1trica\"}]},{\"@type\":\"WebSite\",\"@id\":\"https:\/\/www.notibras.com\/site\/#website\",\"url\":\"https:\/\/www.notibras.com\/site\/\",\"name\":\"Notibras\",\"description\":\"Not\u00edcias de Bras\u00edlia, do Brasil e do Mundo\",\"publisher\":{\"@id\":\"https:\/\/www.notibras.com\/site\/#organization\"},\"potentialAction\":[{\"@type\":\"SearchAction\",\"target\":{\"@type\":\"EntryPoint\",\"urlTemplate\":\"https:\/\/www.notibras.com\/site\/?s={search_term_string}\"},\"query-input\":{\"@type\":\"PropertyValueSpecification\",\"valueRequired\":true,\"valueName\":\"search_term_string\"}}],\"inLanguage\":\"pt-BR\"},{\"@type\":\"Organization\",\"@id\":\"https:\/\/www.notibras.com\/site\/#organization\",\"name\":\"Grupo Notibras de Comunica\u00e7\u00e3o\",\"url\":\"https:\/\/www.notibras.com\/site\/\",\"logo\":{\"@type\":\"ImageObject\",\"inLanguage\":\"pt-BR\",\"@id\":\"https:\/\/www.notibras.com\/site\/#\/schema\/logo\/image\/\",\"url\":\"https:\/\/www.notibras.com\/site\/wp-content\/uploads\/2023\/01\/notibras23.png\",\"contentUrl\":\"https:\/\/www.notibras.com\/site\/wp-content\/uploads\/2023\/01\/notibras23.png\",\"width\":350,\"height\":87,\"caption\":\"Grupo Notibras de Comunica\u00e7\u00e3o\"},\"image\":{\"@id\":\"https:\/\/www.notibras.com\/site\/#\/schema\/logo\/image\/\"},\"sameAs\":[\"https:\/\/www.facebook.com\/notibras\/\",\"https:\/\/x.com\/Notibras\",\"https:\/\/www.instagram.com\/notibras\/\"]},{\"@type\":\"Person\",\"@id\":\"https:\/\/www.notibras.com\/site\/#\/schema\/person\/5b7fabf2aedc3ada2105f03b22b4d3dd\",\"name\":\"Eduardo Mart\u00ednez\",\"image\":{\"@type\":\"ImageObject\",\"inLanguage\":\"pt-BR\",\"@id\":\"https:\/\/secure.gravatar.com\/avatar\/7902f906289926289cbcda644b5197c796b893c6ffd7b9a536a42d290f7704a0?s=96&d=mm&r=g\",\"url\":\"https:\/\/secure.gravatar.com\/avatar\/7902f906289926289cbcda644b5197c796b893c6ffd7b9a536a42d290f7704a0?s=96&d=mm&r=g\",\"contentUrl\":\"https:\/\/secure.gravatar.com\/avatar\/7902f906289926289cbcda644b5197c796b893c6ffd7b9a536a42d290f7704a0?s=96&d=mm&r=g\",\"caption\":\"Eduardo Mart\u00ednez\"}}]}<\/script>\n<!-- \/ Yoast SEO plugin. -->","yoast_head_json":{"title":"T\u00e9cnico de Enfermagem Preso Encontrou Novo Emprego em UTI Pedi\u00e1trica - Notibras","robots":{"index":"index","follow":"follow","max-snippet":"max-snippet:-1","max-image-preview":"max-image-preview:large","max-video-preview":"max-video-preview:-1"},"canonical":"https:\/\/www.notibras.com\/site\/tecnico-de-enfermagem-preso-encontrou-novo-emprego-em-uti-pediatrica\/","og_locale":"pt_BR","og_type":"article","og_title":"T\u00e9cnico de Enfermagem Preso Encontrou Novo Emprego em UTI Pedi\u00e1trica - Notibras","og_description":"Um t\u00e9cnico de enfermagem de 24 anos, preso por suspeita de matar tr\u00eas pacientes no Hospital Anchieta, em Taguatinga, Distrito Federal, havia encontrado um novo emprego em uma UTI pedi\u00e1trica de outra institui\u00e7\u00e3o ap\u00f3s os crimes. Marcos Vin\u00edcius Silva Barbosa de Ara\u00fajo foi demitido do Hospital Anchieta ap\u00f3s uma investiga\u00e7\u00e3o interna sobre as mortes suspeitas [&hellip;]","og_url":"https:\/\/www.notibras.com\/site\/tecnico-de-enfermagem-preso-encontrou-novo-emprego-em-uti-pediatrica\/","og_site_name":"Notibras","article_publisher":"https:\/\/www.facebook.com\/notibras\/","article_published_time":"2026-01-21T03:15:49+00:00","og_image":[{"width":984,"height":554,"url":"https:\/\/www.notibras.com\/site\/wp-content\/uploads\/2026\/01\/WhatsApp-Image-2026-01-20-at-22.27.42.jpeg","type":"image\/jpeg"}],"author":"Eduardo Mart\u00ednez","twitter_card":"summary_large_image","twitter_creator":"@Notibras","twitter_site":"@Notibras","twitter_misc":{"Escrito por":"Eduardo Mart\u00ednez","Est. tempo de leitura":"2 minutos"},"schema":{"@context":"https:\/\/schema.org","@graph":[{"@type":"Article","@id":"https:\/\/www.notibras.com\/site\/tecnico-de-enfermagem-preso-encontrou-novo-emprego-em-uti-pediatrica\/#article","isPartOf":{"@id":"https:\/\/www.notibras.com\/site\/tecnico-de-enfermagem-preso-encontrou-novo-emprego-em-uti-pediatrica\/"},"author":{"name":"Eduardo Mart\u00ednez","@id":"https:\/\/www.notibras.com\/site\/#\/schema\/person\/5b7fabf2aedc3ada2105f03b22b4d3dd"},"headline":"T\u00e9cnico de Enfermagem Preso Encontrou Novo Emprego em UTI Pedi\u00e1trica","datePublished":"2026-01-21T03:15:49+00:00","mainEntityOfPage":{"@id":"https:\/\/www.notibras.com\/site\/tecnico-de-enfermagem-preso-encontrou-novo-emprego-em-uti-pediatrica\/"},"wordCount":246,"publisher":{"@id":"https:\/\/www.notibras.com\/site\/#organization"},"image":{"@id":"https:\/\/www.notibras.com\/site\/tecnico-de-enfermagem-preso-encontrou-novo-emprego-em-uti-pediatrica\/#primaryimage"},"thumbnailUrl":"https:\/\/www.notibras.com\/site\/wp-content\/uploads\/2026\/01\/WhatsApp-Image-2026-01-20-at-22.27.42.jpeg","articleSection":["Quadradinho em Foco"],"inLanguage":"pt-BR"},{"@type":"WebPage","@id":"https:\/\/www.notibras.com\/site\/tecnico-de-enfermagem-preso-encontrou-novo-emprego-em-uti-pediatrica\/","url":"https:\/\/www.notibras.com\/site\/tecnico-de-enfermagem-preso-encontrou-novo-emprego-em-uti-pediatrica\/","name":"T\u00e9cnico de Enfermagem Preso Encontrou Novo Emprego em UTI Pedi\u00e1trica - Notibras","isPartOf":{"@id":"https:\/\/www.notibras.com\/site\/#website"},"primaryImageOfPage":{"@id":"https:\/\/www.notibras.com\/site\/tecnico-de-enfermagem-preso-encontrou-novo-emprego-em-uti-pediatrica\/#primaryimage"},"image":{"@id":"https:\/\/www.notibras.com\/site\/tecnico-de-enfermagem-preso-encontrou-novo-emprego-em-uti-pediatrica\/#primaryimage"},"thumbnailUrl":"https:\/\/www.notibras.com\/site\/wp-content\/uploads\/2026\/01\/WhatsApp-Image-2026-01-20-at-22.27.42.jpeg","datePublished":"2026-01-21T03:15:49+00:00","breadcrumb":{"@id":"https:\/\/www.notibras.com\/site\/tecnico-de-enfermagem-preso-encontrou-novo-emprego-em-uti-pediatrica\/#breadcrumb"},"inLanguage":"pt-BR","potentialAction":[{"@type":"ReadAction","target":["https:\/\/www.notibras.com\/site\/tecnico-de-enfermagem-preso-encontrou-novo-emprego-em-uti-pediatrica\/"]}]},{"@type":"ImageObject","inLanguage":"pt-BR","@id":"https:\/\/www.notibras.com\/site\/tecnico-de-enfermagem-preso-encontrou-novo-emprego-em-uti-pediatrica\/#primaryimage","url":"https:\/\/www.notibras.com\/site\/wp-content\/uploads\/2026\/01\/WhatsApp-Image-2026-01-20-at-22.27.42.jpeg","contentUrl":"https:\/\/www.notibras.com\/site\/wp-content\/uploads\/2026\/01\/WhatsApp-Image-2026-01-20-at-22.27.42.jpeg","width":984,"height":554},{"@type":"BreadcrumbList","@id":"https:\/\/www.notibras.com\/site\/tecnico-de-enfermagem-preso-encontrou-novo-emprego-em-uti-pediatrica\/#breadcrumb","itemListElement":[{"@type":"ListItem","position":1,"name":"In\u00edcio","item":"https:\/\/www.notibras.com\/site\/"},{"@type":"ListItem","position":2,"name":"T\u00e9cnico de Enfermagem Preso Encontrou Novo Emprego em UTI Pedi\u00e1trica"}]},{"@type":"WebSite","@id":"https:\/\/www.notibras.com\/site\/#website","url":"https:\/\/www.notibras.com\/site\/","name":"Notibras","description":"Not\u00edcias de Bras\u00edlia, do Brasil e do Mundo","publisher":{"@id":"https:\/\/www.notibras.com\/site\/#organization"},"potentialAction":[{"@type":"SearchAction","target":{"@type":"EntryPoint","urlTemplate":"https:\/\/www.notibras.com\/site\/?s={search_term_string}"},"query-input":{"@type":"PropertyValueSpecification","valueRequired":true,"valueName":"search_term_string"}}],"inLanguage":"pt-BR"},{"@type":"Organization","@id":"https:\/\/www.notibras.com\/site\/#organization","name":"Grupo Notibras de Comunica\u00e7\u00e3o","url":"https:\/\/www.notibras.com\/site\/","logo":{"@type":"ImageObject","inLanguage":"pt-BR","@id":"https:\/\/www.notibras.com\/site\/#\/schema\/logo\/image\/","url":"https:\/\/www.notibras.com\/site\/wp-content\/uploads\/2023\/01\/notibras23.png","contentUrl":"https:\/\/www.notibras.com\/site\/wp-content\/uploads\/2023\/01\/notibras23.png","width":350,"height":87,"caption":"Grupo Notibras de Comunica\u00e7\u00e3o"},"image":{"@id":"https:\/\/www.notibras.com\/site\/#\/schema\/logo\/image\/"},"sameAs":["https:\/\/www.facebook.com\/notibras\/","https:\/\/x.com\/Notibras","https:\/\/www.instagram.com\/notibras\/"]},{"@type":"Person","@id":"https:\/\/www.notibras.com\/site\/#\/schema\/person\/5b7fabf2aedc3ada2105f03b22b4d3dd","name":"Eduardo Mart\u00ednez","image":{"@type":"ImageObject","inLanguage":"pt-BR","@id":"https:\/\/secure.gravatar.com\/avatar\/7902f906289926289cbcda644b5197c796b893c6ffd7b9a536a42d290f7704a0?s=96&d=mm&r=g","url":"https:\/\/secure.gravatar.com\/avatar\/7902f906289926289cbcda644b5197c796b893c6ffd7b9a536a42d290f7704a0?s=96&d=mm&r=g","contentUrl":"https:\/\/secure.gravatar.com\/avatar\/7902f906289926289cbcda644b5197c796b893c6ffd7b9a536a42d290f7704a0?s=96&d=mm&r=g","caption":"Eduardo Mart\u00ednez"}}]}},"amp_enabled":true,"_links":{"self":[{"href":"https:\/\/www.notibras.com\/site\/wp-json\/wp\/v2\/posts\/379847","targetHints":{"allow":["GET"]}}],"collection":[{"href":"https:\/\/www.notibras.com\/site\/wp-json\/wp\/v2\/posts"}],"about":[{"href":"https:\/\/www.notibras.com\/site\/wp-json\/wp\/v2\/types\/post"}],"author":[{"embeddable":true,"href":"https:\/\/www.notibras.com\/site\/wp-json\/wp\/v2\/users\/21"}],"replies":[{"embeddable":true,"href":"https:\/\/www.notibras.com\/site\/wp-json\/wp\/v2\/comments?post=379847"}],"version-history":[{"count":6,"href":"https:\/\/www.notibras.com\/site\/wp-json\/wp\/v2\/posts\/379847\/revisions"}],"predecessor-version":[{"id":379854,"href":"https:\/\/www.notibras.com\/site\/wp-json\/wp\/v2\/posts\/379847\/revisions\/379854"}],"wp:featuredmedia":[{"embeddable":true,"href":"https:\/\/www.notibras.com\/site\/wp-json\/wp\/v2\/media\/379852"}],"wp:attachment":[{"href":"https:\/\/www.notibras.com\/site\/wp-json\/wp\/v2\/media?parent=379847"}],"wp:term":[{"taxonomy":"category","embeddable":true,"href":"https:\/\/www.notibras.com\/site\/wp-json\/wp\/v2\/categories?post=379847"},{"taxonomy":"post_tag","embeddable":true,"href":"https:\/\/www.notibras.com\/site\/wp-json\/wp\/v2\/tags?post=379847"}],"curies":[{"name":"wp","href":"https:\/\/api.w.org\/{rel}","templated":true}]}}