{"id":379860,"date":"2026-01-21T00:15:12","date_gmt":"2026-01-21T03:15:12","guid":{"rendered":"https:\/\/www.notibras.com\/site\/?p=379860"},"modified":"2026-01-20T23:07:46","modified_gmt":"2026-01-21T02:07:46","slug":"resultado-provisorio-do-df-folia-2026-e-divulgado-e-abre-prazo-para-recursos","status":"publish","type":"post","link":"https:\/\/www.notibras.com\/site\/resultado-provisorio-do-df-folia-2026-e-divulgado-e-abre-prazo-para-recursos\/","title":{"rendered":"Resultado Provis\u00f3rio do DF Folia 2026 \u00e9 Divulgado, e abre prazo para recursos"},"content":{"rendered":"<p>A Secretaria de Cultura e Economia Criativa do DF (Secec-DF) divulgou, na noite desta ter\u00e7a-feira (20), o resultado provis\u00f3rio dos blocos e territ\u00f3rios selecionados para o DF Folia 2026. A publica\u00e7\u00e3o marca tamb\u00e9m a abertura oficial da fase recursal, etapa em que os proponentes podem solicitar a revis\u00e3o do resultado dentro do prazo estabelecido no cronograma oficial.<\/p>\n<p>Para consultar o resultado provis\u00f3rio, <a href=\"https:\/\/www.cultura.df.gov.br\/documents\/d\/secec\/df-folia-2026-resultado-provisorio_compressed-pdf\">clique aqui<\/a>.<\/p>\n<p>J\u00e1 os recursos devem ser encaminhados por <a href=\"https:\/\/docs.google.com\/forms\/d\/19DsD_sLf5KE82dEmaU5PcIbB-em3wtSqddKDSeyeLoQ\/viewform?edit_requested=true\">formul\u00e1rio eletr\u00f4nico<\/a>.<\/p>\n<p>De acordo com a Secec-DF, os recursos podem ser apresentados at\u00e9 as 18h da pr\u00f3xima quinta-feira (22). A an\u00e1lise seguir\u00e1 os crit\u00e9rios previstos no edital, respeitando o n\u00famero de vagas dispon\u00edveis para esta edi\u00e7\u00e3o do carnaval de rua do Distrito Federal.<\/p>\n<p>O resultado provis\u00f3rio sucede o per\u00edodo de inscri\u00e7\u00f5es, encerrado no dia 13, e a divulga\u00e7\u00e3o da lista completa de blocos cadastrados, publicada no dia 15. Ap\u00f3s a etapa recursal, o resultado definitivo dos selecionados ser\u00e1 divulgado no dia 23, tamb\u00e9m \u00e0s 18h.<\/p>\n<p>Para os organizadores, este \u00e9 um momento decisivo do processo. \u00c9 quando blocos tradicionais e iniciativas mais recentes t\u00eam a oportunidade de garantir presen\u00e7a na programa\u00e7\u00e3o oficial do DF Folia, que movimenta diferentes regi\u00f5es administrativas, fortalece a cultura popular e impulsiona a economia criativa durante o per\u00edodo carnavalesco.<\/p>\n<p>\u201cO carnaval de rua \u00e9 express\u00e3o cultural, encontro e pertencimento. Cada bloco representa uma hist\u00f3ria constru\u00edda com a comunidade. Por isso, tratamos cada etapa com transpar\u00eancia e responsabilidade, garantindo espa\u00e7o para o di\u00e1logo e para o direito ao recurso\u201d, afirma o secret\u00e1rio de Cultura e Economia Criativa do DF, Claudio Abrantes. \u201cNosso compromisso \u00e9 com um DF Folia plural, organizado e acess\u00edvel, que valorize quem faz a festa acontecer nas ruas\u201d.<\/p>\n<p>A Secec-DF orienta que os respons\u00e1veis pelos blocos acompanhem atentamente os prazos e as orienta\u00e7\u00f5es oficiais para a interposi\u00e7\u00e3o de recursos. O DF Folia 2026 integra a pol\u00edtica p\u00fablica de apoio ao carnaval de rua, reconhecendo a festa como manifesta\u00e7\u00e3o cultural, instrumento de inclus\u00e3o e vetor de desenvolvimento local.<\/p>\n<p><strong>Servi\u00e7o<\/strong><\/p>\n<p><a href=\"https:\/\/www.cultura.df.gov.br\/documents\/d\/secec\/df-folia-2026-resultado-provisorio_compressed-1-pdf\">Resultado provis\u00f3rio \u2013 DF Folia 2026<\/a><\/p>\n<p><a href=\"https:\/\/docs.google.com\/forms\/d\/19DsD_sLf5KE82dEmaU5PcIbB-em3wtSqddKDSeyeLoQ\/viewform?edit_requested=true\">Link para a solicita\u00e7\u00e3o de recurso<\/a><\/p>\n<p><a href=\"https:\/\/www.cultura.df.gov.br\/editais-abertos-1\">Edital n\u00ba 34 e demais documentos<\/a><\/p>\n","protected":false},"excerpt":{"rendered":"<p>A Secretaria de Cultura e Economia Criativa do DF (Secec-DF) divulgou, na noite desta ter\u00e7a-feira (20), o resultado provis\u00f3rio dos blocos e territ\u00f3rios selecionados para o DF Folia 2026. A publica\u00e7\u00e3o marca tamb\u00e9m a abertura oficial da fase recursal, etapa em que os proponentes podem solicitar a revis\u00e3o do resultado dentro do prazo estabelecido no [&hellip;]<\/p>\n","protected":false},"author":21,"featured_media":379865,"comment_status":"closed","ping_status":"closed","sticky":false,"template":"","format":"standard","meta":{"_acf_changed":false,"footnotes":""},"categories":[161],"tags":[],"class_list":["post-379860","post","type-post","status-publish","format-standard","has-post-thumbnail","hentry","category-quadradinho-em-foco"],"acf":[],"yoast_head":"<!-- This site is optimized with the Yoast SEO plugin v27.2 - https:\/\/yoast.com\/product\/yoast-seo-wordpress\/ -->\n<title>Resultado Provis\u00f3rio do DF Folia 2026 \u00e9 Divulgado, e abre prazo para recursos - Notibras<\/title>\n<meta name=\"robots\" content=\"index, follow, max-snippet:-1, max-image-preview:large, max-video-preview:-1\" \/>\n<link rel=\"canonical\" href=\"https:\/\/www.notibras.com\/site\/resultado-provisorio-do-df-folia-2026-e-divulgado-e-abre-prazo-para-recursos\/\" \/>\n<meta property=\"og:locale\" content=\"pt_BR\" \/>\n<meta property=\"og:type\" content=\"article\" \/>\n<meta property=\"og:title\" content=\"Resultado Provis\u00f3rio do DF Folia 2026 \u00e9 Divulgado, e abre prazo para recursos - Notibras\" \/>\n<meta property=\"og:description\" content=\"A Secretaria de Cultura e Economia Criativa do DF (Secec-DF) divulgou, na noite desta ter\u00e7a-feira (20), o resultado provis\u00f3rio dos blocos e territ\u00f3rios selecionados para o DF Folia 2026. A publica\u00e7\u00e3o marca tamb\u00e9m a abertura oficial da fase recursal, etapa em que os proponentes podem solicitar a revis\u00e3o do resultado dentro do prazo estabelecido no [&hellip;]\" \/>\n<meta property=\"og:url\" content=\"https:\/\/www.notibras.com\/site\/resultado-provisorio-do-df-folia-2026-e-divulgado-e-abre-prazo-para-recursos\/\" \/>\n<meta property=\"og:site_name\" content=\"Notibras\" \/>\n<meta property=\"article:publisher\" content=\"https:\/\/www.facebook.com\/notibras\/\" \/>\n<meta property=\"article:published_time\" content=\"2026-01-21T03:15:12+00:00\" \/>\n<meta property=\"og:image\" content=\"https:\/\/www.notibras.com\/site\/wp-content\/uploads\/2026\/01\/df-folia-2025-agbsb-1.jpg\" \/>\n\t<meta property=\"og:image:width\" content=\"799\" \/>\n\t<meta property=\"og:image:height\" content=\"533\" \/>\n\t<meta property=\"og:image:type\" content=\"image\/jpeg\" \/>\n<meta name=\"author\" content=\"Eduardo Mart\u00ednez\" \/>\n<meta name=\"twitter:card\" content=\"summary_large_image\" \/>\n<meta name=\"twitter:creator\" content=\"@Notibras\" \/>\n<meta name=\"twitter:site\" content=\"@Notibras\" \/>\n<meta name=\"twitter:label1\" content=\"Escrito por\" \/>\n\t<meta name=\"twitter:data1\" content=\"Eduardo Mart\u00ednez\" \/>\n\t<meta name=\"twitter:label2\" content=\"Est. tempo de leitura\" \/>\n\t<meta name=\"twitter:data2\" content=\"3 minutos\" \/>\n<script type=\"application\/ld+json\" class=\"yoast-schema-graph\">{\"@context\":\"https:\/\/schema.org\",\"@graph\":[{\"@type\":\"Article\",\"@id\":\"https:\/\/www.notibras.com\/site\/resultado-provisorio-do-df-folia-2026-e-divulgado-e-abre-prazo-para-recursos\/#article\",\"isPartOf\":{\"@id\":\"https:\/\/www.notibras.com\/site\/resultado-provisorio-do-df-folia-2026-e-divulgado-e-abre-prazo-para-recursos\/\"},\"author\":{\"name\":\"Eduardo Mart\u00ednez\",\"@id\":\"https:\/\/www.notibras.com\/site\/#\/schema\/person\/5b7fabf2aedc3ada2105f03b22b4d3dd\"},\"headline\":\"Resultado Provis\u00f3rio do DF Folia 2026 \u00e9 Divulgado, e abre prazo para recursos\",\"datePublished\":\"2026-01-21T03:15:12+00:00\",\"mainEntityOfPage\":{\"@id\":\"https:\/\/www.notibras.com\/site\/resultado-provisorio-do-df-folia-2026-e-divulgado-e-abre-prazo-para-recursos\/\"},\"wordCount\":385,\"publisher\":{\"@id\":\"https:\/\/www.notibras.com\/site\/#organization\"},\"image\":{\"@id\":\"https:\/\/www.notibras.com\/site\/resultado-provisorio-do-df-folia-2026-e-divulgado-e-abre-prazo-para-recursos\/#primaryimage\"},\"thumbnailUrl\":\"https:\/\/www.notibras.com\/site\/wp-content\/uploads\/2026\/01\/df-folia-2025-agbsb-1.jpg\",\"articleSection\":[\"Quadradinho em Foco\"],\"inLanguage\":\"pt-BR\"},{\"@type\":\"WebPage\",\"@id\":\"https:\/\/www.notibras.com\/site\/resultado-provisorio-do-df-folia-2026-e-divulgado-e-abre-prazo-para-recursos\/\",\"url\":\"https:\/\/www.notibras.com\/site\/resultado-provisorio-do-df-folia-2026-e-divulgado-e-abre-prazo-para-recursos\/\",\"name\":\"Resultado Provis\u00f3rio do DF Folia 2026 \u00e9 Divulgado, e abre prazo para recursos - Notibras\",\"isPartOf\":{\"@id\":\"https:\/\/www.notibras.com\/site\/#website\"},\"primaryImageOfPage\":{\"@id\":\"https:\/\/www.notibras.com\/site\/resultado-provisorio-do-df-folia-2026-e-divulgado-e-abre-prazo-para-recursos\/#primaryimage\"},\"image\":{\"@id\":\"https:\/\/www.notibras.com\/site\/resultado-provisorio-do-df-folia-2026-e-divulgado-e-abre-prazo-para-recursos\/#primaryimage\"},\"thumbnailUrl\":\"https:\/\/www.notibras.com\/site\/wp-content\/uploads\/2026\/01\/df-folia-2025-agbsb-1.jpg\",\"datePublished\":\"2026-01-21T03:15:12+00:00\",\"breadcrumb\":{\"@id\":\"https:\/\/www.notibras.com\/site\/resultado-provisorio-do-df-folia-2026-e-divulgado-e-abre-prazo-para-recursos\/#breadcrumb\"},\"inLanguage\":\"pt-BR\",\"potentialAction\":[{\"@type\":\"ReadAction\",\"target\":[\"https:\/\/www.notibras.com\/site\/resultado-provisorio-do-df-folia-2026-e-divulgado-e-abre-prazo-para-recursos\/\"]}]},{\"@type\":\"ImageObject\",\"inLanguage\":\"pt-BR\",\"@id\":\"https:\/\/www.notibras.com\/site\/resultado-provisorio-do-df-folia-2026-e-divulgado-e-abre-prazo-para-recursos\/#primaryimage\",\"url\":\"https:\/\/www.notibras.com\/site\/wp-content\/uploads\/2026\/01\/df-folia-2025-agbsb-1.jpg\",\"contentUrl\":\"https:\/\/www.notibras.com\/site\/wp-content\/uploads\/2026\/01\/df-folia-2025-agbsb-1.jpg\",\"width\":799,\"height\":533},{\"@type\":\"BreadcrumbList\",\"@id\":\"https:\/\/www.notibras.com\/site\/resultado-provisorio-do-df-folia-2026-e-divulgado-e-abre-prazo-para-recursos\/#breadcrumb\",\"itemListElement\":[{\"@type\":\"ListItem\",\"position\":1,\"name\":\"In\u00edcio\",\"item\":\"https:\/\/www.notibras.com\/site\/\"},{\"@type\":\"ListItem\",\"position\":2,\"name\":\"Resultado Provis\u00f3rio do DF Folia 2026 \u00e9 Divulgado, e abre prazo para recursos\"}]},{\"@type\":\"WebSite\",\"@id\":\"https:\/\/www.notibras.com\/site\/#website\",\"url\":\"https:\/\/www.notibras.com\/site\/\",\"name\":\"Notibras\",\"description\":\"Not\u00edcias de Bras\u00edlia, do Brasil e do Mundo\",\"publisher\":{\"@id\":\"https:\/\/www.notibras.com\/site\/#organization\"},\"potentialAction\":[{\"@type\":\"SearchAction\",\"target\":{\"@type\":\"EntryPoint\",\"urlTemplate\":\"https:\/\/www.notibras.com\/site\/?s={search_term_string}\"},\"query-input\":{\"@type\":\"PropertyValueSpecification\",\"valueRequired\":true,\"valueName\":\"search_term_string\"}}],\"inLanguage\":\"pt-BR\"},{\"@type\":\"Organization\",\"@id\":\"https:\/\/www.notibras.com\/site\/#organization\",\"name\":\"Grupo Notibras de Comunica\u00e7\u00e3o\",\"url\":\"https:\/\/www.notibras.com\/site\/\",\"logo\":{\"@type\":\"ImageObject\",\"inLanguage\":\"pt-BR\",\"@id\":\"https:\/\/www.notibras.com\/site\/#\/schema\/logo\/image\/\",\"url\":\"https:\/\/www.notibras.com\/site\/wp-content\/uploads\/2023\/01\/notibras23.png\",\"contentUrl\":\"https:\/\/www.notibras.com\/site\/wp-content\/uploads\/2023\/01\/notibras23.png\",\"width\":350,\"height\":87,\"caption\":\"Grupo Notibras de Comunica\u00e7\u00e3o\"},\"image\":{\"@id\":\"https:\/\/www.notibras.com\/site\/#\/schema\/logo\/image\/\"},\"sameAs\":[\"https:\/\/www.facebook.com\/notibras\/\",\"https:\/\/x.com\/Notibras\",\"https:\/\/www.instagram.com\/notibras\/\"]},{\"@type\":\"Person\",\"@id\":\"https:\/\/www.notibras.com\/site\/#\/schema\/person\/5b7fabf2aedc3ada2105f03b22b4d3dd\",\"name\":\"Eduardo Mart\u00ednez\",\"image\":{\"@type\":\"ImageObject\",\"inLanguage\":\"pt-BR\",\"@id\":\"https:\/\/secure.gravatar.com\/avatar\/7902f906289926289cbcda644b5197c796b893c6ffd7b9a536a42d290f7704a0?s=96&d=mm&r=g\",\"url\":\"https:\/\/secure.gravatar.com\/avatar\/7902f906289926289cbcda644b5197c796b893c6ffd7b9a536a42d290f7704a0?s=96&d=mm&r=g\",\"contentUrl\":\"https:\/\/secure.gravatar.com\/avatar\/7902f906289926289cbcda644b5197c796b893c6ffd7b9a536a42d290f7704a0?s=96&d=mm&r=g\",\"caption\":\"Eduardo Mart\u00ednez\"}}]}<\/script>\n<!-- \/ Yoast SEO plugin. -->","yoast_head_json":{"title":"Resultado Provis\u00f3rio do DF Folia 2026 \u00e9 Divulgado, e abre prazo para recursos - Notibras","robots":{"index":"index","follow":"follow","max-snippet":"max-snippet:-1","max-image-preview":"max-image-preview:large","max-video-preview":"max-video-preview:-1"},"canonical":"https:\/\/www.notibras.com\/site\/resultado-provisorio-do-df-folia-2026-e-divulgado-e-abre-prazo-para-recursos\/","og_locale":"pt_BR","og_type":"article","og_title":"Resultado Provis\u00f3rio do DF Folia 2026 \u00e9 Divulgado, e abre prazo para recursos - Notibras","og_description":"A Secretaria de Cultura e Economia Criativa do DF (Secec-DF) divulgou, na noite desta ter\u00e7a-feira (20), o resultado provis\u00f3rio dos blocos e territ\u00f3rios selecionados para o DF Folia 2026. A publica\u00e7\u00e3o marca tamb\u00e9m a abertura oficial da fase recursal, etapa em que os proponentes podem solicitar a revis\u00e3o do resultado dentro do prazo estabelecido no [&hellip;]","og_url":"https:\/\/www.notibras.com\/site\/resultado-provisorio-do-df-folia-2026-e-divulgado-e-abre-prazo-para-recursos\/","og_site_name":"Notibras","article_publisher":"https:\/\/www.facebook.com\/notibras\/","article_published_time":"2026-01-21T03:15:12+00:00","og_image":[{"width":799,"height":533,"url":"https:\/\/www.notibras.com\/site\/wp-content\/uploads\/2026\/01\/df-folia-2025-agbsb-1.jpg","type":"image\/jpeg"}],"author":"Eduardo Mart\u00ednez","twitter_card":"summary_large_image","twitter_creator":"@Notibras","twitter_site":"@Notibras","twitter_misc":{"Escrito por":"Eduardo Mart\u00ednez","Est. tempo de leitura":"3 minutos"},"schema":{"@context":"https:\/\/schema.org","@graph":[{"@type":"Article","@id":"https:\/\/www.notibras.com\/site\/resultado-provisorio-do-df-folia-2026-e-divulgado-e-abre-prazo-para-recursos\/#article","isPartOf":{"@id":"https:\/\/www.notibras.com\/site\/resultado-provisorio-do-df-folia-2026-e-divulgado-e-abre-prazo-para-recursos\/"},"author":{"name":"Eduardo Mart\u00ednez","@id":"https:\/\/www.notibras.com\/site\/#\/schema\/person\/5b7fabf2aedc3ada2105f03b22b4d3dd"},"headline":"Resultado Provis\u00f3rio do DF Folia 2026 \u00e9 Divulgado, e abre prazo para recursos","datePublished":"2026-01-21T03:15:12+00:00","mainEntityOfPage":{"@id":"https:\/\/www.notibras.com\/site\/resultado-provisorio-do-df-folia-2026-e-divulgado-e-abre-prazo-para-recursos\/"},"wordCount":385,"publisher":{"@id":"https:\/\/www.notibras.com\/site\/#organization"},"image":{"@id":"https:\/\/www.notibras.com\/site\/resultado-provisorio-do-df-folia-2026-e-divulgado-e-abre-prazo-para-recursos\/#primaryimage"},"thumbnailUrl":"https:\/\/www.notibras.com\/site\/wp-content\/uploads\/2026\/01\/df-folia-2025-agbsb-1.jpg","articleSection":["Quadradinho em Foco"],"inLanguage":"pt-BR"},{"@type":"WebPage","@id":"https:\/\/www.notibras.com\/site\/resultado-provisorio-do-df-folia-2026-e-divulgado-e-abre-prazo-para-recursos\/","url":"https:\/\/www.notibras.com\/site\/resultado-provisorio-do-df-folia-2026-e-divulgado-e-abre-prazo-para-recursos\/","name":"Resultado Provis\u00f3rio do DF Folia 2026 \u00e9 Divulgado, e abre prazo para recursos - Notibras","isPartOf":{"@id":"https:\/\/www.notibras.com\/site\/#website"},"primaryImageOfPage":{"@id":"https:\/\/www.notibras.com\/site\/resultado-provisorio-do-df-folia-2026-e-divulgado-e-abre-prazo-para-recursos\/#primaryimage"},"image":{"@id":"https:\/\/www.notibras.com\/site\/resultado-provisorio-do-df-folia-2026-e-divulgado-e-abre-prazo-para-recursos\/#primaryimage"},"thumbnailUrl":"https:\/\/www.notibras.com\/site\/wp-content\/uploads\/2026\/01\/df-folia-2025-agbsb-1.jpg","datePublished":"2026-01-21T03:15:12+00:00","breadcrumb":{"@id":"https:\/\/www.notibras.com\/site\/resultado-provisorio-do-df-folia-2026-e-divulgado-e-abre-prazo-para-recursos\/#breadcrumb"},"inLanguage":"pt-BR","potentialAction":[{"@type":"ReadAction","target":["https:\/\/www.notibras.com\/site\/resultado-provisorio-do-df-folia-2026-e-divulgado-e-abre-prazo-para-recursos\/"]}]},{"@type":"ImageObject","inLanguage":"pt-BR","@id":"https:\/\/www.notibras.com\/site\/resultado-provisorio-do-df-folia-2026-e-divulgado-e-abre-prazo-para-recursos\/#primaryimage","url":"https:\/\/www.notibras.com\/site\/wp-content\/uploads\/2026\/01\/df-folia-2025-agbsb-1.jpg","contentUrl":"https:\/\/www.notibras.com\/site\/wp-content\/uploads\/2026\/01\/df-folia-2025-agbsb-1.jpg","width":799,"height":533},{"@type":"BreadcrumbList","@id":"https:\/\/www.notibras.com\/site\/resultado-provisorio-do-df-folia-2026-e-divulgado-e-abre-prazo-para-recursos\/#breadcrumb","itemListElement":[{"@type":"ListItem","position":1,"name":"In\u00edcio","item":"https:\/\/www.notibras.com\/site\/"},{"@type":"ListItem","position":2,"name":"Resultado Provis\u00f3rio do DF Folia 2026 \u00e9 Divulgado, e abre prazo para recursos"}]},{"@type":"WebSite","@id":"https:\/\/www.notibras.com\/site\/#website","url":"https:\/\/www.notibras.com\/site\/","name":"Notibras","description":"Not\u00edcias de Bras\u00edlia, do Brasil e do Mundo","publisher":{"@id":"https:\/\/www.notibras.com\/site\/#organization"},"potentialAction":[{"@type":"SearchAction","target":{"@type":"EntryPoint","urlTemplate":"https:\/\/www.notibras.com\/site\/?s={search_term_string}"},"query-input":{"@type":"PropertyValueSpecification","valueRequired":true,"valueName":"search_term_string"}}],"inLanguage":"pt-BR"},{"@type":"Organization","@id":"https:\/\/www.notibras.com\/site\/#organization","name":"Grupo Notibras de Comunica\u00e7\u00e3o","url":"https:\/\/www.notibras.com\/site\/","logo":{"@type":"ImageObject","inLanguage":"pt-BR","@id":"https:\/\/www.notibras.com\/site\/#\/schema\/logo\/image\/","url":"https:\/\/www.notibras.com\/site\/wp-content\/uploads\/2023\/01\/notibras23.png","contentUrl":"https:\/\/www.notibras.com\/site\/wp-content\/uploads\/2023\/01\/notibras23.png","width":350,"height":87,"caption":"Grupo Notibras de Comunica\u00e7\u00e3o"},"image":{"@id":"https:\/\/www.notibras.com\/site\/#\/schema\/logo\/image\/"},"sameAs":["https:\/\/www.facebook.com\/notibras\/","https:\/\/x.com\/Notibras","https:\/\/www.instagram.com\/notibras\/"]},{"@type":"Person","@id":"https:\/\/www.notibras.com\/site\/#\/schema\/person\/5b7fabf2aedc3ada2105f03b22b4d3dd","name":"Eduardo Mart\u00ednez","image":{"@type":"ImageObject","inLanguage":"pt-BR","@id":"https:\/\/secure.gravatar.com\/avatar\/7902f906289926289cbcda644b5197c796b893c6ffd7b9a536a42d290f7704a0?s=96&d=mm&r=g","url":"https:\/\/secure.gravatar.com\/avatar\/7902f906289926289cbcda644b5197c796b893c6ffd7b9a536a42d290f7704a0?s=96&d=mm&r=g","contentUrl":"https:\/\/secure.gravatar.com\/avatar\/7902f906289926289cbcda644b5197c796b893c6ffd7b9a536a42d290f7704a0?s=96&d=mm&r=g","caption":"Eduardo Mart\u00ednez"}}]}},"amp_enabled":true,"_links":{"self":[{"href":"https:\/\/www.notibras.com\/site\/wp-json\/wp\/v2\/posts\/379860","targetHints":{"allow":["GET"]}}],"collection":[{"href":"https:\/\/www.notibras.com\/site\/wp-json\/wp\/v2\/posts"}],"about":[{"href":"https:\/\/www.notibras.com\/site\/wp-json\/wp\/v2\/types\/post"}],"author":[{"embeddable":true,"href":"https:\/\/www.notibras.com\/site\/wp-json\/wp\/v2\/users\/21"}],"replies":[{"embeddable":true,"href":"https:\/\/www.notibras.com\/site\/wp-json\/wp\/v2\/comments?post=379860"}],"version-history":[{"count":4,"href":"https:\/\/www.notibras.com\/site\/wp-json\/wp\/v2\/posts\/379860\/revisions"}],"predecessor-version":[{"id":379874,"href":"https:\/\/www.notibras.com\/site\/wp-json\/wp\/v2\/posts\/379860\/revisions\/379874"}],"wp:featuredmedia":[{"embeddable":true,"href":"https:\/\/www.notibras.com\/site\/wp-json\/wp\/v2\/media\/379865"}],"wp:attachment":[{"href":"https:\/\/www.notibras.com\/site\/wp-json\/wp\/v2\/media?parent=379860"}],"wp:term":[{"taxonomy":"category","embeddable":true,"href":"https:\/\/www.notibras.com\/site\/wp-json\/wp\/v2\/categories?post=379860"},{"taxonomy":"post_tag","embeddable":true,"href":"https:\/\/www.notibras.com\/site\/wp-json\/wp\/v2\/tags?post=379860"}],"curies":[{"name":"wp","href":"https:\/\/api.w.org\/{rel}","templated":true}]}}