{"id":379862,"date":"2026-01-21T02:46:52","date_gmt":"2026-01-21T05:46:52","guid":{"rendered":"https:\/\/www.notibras.com\/site\/?p=379862"},"modified":"2026-01-20T22:48:46","modified_gmt":"2026-01-21T01:48:46","slug":"no-sommier-da-verdade-duvidas-da-entrada-sao-as-mesmas-da-saida","status":"publish","type":"post","link":"https:\/\/www.notibras.com\/site\/no-sommier-da-verdade-duvidas-da-entrada-sao-as-mesmas-da-saida\/","title":{"rendered":"No\u00a0sommier\u00a0da verdade, d\u00favidas da entrada s\u00e3o as mesmas da sa\u00edda"},"content":{"rendered":"<p>Preocupado com a possibilidade de ter sido infectado pela duplicidade de personalidade, a s\u00edndrome da moda, aproveito todo tipo de folga para me avistar com um daqueles profissionais que sempre preferi t\u00ea-lo a dist\u00e2ncia. Mesmo tendo vivido a \u00e9poca da an\u00e1lise, nunca me sentei em colos bilaterais, touceiras canaviais, tampouco em div\u00e3s naturistas, sensitivos e paranormais. Mesmo com alguma reserva, normalmente procuro o terapeuta. No\u00a0<i>sommier<\/i>\u00a0da verdade, antes que o doutor pergunte a raz\u00e3o de minha presen\u00e7a, digo que estou ali porque h\u00e1 tempos desconfiava de estar sendo incomodado por uma segunda personalidade.<\/p>\n<p>Como? \u00c0s vezes, de dia sou santo e tor\u00e7o pela ressurrei\u00e7\u00e3o de Jair Messias em outra gal\u00e1xia, \u00e0s vezes sou o Satan\u00e1s de rabo e pe\u00e7o a Deus para mandar o mito para os quintos de S\u00e3o Janu\u00e1rio, onde, ao lado do esp\u00edrito do correligion\u00e1rio Eurico Miranda, teria de pagar por todo o sofrimento dos irm\u00e3os vasca\u00ednos. E olha que n\u00e3o \u00e9 um sofrimentozinho qualquer. Alguns segundos de reflex\u00e3o e o indigitado m\u00e9dico sapecou: \u201cMuito bem. Aproxime-se, sente-se mais perto de mim e vamos conversar os quatro\u201d. Confesso que, ap\u00f3s o susto da demasiada aproxima\u00e7\u00e3o, me reconfortei diante da resposta. N\u00e3o estou s\u00f3, pensei em voz alta.<\/p>\n<p>Decidido a somente entrar na efetiva d\u00favida depois de me assegurar da confian\u00e7a que o mo\u00e7o do jaleco cor de rosa tentava passar, insisti na veracidade da doen\u00e7a de Bolsonaro. Bobagem, porque jamais duvidei de sua estultice em \u00faltimo grau. Mesmo assim, procurei saber se o m\u00e9dico dispunha de pelo menos uma raz\u00e3o para justificar a hospedagem luxuosa destinada ao tenente. Justamente ele que um dia imaginou impor a generais cultos (alguns nem tanto) um golpe de Estado sabidamente sem respaldo das principais pot\u00eancias do planeta, principalmente os Estados Unidos, pa\u00eds com o qual o insubordinado militar n\u00e3o tinha \u00e0 \u00e9poca sequer tratado para comer pizzas sentado \u00e0 mesa. Podia comer o que quisesse, desde que nas cal\u00e7adas.<\/p>\n<p>Mais uma vez a resposta foi convergente com meus pensamentos de masturbador ideologicamente amador: \u201cEmbora antigo no m\u00e9tier, foi \u2013 e \u00e9 &#8211; petiz e basbaque em pol\u00edtica nacional. A mente \u00e9 como um paraquedas, s\u00f3 funciona se estiver aberta. A dele nunca esteve\u201d. Tomei um susto porque, num primeiro momento, cheguei a achar que a resposta fosse para mim. Pedindo licen\u00e7a \u00e0 Madre Baby do Brasil, fui direto ao assunto: Doutor, Z\u00e9 Sim\u00e3o disse que masturba\u00e7\u00e3o evita c\u00e2ncer de pr\u00f3stata. Posso recuperar meu estoque de \u201cPlayboys\u201d e meter a m\u00e3o na massa, isto \u00e9, na cobra? Com uma tranquilidade de fazer inveja a Chico Xavier, o terapeuta respondeu afirmativamente, mas com algumas ressalvas.<\/p>\n<p>&#8211; Meu caro manuseador de sabugo, sou leigo no assunto episcopal, mas se o senhor busca a imortalidade, devo inform\u00e1-lo que, melhor do que lavar o biscoito em velocidade extremada, \u00e9 a dedada do colega entendido em girassol pelo menos tr\u00eas vezes por ano. Posso afirmar que, mais do que isso, pode ser considerado pela vizinhan\u00e7a como sodomia ou, se preferir, deprava\u00e7\u00e3o. Obviamente que a longa decifra\u00e7\u00e3o de minha simpl\u00f3ria indaga\u00e7\u00e3o n\u00e3o me satisfez. Preocupado com novos serm\u00f5es, paguei a consulta e deixei o recinto com as mesmas d\u00favidas da entrada. Pelo sim, pelo n\u00e3o, n\u00e3o me tranco mais em v\u00e3o no banheiro.<\/p>\n<p>Primo alfa de Nero, o deus da exabund\u00e2ncia e da fogosidade, Z\u00e9 Sim\u00e3o \u00e9 um escriba s\u00e9rio, respeitoso e, portanto, merecedor de todas as loas. Por isso, sou mais ele do que o analista. Tudo bem que n\u00e3o haja afinidade entre a masturba\u00e7\u00e3o e a pr\u00f3stata. Todavia, n\u00e3o duvido de que a pizza seja mesmo um santo rem\u00e9dio para o c\u00e2ncer de est\u00f4mago e que a cerveja faz bem aos ossos. Se verdadeiras as teses de S\u00e3o Sim\u00e3o, vou reconsiderar as\u00a0<i>Playboys,<\/i>\u00a0comprar um sof\u00e1 novo, encomendar uma pizza gigante, encher o freezer de suco de cevada e cancelar a matr\u00edcula da academia. J\u00e1 imaginaram o que vou fazer? Pois imaginem que, em duas semanas, estarei bem pr\u00f3ximo da imortalidade. S\u00f3 lamento a primeira sentada no div\u00e3.<\/p>\n<p>&#8230;&#8230;&#8230;&#8230;.<\/p>\n<p><strong>Wenceslau Ara\u00fajo \u00e9 Editor-Chefe de Notibras<\/strong><\/p>\n","protected":false},"excerpt":{"rendered":"<p>Preocupado com a possibilidade de ter sido infectado pela duplicidade de personalidade, a s\u00edndrome da moda, aproveito todo tipo de folga para me avistar com um daqueles profissionais que sempre preferi t\u00ea-lo a dist\u00e2ncia. Mesmo tendo vivido a \u00e9poca da an\u00e1lise, nunca me sentei em colos bilaterais, touceiras canaviais, tampouco em div\u00e3s naturistas, sensitivos e [&hellip;]<\/p>\n","protected":false},"author":2,"featured_media":379863,"comment_status":"closed","ping_status":"closed","sticky":false,"template":"","format":"standard","meta":{"_acf_changed":false,"footnotes":""},"categories":[236],"tags":[],"class_list":["post-379862","post","type-post","status-publish","format-standard","has-post-thumbnail","hentry","category-ponto-de-vista"],"acf":[],"yoast_head":"<!-- This site is optimized with the Yoast SEO plugin v27.2 - https:\/\/yoast.com\/product\/yoast-seo-wordpress\/ -->\n<title>No\u00a0sommier\u00a0da verdade, d\u00favidas da entrada s\u00e3o as mesmas da sa\u00edda - Notibras<\/title>\n<meta name=\"robots\" content=\"index, follow, max-snippet:-1, max-image-preview:large, max-video-preview:-1\" \/>\n<link rel=\"canonical\" href=\"https:\/\/www.notibras.com\/site\/no-sommier-da-verdade-duvidas-da-entrada-sao-as-mesmas-da-saida\/\" \/>\n<meta property=\"og:locale\" content=\"pt_BR\" \/>\n<meta property=\"og:type\" content=\"article\" \/>\n<meta property=\"og:title\" content=\"No\u00a0sommier\u00a0da verdade, d\u00favidas da entrada s\u00e3o as mesmas da sa\u00edda - Notibras\" \/>\n<meta property=\"og:description\" content=\"Preocupado com a possibilidade de ter sido infectado pela duplicidade de personalidade, a s\u00edndrome da moda, aproveito todo tipo de folga para me avistar com um daqueles profissionais que sempre preferi t\u00ea-lo a dist\u00e2ncia. Mesmo tendo vivido a \u00e9poca da an\u00e1lise, nunca me sentei em colos bilaterais, touceiras canaviais, tampouco em div\u00e3s naturistas, sensitivos e [&hellip;]\" \/>\n<meta property=\"og:url\" content=\"https:\/\/www.notibras.com\/site\/no-sommier-da-verdade-duvidas-da-entrada-sao-as-mesmas-da-saida\/\" \/>\n<meta property=\"og:site_name\" content=\"Notibras\" \/>\n<meta property=\"article:publisher\" content=\"https:\/\/www.facebook.com\/notibras\/\" \/>\n<meta property=\"article:published_time\" content=\"2026-01-21T05:46:52+00:00\" \/>\n<meta property=\"og:image\" content=\"https:\/\/www.notibras.com\/site\/wp-content\/uploads\/2026\/01\/b0c56863-6673-454d-bff2-b6e797c8f91a-683x1024.png\" \/>\n\t<meta property=\"og:image:width\" content=\"683\" \/>\n\t<meta property=\"og:image:height\" content=\"1024\" \/>\n\t<meta property=\"og:image:type\" content=\"image\/png\" \/>\n<meta name=\"author\" content=\"Reda\u00e7\u00e3o\" \/>\n<meta name=\"twitter:card\" content=\"summary_large_image\" \/>\n<meta name=\"twitter:creator\" content=\"@Notibras\" \/>\n<meta name=\"twitter:site\" content=\"@Notibras\" \/>\n<meta name=\"twitter:label1\" content=\"Escrito por\" \/>\n\t<meta name=\"twitter:data1\" content=\"Reda\u00e7\u00e3o\" \/>\n\t<meta name=\"twitter:label2\" content=\"Est. tempo de leitura\" \/>\n\t<meta name=\"twitter:data2\" content=\"4 minutos\" \/>\n<script type=\"application\/ld+json\" class=\"yoast-schema-graph\">{\"@context\":\"https:\/\/schema.org\",\"@graph\":[{\"@type\":\"Article\",\"@id\":\"https:\/\/www.notibras.com\/site\/no-sommier-da-verdade-duvidas-da-entrada-sao-as-mesmas-da-saida\/#article\",\"isPartOf\":{\"@id\":\"https:\/\/www.notibras.com\/site\/no-sommier-da-verdade-duvidas-da-entrada-sao-as-mesmas-da-saida\/\"},\"author\":{\"name\":\"Reda\u00e7\u00e3o\",\"@id\":\"https:\/\/www.notibras.com\/site\/#\/schema\/person\/36ab0979449956132d3e5b517ea76ac8\"},\"headline\":\"No\u00a0sommier\u00a0da verdade, d\u00favidas da entrada s\u00e3o as mesmas da sa\u00edda\",\"datePublished\":\"2026-01-21T05:46:52+00:00\",\"mainEntityOfPage\":{\"@id\":\"https:\/\/www.notibras.com\/site\/no-sommier-da-verdade-duvidas-da-entrada-sao-as-mesmas-da-saida\/\"},\"wordCount\":743,\"publisher\":{\"@id\":\"https:\/\/www.notibras.com\/site\/#organization\"},\"image\":{\"@id\":\"https:\/\/www.notibras.com\/site\/no-sommier-da-verdade-duvidas-da-entrada-sao-as-mesmas-da-saida\/#primaryimage\"},\"thumbnailUrl\":\"https:\/\/www.notibras.com\/site\/wp-content\/uploads\/2026\/01\/b0c56863-6673-454d-bff2-b6e797c8f91a.png\",\"articleSection\":[\"Ponto de Vista\"],\"inLanguage\":\"pt-BR\"},{\"@type\":\"WebPage\",\"@id\":\"https:\/\/www.notibras.com\/site\/no-sommier-da-verdade-duvidas-da-entrada-sao-as-mesmas-da-saida\/\",\"url\":\"https:\/\/www.notibras.com\/site\/no-sommier-da-verdade-duvidas-da-entrada-sao-as-mesmas-da-saida\/\",\"name\":\"No\u00a0sommier\u00a0da verdade, d\u00favidas da entrada s\u00e3o as mesmas da sa\u00edda - Notibras\",\"isPartOf\":{\"@id\":\"https:\/\/www.notibras.com\/site\/#website\"},\"primaryImageOfPage\":{\"@id\":\"https:\/\/www.notibras.com\/site\/no-sommier-da-verdade-duvidas-da-entrada-sao-as-mesmas-da-saida\/#primaryimage\"},\"image\":{\"@id\":\"https:\/\/www.notibras.com\/site\/no-sommier-da-verdade-duvidas-da-entrada-sao-as-mesmas-da-saida\/#primaryimage\"},\"thumbnailUrl\":\"https:\/\/www.notibras.com\/site\/wp-content\/uploads\/2026\/01\/b0c56863-6673-454d-bff2-b6e797c8f91a.png\",\"datePublished\":\"2026-01-21T05:46:52+00:00\",\"breadcrumb\":{\"@id\":\"https:\/\/www.notibras.com\/site\/no-sommier-da-verdade-duvidas-da-entrada-sao-as-mesmas-da-saida\/#breadcrumb\"},\"inLanguage\":\"pt-BR\",\"potentialAction\":[{\"@type\":\"ReadAction\",\"target\":[\"https:\/\/www.notibras.com\/site\/no-sommier-da-verdade-duvidas-da-entrada-sao-as-mesmas-da-saida\/\"]}]},{\"@type\":\"ImageObject\",\"inLanguage\":\"pt-BR\",\"@id\":\"https:\/\/www.notibras.com\/site\/no-sommier-da-verdade-duvidas-da-entrada-sao-as-mesmas-da-saida\/#primaryimage\",\"url\":\"https:\/\/www.notibras.com\/site\/wp-content\/uploads\/2026\/01\/b0c56863-6673-454d-bff2-b6e797c8f91a.png\",\"contentUrl\":\"https:\/\/www.notibras.com\/site\/wp-content\/uploads\/2026\/01\/b0c56863-6673-454d-bff2-b6e797c8f91a.png\",\"width\":1024,\"height\":1536},{\"@type\":\"BreadcrumbList\",\"@id\":\"https:\/\/www.notibras.com\/site\/no-sommier-da-verdade-duvidas-da-entrada-sao-as-mesmas-da-saida\/#breadcrumb\",\"itemListElement\":[{\"@type\":\"ListItem\",\"position\":1,\"name\":\"In\u00edcio\",\"item\":\"https:\/\/www.notibras.com\/site\/\"},{\"@type\":\"ListItem\",\"position\":2,\"name\":\"No\u00a0sommier\u00a0da verdade, d\u00favidas da entrada s\u00e3o as mesmas da sa\u00edda\"}]},{\"@type\":\"WebSite\",\"@id\":\"https:\/\/www.notibras.com\/site\/#website\",\"url\":\"https:\/\/www.notibras.com\/site\/\",\"name\":\"Notibras\",\"description\":\"Not\u00edcias de Bras\u00edlia, do Brasil e do Mundo\",\"publisher\":{\"@id\":\"https:\/\/www.notibras.com\/site\/#organization\"},\"potentialAction\":[{\"@type\":\"SearchAction\",\"target\":{\"@type\":\"EntryPoint\",\"urlTemplate\":\"https:\/\/www.notibras.com\/site\/?s={search_term_string}\"},\"query-input\":{\"@type\":\"PropertyValueSpecification\",\"valueRequired\":true,\"valueName\":\"search_term_string\"}}],\"inLanguage\":\"pt-BR\"},{\"@type\":\"Organization\",\"@id\":\"https:\/\/www.notibras.com\/site\/#organization\",\"name\":\"Grupo Notibras de Comunica\u00e7\u00e3o\",\"url\":\"https:\/\/www.notibras.com\/site\/\",\"logo\":{\"@type\":\"ImageObject\",\"inLanguage\":\"pt-BR\",\"@id\":\"https:\/\/www.notibras.com\/site\/#\/schema\/logo\/image\/\",\"url\":\"https:\/\/www.notibras.com\/site\/wp-content\/uploads\/2023\/01\/notibras23.png\",\"contentUrl\":\"https:\/\/www.notibras.com\/site\/wp-content\/uploads\/2023\/01\/notibras23.png\",\"width\":350,\"height\":87,\"caption\":\"Grupo Notibras de Comunica\u00e7\u00e3o\"},\"image\":{\"@id\":\"https:\/\/www.notibras.com\/site\/#\/schema\/logo\/image\/\"},\"sameAs\":[\"https:\/\/www.facebook.com\/notibras\/\",\"https:\/\/x.com\/Notibras\",\"https:\/\/www.instagram.com\/notibras\/\"]},{\"@type\":\"Person\",\"@id\":\"https:\/\/www.notibras.com\/site\/#\/schema\/person\/36ab0979449956132d3e5b517ea76ac8\",\"name\":\"Reda\u00e7\u00e3o\",\"image\":{\"@type\":\"ImageObject\",\"inLanguage\":\"pt-BR\",\"@id\":\"https:\/\/secure.gravatar.com\/avatar\/e0a867bdedb85fd243eadf09663511f96fc81e0720a4a42581f334ad4303aa6b?s=96&d=mm&r=g\",\"url\":\"https:\/\/secure.gravatar.com\/avatar\/e0a867bdedb85fd243eadf09663511f96fc81e0720a4a42581f334ad4303aa6b?s=96&d=mm&r=g\",\"contentUrl\":\"https:\/\/secure.gravatar.com\/avatar\/e0a867bdedb85fd243eadf09663511f96fc81e0720a4a42581f334ad4303aa6b?s=96&d=mm&r=g\",\"caption\":\"Reda\u00e7\u00e3o\"}}]}<\/script>\n<!-- \/ Yoast SEO plugin. -->","yoast_head_json":{"title":"No\u00a0sommier\u00a0da verdade, d\u00favidas da entrada s\u00e3o as mesmas da sa\u00edda - Notibras","robots":{"index":"index","follow":"follow","max-snippet":"max-snippet:-1","max-image-preview":"max-image-preview:large","max-video-preview":"max-video-preview:-1"},"canonical":"https:\/\/www.notibras.com\/site\/no-sommier-da-verdade-duvidas-da-entrada-sao-as-mesmas-da-saida\/","og_locale":"pt_BR","og_type":"article","og_title":"No\u00a0sommier\u00a0da verdade, d\u00favidas da entrada s\u00e3o as mesmas da sa\u00edda - Notibras","og_description":"Preocupado com a possibilidade de ter sido infectado pela duplicidade de personalidade, a s\u00edndrome da moda, aproveito todo tipo de folga para me avistar com um daqueles profissionais que sempre preferi t\u00ea-lo a dist\u00e2ncia. Mesmo tendo vivido a \u00e9poca da an\u00e1lise, nunca me sentei em colos bilaterais, touceiras canaviais, tampouco em div\u00e3s naturistas, sensitivos e [&hellip;]","og_url":"https:\/\/www.notibras.com\/site\/no-sommier-da-verdade-duvidas-da-entrada-sao-as-mesmas-da-saida\/","og_site_name":"Notibras","article_publisher":"https:\/\/www.facebook.com\/notibras\/","article_published_time":"2026-01-21T05:46:52+00:00","og_image":[{"width":683,"height":1024,"url":"https:\/\/www.notibras.com\/site\/wp-content\/uploads\/2026\/01\/b0c56863-6673-454d-bff2-b6e797c8f91a-683x1024.png","type":"image\/png"}],"author":"Reda\u00e7\u00e3o","twitter_card":"summary_large_image","twitter_creator":"@Notibras","twitter_site":"@Notibras","twitter_misc":{"Escrito por":"Reda\u00e7\u00e3o","Est. tempo de leitura":"4 minutos"},"schema":{"@context":"https:\/\/schema.org","@graph":[{"@type":"Article","@id":"https:\/\/www.notibras.com\/site\/no-sommier-da-verdade-duvidas-da-entrada-sao-as-mesmas-da-saida\/#article","isPartOf":{"@id":"https:\/\/www.notibras.com\/site\/no-sommier-da-verdade-duvidas-da-entrada-sao-as-mesmas-da-saida\/"},"author":{"name":"Reda\u00e7\u00e3o","@id":"https:\/\/www.notibras.com\/site\/#\/schema\/person\/36ab0979449956132d3e5b517ea76ac8"},"headline":"No\u00a0sommier\u00a0da verdade, d\u00favidas da entrada s\u00e3o as mesmas da sa\u00edda","datePublished":"2026-01-21T05:46:52+00:00","mainEntityOfPage":{"@id":"https:\/\/www.notibras.com\/site\/no-sommier-da-verdade-duvidas-da-entrada-sao-as-mesmas-da-saida\/"},"wordCount":743,"publisher":{"@id":"https:\/\/www.notibras.com\/site\/#organization"},"image":{"@id":"https:\/\/www.notibras.com\/site\/no-sommier-da-verdade-duvidas-da-entrada-sao-as-mesmas-da-saida\/#primaryimage"},"thumbnailUrl":"https:\/\/www.notibras.com\/site\/wp-content\/uploads\/2026\/01\/b0c56863-6673-454d-bff2-b6e797c8f91a.png","articleSection":["Ponto de Vista"],"inLanguage":"pt-BR"},{"@type":"WebPage","@id":"https:\/\/www.notibras.com\/site\/no-sommier-da-verdade-duvidas-da-entrada-sao-as-mesmas-da-saida\/","url":"https:\/\/www.notibras.com\/site\/no-sommier-da-verdade-duvidas-da-entrada-sao-as-mesmas-da-saida\/","name":"No\u00a0sommier\u00a0da verdade, d\u00favidas da entrada s\u00e3o as mesmas da sa\u00edda - Notibras","isPartOf":{"@id":"https:\/\/www.notibras.com\/site\/#website"},"primaryImageOfPage":{"@id":"https:\/\/www.notibras.com\/site\/no-sommier-da-verdade-duvidas-da-entrada-sao-as-mesmas-da-saida\/#primaryimage"},"image":{"@id":"https:\/\/www.notibras.com\/site\/no-sommier-da-verdade-duvidas-da-entrada-sao-as-mesmas-da-saida\/#primaryimage"},"thumbnailUrl":"https:\/\/www.notibras.com\/site\/wp-content\/uploads\/2026\/01\/b0c56863-6673-454d-bff2-b6e797c8f91a.png","datePublished":"2026-01-21T05:46:52+00:00","breadcrumb":{"@id":"https:\/\/www.notibras.com\/site\/no-sommier-da-verdade-duvidas-da-entrada-sao-as-mesmas-da-saida\/#breadcrumb"},"inLanguage":"pt-BR","potentialAction":[{"@type":"ReadAction","target":["https:\/\/www.notibras.com\/site\/no-sommier-da-verdade-duvidas-da-entrada-sao-as-mesmas-da-saida\/"]}]},{"@type":"ImageObject","inLanguage":"pt-BR","@id":"https:\/\/www.notibras.com\/site\/no-sommier-da-verdade-duvidas-da-entrada-sao-as-mesmas-da-saida\/#primaryimage","url":"https:\/\/www.notibras.com\/site\/wp-content\/uploads\/2026\/01\/b0c56863-6673-454d-bff2-b6e797c8f91a.png","contentUrl":"https:\/\/www.notibras.com\/site\/wp-content\/uploads\/2026\/01\/b0c56863-6673-454d-bff2-b6e797c8f91a.png","width":1024,"height":1536},{"@type":"BreadcrumbList","@id":"https:\/\/www.notibras.com\/site\/no-sommier-da-verdade-duvidas-da-entrada-sao-as-mesmas-da-saida\/#breadcrumb","itemListElement":[{"@type":"ListItem","position":1,"name":"In\u00edcio","item":"https:\/\/www.notibras.com\/site\/"},{"@type":"ListItem","position":2,"name":"No\u00a0sommier\u00a0da verdade, d\u00favidas da entrada s\u00e3o as mesmas da sa\u00edda"}]},{"@type":"WebSite","@id":"https:\/\/www.notibras.com\/site\/#website","url":"https:\/\/www.notibras.com\/site\/","name":"Notibras","description":"Not\u00edcias de Bras\u00edlia, do Brasil e do Mundo","publisher":{"@id":"https:\/\/www.notibras.com\/site\/#organization"},"potentialAction":[{"@type":"SearchAction","target":{"@type":"EntryPoint","urlTemplate":"https:\/\/www.notibras.com\/site\/?s={search_term_string}"},"query-input":{"@type":"PropertyValueSpecification","valueRequired":true,"valueName":"search_term_string"}}],"inLanguage":"pt-BR"},{"@type":"Organization","@id":"https:\/\/www.notibras.com\/site\/#organization","name":"Grupo Notibras de Comunica\u00e7\u00e3o","url":"https:\/\/www.notibras.com\/site\/","logo":{"@type":"ImageObject","inLanguage":"pt-BR","@id":"https:\/\/www.notibras.com\/site\/#\/schema\/logo\/image\/","url":"https:\/\/www.notibras.com\/site\/wp-content\/uploads\/2023\/01\/notibras23.png","contentUrl":"https:\/\/www.notibras.com\/site\/wp-content\/uploads\/2023\/01\/notibras23.png","width":350,"height":87,"caption":"Grupo Notibras de Comunica\u00e7\u00e3o"},"image":{"@id":"https:\/\/www.notibras.com\/site\/#\/schema\/logo\/image\/"},"sameAs":["https:\/\/www.facebook.com\/notibras\/","https:\/\/x.com\/Notibras","https:\/\/www.instagram.com\/notibras\/"]},{"@type":"Person","@id":"https:\/\/www.notibras.com\/site\/#\/schema\/person\/36ab0979449956132d3e5b517ea76ac8","name":"Reda\u00e7\u00e3o","image":{"@type":"ImageObject","inLanguage":"pt-BR","@id":"https:\/\/secure.gravatar.com\/avatar\/e0a867bdedb85fd243eadf09663511f96fc81e0720a4a42581f334ad4303aa6b?s=96&d=mm&r=g","url":"https:\/\/secure.gravatar.com\/avatar\/e0a867bdedb85fd243eadf09663511f96fc81e0720a4a42581f334ad4303aa6b?s=96&d=mm&r=g","contentUrl":"https:\/\/secure.gravatar.com\/avatar\/e0a867bdedb85fd243eadf09663511f96fc81e0720a4a42581f334ad4303aa6b?s=96&d=mm&r=g","caption":"Reda\u00e7\u00e3o"}}]}},"amp_enabled":true,"_links":{"self":[{"href":"https:\/\/www.notibras.com\/site\/wp-json\/wp\/v2\/posts\/379862","targetHints":{"allow":["GET"]}}],"collection":[{"href":"https:\/\/www.notibras.com\/site\/wp-json\/wp\/v2\/posts"}],"about":[{"href":"https:\/\/www.notibras.com\/site\/wp-json\/wp\/v2\/types\/post"}],"author":[{"embeddable":true,"href":"https:\/\/www.notibras.com\/site\/wp-json\/wp\/v2\/users\/2"}],"replies":[{"embeddable":true,"href":"https:\/\/www.notibras.com\/site\/wp-json\/wp\/v2\/comments?post=379862"}],"version-history":[{"count":1,"href":"https:\/\/www.notibras.com\/site\/wp-json\/wp\/v2\/posts\/379862\/revisions"}],"predecessor-version":[{"id":379864,"href":"https:\/\/www.notibras.com\/site\/wp-json\/wp\/v2\/posts\/379862\/revisions\/379864"}],"wp:featuredmedia":[{"embeddable":true,"href":"https:\/\/www.notibras.com\/site\/wp-json\/wp\/v2\/media\/379863"}],"wp:attachment":[{"href":"https:\/\/www.notibras.com\/site\/wp-json\/wp\/v2\/media?parent=379862"}],"wp:term":[{"taxonomy":"category","embeddable":true,"href":"https:\/\/www.notibras.com\/site\/wp-json\/wp\/v2\/categories?post=379862"},{"taxonomy":"post_tag","embeddable":true,"href":"https:\/\/www.notibras.com\/site\/wp-json\/wp\/v2\/tags?post=379862"}],"curies":[{"name":"wp","href":"https:\/\/api.w.org\/{rel}","templated":true}]}}