{"id":379866,"date":"2026-01-21T02:55:36","date_gmt":"2026-01-21T05:55:36","guid":{"rendered":"https:\/\/www.notibras.com\/site\/?p=379866"},"modified":"2026-01-20T22:58:01","modified_gmt":"2026-01-21T01:58:01","slug":"abbraccio-lanca-menu-fresco-de-verao-para-temporada-de-calor","status":"publish","type":"post","link":"https:\/\/www.notibras.com\/site\/abbraccio-lanca-menu-fresco-de-verao-para-temporada-de-calor\/","title":{"rendered":"Abbraccio lan\u00e7a menu fresco de ver\u00e3o para temporada de calor"},"content":{"rendered":"<p>Quem disse que comida italiana n\u00e3o pode ser leve e fresca? Com a chegada do ver\u00e3o e dos dias mais quentes, o Abbraccio, restaurante de inspira\u00e7\u00e3o italiana, se une \u00e0 Stella Artois e ao Guaran\u00e1 Antarctica para o lan\u00e7amento do \u201cAbbraccio de Ver\u00e3o\u201d, um menu especial para duas pessoas que combina aperitivo, dois pratos principais e duas bebidas por R$ 149,90. As op\u00e7\u00f5es, pensadas para combinar os dias mais quentes com pratos leves, proporcionam uma experi\u00eancia completa sem abrir m\u00e3o da ess\u00eancia da culin\u00e1ria italiana. Um convite para aproveitar o melhor da esta\u00e7\u00e3o em torno da mesa, em momentos descontra\u00eddos e cheios de sabor.<\/p>\n<p>A experi\u00eancia come\u00e7a com a Bruschetta Caprese, aperitivo para compartilhar que traz mu\u00e7arela fresca, tomates em cubos e molho pesto caseiro, servidos com ciabattas crocantes.<\/p>\n<p>Na sequ\u00eancia, o menu oferece a escolha de dois pratos entre tr\u00eas op\u00e7\u00f5es pensadas para o ver\u00e3o, como o Carbonara di Roma, cl\u00e1ssico da casa com spaghetti e molho cremoso de parmes\u00e3o, pancetta e gema de ovo; a Til\u00e1pia Alla Griglia, fil\u00e9 levemente empanado e grelhado, acompanhado de vinagrete de tomate e manjeric\u00e3o; ou ainda saladas grandes em vers\u00e3o prato principal, como a tradicional Salada Caesar ou ainda a Salada Toscana, que combina folhas frescas, morangos, cebola roxa, nozes, tomates, gorgonzola e vinagrete de morango.<\/p>\n<p>Em ambas as op\u00e7\u00f5es, \u00e9 poss\u00edvel escolher tiras de frango ou camar\u00f5es para as saladas, sem acr\u00e9scimo no pre\u00e7o. Para acompanhar, a experi\u00eancia inclui duas bebidas bem geladas \u00e0 escolha: Chopp Stella Artois 250 ml ou Guaran\u00e1 Antarctica refil.<\/p>\n<p>Dispon\u00edvel de 19 de janeiro a 22 de mar\u00e7o de 2026, ou enquanto durarem os estoques, o menu especial \u201cAbbraccio de Ver\u00e3o\u201d refor\u00e7a a proposta do restaurante de oferecer uma experi\u00eancia leve e descontra\u00edda, alinhada ao clima da esta\u00e7\u00e3o. Para Claudia Vilhena, VP de Marketing do grupo Bold Hospitality Company, detentor da marca Abbraccio no Brasil, a novidade convida os clientes a aproveitarem bons momentos \u00e0 mesa.<\/p>\n<p>\u201cCom pratos que combinam frescor, qualidade e sabor, queremos que o Abbraccio seja o lugar ideal para reunir amigos e fam\u00edlia em diferentes ocasi\u00f5es. Por isso, pensamos em op\u00e7\u00f5es refrescantes, que traduzem o esp\u00edrito do ver\u00e3o e tornam a experi\u00eancia ainda mais especial\u201d, afirma a executiva.<\/p>\n<p>O menu \u201cAbbraccio de Ver\u00e3o\u201d est\u00e1 dispon\u00edvel em todos os hor\u00e1rios, em todas as unidades da marca, e n\u00e3o \u00e9 v\u00e1lido para delivery. Para encontrar um restaurante Abbraccio, basta acessar www.abbracciorestaurante.com.br.<\/p>\n<p><strong>Servi\u00e7o \u2013 Abbraccio de Ver\u00e3o<\/strong><br \/>\nPer\u00edodo: de 19\/01 a 22\/03<br \/>\nO que \u00e9: Menu com entrada, dois pratos principais e duas bebidas<br \/>\nValor: R$ 149,90 e serve duas pessoas<br \/>\nDisponibilidade: Todos os dias, em todos os hor\u00e1rios<br \/>\nOnde: Em todas as unidades Abbraccio no Brasil<br \/>\nRestri\u00e7\u00e3o: N\u00e3o v\u00e1lido para delivery<br \/>\nObserva\u00e7\u00e3o: Oferta v\u00e1lida enquanto durarem os estoques<\/p>\n","protected":false},"excerpt":{"rendered":"<p>Quem disse que comida italiana n\u00e3o pode ser leve e fresca? Com a chegada do ver\u00e3o e dos dias mais quentes, o Abbraccio, restaurante de inspira\u00e7\u00e3o italiana, se une \u00e0 Stella Artois e ao Guaran\u00e1 Antarctica para o lan\u00e7amento do \u201cAbbraccio de Ver\u00e3o\u201d, um menu especial para duas pessoas que combina aperitivo, dois pratos principais [&hellip;]<\/p>\n","protected":false},"author":2,"featured_media":379867,"comment_status":"closed","ping_status":"closed","sticky":false,"template":"","format":"standard","meta":{"_acf_changed":false,"footnotes":""},"categories":[155],"tags":[],"class_list":["post-379866","post","type-post","status-publish","format-standard","has-post-thumbnail","hentry","category-leitura-vip"],"acf":[],"yoast_head":"<!-- This site is optimized with the Yoast SEO plugin v27.2 - https:\/\/yoast.com\/product\/yoast-seo-wordpress\/ -->\n<title>Abbraccio lan\u00e7a menu fresco de ver\u00e3o para temporada de calor - Notibras<\/title>\n<meta name=\"robots\" content=\"index, follow, max-snippet:-1, max-image-preview:large, max-video-preview:-1\" \/>\n<link rel=\"canonical\" href=\"https:\/\/www.notibras.com\/site\/abbraccio-lanca-menu-fresco-de-verao-para-temporada-de-calor\/\" \/>\n<meta property=\"og:locale\" content=\"pt_BR\" \/>\n<meta property=\"og:type\" content=\"article\" \/>\n<meta property=\"og:title\" content=\"Abbraccio lan\u00e7a menu fresco de ver\u00e3o para temporada de calor - Notibras\" \/>\n<meta property=\"og:description\" content=\"Quem disse que comida italiana n\u00e3o pode ser leve e fresca? Com a chegada do ver\u00e3o e dos dias mais quentes, o Abbraccio, restaurante de inspira\u00e7\u00e3o italiana, se une \u00e0 Stella Artois e ao Guaran\u00e1 Antarctica para o lan\u00e7amento do \u201cAbbraccio de Ver\u00e3o\u201d, um menu especial para duas pessoas que combina aperitivo, dois pratos principais [&hellip;]\" \/>\n<meta property=\"og:url\" content=\"https:\/\/www.notibras.com\/site\/abbraccio-lanca-menu-fresco-de-verao-para-temporada-de-calor\/\" \/>\n<meta property=\"og:site_name\" content=\"Notibras\" \/>\n<meta property=\"article:publisher\" content=\"https:\/\/www.facebook.com\/notibras\/\" \/>\n<meta property=\"article:published_time\" content=\"2026-01-21T05:55:36+00:00\" \/>\n<meta property=\"og:image\" content=\"https:\/\/www.notibras.com\/site\/wp-content\/uploads\/2026\/01\/unnamed-52.jpg\" \/>\n\t<meta property=\"og:image:width\" content=\"1600\" \/>\n\t<meta property=\"og:image:height\" content=\"945\" \/>\n\t<meta property=\"og:image:type\" content=\"image\/jpeg\" \/>\n<meta name=\"author\" content=\"Reda\u00e7\u00e3o\" \/>\n<meta name=\"twitter:card\" content=\"summary_large_image\" \/>\n<meta name=\"twitter:creator\" content=\"@Notibras\" \/>\n<meta name=\"twitter:site\" content=\"@Notibras\" \/>\n<meta name=\"twitter:label1\" content=\"Escrito por\" \/>\n\t<meta name=\"twitter:data1\" content=\"Reda\u00e7\u00e3o\" \/>\n\t<meta name=\"twitter:label2\" content=\"Est. tempo de leitura\" \/>\n\t<meta name=\"twitter:data2\" content=\"3 minutos\" \/>\n<script type=\"application\/ld+json\" class=\"yoast-schema-graph\">{\"@context\":\"https:\/\/schema.org\",\"@graph\":[{\"@type\":\"Article\",\"@id\":\"https:\/\/www.notibras.com\/site\/abbraccio-lanca-menu-fresco-de-verao-para-temporada-de-calor\/#article\",\"isPartOf\":{\"@id\":\"https:\/\/www.notibras.com\/site\/abbraccio-lanca-menu-fresco-de-verao-para-temporada-de-calor\/\"},\"author\":{\"name\":\"Reda\u00e7\u00e3o\",\"@id\":\"https:\/\/www.notibras.com\/site\/#\/schema\/person\/36ab0979449956132d3e5b517ea76ac8\"},\"headline\":\"Abbraccio lan\u00e7a menu fresco de ver\u00e3o para temporada de calor\",\"datePublished\":\"2026-01-21T05:55:36+00:00\",\"mainEntityOfPage\":{\"@id\":\"https:\/\/www.notibras.com\/site\/abbraccio-lanca-menu-fresco-de-verao-para-temporada-de-calor\/\"},\"wordCount\":511,\"publisher\":{\"@id\":\"https:\/\/www.notibras.com\/site\/#organization\"},\"image\":{\"@id\":\"https:\/\/www.notibras.com\/site\/abbraccio-lanca-menu-fresco-de-verao-para-temporada-de-calor\/#primaryimage\"},\"thumbnailUrl\":\"https:\/\/www.notibras.com\/site\/wp-content\/uploads\/2026\/01\/unnamed-52.jpg\",\"articleSection\":[\"Leitura Vip\"],\"inLanguage\":\"pt-BR\"},{\"@type\":\"WebPage\",\"@id\":\"https:\/\/www.notibras.com\/site\/abbraccio-lanca-menu-fresco-de-verao-para-temporada-de-calor\/\",\"url\":\"https:\/\/www.notibras.com\/site\/abbraccio-lanca-menu-fresco-de-verao-para-temporada-de-calor\/\",\"name\":\"Abbraccio lan\u00e7a menu fresco de ver\u00e3o para temporada de calor - Notibras\",\"isPartOf\":{\"@id\":\"https:\/\/www.notibras.com\/site\/#website\"},\"primaryImageOfPage\":{\"@id\":\"https:\/\/www.notibras.com\/site\/abbraccio-lanca-menu-fresco-de-verao-para-temporada-de-calor\/#primaryimage\"},\"image\":{\"@id\":\"https:\/\/www.notibras.com\/site\/abbraccio-lanca-menu-fresco-de-verao-para-temporada-de-calor\/#primaryimage\"},\"thumbnailUrl\":\"https:\/\/www.notibras.com\/site\/wp-content\/uploads\/2026\/01\/unnamed-52.jpg\",\"datePublished\":\"2026-01-21T05:55:36+00:00\",\"breadcrumb\":{\"@id\":\"https:\/\/www.notibras.com\/site\/abbraccio-lanca-menu-fresco-de-verao-para-temporada-de-calor\/#breadcrumb\"},\"inLanguage\":\"pt-BR\",\"potentialAction\":[{\"@type\":\"ReadAction\",\"target\":[\"https:\/\/www.notibras.com\/site\/abbraccio-lanca-menu-fresco-de-verao-para-temporada-de-calor\/\"]}]},{\"@type\":\"ImageObject\",\"inLanguage\":\"pt-BR\",\"@id\":\"https:\/\/www.notibras.com\/site\/abbraccio-lanca-menu-fresco-de-verao-para-temporada-de-calor\/#primaryimage\",\"url\":\"https:\/\/www.notibras.com\/site\/wp-content\/uploads\/2026\/01\/unnamed-52.jpg\",\"contentUrl\":\"https:\/\/www.notibras.com\/site\/wp-content\/uploads\/2026\/01\/unnamed-52.jpg\",\"width\":1600,\"height\":945},{\"@type\":\"BreadcrumbList\",\"@id\":\"https:\/\/www.notibras.com\/site\/abbraccio-lanca-menu-fresco-de-verao-para-temporada-de-calor\/#breadcrumb\",\"itemListElement\":[{\"@type\":\"ListItem\",\"position\":1,\"name\":\"In\u00edcio\",\"item\":\"https:\/\/www.notibras.com\/site\/\"},{\"@type\":\"ListItem\",\"position\":2,\"name\":\"Abbraccio lan\u00e7a menu fresco de ver\u00e3o para temporada de calor\"}]},{\"@type\":\"WebSite\",\"@id\":\"https:\/\/www.notibras.com\/site\/#website\",\"url\":\"https:\/\/www.notibras.com\/site\/\",\"name\":\"Notibras\",\"description\":\"Not\u00edcias de Bras\u00edlia, do Brasil e do Mundo\",\"publisher\":{\"@id\":\"https:\/\/www.notibras.com\/site\/#organization\"},\"potentialAction\":[{\"@type\":\"SearchAction\",\"target\":{\"@type\":\"EntryPoint\",\"urlTemplate\":\"https:\/\/www.notibras.com\/site\/?s={search_term_string}\"},\"query-input\":{\"@type\":\"PropertyValueSpecification\",\"valueRequired\":true,\"valueName\":\"search_term_string\"}}],\"inLanguage\":\"pt-BR\"},{\"@type\":\"Organization\",\"@id\":\"https:\/\/www.notibras.com\/site\/#organization\",\"name\":\"Grupo Notibras de Comunica\u00e7\u00e3o\",\"url\":\"https:\/\/www.notibras.com\/site\/\",\"logo\":{\"@type\":\"ImageObject\",\"inLanguage\":\"pt-BR\",\"@id\":\"https:\/\/www.notibras.com\/site\/#\/schema\/logo\/image\/\",\"url\":\"https:\/\/www.notibras.com\/site\/wp-content\/uploads\/2023\/01\/notibras23.png\",\"contentUrl\":\"https:\/\/www.notibras.com\/site\/wp-content\/uploads\/2023\/01\/notibras23.png\",\"width\":350,\"height\":87,\"caption\":\"Grupo Notibras de Comunica\u00e7\u00e3o\"},\"image\":{\"@id\":\"https:\/\/www.notibras.com\/site\/#\/schema\/logo\/image\/\"},\"sameAs\":[\"https:\/\/www.facebook.com\/notibras\/\",\"https:\/\/x.com\/Notibras\",\"https:\/\/www.instagram.com\/notibras\/\"]},{\"@type\":\"Person\",\"@id\":\"https:\/\/www.notibras.com\/site\/#\/schema\/person\/36ab0979449956132d3e5b517ea76ac8\",\"name\":\"Reda\u00e7\u00e3o\",\"image\":{\"@type\":\"ImageObject\",\"inLanguage\":\"pt-BR\",\"@id\":\"https:\/\/secure.gravatar.com\/avatar\/e0a867bdedb85fd243eadf09663511f96fc81e0720a4a42581f334ad4303aa6b?s=96&d=mm&r=g\",\"url\":\"https:\/\/secure.gravatar.com\/avatar\/e0a867bdedb85fd243eadf09663511f96fc81e0720a4a42581f334ad4303aa6b?s=96&d=mm&r=g\",\"contentUrl\":\"https:\/\/secure.gravatar.com\/avatar\/e0a867bdedb85fd243eadf09663511f96fc81e0720a4a42581f334ad4303aa6b?s=96&d=mm&r=g\",\"caption\":\"Reda\u00e7\u00e3o\"}}]}<\/script>\n<!-- \/ Yoast SEO plugin. -->","yoast_head_json":{"title":"Abbraccio lan\u00e7a menu fresco de ver\u00e3o para temporada de calor - Notibras","robots":{"index":"index","follow":"follow","max-snippet":"max-snippet:-1","max-image-preview":"max-image-preview:large","max-video-preview":"max-video-preview:-1"},"canonical":"https:\/\/www.notibras.com\/site\/abbraccio-lanca-menu-fresco-de-verao-para-temporada-de-calor\/","og_locale":"pt_BR","og_type":"article","og_title":"Abbraccio lan\u00e7a menu fresco de ver\u00e3o para temporada de calor - Notibras","og_description":"Quem disse que comida italiana n\u00e3o pode ser leve e fresca? Com a chegada do ver\u00e3o e dos dias mais quentes, o Abbraccio, restaurante de inspira\u00e7\u00e3o italiana, se une \u00e0 Stella Artois e ao Guaran\u00e1 Antarctica para o lan\u00e7amento do \u201cAbbraccio de Ver\u00e3o\u201d, um menu especial para duas pessoas que combina aperitivo, dois pratos principais [&hellip;]","og_url":"https:\/\/www.notibras.com\/site\/abbraccio-lanca-menu-fresco-de-verao-para-temporada-de-calor\/","og_site_name":"Notibras","article_publisher":"https:\/\/www.facebook.com\/notibras\/","article_published_time":"2026-01-21T05:55:36+00:00","og_image":[{"width":1600,"height":945,"url":"https:\/\/www.notibras.com\/site\/wp-content\/uploads\/2026\/01\/unnamed-52.jpg","type":"image\/jpeg"}],"author":"Reda\u00e7\u00e3o","twitter_card":"summary_large_image","twitter_creator":"@Notibras","twitter_site":"@Notibras","twitter_misc":{"Escrito por":"Reda\u00e7\u00e3o","Est. tempo de leitura":"3 minutos"},"schema":{"@context":"https:\/\/schema.org","@graph":[{"@type":"Article","@id":"https:\/\/www.notibras.com\/site\/abbraccio-lanca-menu-fresco-de-verao-para-temporada-de-calor\/#article","isPartOf":{"@id":"https:\/\/www.notibras.com\/site\/abbraccio-lanca-menu-fresco-de-verao-para-temporada-de-calor\/"},"author":{"name":"Reda\u00e7\u00e3o","@id":"https:\/\/www.notibras.com\/site\/#\/schema\/person\/36ab0979449956132d3e5b517ea76ac8"},"headline":"Abbraccio lan\u00e7a menu fresco de ver\u00e3o para temporada de calor","datePublished":"2026-01-21T05:55:36+00:00","mainEntityOfPage":{"@id":"https:\/\/www.notibras.com\/site\/abbraccio-lanca-menu-fresco-de-verao-para-temporada-de-calor\/"},"wordCount":511,"publisher":{"@id":"https:\/\/www.notibras.com\/site\/#organization"},"image":{"@id":"https:\/\/www.notibras.com\/site\/abbraccio-lanca-menu-fresco-de-verao-para-temporada-de-calor\/#primaryimage"},"thumbnailUrl":"https:\/\/www.notibras.com\/site\/wp-content\/uploads\/2026\/01\/unnamed-52.jpg","articleSection":["Leitura Vip"],"inLanguage":"pt-BR"},{"@type":"WebPage","@id":"https:\/\/www.notibras.com\/site\/abbraccio-lanca-menu-fresco-de-verao-para-temporada-de-calor\/","url":"https:\/\/www.notibras.com\/site\/abbraccio-lanca-menu-fresco-de-verao-para-temporada-de-calor\/","name":"Abbraccio lan\u00e7a menu fresco de ver\u00e3o para temporada de calor - Notibras","isPartOf":{"@id":"https:\/\/www.notibras.com\/site\/#website"},"primaryImageOfPage":{"@id":"https:\/\/www.notibras.com\/site\/abbraccio-lanca-menu-fresco-de-verao-para-temporada-de-calor\/#primaryimage"},"image":{"@id":"https:\/\/www.notibras.com\/site\/abbraccio-lanca-menu-fresco-de-verao-para-temporada-de-calor\/#primaryimage"},"thumbnailUrl":"https:\/\/www.notibras.com\/site\/wp-content\/uploads\/2026\/01\/unnamed-52.jpg","datePublished":"2026-01-21T05:55:36+00:00","breadcrumb":{"@id":"https:\/\/www.notibras.com\/site\/abbraccio-lanca-menu-fresco-de-verao-para-temporada-de-calor\/#breadcrumb"},"inLanguage":"pt-BR","potentialAction":[{"@type":"ReadAction","target":["https:\/\/www.notibras.com\/site\/abbraccio-lanca-menu-fresco-de-verao-para-temporada-de-calor\/"]}]},{"@type":"ImageObject","inLanguage":"pt-BR","@id":"https:\/\/www.notibras.com\/site\/abbraccio-lanca-menu-fresco-de-verao-para-temporada-de-calor\/#primaryimage","url":"https:\/\/www.notibras.com\/site\/wp-content\/uploads\/2026\/01\/unnamed-52.jpg","contentUrl":"https:\/\/www.notibras.com\/site\/wp-content\/uploads\/2026\/01\/unnamed-52.jpg","width":1600,"height":945},{"@type":"BreadcrumbList","@id":"https:\/\/www.notibras.com\/site\/abbraccio-lanca-menu-fresco-de-verao-para-temporada-de-calor\/#breadcrumb","itemListElement":[{"@type":"ListItem","position":1,"name":"In\u00edcio","item":"https:\/\/www.notibras.com\/site\/"},{"@type":"ListItem","position":2,"name":"Abbraccio lan\u00e7a menu fresco de ver\u00e3o para temporada de calor"}]},{"@type":"WebSite","@id":"https:\/\/www.notibras.com\/site\/#website","url":"https:\/\/www.notibras.com\/site\/","name":"Notibras","description":"Not\u00edcias de Bras\u00edlia, do Brasil e do Mundo","publisher":{"@id":"https:\/\/www.notibras.com\/site\/#organization"},"potentialAction":[{"@type":"SearchAction","target":{"@type":"EntryPoint","urlTemplate":"https:\/\/www.notibras.com\/site\/?s={search_term_string}"},"query-input":{"@type":"PropertyValueSpecification","valueRequired":true,"valueName":"search_term_string"}}],"inLanguage":"pt-BR"},{"@type":"Organization","@id":"https:\/\/www.notibras.com\/site\/#organization","name":"Grupo Notibras de Comunica\u00e7\u00e3o","url":"https:\/\/www.notibras.com\/site\/","logo":{"@type":"ImageObject","inLanguage":"pt-BR","@id":"https:\/\/www.notibras.com\/site\/#\/schema\/logo\/image\/","url":"https:\/\/www.notibras.com\/site\/wp-content\/uploads\/2023\/01\/notibras23.png","contentUrl":"https:\/\/www.notibras.com\/site\/wp-content\/uploads\/2023\/01\/notibras23.png","width":350,"height":87,"caption":"Grupo Notibras de Comunica\u00e7\u00e3o"},"image":{"@id":"https:\/\/www.notibras.com\/site\/#\/schema\/logo\/image\/"},"sameAs":["https:\/\/www.facebook.com\/notibras\/","https:\/\/x.com\/Notibras","https:\/\/www.instagram.com\/notibras\/"]},{"@type":"Person","@id":"https:\/\/www.notibras.com\/site\/#\/schema\/person\/36ab0979449956132d3e5b517ea76ac8","name":"Reda\u00e7\u00e3o","image":{"@type":"ImageObject","inLanguage":"pt-BR","@id":"https:\/\/secure.gravatar.com\/avatar\/e0a867bdedb85fd243eadf09663511f96fc81e0720a4a42581f334ad4303aa6b?s=96&d=mm&r=g","url":"https:\/\/secure.gravatar.com\/avatar\/e0a867bdedb85fd243eadf09663511f96fc81e0720a4a42581f334ad4303aa6b?s=96&d=mm&r=g","contentUrl":"https:\/\/secure.gravatar.com\/avatar\/e0a867bdedb85fd243eadf09663511f96fc81e0720a4a42581f334ad4303aa6b?s=96&d=mm&r=g","caption":"Reda\u00e7\u00e3o"}}]}},"amp_enabled":true,"_links":{"self":[{"href":"https:\/\/www.notibras.com\/site\/wp-json\/wp\/v2\/posts\/379866","targetHints":{"allow":["GET"]}}],"collection":[{"href":"https:\/\/www.notibras.com\/site\/wp-json\/wp\/v2\/posts"}],"about":[{"href":"https:\/\/www.notibras.com\/site\/wp-json\/wp\/v2\/types\/post"}],"author":[{"embeddable":true,"href":"https:\/\/www.notibras.com\/site\/wp-json\/wp\/v2\/users\/2"}],"replies":[{"embeddable":true,"href":"https:\/\/www.notibras.com\/site\/wp-json\/wp\/v2\/comments?post=379866"}],"version-history":[{"count":3,"href":"https:\/\/www.notibras.com\/site\/wp-json\/wp\/v2\/posts\/379866\/revisions"}],"predecessor-version":[{"id":379871,"href":"https:\/\/www.notibras.com\/site\/wp-json\/wp\/v2\/posts\/379866\/revisions\/379871"}],"wp:featuredmedia":[{"embeddable":true,"href":"https:\/\/www.notibras.com\/site\/wp-json\/wp\/v2\/media\/379867"}],"wp:attachment":[{"href":"https:\/\/www.notibras.com\/site\/wp-json\/wp\/v2\/media?parent=379866"}],"wp:term":[{"taxonomy":"category","embeddable":true,"href":"https:\/\/www.notibras.com\/site\/wp-json\/wp\/v2\/categories?post=379866"},{"taxonomy":"post_tag","embeddable":true,"href":"https:\/\/www.notibras.com\/site\/wp-json\/wp\/v2\/tags?post=379866"}],"curies":[{"name":"wp","href":"https:\/\/api.w.org\/{rel}","templated":true}]}}