{"id":379879,"date":"2026-01-21T02:15:10","date_gmt":"2026-01-21T05:15:10","guid":{"rendered":"https:\/\/www.notibras.com\/site\/?p=379879"},"modified":"2026-01-21T00:02:21","modified_gmt":"2026-01-21T03:02:21","slug":"quando-o-cuidado-se-transforma-em-terror","status":"publish","type":"post","link":"https:\/\/www.notibras.com\/site\/quando-o-cuidado-se-transforma-em-terror\/","title":{"rendered":"Quando o cuidado se transforma em terror"},"content":{"rendered":"<p>Tr\u00eas pacientes mortos em um hospital de Bras\u00edlia. N\u00e3o por complica\u00e7\u00f5es da doen\u00e7a, n\u00e3o por erro m\u00e9dico, mas assassinados. Assassinados justamente por quem deveria estar cuidando deles: t\u00e9cnicos de enfermagem. \u00c9 o tipo de not\u00edcia que faz a gente parar o que est\u00e1 fazendo e questionar absolutamente tudo.<\/p>\n<p>O Brasil inteiro est\u00e1 em choque, e n\u00e3o \u00e9 para menos. H\u00e1 algo profundamente perturbador nessa hist\u00f3ria que mexe com nosso senso mais b\u00e1sico de seguran\u00e7a. Quando estamos doentes, quando precisamos de um hospital, nos entregamos completamente vulner\u00e1veis nas m\u00e3os de desconhecidos. Confiamos. Precisamos confiar. E essa confian\u00e7a acaba de ser brutalmente violada da forma mais cruel poss\u00edvel.<\/p>\n<p>Fico pensando naqueles pacientes em seus leitos de UTI. Pessoas fragilizadas, talvez inconscientes, dependendo integralmente de aparelhos e de cuidados constantes. Familiares do lado de fora, angustiados, rezando pela recupera\u00e7\u00e3o de quem amam. E dentro daquele quarto, algu\u00e9m vestindo um jaleco, com um crach\u00e1 de identifica\u00e7\u00e3o, com toda a apar\u00eancia de quem est\u00e1 ali para salvar vidas, deliberadamente tirou a vida de quem estava sob seus cuidados. \u00c9 aterrorizante demais.<\/p>\n<p>E o que mais me assusta, o que certamente est\u00e1 assustando milh\u00f5es de brasileiros agora, \u00e9 pensar: poderia ter sido eu. Poderia ter sido minha m\u00e3e, meu pai, meu filho, minha av\u00f3. Quase todo mundo j\u00e1 passou pela experi\u00eancia de ter algu\u00e9m querido internado. Eu mesma j\u00e1 estive em hospitais, j\u00e1 vi pessoas que amo conectadas a tubos e monitores. A gente nunca imagina que, al\u00e9m de lutar contra a doen\u00e7a, seja preciso se proteger de quem deveria estar protegendo.<\/p>\n<p>Esse caso n\u00e3o pode simplesmente virar mais uma manchete que some depois de alguns dias. Essas tr\u00eas mortes precisam servir como um alerta urgente para todo o sistema de sa\u00fade brasileiro. \u00c9 inadmiss\u00edvel que hospitais n\u00e3o tenham mecanismos mais eficazes de vigil\u00e2ncia, especialmente em ambientes t\u00e3o sens\u00edveis quanto unidades de terapia intensiva. C\u00e2meras, protocolos de supervis\u00e3o, checagem constante, tudo isso precisa ser repensado e intensificado.<\/p>\n<p>Mais do que isso, \u00e9 fundamental que a sele\u00e7\u00e3o dos profissionais de sa\u00fade seja muito mais rigorosa. N\u00e3o estou falando apenas de compet\u00eancia t\u00e9cnica, mas de avalia\u00e7\u00e3o psicol\u00f3gica, checagem de antecedentes, acompanhamento cont\u00ednuo. Pessoas com poder de vida e morte sobre pacientes vulner\u00e1veis precisam passar por crivos muito mais severos. A vida humana \u00e9 valiosa demais para que qualquer falha nesses processos seja aceit\u00e1vel.<\/p>\n<p>Sei que a imensa maioria dos profissionais de enfermagem s\u00e3o pessoas dedicadas, que escolheram essa profiss\u00e3o por voca\u00e7\u00e3o genu\u00edna de cuidar. Mas casos como esse nos obrigam a reconhecer que confian\u00e7a cega n\u00e3o pode mais ser a norma. A prote\u00e7\u00e3o dos pacientes precisa vir em primeiro lugar, sempre.<\/p>\n<p>Enquanto as investiga\u00e7\u00f5es prosseguem e a justi\u00e7a segue seu curso, que essa trag\u00e9dia n\u00e3o seja esquecida. Que ela provoque mudan\u00e7as reais, estruturais, permanentes. Porque, da pr\u00f3xima vez que eu ou qualquer pessoa que amo precisar de cuidados hospitalares, quero ter a certeza de que estaremos realmente sendo cuidados, e n\u00e3o correndo riscos que jamais dever\u00edamos correr.<\/p>\n","protected":false},"excerpt":{"rendered":"<p>Tr\u00eas pacientes mortos em um hospital de Bras\u00edlia. N\u00e3o por complica\u00e7\u00f5es da doen\u00e7a, n\u00e3o por erro m\u00e9dico, mas assassinados. Assassinados justamente por quem deveria estar cuidando deles: t\u00e9cnicos de enfermagem. \u00c9 o tipo de not\u00edcia que faz a gente parar o que est\u00e1 fazendo e questionar absolutamente tudo. O Brasil inteiro est\u00e1 em choque, e [&hellip;]<\/p>\n","protected":false},"author":21,"featured_media":379881,"comment_status":"closed","ping_status":"closed","sticky":false,"template":"","format":"standard","meta":{"_acf_changed":false,"footnotes":""},"categories":[235],"tags":[],"class_list":["post-379879","post","type-post","status-publish","format-standard","has-post-thumbnail","hentry","category-dona-irene"],"acf":[],"yoast_head":"<!-- This site is optimized with the Yoast SEO plugin v27.2 - https:\/\/yoast.com\/product\/yoast-seo-wordpress\/ -->\n<title>Quando o cuidado se transforma em terror - Notibras<\/title>\n<meta name=\"robots\" content=\"index, follow, max-snippet:-1, max-image-preview:large, max-video-preview:-1\" \/>\n<link rel=\"canonical\" href=\"https:\/\/www.notibras.com\/site\/quando-o-cuidado-se-transforma-em-terror\/\" \/>\n<meta property=\"og:locale\" content=\"pt_BR\" \/>\n<meta property=\"og:type\" content=\"article\" \/>\n<meta property=\"og:title\" content=\"Quando o cuidado se transforma em terror - Notibras\" \/>\n<meta property=\"og:description\" content=\"Tr\u00eas pacientes mortos em um hospital de Bras\u00edlia. N\u00e3o por complica\u00e7\u00f5es da doen\u00e7a, n\u00e3o por erro m\u00e9dico, mas assassinados. Assassinados justamente por quem deveria estar cuidando deles: t\u00e9cnicos de enfermagem. \u00c9 o tipo de not\u00edcia que faz a gente parar o que est\u00e1 fazendo e questionar absolutamente tudo. O Brasil inteiro est\u00e1 em choque, e [&hellip;]\" \/>\n<meta property=\"og:url\" content=\"https:\/\/www.notibras.com\/site\/quando-o-cuidado-se-transforma-em-terror\/\" \/>\n<meta property=\"og:site_name\" content=\"Notibras\" \/>\n<meta property=\"article:publisher\" content=\"https:\/\/www.facebook.com\/notibras\/\" \/>\n<meta property=\"article:published_time\" content=\"2026-01-21T05:15:10+00:00\" \/>\n<meta property=\"og:image\" content=\"https:\/\/www.notibras.com\/site\/wp-content\/uploads\/2026\/01\/IMG_0466.jpg\" \/>\n\t<meta property=\"og:image:width\" content=\"857\" \/>\n\t<meta property=\"og:image:height\" content=\"695\" \/>\n\t<meta property=\"og:image:type\" content=\"image\/jpeg\" \/>\n<meta name=\"author\" content=\"Eduardo Mart\u00ednez\" \/>\n<meta name=\"twitter:card\" content=\"summary_large_image\" \/>\n<meta name=\"twitter:creator\" content=\"@Notibras\" \/>\n<meta name=\"twitter:site\" content=\"@Notibras\" \/>\n<meta name=\"twitter:label1\" content=\"Escrito por\" \/>\n\t<meta name=\"twitter:data1\" content=\"Eduardo Mart\u00ednez\" \/>\n\t<meta name=\"twitter:label2\" content=\"Est. tempo de leitura\" \/>\n\t<meta name=\"twitter:data2\" content=\"3 minutos\" \/>\n<script type=\"application\/ld+json\" class=\"yoast-schema-graph\">{\"@context\":\"https:\/\/schema.org\",\"@graph\":[{\"@type\":\"Article\",\"@id\":\"https:\/\/www.notibras.com\/site\/quando-o-cuidado-se-transforma-em-terror\/#article\",\"isPartOf\":{\"@id\":\"https:\/\/www.notibras.com\/site\/quando-o-cuidado-se-transforma-em-terror\/\"},\"author\":{\"name\":\"Eduardo Mart\u00ednez\",\"@id\":\"https:\/\/www.notibras.com\/site\/#\/schema\/person\/5b7fabf2aedc3ada2105f03b22b4d3dd\"},\"headline\":\"Quando o cuidado se transforma em terror\",\"datePublished\":\"2026-01-21T05:15:10+00:00\",\"mainEntityOfPage\":{\"@id\":\"https:\/\/www.notibras.com\/site\/quando-o-cuidado-se-transforma-em-terror\/\"},\"wordCount\":551,\"publisher\":{\"@id\":\"https:\/\/www.notibras.com\/site\/#organization\"},\"image\":{\"@id\":\"https:\/\/www.notibras.com\/site\/quando-o-cuidado-se-transforma-em-terror\/#primaryimage\"},\"thumbnailUrl\":\"https:\/\/www.notibras.com\/site\/wp-content\/uploads\/2026\/01\/IMG_0466.jpg\",\"articleSection\":[\"Dona Irene\"],\"inLanguage\":\"pt-BR\"},{\"@type\":\"WebPage\",\"@id\":\"https:\/\/www.notibras.com\/site\/quando-o-cuidado-se-transforma-em-terror\/\",\"url\":\"https:\/\/www.notibras.com\/site\/quando-o-cuidado-se-transforma-em-terror\/\",\"name\":\"Quando o cuidado se transforma em terror - Notibras\",\"isPartOf\":{\"@id\":\"https:\/\/www.notibras.com\/site\/#website\"},\"primaryImageOfPage\":{\"@id\":\"https:\/\/www.notibras.com\/site\/quando-o-cuidado-se-transforma-em-terror\/#primaryimage\"},\"image\":{\"@id\":\"https:\/\/www.notibras.com\/site\/quando-o-cuidado-se-transforma-em-terror\/#primaryimage\"},\"thumbnailUrl\":\"https:\/\/www.notibras.com\/site\/wp-content\/uploads\/2026\/01\/IMG_0466.jpg\",\"datePublished\":\"2026-01-21T05:15:10+00:00\",\"breadcrumb\":{\"@id\":\"https:\/\/www.notibras.com\/site\/quando-o-cuidado-se-transforma-em-terror\/#breadcrumb\"},\"inLanguage\":\"pt-BR\",\"potentialAction\":[{\"@type\":\"ReadAction\",\"target\":[\"https:\/\/www.notibras.com\/site\/quando-o-cuidado-se-transforma-em-terror\/\"]}]},{\"@type\":\"ImageObject\",\"inLanguage\":\"pt-BR\",\"@id\":\"https:\/\/www.notibras.com\/site\/quando-o-cuidado-se-transforma-em-terror\/#primaryimage\",\"url\":\"https:\/\/www.notibras.com\/site\/wp-content\/uploads\/2026\/01\/IMG_0466.jpg\",\"contentUrl\":\"https:\/\/www.notibras.com\/site\/wp-content\/uploads\/2026\/01\/IMG_0466.jpg\",\"width\":857,\"height\":695,\"caption\":\"Screenshot\"},{\"@type\":\"BreadcrumbList\",\"@id\":\"https:\/\/www.notibras.com\/site\/quando-o-cuidado-se-transforma-em-terror\/#breadcrumb\",\"itemListElement\":[{\"@type\":\"ListItem\",\"position\":1,\"name\":\"In\u00edcio\",\"item\":\"https:\/\/www.notibras.com\/site\/\"},{\"@type\":\"ListItem\",\"position\":2,\"name\":\"Quando o cuidado se transforma em terror\"}]},{\"@type\":\"WebSite\",\"@id\":\"https:\/\/www.notibras.com\/site\/#website\",\"url\":\"https:\/\/www.notibras.com\/site\/\",\"name\":\"Notibras\",\"description\":\"Not\u00edcias de Bras\u00edlia, do Brasil e do Mundo\",\"publisher\":{\"@id\":\"https:\/\/www.notibras.com\/site\/#organization\"},\"potentialAction\":[{\"@type\":\"SearchAction\",\"target\":{\"@type\":\"EntryPoint\",\"urlTemplate\":\"https:\/\/www.notibras.com\/site\/?s={search_term_string}\"},\"query-input\":{\"@type\":\"PropertyValueSpecification\",\"valueRequired\":true,\"valueName\":\"search_term_string\"}}],\"inLanguage\":\"pt-BR\"},{\"@type\":\"Organization\",\"@id\":\"https:\/\/www.notibras.com\/site\/#organization\",\"name\":\"Grupo Notibras de Comunica\u00e7\u00e3o\",\"url\":\"https:\/\/www.notibras.com\/site\/\",\"logo\":{\"@type\":\"ImageObject\",\"inLanguage\":\"pt-BR\",\"@id\":\"https:\/\/www.notibras.com\/site\/#\/schema\/logo\/image\/\",\"url\":\"https:\/\/www.notibras.com\/site\/wp-content\/uploads\/2023\/01\/notibras23.png\",\"contentUrl\":\"https:\/\/www.notibras.com\/site\/wp-content\/uploads\/2023\/01\/notibras23.png\",\"width\":350,\"height\":87,\"caption\":\"Grupo Notibras de Comunica\u00e7\u00e3o\"},\"image\":{\"@id\":\"https:\/\/www.notibras.com\/site\/#\/schema\/logo\/image\/\"},\"sameAs\":[\"https:\/\/www.facebook.com\/notibras\/\",\"https:\/\/x.com\/Notibras\",\"https:\/\/www.instagram.com\/notibras\/\"]},{\"@type\":\"Person\",\"@id\":\"https:\/\/www.notibras.com\/site\/#\/schema\/person\/5b7fabf2aedc3ada2105f03b22b4d3dd\",\"name\":\"Eduardo Mart\u00ednez\",\"image\":{\"@type\":\"ImageObject\",\"inLanguage\":\"pt-BR\",\"@id\":\"https:\/\/secure.gravatar.com\/avatar\/7902f906289926289cbcda644b5197c796b893c6ffd7b9a536a42d290f7704a0?s=96&d=mm&r=g\",\"url\":\"https:\/\/secure.gravatar.com\/avatar\/7902f906289926289cbcda644b5197c796b893c6ffd7b9a536a42d290f7704a0?s=96&d=mm&r=g\",\"contentUrl\":\"https:\/\/secure.gravatar.com\/avatar\/7902f906289926289cbcda644b5197c796b893c6ffd7b9a536a42d290f7704a0?s=96&d=mm&r=g\",\"caption\":\"Eduardo Mart\u00ednez\"}}]}<\/script>\n<!-- \/ Yoast SEO plugin. -->","yoast_head_json":{"title":"Quando o cuidado se transforma em terror - Notibras","robots":{"index":"index","follow":"follow","max-snippet":"max-snippet:-1","max-image-preview":"max-image-preview:large","max-video-preview":"max-video-preview:-1"},"canonical":"https:\/\/www.notibras.com\/site\/quando-o-cuidado-se-transforma-em-terror\/","og_locale":"pt_BR","og_type":"article","og_title":"Quando o cuidado se transforma em terror - Notibras","og_description":"Tr\u00eas pacientes mortos em um hospital de Bras\u00edlia. N\u00e3o por complica\u00e7\u00f5es da doen\u00e7a, n\u00e3o por erro m\u00e9dico, mas assassinados. Assassinados justamente por quem deveria estar cuidando deles: t\u00e9cnicos de enfermagem. \u00c9 o tipo de not\u00edcia que faz a gente parar o que est\u00e1 fazendo e questionar absolutamente tudo. O Brasil inteiro est\u00e1 em choque, e [&hellip;]","og_url":"https:\/\/www.notibras.com\/site\/quando-o-cuidado-se-transforma-em-terror\/","og_site_name":"Notibras","article_publisher":"https:\/\/www.facebook.com\/notibras\/","article_published_time":"2026-01-21T05:15:10+00:00","og_image":[{"width":857,"height":695,"url":"https:\/\/www.notibras.com\/site\/wp-content\/uploads\/2026\/01\/IMG_0466.jpg","type":"image\/jpeg"}],"author":"Eduardo Mart\u00ednez","twitter_card":"summary_large_image","twitter_creator":"@Notibras","twitter_site":"@Notibras","twitter_misc":{"Escrito por":"Eduardo Mart\u00ednez","Est. tempo de leitura":"3 minutos"},"schema":{"@context":"https:\/\/schema.org","@graph":[{"@type":"Article","@id":"https:\/\/www.notibras.com\/site\/quando-o-cuidado-se-transforma-em-terror\/#article","isPartOf":{"@id":"https:\/\/www.notibras.com\/site\/quando-o-cuidado-se-transforma-em-terror\/"},"author":{"name":"Eduardo Mart\u00ednez","@id":"https:\/\/www.notibras.com\/site\/#\/schema\/person\/5b7fabf2aedc3ada2105f03b22b4d3dd"},"headline":"Quando o cuidado se transforma em terror","datePublished":"2026-01-21T05:15:10+00:00","mainEntityOfPage":{"@id":"https:\/\/www.notibras.com\/site\/quando-o-cuidado-se-transforma-em-terror\/"},"wordCount":551,"publisher":{"@id":"https:\/\/www.notibras.com\/site\/#organization"},"image":{"@id":"https:\/\/www.notibras.com\/site\/quando-o-cuidado-se-transforma-em-terror\/#primaryimage"},"thumbnailUrl":"https:\/\/www.notibras.com\/site\/wp-content\/uploads\/2026\/01\/IMG_0466.jpg","articleSection":["Dona Irene"],"inLanguage":"pt-BR"},{"@type":"WebPage","@id":"https:\/\/www.notibras.com\/site\/quando-o-cuidado-se-transforma-em-terror\/","url":"https:\/\/www.notibras.com\/site\/quando-o-cuidado-se-transforma-em-terror\/","name":"Quando o cuidado se transforma em terror - Notibras","isPartOf":{"@id":"https:\/\/www.notibras.com\/site\/#website"},"primaryImageOfPage":{"@id":"https:\/\/www.notibras.com\/site\/quando-o-cuidado-se-transforma-em-terror\/#primaryimage"},"image":{"@id":"https:\/\/www.notibras.com\/site\/quando-o-cuidado-se-transforma-em-terror\/#primaryimage"},"thumbnailUrl":"https:\/\/www.notibras.com\/site\/wp-content\/uploads\/2026\/01\/IMG_0466.jpg","datePublished":"2026-01-21T05:15:10+00:00","breadcrumb":{"@id":"https:\/\/www.notibras.com\/site\/quando-o-cuidado-se-transforma-em-terror\/#breadcrumb"},"inLanguage":"pt-BR","potentialAction":[{"@type":"ReadAction","target":["https:\/\/www.notibras.com\/site\/quando-o-cuidado-se-transforma-em-terror\/"]}]},{"@type":"ImageObject","inLanguage":"pt-BR","@id":"https:\/\/www.notibras.com\/site\/quando-o-cuidado-se-transforma-em-terror\/#primaryimage","url":"https:\/\/www.notibras.com\/site\/wp-content\/uploads\/2026\/01\/IMG_0466.jpg","contentUrl":"https:\/\/www.notibras.com\/site\/wp-content\/uploads\/2026\/01\/IMG_0466.jpg","width":857,"height":695,"caption":"Screenshot"},{"@type":"BreadcrumbList","@id":"https:\/\/www.notibras.com\/site\/quando-o-cuidado-se-transforma-em-terror\/#breadcrumb","itemListElement":[{"@type":"ListItem","position":1,"name":"In\u00edcio","item":"https:\/\/www.notibras.com\/site\/"},{"@type":"ListItem","position":2,"name":"Quando o cuidado se transforma em terror"}]},{"@type":"WebSite","@id":"https:\/\/www.notibras.com\/site\/#website","url":"https:\/\/www.notibras.com\/site\/","name":"Notibras","description":"Not\u00edcias de Bras\u00edlia, do Brasil e do Mundo","publisher":{"@id":"https:\/\/www.notibras.com\/site\/#organization"},"potentialAction":[{"@type":"SearchAction","target":{"@type":"EntryPoint","urlTemplate":"https:\/\/www.notibras.com\/site\/?s={search_term_string}"},"query-input":{"@type":"PropertyValueSpecification","valueRequired":true,"valueName":"search_term_string"}}],"inLanguage":"pt-BR"},{"@type":"Organization","@id":"https:\/\/www.notibras.com\/site\/#organization","name":"Grupo Notibras de Comunica\u00e7\u00e3o","url":"https:\/\/www.notibras.com\/site\/","logo":{"@type":"ImageObject","inLanguage":"pt-BR","@id":"https:\/\/www.notibras.com\/site\/#\/schema\/logo\/image\/","url":"https:\/\/www.notibras.com\/site\/wp-content\/uploads\/2023\/01\/notibras23.png","contentUrl":"https:\/\/www.notibras.com\/site\/wp-content\/uploads\/2023\/01\/notibras23.png","width":350,"height":87,"caption":"Grupo Notibras de Comunica\u00e7\u00e3o"},"image":{"@id":"https:\/\/www.notibras.com\/site\/#\/schema\/logo\/image\/"},"sameAs":["https:\/\/www.facebook.com\/notibras\/","https:\/\/x.com\/Notibras","https:\/\/www.instagram.com\/notibras\/"]},{"@type":"Person","@id":"https:\/\/www.notibras.com\/site\/#\/schema\/person\/5b7fabf2aedc3ada2105f03b22b4d3dd","name":"Eduardo Mart\u00ednez","image":{"@type":"ImageObject","inLanguage":"pt-BR","@id":"https:\/\/secure.gravatar.com\/avatar\/7902f906289926289cbcda644b5197c796b893c6ffd7b9a536a42d290f7704a0?s=96&d=mm&r=g","url":"https:\/\/secure.gravatar.com\/avatar\/7902f906289926289cbcda644b5197c796b893c6ffd7b9a536a42d290f7704a0?s=96&d=mm&r=g","contentUrl":"https:\/\/secure.gravatar.com\/avatar\/7902f906289926289cbcda644b5197c796b893c6ffd7b9a536a42d290f7704a0?s=96&d=mm&r=g","caption":"Eduardo Mart\u00ednez"}}]}},"amp_enabled":true,"_links":{"self":[{"href":"https:\/\/www.notibras.com\/site\/wp-json\/wp\/v2\/posts\/379879","targetHints":{"allow":["GET"]}}],"collection":[{"href":"https:\/\/www.notibras.com\/site\/wp-json\/wp\/v2\/posts"}],"about":[{"href":"https:\/\/www.notibras.com\/site\/wp-json\/wp\/v2\/types\/post"}],"author":[{"embeddable":true,"href":"https:\/\/www.notibras.com\/site\/wp-json\/wp\/v2\/users\/21"}],"replies":[{"embeddable":true,"href":"https:\/\/www.notibras.com\/site\/wp-json\/wp\/v2\/comments?post=379879"}],"version-history":[{"count":3,"href":"https:\/\/www.notibras.com\/site\/wp-json\/wp\/v2\/posts\/379879\/revisions"}],"predecessor-version":[{"id":379884,"href":"https:\/\/www.notibras.com\/site\/wp-json\/wp\/v2\/posts\/379879\/revisions\/379884"}],"wp:featuredmedia":[{"embeddable":true,"href":"https:\/\/www.notibras.com\/site\/wp-json\/wp\/v2\/media\/379881"}],"wp:attachment":[{"href":"https:\/\/www.notibras.com\/site\/wp-json\/wp\/v2\/media?parent=379879"}],"wp:term":[{"taxonomy":"category","embeddable":true,"href":"https:\/\/www.notibras.com\/site\/wp-json\/wp\/v2\/categories?post=379879"},{"taxonomy":"post_tag","embeddable":true,"href":"https:\/\/www.notibras.com\/site\/wp-json\/wp\/v2\/tags?post=379879"}],"curies":[{"name":"wp","href":"https:\/\/api.w.org\/{rel}","templated":true}]}}